{"id":32032,"date":"2025-01-19T10:45:38","date_gmt":"2025-01-19T09:45:38","guid":{"rendered":"https:\/\/gabitel.net\/die-stiftung-laberinto-legt-den-grundstein-fuer-ihren-multifunktionszentrum-palante-entworfen-von-gabitel\/"},"modified":"2025-01-19T10:45:38","modified_gmt":"2025-01-19T09:45:38","slug":"die-stiftung-laberinto-legt-den-grundstein-fuer-ihren-multifunktionszentrum-palante-entworfen-von-gabitel","status":"publish","type":"post","link":"https:\/\/gabitel.net\/de\/die-stiftung-laberinto-legt-den-grundstein-fuer-ihren-multifunktionszentrum-palante-entworfen-von-gabitel\/","title":{"rendered":"Die Stiftung Laberinto legt den Grundstein f\u00fcr ihr Multifunktionszentrum P&#8217;Alante, entworfen von Gabitel"},"content":{"rendered":"<p>Gestern feierten wir die Grundsteinlegung des <strong>Multifunktionszentrums P\u2019Alante<\/strong>, das die <strong>Stiftung Laberinto<\/strong> in Huelva errichtet, um Ausbildung f\u00fcr junge Menschen \u00fcber 21 Jahre mit geistiger und entwicklungsbedingter Behinderung, insbesondere im Zusammenhang mit seltenen Erkrankungen, anzubieten. Das Projekt wurde von einem Team unserer <strong>Architektursparte <\/strong>unter Leitung unserer Gesch\u00e4ftsf\u00fchrerin <strong>Claudia Orozco<\/strong> entworfen.<\/p>\n<p>Die symbolische Grundsteinlegung wurde von einer breiten Vertretung der Gesellschaft von Huelva sowie von Vertretern verschiedener Institutionen, Verb\u00e4nde und Beh\u00f6rden begleitet. Eine Delegation von Gabitel, angef\u00fchrt von Claudia Orozco und unserem Gesch\u00e4ftsf\u00fchrer Juan Andr\u00e9s Reales, nahm ebenfalls daran teil.<\/p>\n<p><a href=\"https:\/\/gabitelingenieros.com\/wp-content\/uploads\/2024\/12\/1737116397554-1.jpg\"><img decoding=\"async\" src=\"https:\/\/gabitelingenieros.com\/wp-content\/uploads\/2024\/12\/1737116397554-1-1024x768.jpg\" alt=\"Veranstaltung von Gabitel | Gabitel\"><\/a><\/p>\n<p>Dieser Raum, gelegen im Viertel <strong>Pescader\u00eda <\/strong>mit einer seiner Fassaden zur Alfonso-Aramburu-Terrades-Stra\u00dfe, hat eine Fl\u00e4che von 1.485 Quadratmetern und wurde von der Stadtverwaltung Huelva unentgeltlich f\u00fcr einen Zeitraum von 75 Jahren \u00fcberlassen.<\/p>\n<p>Das Geb\u00e4ude ist als eingeschossiger Bau geplant, allerdings mit einer Struktur, die eine zuk\u00fcnftige Erweiterung erm\u00f6glicht, inklusive Aufzugsschacht und Treppenhaus. Die interne Raumaufteilung sieht Platz f\u00fcr <strong>30 Nutzer<\/strong> und 8 Betreuer vor, mit R\u00e4umen f\u00fcr Werkst\u00e4tten, audiovisuelle Medien, Besucherr\u00e4ume, Speisesaal und K\u00fcche. Besonderes Augenmerk liegt auf dem Garten, der von allen R\u00e4umen aus zug\u00e4nglich ist, um die Nutzung f\u00fcr Bewegung und Freizeit der Nutzer zu f\u00f6rdern. <\/p>\n<p><a href=\"https:\/\/gabitelingenieros.com\/wp-content\/uploads\/2024\/12\/1737116397578-1.jpg\"><img decoding=\"async\" src=\"https:\/\/gabitelingenieros.com\/wp-content\/uploads\/2024\/12\/1737116397578-1-1024x768.jpg\" alt=\"Veranstaltung von Gabitel | Gabitel\"><\/a><\/p>\n<p>An diesem Standort plant die Stiftung, vormittags Betreuung f\u00fcr junge Menschen im Alter von 1<strong>8 bis 21 Jahren <\/strong>anzubieten, w\u00e4hrend nachmittags <strong>Therapien und au\u00dferschulische Aktivit\u00e4ten f\u00fcr die J\u00fcngeren stattfinden<\/strong>. Laberinto ermutigt au\u00dferdem Eltern von nichtbehinderten Kindern, ihre Kinder zum sp\u00e4teren Zeitpunkt, wenn das Zentrum in Betrieb ist, mitzubringen, damit diese Zeit mit den Nutzern verbringen k\u00f6nnen \u2013 eine wichtige Ma\u00dfnahme zur F\u00f6rderung der sozialen Integration innerhalb der Gemeinschaft. <\/p>\n<p>Solche Projekte sind es, die uns wirklich stolz auf unsere Arbeit machen, die der Verbesserung der Lebensqualit\u00e4t derjenigen dient, die sie am meisten ben\u00f6tigen.<\/p>\n<p>&nbsp;<\/p>\n<p>&nbsp;<\/p>\n","protected":false},"excerpt":{"rendered":"<p>Gestern feierten wir die Grundsteinlegung des Multifunktionszentrums P\u2019alante, das die Stiftung Laberinto in Huelva zu errichten begonnen hat. Das Projekt wurde von einem Team unserer Architektursparte unter der Leitung unserer Pr\u00e4sidentin Claudia Orozco entworfen.<\/p>\n","protected":false},"author":3,"featured_media":32033,"comment_status":"closed","ping_status":"closed","sticky":false,"template":"","format":"standard","meta":{"content-type":"","footnotes":""},"categories":[413,412,414],"tags":[423,424,420,415,425,416,422,419,417,426,421,418],"class_list":["post-32032","post","type-post","status-publish","format-standard","has-post-thumbnail","hentry","category-blog-de","category-news-de","category-newsletter-de","tag-architektur","tag-claudia-orozco-de","tag-digital-de","tag-energie","tag-fundacion-laberinto","tag-gabitel-de","tag-huelva-de","tag-industrie","tag-ingenieurwesen","tag-palante-de","tag-unternehmen","tag-weiterbildung"],"yoast_head":"<!-- This site is optimized with the Yoast SEO plugin v27.5 - https:\/\/yoast.com\/product\/yoast-seo-wordpress\/ -->\n<title>Die Stiftung Laberinto legt den Grundstein f\u00fcr ihr Multifunktionszentrum P&#039;Alante, entworfen von Gabitel - Gabitel<\/title>\n<meta name=\"robots\" content=\"index, follow, max-snippet:-1, max-image-preview:large, max-video-preview:-1\" \/>\n<link rel=\"canonical\" href=\"https:\/\/gabitel.net\/de\/die-stiftung-laberinto-legt-den-grundstein-fuer-ihren-multifunktionszentrum-palante-entworfen-von-gabitel\/\" \/>\n<meta property=\"og:locale\" content=\"de_DE\" \/>\n<meta property=\"og:type\" content=\"article\" \/>\n<meta property=\"og:title\" content=\"Die Stiftung Laberinto legt den Grundstein f\u00fcr ihr Multifunktionszentrum P&#039;Alante, entworfen von Gabitel - Gabitel\" \/>\n<meta property=\"og:description\" content=\"Gestern feierten wir die Grundsteinlegung des Multifunktionszentrums P\u2019alante, das die Stiftung Laberinto in Huelva zu errichten begonnen hat. Das Projekt wurde von einem Team unserer Architektursparte unter der Leitung unserer Pr\u00e4sidentin Claudia Orozco entworfen.\" \/>\n<meta property=\"og:url\" content=\"https:\/\/gabitel.net\/de\/die-stiftung-laberinto-legt-den-grundstein-fuer-ihren-multifunktionszentrum-palante-entworfen-von-gabitel\/\" \/>\n<meta property=\"og:site_name\" content=\"Gabitel\" \/>\n<meta property=\"article:publisher\" content=\"https:\/\/www.facebook.com\/gabitelingenieros\/\" \/>\n<meta property=\"article:published_time\" content=\"2025-01-19T09:45:38+00:00\" \/>\n<meta property=\"og:image\" content=\"https:\/\/gabitel.net\/wp-content\/uploads\/2024\/12\/1737116397595-copia-3.jpg\" \/>\n\t<meta property=\"og:image:width\" content=\"1200\" \/>\n\t<meta property=\"og:image:height\" content=\"958\" \/>\n\t<meta property=\"og:image:type\" content=\"image\/jpeg\" \/>\n<meta name=\"author\" content=\"user.autor\" \/>\n<meta name=\"twitter:card\" content=\"summary_large_image\" \/>\n<meta name=\"twitter:label1\" content=\"Verfasst von\" \/>\n\t<meta name=\"twitter:data1\" content=\"user.autor\" \/>\n\t<meta name=\"twitter:label2\" content=\"Gesch\u00e4tzte Lesezeit\" \/>\n\t<meta name=\"twitter:data2\" content=\"2\u00a0Minuten\" \/>\n<script type=\"application\/ld+json\" class=\"yoast-schema-graph\">{\"@context\":\"https:\\\/\\\/schema.org\",\"@graph\":[{\"@type\":[\"Article\",\"BlogPosting\"],\"@id\":\"https:\\\/\\\/gabitel.net\\\/de\\\/die-stiftung-laberinto-legt-den-grundstein-fuer-ihren-multifunktionszentrum-palante-entworfen-von-gabitel\\\/#article\",\"isPartOf\":{\"@id\":\"https:\\\/\\\/gabitel.net\\\/de\\\/die-stiftung-laberinto-legt-den-grundstein-fuer-ihren-multifunktionszentrum-palante-entworfen-von-gabitel\\\/\"},\"author\":{\"name\":\"user.autor\",\"@id\":\"https:\\\/\\\/gabitel.net\\\/de\\\/#\\\/schema\\\/person\\\/37ba53714c3fedb9c7d22f4bc781465c\"},\"headline\":\"Die Stiftung Laberinto legt den Grundstein f\u00fcr ihr Multifunktionszentrum P&#8217;Alante, entworfen von Gabitel\",\"datePublished\":\"2025-01-19T09:45:38+00:00\",\"mainEntityOfPage\":{\"@id\":\"https:\\\/\\\/gabitel.net\\\/de\\\/die-stiftung-laberinto-legt-den-grundstein-fuer-ihren-multifunktionszentrum-palante-entworfen-von-gabitel\\\/\"},\"wordCount\":328,\"publisher\":{\"@id\":\"https:\\\/\\\/gabitel.net\\\/de\\\/#organization\"},\"image\":{\"@id\":\"https:\\\/\\\/gabitel.net\\\/de\\\/die-stiftung-laberinto-legt-den-grundstein-fuer-ihren-multifunktionszentrum-palante-entworfen-von-gabitel\\\/#primaryimage\"},\"thumbnailUrl\":\"https:\\\/\\\/gabitel.net\\\/wp-content\\\/uploads\\\/2024\\\/12\\\/1737116397595-copia-3.jpg\",\"keywords\":[\"Architektur\",\"Claudia Orozco\",\"digital\",\"Energie\",\"Fundaci\u00f3n Laberinto\",\"Gabitel\",\"Huelva\",\"Industrie\",\"Ingenieurwesen\",\"P'Alante\",\"Unternehmen\",\"Weiterbildung\"],\"articleSection\":[\"Blog\",\"News\",\"Newsletter\"],\"inLanguage\":\"de\"},{\"@type\":\"WebPage\",\"@id\":\"https:\\\/\\\/gabitel.net\\\/de\\\/die-stiftung-laberinto-legt-den-grundstein-fuer-ihren-multifunktionszentrum-palante-entworfen-von-gabitel\\\/\",\"url\":\"https:\\\/\\\/gabitel.net\\\/de\\\/die-stiftung-laberinto-legt-den-grundstein-fuer-ihren-multifunktionszentrum-palante-entworfen-von-gabitel\\\/\",\"name\":\"Die Stiftung Laberinto legt den Grundstein f\u00fcr ihr Multifunktionszentrum P'Alante, entworfen von Gabitel - Gabitel\",\"isPartOf\":{\"@id\":\"https:\\\/\\\/gabitel.net\\\/de\\\/#website\"},\"primaryImageOfPage\":{\"@id\":\"https:\\\/\\\/gabitel.net\\\/de\\\/die-stiftung-laberinto-legt-den-grundstein-fuer-ihren-multifunktionszentrum-palante-entworfen-von-gabitel\\\/#primaryimage\"},\"image\":{\"@id\":\"https:\\\/\\\/gabitel.net\\\/de\\\/die-stiftung-laberinto-legt-den-grundstein-fuer-ihren-multifunktionszentrum-palante-entworfen-von-gabitel\\\/#primaryimage\"},\"thumbnailUrl\":\"https:\\\/\\\/gabitel.net\\\/wp-content\\\/uploads\\\/2024\\\/12\\\/1737116397595-copia-3.jpg\",\"datePublished\":\"2025-01-19T09:45:38+00:00\",\"breadcrumb\":{\"@id\":\"https:\\\/\\\/gabitel.net\\\/de\\\/die-stiftung-laberinto-legt-den-grundstein-fuer-ihren-multifunktionszentrum-palante-entworfen-von-gabitel\\\/#breadcrumb\"},\"inLanguage\":\"de\",\"potentialAction\":[{\"@type\":\"ReadAction\",\"target\":[\"https:\\\/\\\/gabitel.net\\\/de\\\/die-stiftung-laberinto-legt-den-grundstein-fuer-ihren-multifunktionszentrum-palante-entworfen-von-gabitel\\\/\"]}]},{\"@type\":\"ImageObject\",\"inLanguage\":\"de\",\"@id\":\"https:\\\/\\\/gabitel.net\\\/de\\\/die-stiftung-laberinto-legt-den-grundstein-fuer-ihren-multifunktionszentrum-palante-entworfen-von-gabitel\\\/#primaryimage\",\"url\":\"https:\\\/\\\/gabitel.net\\\/wp-content\\\/uploads\\\/2024\\\/12\\\/1737116397595-copia-3.jpg\",\"contentUrl\":\"https:\\\/\\\/gabitel.net\\\/wp-content\\\/uploads\\\/2024\\\/12\\\/1737116397595-copia-3.jpg\",\"width\":1200,\"height\":958,\"caption\":\"La Fundaci\u00f3n Laberinto coloca la primera piedra de su Centro Polivalente P'Alante, dise\u00f1ado por Gabitel\"},{\"@type\":\"BreadcrumbList\",\"@id\":\"https:\\\/\\\/gabitel.net\\\/de\\\/die-stiftung-laberinto-legt-den-grundstein-fuer-ihren-multifunktionszentrum-palante-entworfen-von-gabitel\\\/#breadcrumb\",\"itemListElement\":[{\"@type\":\"ListItem\",\"position\":1,\"name\":\"Portada\",\"item\":\"https:\\\/\\\/gabitel.net\\\/de\\\/\"},{\"@type\":\"ListItem\",\"position\":2,\"name\":\"Die Stiftung Laberinto legt den Grundstein f\u00fcr ihr Multifunktionszentrum P&#8217;Alante, entworfen von Gabitel\"}]},{\"@type\":\"WebSite\",\"@id\":\"https:\\\/\\\/gabitel.net\\\/de\\\/#website\",\"url\":\"https:\\\/\\\/gabitel.net\\\/de\\\/\",\"name\":\"Gabitel\",\"description\":\"\",\"publisher\":{\"@id\":\"https:\\\/\\\/gabitel.net\\\/de\\\/#organization\"},\"potentialAction\":[{\"@type\":\"SearchAction\",\"target\":{\"@type\":\"EntryPoint\",\"urlTemplate\":\"https:\\\/\\\/gabitel.net\\\/de\\\/?s={search_term_string}\"},\"query-input\":{\"@type\":\"PropertyValueSpecification\",\"valueRequired\":true,\"valueName\":\"search_term_string\"}}],\"inLanguage\":\"de\"},{\"@type\":\"Organization\",\"@id\":\"https:\\\/\\\/gabitel.net\\\/de\\\/#organization\",\"name\":\"Gabitel\",\"url\":\"https:\\\/\\\/gabitel.net\\\/de\\\/\",\"logo\":{\"@type\":\"ImageObject\",\"inLanguage\":\"de\",\"@id\":\"https:\\\/\\\/gabitel.net\\\/de\\\/#\\\/schema\\\/logo\\\/image\\\/\",\"url\":\"https:\\\/\\\/gabitel.net\\\/wp-content\\\/uploads\\\/2025\\\/05\\\/logo_gabitel.jpg\",\"contentUrl\":\"https:\\\/\\\/gabitel.net\\\/wp-content\\\/uploads\\\/2025\\\/05\\\/logo_gabitel.jpg\",\"width\":2560,\"height\":1330,\"caption\":\"Gabitel\"},\"image\":{\"@id\":\"https:\\\/\\\/gabitel.net\\\/de\\\/#\\\/schema\\\/logo\\\/image\\\/\"},\"sameAs\":[\"https:\\\/\\\/www.facebook.com\\\/gabitelingenieros\\\/\",\"https:\\\/\\\/es.linkedin.com\\\/company\\\/gabitel-ingenieros\"]},{\"@type\":\"Person\",\"@id\":\"https:\\\/\\\/gabitel.net\\\/de\\\/#\\\/schema\\\/person\\\/37ba53714c3fedb9c7d22f4bc781465c\",\"name\":\"user.autor\",\"url\":\"https:\\\/\\\/gabitel.net\\\/de\\\/author\\\/user-autor\\\/\"}]}<\/script>\n<!-- \/ Yoast SEO plugin. -->","yoast_head_json":{"title":"Die Stiftung Laberinto legt den Grundstein f\u00fcr ihr Multifunktionszentrum P'Alante, entworfen von Gabitel - Gabitel","robots":{"index":"index","follow":"follow","max-snippet":"max-snippet:-1","max-image-preview":"max-image-preview:large","max-video-preview":"max-video-preview:-1"},"canonical":"https:\/\/gabitel.net\/de\/die-stiftung-laberinto-legt-den-grundstein-fuer-ihren-multifunktionszentrum-palante-entworfen-von-gabitel\/","og_locale":"de_DE","og_type":"article","og_title":"Die Stiftung Laberinto legt den Grundstein f\u00fcr ihr Multifunktionszentrum P'Alante, entworfen von Gabitel - Gabitel","og_description":"Gestern feierten wir die Grundsteinlegung des Multifunktionszentrums P\u2019alante, das die Stiftung Laberinto in Huelva zu errichten begonnen hat. Das Projekt wurde von einem Team unserer Architektursparte unter der Leitung unserer Pr\u00e4sidentin Claudia Orozco entworfen.","og_url":"https:\/\/gabitel.net\/de\/die-stiftung-laberinto-legt-den-grundstein-fuer-ihren-multifunktionszentrum-palante-entworfen-von-gabitel\/","og_site_name":"Gabitel","article_publisher":"https:\/\/www.facebook.com\/gabitelingenieros\/","article_published_time":"2025-01-19T09:45:38+00:00","og_image":[{"width":1200,"height":958,"url":"https:\/\/gabitel.net\/wp-content\/uploads\/2024\/12\/1737116397595-copia-3.jpg","type":"image\/jpeg"}],"author":"user.autor","twitter_card":"summary_large_image","twitter_misc":{"Verfasst von":"user.autor","Gesch\u00e4tzte Lesezeit":"2\u00a0Minuten"},"schema":{"@context":"https:\/\/schema.org","@graph":[{"@type":["Article","BlogPosting"],"@id":"https:\/\/gabitel.net\/de\/die-stiftung-laberinto-legt-den-grundstein-fuer-ihren-multifunktionszentrum-palante-entworfen-von-gabitel\/#article","isPartOf":{"@id":"https:\/\/gabitel.net\/de\/die-stiftung-laberinto-legt-den-grundstein-fuer-ihren-multifunktionszentrum-palante-entworfen-von-gabitel\/"},"author":{"name":"user.autor","@id":"https:\/\/gabitel.net\/de\/#\/schema\/person\/37ba53714c3fedb9c7d22f4bc781465c"},"headline":"Die Stiftung Laberinto legt den Grundstein f\u00fcr ihr Multifunktionszentrum P&#8217;Alante, entworfen von Gabitel","datePublished":"2025-01-19T09:45:38+00:00","mainEntityOfPage":{"@id":"https:\/\/gabitel.net\/de\/die-stiftung-laberinto-legt-den-grundstein-fuer-ihren-multifunktionszentrum-palante-entworfen-von-gabitel\/"},"wordCount":328,"publisher":{"@id":"https:\/\/gabitel.net\/de\/#organization"},"image":{"@id":"https:\/\/gabitel.net\/de\/die-stiftung-laberinto-legt-den-grundstein-fuer-ihren-multifunktionszentrum-palante-entworfen-von-gabitel\/#primaryimage"},"thumbnailUrl":"https:\/\/gabitel.net\/wp-content\/uploads\/2024\/12\/1737116397595-copia-3.jpg","keywords":["Architektur","Claudia Orozco","digital","Energie","Fundaci\u00f3n Laberinto","Gabitel","Huelva","Industrie","Ingenieurwesen","P'Alante","Unternehmen","Weiterbildung"],"articleSection":["Blog","News","Newsletter"],"inLanguage":"de"},{"@type":"WebPage","@id":"https:\/\/gabitel.net\/de\/die-stiftung-laberinto-legt-den-grundstein-fuer-ihren-multifunktionszentrum-palante-entworfen-von-gabitel\/","url":"https:\/\/gabitel.net\/de\/die-stiftung-laberinto-legt-den-grundstein-fuer-ihren-multifunktionszentrum-palante-entworfen-von-gabitel\/","name":"Die Stiftung Laberinto legt den Grundstein f\u00fcr ihr Multifunktionszentrum P'Alante, entworfen von Gabitel - Gabitel","isPartOf":{"@id":"https:\/\/gabitel.net\/de\/#website"},"primaryImageOfPage":{"@id":"https:\/\/gabitel.net\/de\/die-stiftung-laberinto-legt-den-grundstein-fuer-ihren-multifunktionszentrum-palante-entworfen-von-gabitel\/#primaryimage"},"image":{"@id":"https:\/\/gabitel.net\/de\/die-stiftung-laberinto-legt-den-grundstein-fuer-ihren-multifunktionszentrum-palante-entworfen-von-gabitel\/#primaryimage"},"thumbnailUrl":"https:\/\/gabitel.net\/wp-content\/uploads\/2024\/12\/1737116397595-copia-3.jpg","datePublished":"2025-01-19T09:45:38+00:00","breadcrumb":{"@id":"https:\/\/gabitel.net\/de\/die-stiftung-laberinto-legt-den-grundstein-fuer-ihren-multifunktionszentrum-palante-entworfen-von-gabitel\/#breadcrumb"},"inLanguage":"de","potentialAction":[{"@type":"ReadAction","target":["https:\/\/gabitel.net\/de\/die-stiftung-laberinto-legt-den-grundstein-fuer-ihren-multifunktionszentrum-palante-entworfen-von-gabitel\/"]}]},{"@type":"ImageObject","inLanguage":"de","@id":"https:\/\/gabitel.net\/de\/die-stiftung-laberinto-legt-den-grundstein-fuer-ihren-multifunktionszentrum-palante-entworfen-von-gabitel\/#primaryimage","url":"https:\/\/gabitel.net\/wp-content\/uploads\/2024\/12\/1737116397595-copia-3.jpg","contentUrl":"https:\/\/gabitel.net\/wp-content\/uploads\/2024\/12\/1737116397595-copia-3.jpg","width":1200,"height":958,"caption":"La Fundaci\u00f3n Laberinto coloca la primera piedra de su Centro Polivalente P'Alante, dise\u00f1ado por Gabitel"},{"@type":"BreadcrumbList","@id":"https:\/\/gabitel.net\/de\/die-stiftung-laberinto-legt-den-grundstein-fuer-ihren-multifunktionszentrum-palante-entworfen-von-gabitel\/#breadcrumb","itemListElement":[{"@type":"ListItem","position":1,"name":"Portada","item":"https:\/\/gabitel.net\/de\/"},{"@type":"ListItem","position":2,"name":"Die Stiftung Laberinto legt den Grundstein f\u00fcr ihr Multifunktionszentrum P&#8217;Alante, entworfen von Gabitel"}]},{"@type":"WebSite","@id":"https:\/\/gabitel.net\/de\/#website","url":"https:\/\/gabitel.net\/de\/","name":"Gabitel","description":"","publisher":{"@id":"https:\/\/gabitel.net\/de\/#organization"},"potentialAction":[{"@type":"SearchAction","target":{"@type":"EntryPoint","urlTemplate":"https:\/\/gabitel.net\/de\/?s={search_term_string}"},"query-input":{"@type":"PropertyValueSpecification","valueRequired":true,"valueName":"search_term_string"}}],"inLanguage":"de"},{"@type":"Organization","@id":"https:\/\/gabitel.net\/de\/#organization","name":"Gabitel","url":"https:\/\/gabitel.net\/de\/","logo":{"@type":"ImageObject","inLanguage":"de","@id":"https:\/\/gabitel.net\/de\/#\/schema\/logo\/image\/","url":"https:\/\/gabitel.net\/wp-content\/uploads\/2025\/05\/logo_gabitel.jpg","contentUrl":"https:\/\/gabitel.net\/wp-content\/uploads\/2025\/05\/logo_gabitel.jpg","width":2560,"height":1330,"caption":"Gabitel"},"image":{"@id":"https:\/\/gabitel.net\/de\/#\/schema\/logo\/image\/"},"sameAs":["https:\/\/www.facebook.com\/gabitelingenieros\/","https:\/\/es.linkedin.com\/company\/gabitel-ingenieros"]},{"@type":"Person","@id":"https:\/\/gabitel.net\/de\/#\/schema\/person\/37ba53714c3fedb9c7d22f4bc781465c","name":"user.autor","url":"https:\/\/gabitel.net\/de\/author\/user-autor\/"}]}},"_links":{"self":[{"href":"https:\/\/gabitel.net\/de\/wp-json\/wp\/v2\/posts\/32032","targetHints":{"allow":["GET"]}}],"collection":[{"href":"https:\/\/gabitel.net\/de\/wp-json\/wp\/v2\/posts"}],"about":[{"href":"https:\/\/gabitel.net\/de\/wp-json\/wp\/v2\/types\/post"}],"author":[{"embeddable":true,"href":"https:\/\/gabitel.net\/de\/wp-json\/wp\/v2\/users\/3"}],"replies":[{"embeddable":true,"href":"https:\/\/gabitel.net\/de\/wp-json\/wp\/v2\/comments?post=32032"}],"version-history":[{"count":0,"href":"https:\/\/gabitel.net\/de\/wp-json\/wp\/v2\/posts\/32032\/revisions"}],"wp:featuredmedia":[{"embeddable":true,"href":"https:\/\/gabitel.net\/de\/wp-json\/wp\/v2\/media\/32033"}],"wp:attachment":[{"href":"https:\/\/gabitel.net\/de\/wp-json\/wp\/v2\/media?parent=32032"}],"wp:term":[{"taxonomy":"category","embeddable":true,"href":"https:\/\/gabitel.net\/de\/wp-json\/wp\/v2\/categories?post=32032"},{"taxonomy":"post_tag","embeddable":true,"href":"https:\/\/gabitel.net\/de\/wp-json\/wp\/v2\/tags?post=32032"}],"curies":[{"name":"wp","href":"https:\/\/api.w.org\/{rel}","templated":true}]}}