{"id":32034,"date":"2025-02-11T10:45:38","date_gmt":"2025-02-11T09:45:38","guid":{"rendered":"https:\/\/gabitel.net\/una-conferencia-de-gabitel-sobre-sostenibilidad-e-ingenieria-ambiental-inaugura-el-curso-del-master-en-tecnologia-ambiental\/"},"modified":"2026-04-17T08:52:08","modified_gmt":"2026-04-17T06:52:08","slug":"una-conferencia-de-gabitel-sobre-sostenibilidad-e-ingenieria-ambiental-inaugura-el-curso-del-master-en-tecnologia-ambiental","status":"publish","type":"post","link":"https:\/\/gabitel.net\/de\/una-conferencia-de-gabitel-sobre-sostenibilidad-e-ingenieria-ambiental-inaugura-el-curso-del-master-en-tecnologia-ambiental\/","title":{"rendered":"Una conferencia de Gabitel sobre sostenibilidad e ingenier\u00eda ambiental inaugura el curso del M\u00e1ster en Tecnolog\u00eda Ambiental"},"content":{"rendered":"<p>Nuestro <strong>Director de Desarrollo de Negocio y de Divisi\u00f3n de Energ\u00edas Renovables, Jos\u00e9 Ra\u00fal Tejero Zuheros<\/strong>, tuvo el honor de inaugurar el nuevo curso acad\u00e9mico 24\/25 del <strong>M\u00e1ster Interuniversitario en Tecnolog\u00eda Ambiental (M.T.A.) de la Universidad de Huelva (UHU) y la Universidad Internacional de Andaluc\u00eda (UNIA)<\/strong> como ponente invitado de la conferencia inaugural, en la que abord\u00f3 los numeroso proyectos de hidr\u00f3geno verde, tanto ejecutados como en desarrollo, en los que opera Gabitel.<\/p>\n<p>En la misma, titulada \u2018<strong>Desarrollo de Proyectos de Hidr\u00f3geno verde en Gabitel<\/strong>\u2019 y celebrada en el Aula de Grados de la Facultad de Ciencias Experimentales de la UHU, nuestro compa\u00f1ero desgran\u00f3 el papel y evoluci\u00f3n de Gabitel como ingenier\u00eda l\u00edder del sector en el reto de la descarbonizaci\u00f3n de la industria europea gracias a su experiencia y conocimientos especializados.<\/p>\n<p>En este sentido, enfatiz\u00f3 en la importancia de interpretar y cumplir la legislaci\u00f3n vigente para realizar los Estudios de Impacto Ambiental (EsIA) y garantizar el \u00e9xito de la tramitaci\u00f3n administrativa; y destac\u00f3 el papel crucial de los equipos de medio ambiente, como t\u00e9cnicos que aseguran la sostenibilidad y viabilidad de los proyectos, aportando soluciones innovadoras para mitigar los impactos negativos sobre el medio ambiente.<\/p>\n<p>En este contexto, hizo un recorrido exhaustivo por los servicios de ingenier\u00eda y consultor\u00eda ambiental necesarios en las demandas actuales del sector energ\u00e9tico y, a trav\u00e9s de un enfoque estructurado, en forma de diagrama de servicios, detall\u00f3 c\u00f3mo se articula la estrategia de Gabitel: desde el dise\u00f1o inicial y la planificaci\u00f3n de proyectos, pasando por el an\u00e1lisis de viabilidad t\u00e9cnica y econ\u00f3mica, hasta la tramitaci\u00f3n medioambiental y legal, clave para el desarrollo de proyectos de energ\u00edas renovables y el \u00e9xito de la tramitaci\u00f3n en plazos \u00f3ptimos.<\/p>\n<p>La participaci\u00f3n de Gabitel en este evento reafirma su compromiso con la sostenibilidad, la innovaci\u00f3n tecnol\u00f3gica y la formaci\u00f3n acad\u00e9mica, demostrando su liderazgo en el sector de las energ\u00edas renovables y su capacidad para aportar soluciones clave a los desaf\u00edos ambientales y energ\u00e9ticos actuales.<\/p>\n<p>Gabitel, adherida al <strong>Mapa de la Red de Entidades por el Hidr\u00f3geno Verde en Andaluc\u00eda<\/strong> dentro de las <strong>empresas de I+D+i, Ingenier\u00eda, dise\u00f1o o concepto de producto e impulsora junto a la UHU de la C\u00e1tedra Gabitel sobre el Hidr\u00f3geno<\/strong>, atesora m\u00e1s de 15 a\u00f1os de experiencia en el sector de ingenier\u00eda renovables, sobre todo en plantas fotovoltaicas y e\u00f3licas que complementan al hidr\u00f3geno, avalada por casi un centenar de proyectos de renovables.<\/p>\n<p>En el acto de apertura, en el que estuvieron presentes diversas autoridades acad\u00e9micas, entidades colaboradoras, profesorado y alumnado, concluy\u00f3 con la entrega de certificados acad\u00e9micos y del Premio al Mejor TFM del curso 23\/24, as\u00ed como de la documentaci\u00f3n al nuevo alumnado.<\/p>\n<p>Este M\u00e1ster, que cumple su vig\u00e9sima edici\u00f3n, es una de las formaciones de posgrado con m\u00e1s \u00e9xito en la Universidad de Huelva y UNIA, con una empleabilidad del 90%, y est\u00e1 <strong>plenamente consolidado<\/strong> y considerado un referente en el pa\u00eds.<\/p>\n<p>Es una formaci\u00f3n de postgrado \u00fanica con esta tem\u00e1tica en Andaluc\u00eda que busca proporcionar una formaci\u00f3n exhaustiva a los alumnos en esta \u00e1rea, abarcando aspectos tecnol\u00f3gicos, econ\u00f3micos, legales y de gesti\u00f3n medioambientales, para formar a especialistas que cubran el vac\u00edo profesional existente y la creciente demanda en el sector de la ingenier\u00eda medioambiental.<\/p>\n<p>&nbsp;<\/p>\n<p>&nbsp;<\/p>\n","protected":false},"excerpt":{"rendered":"<p>Nuestro Director de Desarrollo de Negocio y de Divisi\u00f3n de Energ\u00edas Renovables, Jos\u00e9 Ra\u00fal Tejero Zuheros, tuvo el honor de inaugurar el nuevo curso acad\u00e9mico 24\/25 del M\u00e1ster Interuniversitario en Tecnolog\u00eda Ambiental (M.T.A.) de la Universidad de Huelva (UHU) y la Universidad Internacional de Andaluc\u00eda (UNIA) como ponente invitado de la conferencia inaugural.<\/p>\n","protected":false},"author":3,"featured_media":32035,"comment_status":"closed","ping_status":"closed","sticky":false,"template":"","format":"standard","meta":{"content-type":"","footnotes":""},"categories":[413,427,412,414],"tags":[415,416,428,422,419,417,429,430,431,421,418],"class_list":["post-32034","post","type-post","status-publish","format-standard","has-post-thumbnail","hentry","category-blog-de","category-hidrogeno-de","category-news-de","category-newsletter-de","tag-energie","tag-gabitel-de","tag-hidrogeno-verde-de","tag-huelva-de","tag-industrie","tag-ingenieurwesen","tag-master-de","tag-tecnologia-ambiental-de","tag-uhu-de","tag-unternehmen","tag-weiterbildung"],"yoast_head":"<!-- This site is optimized with the Yoast SEO plugin v27.5 - https:\/\/yoast.com\/product\/yoast-seo-wordpress\/ -->\n<title>Una conferencia de Gabitel sobre sostenibilidad e ingenier\u00eda ambiental inaugura el curso del M\u00e1ster en Tecnolog\u00eda Ambiental - Gabitel<\/title>\n<meta name=\"robots\" content=\"index, follow, max-snippet:-1, max-image-preview:large, max-video-preview:-1\" \/>\n<link rel=\"canonical\" href=\"https:\/\/gabitel.net\/de\/una-conferencia-de-gabitel-sobre-sostenibilidad-e-ingenieria-ambiental-inaugura-el-curso-del-master-en-tecnologia-ambiental\/\" \/>\n<meta property=\"og:locale\" content=\"de_DE\" \/>\n<meta property=\"og:type\" content=\"article\" \/>\n<meta property=\"og:title\" content=\"Una conferencia de Gabitel sobre sostenibilidad e ingenier\u00eda ambiental inaugura el curso del M\u00e1ster en Tecnolog\u00eda Ambiental - Gabitel\" \/>\n<meta property=\"og:description\" content=\"Nuestro Director de Desarrollo de Negocio y de Divisi\u00f3n de Energ\u00edas Renovables, Jos\u00e9 Ra\u00fal Tejero Zuheros, tuvo el honor de inaugurar el nuevo curso acad\u00e9mico 24\/25 del M\u00e1ster Interuniversitario en Tecnolog\u00eda Ambiental (M.T.A.) de la Universidad de Huelva (UHU) y la Universidad Internacional de Andaluc\u00eda (UNIA) como ponente invitado de la conferencia inaugural.\" \/>\n<meta property=\"og:url\" content=\"https:\/\/gabitel.net\/de\/una-conferencia-de-gabitel-sobre-sostenibilidad-e-ingenieria-ambiental-inaugura-el-curso-del-master-en-tecnologia-ambiental\/\" \/>\n<meta property=\"og:site_name\" content=\"Gabitel\" \/>\n<meta property=\"article:publisher\" content=\"https:\/\/www.facebook.com\/gabitelingenieros\/\" \/>\n<meta property=\"article:published_time\" content=\"2025-02-11T09:45:38+00:00\" \/>\n<meta property=\"article:modified_time\" content=\"2026-04-17T06:52:08+00:00\" \/>\n<meta property=\"og:image\" content=\"https:\/\/gabitel.net\/wp-content\/uploads\/2025\/01\/Foto_Inauguracion-Curso-2024-25_Master-T.A-1024x755.jpg\" \/>\n\t<meta property=\"og:image:width\" content=\"1024\" \/>\n\t<meta property=\"og:image:height\" content=\"755\" \/>\n\t<meta property=\"og:image:type\" content=\"image\/jpeg\" \/>\n<meta name=\"author\" content=\"user.autor\" \/>\n<meta name=\"twitter:card\" content=\"summary_large_image\" \/>\n<meta name=\"twitter:label1\" content=\"Verfasst von\" \/>\n\t<meta name=\"twitter:data1\" content=\"user.autor\" \/>\n\t<meta name=\"twitter:label2\" content=\"Gesch\u00e4tzte Lesezeit\" \/>\n\t<meta name=\"twitter:data2\" content=\"3\u00a0Minuten\" \/>\n<script type=\"application\/ld+json\" class=\"yoast-schema-graph\">{\"@context\":\"https:\\\/\\\/schema.org\",\"@graph\":[{\"@type\":[\"Article\",\"BlogPosting\"],\"@id\":\"https:\\\/\\\/gabitel.net\\\/de\\\/una-conferencia-de-gabitel-sobre-sostenibilidad-e-ingenieria-ambiental-inaugura-el-curso-del-master-en-tecnologia-ambiental\\\/#article\",\"isPartOf\":{\"@id\":\"https:\\\/\\\/gabitel.net\\\/de\\\/una-conferencia-de-gabitel-sobre-sostenibilidad-e-ingenieria-ambiental-inaugura-el-curso-del-master-en-tecnologia-ambiental\\\/\"},\"author\":{\"name\":\"user.autor\",\"@id\":\"https:\\\/\\\/gabitel.net\\\/de\\\/#\\\/schema\\\/person\\\/37ba53714c3fedb9c7d22f4bc781465c\"},\"headline\":\"Una conferencia de Gabitel sobre sostenibilidad e ingenier\u00eda ambiental inaugura el curso del M\u00e1ster en Tecnolog\u00eda Ambiental\",\"datePublished\":\"2025-02-11T09:45:38+00:00\",\"dateModified\":\"2026-04-17T06:52:08+00:00\",\"mainEntityOfPage\":{\"@id\":\"https:\\\/\\\/gabitel.net\\\/de\\\/una-conferencia-de-gabitel-sobre-sostenibilidad-e-ingenieria-ambiental-inaugura-el-curso-del-master-en-tecnologia-ambiental\\\/\"},\"wordCount\":622,\"publisher\":{\"@id\":\"https:\\\/\\\/gabitel.net\\\/de\\\/#organization\"},\"image\":{\"@id\":\"https:\\\/\\\/gabitel.net\\\/de\\\/una-conferencia-de-gabitel-sobre-sostenibilidad-e-ingenieria-ambiental-inaugura-el-curso-del-master-en-tecnologia-ambiental\\\/#primaryimage\"},\"thumbnailUrl\":\"https:\\\/\\\/gabitel.net\\\/wp-content\\\/uploads\\\/2025\\\/01\\\/Foto_Inauguracion-Curso-2024-25_Master-T.A.jpg\",\"keywords\":[\"Energie\",\"Gabitel\",\"hidr\u00f3geno verde\",\"Huelva\",\"Industrie\",\"Ingenieurwesen\",\"M\u00e1ster\",\"Tecnolog\u00eda Ambiental\",\"UHU\",\"Unternehmen\",\"Weiterbildung\"],\"articleSection\":[\"Blog\",\"Hidrogeno\",\"News\",\"Newsletter\"],\"inLanguage\":\"de\"},{\"@type\":\"WebPage\",\"@id\":\"https:\\\/\\\/gabitel.net\\\/de\\\/una-conferencia-de-gabitel-sobre-sostenibilidad-e-ingenieria-ambiental-inaugura-el-curso-del-master-en-tecnologia-ambiental\\\/\",\"url\":\"https:\\\/\\\/gabitel.net\\\/de\\\/una-conferencia-de-gabitel-sobre-sostenibilidad-e-ingenieria-ambiental-inaugura-el-curso-del-master-en-tecnologia-ambiental\\\/\",\"name\":\"Una conferencia de Gabitel sobre sostenibilidad e ingenier\u00eda ambiental inaugura el curso del M\u00e1ster en Tecnolog\u00eda Ambiental - Gabitel\",\"isPartOf\":{\"@id\":\"https:\\\/\\\/gabitel.net\\\/de\\\/#website\"},\"primaryImageOfPage\":{\"@id\":\"https:\\\/\\\/gabitel.net\\\/de\\\/una-conferencia-de-gabitel-sobre-sostenibilidad-e-ingenieria-ambiental-inaugura-el-curso-del-master-en-tecnologia-ambiental\\\/#primaryimage\"},\"image\":{\"@id\":\"https:\\\/\\\/gabitel.net\\\/de\\\/una-conferencia-de-gabitel-sobre-sostenibilidad-e-ingenieria-ambiental-inaugura-el-curso-del-master-en-tecnologia-ambiental\\\/#primaryimage\"},\"thumbnailUrl\":\"https:\\\/\\\/gabitel.net\\\/wp-content\\\/uploads\\\/2025\\\/01\\\/Foto_Inauguracion-Curso-2024-25_Master-T.A.jpg\",\"datePublished\":\"2025-02-11T09:45:38+00:00\",\"dateModified\":\"2026-04-17T06:52:08+00:00\",\"breadcrumb\":{\"@id\":\"https:\\\/\\\/gabitel.net\\\/de\\\/una-conferencia-de-gabitel-sobre-sostenibilidad-e-ingenieria-ambiental-inaugura-el-curso-del-master-en-tecnologia-ambiental\\\/#breadcrumb\"},\"inLanguage\":\"de\",\"potentialAction\":[{\"@type\":\"ReadAction\",\"target\":[\"https:\\\/\\\/gabitel.net\\\/de\\\/una-conferencia-de-gabitel-sobre-sostenibilidad-e-ingenieria-ambiental-inaugura-el-curso-del-master-en-tecnologia-ambiental\\\/\"]}]},{\"@type\":\"ImageObject\",\"inLanguage\":\"de\",\"@id\":\"https:\\\/\\\/gabitel.net\\\/de\\\/una-conferencia-de-gabitel-sobre-sostenibilidad-e-ingenieria-ambiental-inaugura-el-curso-del-master-en-tecnologia-ambiental\\\/#primaryimage\",\"url\":\"https:\\\/\\\/gabitel.net\\\/wp-content\\\/uploads\\\/2025\\\/01\\\/Foto_Inauguracion-Curso-2024-25_Master-T.A.jpg\",\"contentUrl\":\"https:\\\/\\\/gabitel.net\\\/wp-content\\\/uploads\\\/2025\\\/01\\\/Foto_Inauguracion-Curso-2024-25_Master-T.A.jpg\",\"width\":1969,\"height\":1452,\"caption\":\"Una conferencia de Gabitel sobre sostenibilidad e ingenier\u00eda ambiental inaugura el curso del M\u00e1ster en Tecnolog\u00eda Ambiental\"},{\"@type\":\"BreadcrumbList\",\"@id\":\"https:\\\/\\\/gabitel.net\\\/de\\\/una-conferencia-de-gabitel-sobre-sostenibilidad-e-ingenieria-ambiental-inaugura-el-curso-del-master-en-tecnologia-ambiental\\\/#breadcrumb\",\"itemListElement\":[{\"@type\":\"ListItem\",\"position\":1,\"name\":\"Portada\",\"item\":\"https:\\\/\\\/gabitel.net\\\/de\\\/\"},{\"@type\":\"ListItem\",\"position\":2,\"name\":\"Una conferencia de Gabitel sobre sostenibilidad e ingenier\u00eda ambiental inaugura el curso del M\u00e1ster en Tecnolog\u00eda Ambiental\"}]},{\"@type\":\"WebSite\",\"@id\":\"https:\\\/\\\/gabitel.net\\\/de\\\/#website\",\"url\":\"https:\\\/\\\/gabitel.net\\\/de\\\/\",\"name\":\"Gabitel\",\"description\":\"\",\"publisher\":{\"@id\":\"https:\\\/\\\/gabitel.net\\\/de\\\/#organization\"},\"potentialAction\":[{\"@type\":\"SearchAction\",\"target\":{\"@type\":\"EntryPoint\",\"urlTemplate\":\"https:\\\/\\\/gabitel.net\\\/de\\\/?s={search_term_string}\"},\"query-input\":{\"@type\":\"PropertyValueSpecification\",\"valueRequired\":true,\"valueName\":\"search_term_string\"}}],\"inLanguage\":\"de\"},{\"@type\":\"Organization\",\"@id\":\"https:\\\/\\\/gabitel.net\\\/de\\\/#organization\",\"name\":\"Gabitel\",\"url\":\"https:\\\/\\\/gabitel.net\\\/de\\\/\",\"logo\":{\"@type\":\"ImageObject\",\"inLanguage\":\"de\",\"@id\":\"https:\\\/\\\/gabitel.net\\\/de\\\/#\\\/schema\\\/logo\\\/image\\\/\",\"url\":\"https:\\\/\\\/gabitel.net\\\/wp-content\\\/uploads\\\/2025\\\/05\\\/logo_gabitel.jpg\",\"contentUrl\":\"https:\\\/\\\/gabitel.net\\\/wp-content\\\/uploads\\\/2025\\\/05\\\/logo_gabitel.jpg\",\"width\":2560,\"height\":1330,\"caption\":\"Gabitel\"},\"image\":{\"@id\":\"https:\\\/\\\/gabitel.net\\\/de\\\/#\\\/schema\\\/logo\\\/image\\\/\"},\"sameAs\":[\"https:\\\/\\\/www.facebook.com\\\/gabitelingenieros\\\/\",\"https:\\\/\\\/es.linkedin.com\\\/company\\\/gabitel-ingenieros\"]},{\"@type\":\"Person\",\"@id\":\"https:\\\/\\\/gabitel.net\\\/de\\\/#\\\/schema\\\/person\\\/37ba53714c3fedb9c7d22f4bc781465c\",\"name\":\"user.autor\",\"url\":\"https:\\\/\\\/gabitel.net\\\/de\\\/author\\\/user-autor\\\/\"}]}<\/script>\n<!-- \/ Yoast SEO plugin. -->","yoast_head_json":{"title":"Una conferencia de Gabitel sobre sostenibilidad e ingenier\u00eda ambiental inaugura el curso del M\u00e1ster en Tecnolog\u00eda Ambiental - Gabitel","robots":{"index":"index","follow":"follow","max-snippet":"max-snippet:-1","max-image-preview":"max-image-preview:large","max-video-preview":"max-video-preview:-1"},"canonical":"https:\/\/gabitel.net\/de\/una-conferencia-de-gabitel-sobre-sostenibilidad-e-ingenieria-ambiental-inaugura-el-curso-del-master-en-tecnologia-ambiental\/","og_locale":"de_DE","og_type":"article","og_title":"Una conferencia de Gabitel sobre sostenibilidad e ingenier\u00eda ambiental inaugura el curso del M\u00e1ster en Tecnolog\u00eda Ambiental - Gabitel","og_description":"Nuestro Director de Desarrollo de Negocio y de Divisi\u00f3n de Energ\u00edas Renovables, Jos\u00e9 Ra\u00fal Tejero Zuheros, tuvo el honor de inaugurar el nuevo curso acad\u00e9mico 24\/25 del M\u00e1ster Interuniversitario en Tecnolog\u00eda Ambiental (M.T.A.) de la Universidad de Huelva (UHU) y la Universidad Internacional de Andaluc\u00eda (UNIA) como ponente invitado de la conferencia inaugural.","og_url":"https:\/\/gabitel.net\/de\/una-conferencia-de-gabitel-sobre-sostenibilidad-e-ingenieria-ambiental-inaugura-el-curso-del-master-en-tecnologia-ambiental\/","og_site_name":"Gabitel","article_publisher":"https:\/\/www.facebook.com\/gabitelingenieros\/","article_published_time":"2025-02-11T09:45:38+00:00","article_modified_time":"2026-04-17T06:52:08+00:00","og_image":[{"width":1024,"height":755,"url":"https:\/\/gabitel.net\/wp-content\/uploads\/2025\/01\/Foto_Inauguracion-Curso-2024-25_Master-T.A-1024x755.jpg","type":"image\/jpeg"}],"author":"user.autor","twitter_card":"summary_large_image","twitter_misc":{"Verfasst von":"user.autor","Gesch\u00e4tzte Lesezeit":"3\u00a0Minuten"},"schema":{"@context":"https:\/\/schema.org","@graph":[{"@type":["Article","BlogPosting"],"@id":"https:\/\/gabitel.net\/de\/una-conferencia-de-gabitel-sobre-sostenibilidad-e-ingenieria-ambiental-inaugura-el-curso-del-master-en-tecnologia-ambiental\/#article","isPartOf":{"@id":"https:\/\/gabitel.net\/de\/una-conferencia-de-gabitel-sobre-sostenibilidad-e-ingenieria-ambiental-inaugura-el-curso-del-master-en-tecnologia-ambiental\/"},"author":{"name":"user.autor","@id":"https:\/\/gabitel.net\/de\/#\/schema\/person\/37ba53714c3fedb9c7d22f4bc781465c"},"headline":"Una conferencia de Gabitel sobre sostenibilidad e ingenier\u00eda ambiental inaugura el curso del M\u00e1ster en Tecnolog\u00eda Ambiental","datePublished":"2025-02-11T09:45:38+00:00","dateModified":"2026-04-17T06:52:08+00:00","mainEntityOfPage":{"@id":"https:\/\/gabitel.net\/de\/una-conferencia-de-gabitel-sobre-sostenibilidad-e-ingenieria-ambiental-inaugura-el-curso-del-master-en-tecnologia-ambiental\/"},"wordCount":622,"publisher":{"@id":"https:\/\/gabitel.net\/de\/#organization"},"image":{"@id":"https:\/\/gabitel.net\/de\/una-conferencia-de-gabitel-sobre-sostenibilidad-e-ingenieria-ambiental-inaugura-el-curso-del-master-en-tecnologia-ambiental\/#primaryimage"},"thumbnailUrl":"https:\/\/gabitel.net\/wp-content\/uploads\/2025\/01\/Foto_Inauguracion-Curso-2024-25_Master-T.A.jpg","keywords":["Energie","Gabitel","hidr\u00f3geno verde","Huelva","Industrie","Ingenieurwesen","M\u00e1ster","Tecnolog\u00eda Ambiental","UHU","Unternehmen","Weiterbildung"],"articleSection":["Blog","Hidrogeno","News","Newsletter"],"inLanguage":"de"},{"@type":"WebPage","@id":"https:\/\/gabitel.net\/de\/una-conferencia-de-gabitel-sobre-sostenibilidad-e-ingenieria-ambiental-inaugura-el-curso-del-master-en-tecnologia-ambiental\/","url":"https:\/\/gabitel.net\/de\/una-conferencia-de-gabitel-sobre-sostenibilidad-e-ingenieria-ambiental-inaugura-el-curso-del-master-en-tecnologia-ambiental\/","name":"Una conferencia de Gabitel sobre sostenibilidad e ingenier\u00eda ambiental inaugura el curso del M\u00e1ster en Tecnolog\u00eda Ambiental - Gabitel","isPartOf":{"@id":"https:\/\/gabitel.net\/de\/#website"},"primaryImageOfPage":{"@id":"https:\/\/gabitel.net\/de\/una-conferencia-de-gabitel-sobre-sostenibilidad-e-ingenieria-ambiental-inaugura-el-curso-del-master-en-tecnologia-ambiental\/#primaryimage"},"image":{"@id":"https:\/\/gabitel.net\/de\/una-conferencia-de-gabitel-sobre-sostenibilidad-e-ingenieria-ambiental-inaugura-el-curso-del-master-en-tecnologia-ambiental\/#primaryimage"},"thumbnailUrl":"https:\/\/gabitel.net\/wp-content\/uploads\/2025\/01\/Foto_Inauguracion-Curso-2024-25_Master-T.A.jpg","datePublished":"2025-02-11T09:45:38+00:00","dateModified":"2026-04-17T06:52:08+00:00","breadcrumb":{"@id":"https:\/\/gabitel.net\/de\/una-conferencia-de-gabitel-sobre-sostenibilidad-e-ingenieria-ambiental-inaugura-el-curso-del-master-en-tecnologia-ambiental\/#breadcrumb"},"inLanguage":"de","potentialAction":[{"@type":"ReadAction","target":["https:\/\/gabitel.net\/de\/una-conferencia-de-gabitel-sobre-sostenibilidad-e-ingenieria-ambiental-inaugura-el-curso-del-master-en-tecnologia-ambiental\/"]}]},{"@type":"ImageObject","inLanguage":"de","@id":"https:\/\/gabitel.net\/de\/una-conferencia-de-gabitel-sobre-sostenibilidad-e-ingenieria-ambiental-inaugura-el-curso-del-master-en-tecnologia-ambiental\/#primaryimage","url":"https:\/\/gabitel.net\/wp-content\/uploads\/2025\/01\/Foto_Inauguracion-Curso-2024-25_Master-T.A.jpg","contentUrl":"https:\/\/gabitel.net\/wp-content\/uploads\/2025\/01\/Foto_Inauguracion-Curso-2024-25_Master-T.A.jpg","width":1969,"height":1452,"caption":"Una conferencia de Gabitel sobre sostenibilidad e ingenier\u00eda ambiental inaugura el curso del M\u00e1ster en Tecnolog\u00eda Ambiental"},{"@type":"BreadcrumbList","@id":"https:\/\/gabitel.net\/de\/una-conferencia-de-gabitel-sobre-sostenibilidad-e-ingenieria-ambiental-inaugura-el-curso-del-master-en-tecnologia-ambiental\/#breadcrumb","itemListElement":[{"@type":"ListItem","position":1,"name":"Portada","item":"https:\/\/gabitel.net\/de\/"},{"@type":"ListItem","position":2,"name":"Una conferencia de Gabitel sobre sostenibilidad e ingenier\u00eda ambiental inaugura el curso del M\u00e1ster en Tecnolog\u00eda Ambiental"}]},{"@type":"WebSite","@id":"https:\/\/gabitel.net\/de\/#website","url":"https:\/\/gabitel.net\/de\/","name":"Gabitel","description":"","publisher":{"@id":"https:\/\/gabitel.net\/de\/#organization"},"potentialAction":[{"@type":"SearchAction","target":{"@type":"EntryPoint","urlTemplate":"https:\/\/gabitel.net\/de\/?s={search_term_string}"},"query-input":{"@type":"PropertyValueSpecification","valueRequired":true,"valueName":"search_term_string"}}],"inLanguage":"de"},{"@type":"Organization","@id":"https:\/\/gabitel.net\/de\/#organization","name":"Gabitel","url":"https:\/\/gabitel.net\/de\/","logo":{"@type":"ImageObject","inLanguage":"de","@id":"https:\/\/gabitel.net\/de\/#\/schema\/logo\/image\/","url":"https:\/\/gabitel.net\/wp-content\/uploads\/2025\/05\/logo_gabitel.jpg","contentUrl":"https:\/\/gabitel.net\/wp-content\/uploads\/2025\/05\/logo_gabitel.jpg","width":2560,"height":1330,"caption":"Gabitel"},"image":{"@id":"https:\/\/gabitel.net\/de\/#\/schema\/logo\/image\/"},"sameAs":["https:\/\/www.facebook.com\/gabitelingenieros\/","https:\/\/es.linkedin.com\/company\/gabitel-ingenieros"]},{"@type":"Person","@id":"https:\/\/gabitel.net\/de\/#\/schema\/person\/37ba53714c3fedb9c7d22f4bc781465c","name":"user.autor","url":"https:\/\/gabitel.net\/de\/author\/user-autor\/"}]}},"_links":{"self":[{"href":"https:\/\/gabitel.net\/de\/wp-json\/wp\/v2\/posts\/32034","targetHints":{"allow":["GET"]}}],"collection":[{"href":"https:\/\/gabitel.net\/de\/wp-json\/wp\/v2\/posts"}],"about":[{"href":"https:\/\/gabitel.net\/de\/wp-json\/wp\/v2\/types\/post"}],"author":[{"embeddable":true,"href":"https:\/\/gabitel.net\/de\/wp-json\/wp\/v2\/users\/3"}],"replies":[{"embeddable":true,"href":"https:\/\/gabitel.net\/de\/wp-json\/wp\/v2\/comments?post=32034"}],"version-history":[{"count":4,"href":"https:\/\/gabitel.net\/de\/wp-json\/wp\/v2\/posts\/32034\/revisions"}],"predecessor-version":[{"id":37545,"href":"https:\/\/gabitel.net\/de\/wp-json\/wp\/v2\/posts\/32034\/revisions\/37545"}],"wp:featuredmedia":[{"embeddable":true,"href":"https:\/\/gabitel.net\/de\/wp-json\/wp\/v2\/media\/32035"}],"wp:attachment":[{"href":"https:\/\/gabitel.net\/de\/wp-json\/wp\/v2\/media?parent=32034"}],"wp:term":[{"taxonomy":"category","embeddable":true,"href":"https:\/\/gabitel.net\/de\/wp-json\/wp\/v2\/categories?post=32034"},{"taxonomy":"post_tag","embeddable":true,"href":"https:\/\/gabitel.net\/de\/wp-json\/wp\/v2\/tags?post=32034"}],"curies":[{"name":"wp","href":"https:\/\/api.w.org\/{rel}","templated":true}]}}