{"id":32041,"date":"2025-03-04T10:45:38","date_gmt":"2025-03-04T09:45:38","guid":{"rendered":"https:\/\/gabitel.net\/gabitel-premio-empresarial-de-la-asociacion-de-antiguos-alumnos-3-de-marzo-de-la-uhu\/"},"modified":"2026-04-17T08:52:07","modified_gmt":"2026-04-17T06:52:07","slug":"gabitel-premio-empresarial-de-la-asociacion-de-antiguos-alumnos-3-de-marzo-de-la-uhu","status":"publish","type":"post","link":"https:\/\/gabitel.net\/de\/gabitel-premio-empresarial-de-la-asociacion-de-antiguos-alumnos-3-de-marzo-de-la-uhu\/","title":{"rendered":"Gabitel, Premio Empresarial de la Asociaci\u00f3n de Antiguos Alumnos 3 de Marzo de la UHU"},"content":{"rendered":"<p><strong>Nuestra trayectoria nos avala y es un orgullo cosechar reconocimientos como el que recibimos ayer en el Campus de la Merced de la Universidad de Huelva, donde nuestro director general, Juan Andr\u00e9s Reales, recogi\u00f3 el Premio Empresarial concedido a Gabitel en los Premios <\/strong>del D\u00eda del Antiguo Alumno de la Universidad de Huelva, cuyo objetivo es reconocer la trayectoria profesional, el esp\u00edritu emprendedor y el compromiso social de los antiguos alumnos de la UHU y de la sociedad en general.<\/p>\n<p><a href=\"https:\/\/gabitelingenieros.com\/wp-content\/uploads\/2025\/02\/474857999_1056348746529841_3801182587930570422_n.jpeg\"><img decoding=\"async\" src=\"https:\/\/gabitelingenieros.com\/wp-content\/uploads\/2025\/02\/474857999_1056348746529841_3801182587930570422_n-1024x683.jpeg\" alt=\"Gabitel, en evento de Gabitel | Gabitel Ingenieros\" \/><\/a><\/p>\n<p>Esta distinci\u00f3n, que nuestro director general recibi\u00f3 el premio de manos del presidente de la Diputaci\u00f3n Provincial de Huelva, David Toscano, reconoce la trayectoria de nuestra empresa, fundada en 2001 y consolidada como una ingenier\u00eda y consultor\u00eda de referencia en Europa en sectores clave como el energ\u00e9tico y las telecomunicaciones, entre otras \u00e1reas, y en pleno proceso de internacionalizaci\u00f3n.<\/p>\n<p><a href=\"https:\/\/gabitelingenieros.com\/wp-content\/uploads\/2025\/02\/1741082596388.jpg\"><img decoding=\"async\" src=\"https:\/\/gabitelingenieros.com\/wp-content\/uploads\/2025\/02\/1741082596388-768x1024.jpg\" alt=\"Gabitel, en evento de Gabitel | Gabitel Ingenieros\" \/><\/a><\/p>\n<p>Adem\u00e1s de Gabitel, fueron reconocidos la Fundaci\u00f3n Laberinto, el Aula de la Experiencia de la UHU, el <strong>Coro Rociero Joven de la Hermandad del Roc\u00edo de Huelva<\/strong><strong>, el Real Club Recreativo de Tenis de Huelva, la atleta Mar\u00eda Forero, Alonso Salguero Rodr\u00edguez, <\/strong>creador de GTA Ingenier\u00eda y Medio Ambiente y n\u00famero uno de su promoci\u00f3n en la Universidad de Huelva, y Antonio de la Vega, durante muchos a\u00f1os al frente de Fundaci\u00f3n Atlantic Copper como agente dinamizador de la sociedad onubense.\u00a0<\/p>\n<p>\u00a1Gracias por el reconocimiento y enhorabuena a los premiados!<\/p>\n<p>&nbsp;<\/p>\n<p>&nbsp;<\/p>\n<p>&nbsp;<\/p>\n","protected":false},"excerpt":{"rendered":"<p>Nuestro director general, Juan Andr\u00e9s Reales, recogi\u00f3 el Premio Empresarial concedido a Gabitel en los Premios del D\u00eda del Antiguo Alumno de la Universidad de Huelva, cuyo objetivo es reconocer la trayectoria profesional, el esp\u00edritu emprendedor y el compromiso social de los antiguos alumnos de la UHU y de la sociedad en general.<\/p>\n","protected":false},"author":3,"featured_media":32042,"comment_status":"closed","ping_status":"closed","sticky":false,"template":"","format":"standard","meta":{"content-type":"","footnotes":""},"categories":[413,412,414],"tags":[415,416,422,419,417,437,438,431,439,421],"class_list":["post-32041","post","type-post","status-publish","format-standard","has-post-thumbnail","hentry","category-blog-de","category-news-de","category-newsletter-de","tag-energie","tag-gabitel-de","tag-huelva-de","tag-industrie","tag-ingenieurwesen","tag-premio-empresarial-de","tag-premios-de","tag-uhu-de","tag-universidad-de-huelva-de","tag-unternehmen"],"yoast_head":"<!-- This site is optimized with the Yoast SEO plugin v27.5 - https:\/\/yoast.com\/product\/yoast-seo-wordpress\/ -->\n<title>Gabitel, Premio Empresarial de la Asociaci\u00f3n de Antiguos Alumnos 3 de Marzo de la UHU - Gabitel<\/title>\n<meta name=\"robots\" content=\"index, follow, max-snippet:-1, max-image-preview:large, max-video-preview:-1\" \/>\n<link rel=\"canonical\" href=\"https:\/\/gabitel.net\/de\/gabitel-premio-empresarial-de-la-asociacion-de-antiguos-alumnos-3-de-marzo-de-la-uhu\/\" \/>\n<meta property=\"og:locale\" content=\"de_DE\" \/>\n<meta property=\"og:type\" content=\"article\" \/>\n<meta property=\"og:title\" content=\"Gabitel, Premio Empresarial de la Asociaci\u00f3n de Antiguos Alumnos 3 de Marzo de la UHU - Gabitel\" \/>\n<meta property=\"og:description\" content=\"Nuestro director general, Juan Andr\u00e9s Reales, recogi\u00f3 el Premio Empresarial concedido a Gabitel en los Premios del D\u00eda del Antiguo Alumno de la Universidad de Huelva, cuyo objetivo es reconocer la trayectoria profesional, el esp\u00edritu emprendedor y el compromiso social de los antiguos alumnos de la UHU y de la sociedad en general.\" \/>\n<meta property=\"og:url\" content=\"https:\/\/gabitel.net\/de\/gabitel-premio-empresarial-de-la-asociacion-de-antiguos-alumnos-3-de-marzo-de-la-uhu\/\" \/>\n<meta property=\"og:site_name\" content=\"Gabitel\" \/>\n<meta property=\"article:publisher\" content=\"https:\/\/www.facebook.com\/gabitelingenieros\/\" \/>\n<meta property=\"article:published_time\" content=\"2025-03-04T09:45:38+00:00\" \/>\n<meta property=\"article:modified_time\" content=\"2026-04-17T06:52:07+00:00\" \/>\n<meta property=\"og:image\" content=\"https:\/\/gabitel.net\/wp-content\/uploads\/2025\/02\/482381481_18493709227020811_3494954896658976206_n.jpeg\" \/>\n\t<meta property=\"og:image:width\" content=\"1369\" \/>\n\t<meta property=\"og:image:height\" content=\"916\" \/>\n\t<meta property=\"og:image:type\" content=\"image\/jpeg\" \/>\n<meta name=\"author\" content=\"user.autor\" \/>\n<meta name=\"twitter:card\" content=\"summary_large_image\" \/>\n<meta name=\"twitter:label1\" content=\"Verfasst von\" \/>\n\t<meta name=\"twitter:data1\" content=\"user.autor\" \/>\n\t<meta name=\"twitter:label2\" content=\"Gesch\u00e4tzte Lesezeit\" \/>\n\t<meta name=\"twitter:data2\" content=\"2\u00a0Minuten\" \/>\n<script type=\"application\/ld+json\" class=\"yoast-schema-graph\">{\"@context\":\"https:\\\/\\\/schema.org\",\"@graph\":[{\"@type\":[\"Article\",\"BlogPosting\"],\"@id\":\"https:\\\/\\\/gabitel.net\\\/de\\\/gabitel-premio-empresarial-de-la-asociacion-de-antiguos-alumnos-3-de-marzo-de-la-uhu\\\/#article\",\"isPartOf\":{\"@id\":\"https:\\\/\\\/gabitel.net\\\/de\\\/gabitel-premio-empresarial-de-la-asociacion-de-antiguos-alumnos-3-de-marzo-de-la-uhu\\\/\"},\"author\":{\"name\":\"user.autor\",\"@id\":\"https:\\\/\\\/gabitel.net\\\/de\\\/#\\\/schema\\\/person\\\/37ba53714c3fedb9c7d22f4bc781465c\"},\"headline\":\"Gabitel, Premio Empresarial de la Asociaci\u00f3n de Antiguos Alumnos 3 de Marzo de la UHU\",\"datePublished\":\"2025-03-04T09:45:38+00:00\",\"dateModified\":\"2026-04-17T06:52:07+00:00\",\"mainEntityOfPage\":{\"@id\":\"https:\\\/\\\/gabitel.net\\\/de\\\/gabitel-premio-empresarial-de-la-asociacion-de-antiguos-alumnos-3-de-marzo-de-la-uhu\\\/\"},\"wordCount\":265,\"publisher\":{\"@id\":\"https:\\\/\\\/gabitel.net\\\/de\\\/#organization\"},\"image\":{\"@id\":\"https:\\\/\\\/gabitel.net\\\/de\\\/gabitel-premio-empresarial-de-la-asociacion-de-antiguos-alumnos-3-de-marzo-de-la-uhu\\\/#primaryimage\"},\"thumbnailUrl\":\"https:\\\/\\\/gabitel.net\\\/wp-content\\\/uploads\\\/2025\\\/02\\\/482381481_18493709227020811_3494954896658976206_n.jpeg\",\"keywords\":[\"Energie\",\"Gabitel\",\"Huelva\",\"Industrie\",\"Ingenieurwesen\",\"Premio Empresarial\",\"Premios\",\"UHU\",\"Universidad de Huelva\",\"Unternehmen\"],\"articleSection\":[\"Blog\",\"News\",\"Newsletter\"],\"inLanguage\":\"de\"},{\"@type\":\"WebPage\",\"@id\":\"https:\\\/\\\/gabitel.net\\\/de\\\/gabitel-premio-empresarial-de-la-asociacion-de-antiguos-alumnos-3-de-marzo-de-la-uhu\\\/\",\"url\":\"https:\\\/\\\/gabitel.net\\\/de\\\/gabitel-premio-empresarial-de-la-asociacion-de-antiguos-alumnos-3-de-marzo-de-la-uhu\\\/\",\"name\":\"Gabitel, Premio Empresarial de la Asociaci\u00f3n de Antiguos Alumnos 3 de Marzo de la UHU - Gabitel\",\"isPartOf\":{\"@id\":\"https:\\\/\\\/gabitel.net\\\/de\\\/#website\"},\"primaryImageOfPage\":{\"@id\":\"https:\\\/\\\/gabitel.net\\\/de\\\/gabitel-premio-empresarial-de-la-asociacion-de-antiguos-alumnos-3-de-marzo-de-la-uhu\\\/#primaryimage\"},\"image\":{\"@id\":\"https:\\\/\\\/gabitel.net\\\/de\\\/gabitel-premio-empresarial-de-la-asociacion-de-antiguos-alumnos-3-de-marzo-de-la-uhu\\\/#primaryimage\"},\"thumbnailUrl\":\"https:\\\/\\\/gabitel.net\\\/wp-content\\\/uploads\\\/2025\\\/02\\\/482381481_18493709227020811_3494954896658976206_n.jpeg\",\"datePublished\":\"2025-03-04T09:45:38+00:00\",\"dateModified\":\"2026-04-17T06:52:07+00:00\",\"breadcrumb\":{\"@id\":\"https:\\\/\\\/gabitel.net\\\/de\\\/gabitel-premio-empresarial-de-la-asociacion-de-antiguos-alumnos-3-de-marzo-de-la-uhu\\\/#breadcrumb\"},\"inLanguage\":\"de\",\"potentialAction\":[{\"@type\":\"ReadAction\",\"target\":[\"https:\\\/\\\/gabitel.net\\\/de\\\/gabitel-premio-empresarial-de-la-asociacion-de-antiguos-alumnos-3-de-marzo-de-la-uhu\\\/\"]}]},{\"@type\":\"ImageObject\",\"inLanguage\":\"de\",\"@id\":\"https:\\\/\\\/gabitel.net\\\/de\\\/gabitel-premio-empresarial-de-la-asociacion-de-antiguos-alumnos-3-de-marzo-de-la-uhu\\\/#primaryimage\",\"url\":\"https:\\\/\\\/gabitel.net\\\/wp-content\\\/uploads\\\/2025\\\/02\\\/482381481_18493709227020811_3494954896658976206_n.jpeg\",\"contentUrl\":\"https:\\\/\\\/gabitel.net\\\/wp-content\\\/uploads\\\/2025\\\/02\\\/482381481_18493709227020811_3494954896658976206_n.jpeg\",\"width\":1369,\"height\":916,\"caption\":\"Gabitel, Premio Empresarial de la Asociaci\u00f3n de Antiguos Alumnos 3 de Marzo de la UHU\"},{\"@type\":\"BreadcrumbList\",\"@id\":\"https:\\\/\\\/gabitel.net\\\/de\\\/gabitel-premio-empresarial-de-la-asociacion-de-antiguos-alumnos-3-de-marzo-de-la-uhu\\\/#breadcrumb\",\"itemListElement\":[{\"@type\":\"ListItem\",\"position\":1,\"name\":\"Portada\",\"item\":\"https:\\\/\\\/gabitel.net\\\/de\\\/\"},{\"@type\":\"ListItem\",\"position\":2,\"name\":\"Gabitel, Premio Empresarial de la Asociaci\u00f3n de Antiguos Alumnos 3 de Marzo de la UHU\"}]},{\"@type\":\"WebSite\",\"@id\":\"https:\\\/\\\/gabitel.net\\\/de\\\/#website\",\"url\":\"https:\\\/\\\/gabitel.net\\\/de\\\/\",\"name\":\"Gabitel\",\"description\":\"\",\"publisher\":{\"@id\":\"https:\\\/\\\/gabitel.net\\\/de\\\/#organization\"},\"potentialAction\":[{\"@type\":\"SearchAction\",\"target\":{\"@type\":\"EntryPoint\",\"urlTemplate\":\"https:\\\/\\\/gabitel.net\\\/de\\\/?s={search_term_string}\"},\"query-input\":{\"@type\":\"PropertyValueSpecification\",\"valueRequired\":true,\"valueName\":\"search_term_string\"}}],\"inLanguage\":\"de\"},{\"@type\":\"Organization\",\"@id\":\"https:\\\/\\\/gabitel.net\\\/de\\\/#organization\",\"name\":\"Gabitel\",\"url\":\"https:\\\/\\\/gabitel.net\\\/de\\\/\",\"logo\":{\"@type\":\"ImageObject\",\"inLanguage\":\"de\",\"@id\":\"https:\\\/\\\/gabitel.net\\\/de\\\/#\\\/schema\\\/logo\\\/image\\\/\",\"url\":\"https:\\\/\\\/gabitel.net\\\/wp-content\\\/uploads\\\/2025\\\/05\\\/logo_gabitel.jpg\",\"contentUrl\":\"https:\\\/\\\/gabitel.net\\\/wp-content\\\/uploads\\\/2025\\\/05\\\/logo_gabitel.jpg\",\"width\":2560,\"height\":1330,\"caption\":\"Gabitel\"},\"image\":{\"@id\":\"https:\\\/\\\/gabitel.net\\\/de\\\/#\\\/schema\\\/logo\\\/image\\\/\"},\"sameAs\":[\"https:\\\/\\\/www.facebook.com\\\/gabitelingenieros\\\/\",\"https:\\\/\\\/es.linkedin.com\\\/company\\\/gabitel-ingenieros\"]},{\"@type\":\"Person\",\"@id\":\"https:\\\/\\\/gabitel.net\\\/de\\\/#\\\/schema\\\/person\\\/37ba53714c3fedb9c7d22f4bc781465c\",\"name\":\"user.autor\",\"url\":\"https:\\\/\\\/gabitel.net\\\/de\\\/author\\\/user-autor\\\/\"}]}<\/script>\n<!-- \/ Yoast SEO plugin. -->","yoast_head_json":{"title":"Gabitel, Premio Empresarial de la Asociaci\u00f3n de Antiguos Alumnos 3 de Marzo de la UHU - Gabitel","robots":{"index":"index","follow":"follow","max-snippet":"max-snippet:-1","max-image-preview":"max-image-preview:large","max-video-preview":"max-video-preview:-1"},"canonical":"https:\/\/gabitel.net\/de\/gabitel-premio-empresarial-de-la-asociacion-de-antiguos-alumnos-3-de-marzo-de-la-uhu\/","og_locale":"de_DE","og_type":"article","og_title":"Gabitel, Premio Empresarial de la Asociaci\u00f3n de Antiguos Alumnos 3 de Marzo de la UHU - Gabitel","og_description":"Nuestro director general, Juan Andr\u00e9s Reales, recogi\u00f3 el Premio Empresarial concedido a Gabitel en los Premios del D\u00eda del Antiguo Alumno de la Universidad de Huelva, cuyo objetivo es reconocer la trayectoria profesional, el esp\u00edritu emprendedor y el compromiso social de los antiguos alumnos de la UHU y de la sociedad en general.","og_url":"https:\/\/gabitel.net\/de\/gabitel-premio-empresarial-de-la-asociacion-de-antiguos-alumnos-3-de-marzo-de-la-uhu\/","og_site_name":"Gabitel","article_publisher":"https:\/\/www.facebook.com\/gabitelingenieros\/","article_published_time":"2025-03-04T09:45:38+00:00","article_modified_time":"2026-04-17T06:52:07+00:00","og_image":[{"width":1369,"height":916,"url":"https:\/\/gabitel.net\/wp-content\/uploads\/2025\/02\/482381481_18493709227020811_3494954896658976206_n.jpeg","type":"image\/jpeg"}],"author":"user.autor","twitter_card":"summary_large_image","twitter_misc":{"Verfasst von":"user.autor","Gesch\u00e4tzte Lesezeit":"2\u00a0Minuten"},"schema":{"@context":"https:\/\/schema.org","@graph":[{"@type":["Article","BlogPosting"],"@id":"https:\/\/gabitel.net\/de\/gabitel-premio-empresarial-de-la-asociacion-de-antiguos-alumnos-3-de-marzo-de-la-uhu\/#article","isPartOf":{"@id":"https:\/\/gabitel.net\/de\/gabitel-premio-empresarial-de-la-asociacion-de-antiguos-alumnos-3-de-marzo-de-la-uhu\/"},"author":{"name":"user.autor","@id":"https:\/\/gabitel.net\/de\/#\/schema\/person\/37ba53714c3fedb9c7d22f4bc781465c"},"headline":"Gabitel, Premio Empresarial de la Asociaci\u00f3n de Antiguos Alumnos 3 de Marzo de la UHU","datePublished":"2025-03-04T09:45:38+00:00","dateModified":"2026-04-17T06:52:07+00:00","mainEntityOfPage":{"@id":"https:\/\/gabitel.net\/de\/gabitel-premio-empresarial-de-la-asociacion-de-antiguos-alumnos-3-de-marzo-de-la-uhu\/"},"wordCount":265,"publisher":{"@id":"https:\/\/gabitel.net\/de\/#organization"},"image":{"@id":"https:\/\/gabitel.net\/de\/gabitel-premio-empresarial-de-la-asociacion-de-antiguos-alumnos-3-de-marzo-de-la-uhu\/#primaryimage"},"thumbnailUrl":"https:\/\/gabitel.net\/wp-content\/uploads\/2025\/02\/482381481_18493709227020811_3494954896658976206_n.jpeg","keywords":["Energie","Gabitel","Huelva","Industrie","Ingenieurwesen","Premio Empresarial","Premios","UHU","Universidad de Huelva","Unternehmen"],"articleSection":["Blog","News","Newsletter"],"inLanguage":"de"},{"@type":"WebPage","@id":"https:\/\/gabitel.net\/de\/gabitel-premio-empresarial-de-la-asociacion-de-antiguos-alumnos-3-de-marzo-de-la-uhu\/","url":"https:\/\/gabitel.net\/de\/gabitel-premio-empresarial-de-la-asociacion-de-antiguos-alumnos-3-de-marzo-de-la-uhu\/","name":"Gabitel, Premio Empresarial de la Asociaci\u00f3n de Antiguos Alumnos 3 de Marzo de la UHU - Gabitel","isPartOf":{"@id":"https:\/\/gabitel.net\/de\/#website"},"primaryImageOfPage":{"@id":"https:\/\/gabitel.net\/de\/gabitel-premio-empresarial-de-la-asociacion-de-antiguos-alumnos-3-de-marzo-de-la-uhu\/#primaryimage"},"image":{"@id":"https:\/\/gabitel.net\/de\/gabitel-premio-empresarial-de-la-asociacion-de-antiguos-alumnos-3-de-marzo-de-la-uhu\/#primaryimage"},"thumbnailUrl":"https:\/\/gabitel.net\/wp-content\/uploads\/2025\/02\/482381481_18493709227020811_3494954896658976206_n.jpeg","datePublished":"2025-03-04T09:45:38+00:00","dateModified":"2026-04-17T06:52:07+00:00","breadcrumb":{"@id":"https:\/\/gabitel.net\/de\/gabitel-premio-empresarial-de-la-asociacion-de-antiguos-alumnos-3-de-marzo-de-la-uhu\/#breadcrumb"},"inLanguage":"de","potentialAction":[{"@type":"ReadAction","target":["https:\/\/gabitel.net\/de\/gabitel-premio-empresarial-de-la-asociacion-de-antiguos-alumnos-3-de-marzo-de-la-uhu\/"]}]},{"@type":"ImageObject","inLanguage":"de","@id":"https:\/\/gabitel.net\/de\/gabitel-premio-empresarial-de-la-asociacion-de-antiguos-alumnos-3-de-marzo-de-la-uhu\/#primaryimage","url":"https:\/\/gabitel.net\/wp-content\/uploads\/2025\/02\/482381481_18493709227020811_3494954896658976206_n.jpeg","contentUrl":"https:\/\/gabitel.net\/wp-content\/uploads\/2025\/02\/482381481_18493709227020811_3494954896658976206_n.jpeg","width":1369,"height":916,"caption":"Gabitel, Premio Empresarial de la Asociaci\u00f3n de Antiguos Alumnos 3 de Marzo de la UHU"},{"@type":"BreadcrumbList","@id":"https:\/\/gabitel.net\/de\/gabitel-premio-empresarial-de-la-asociacion-de-antiguos-alumnos-3-de-marzo-de-la-uhu\/#breadcrumb","itemListElement":[{"@type":"ListItem","position":1,"name":"Portada","item":"https:\/\/gabitel.net\/de\/"},{"@type":"ListItem","position":2,"name":"Gabitel, Premio Empresarial de la Asociaci\u00f3n de Antiguos Alumnos 3 de Marzo de la UHU"}]},{"@type":"WebSite","@id":"https:\/\/gabitel.net\/de\/#website","url":"https:\/\/gabitel.net\/de\/","name":"Gabitel","description":"","publisher":{"@id":"https:\/\/gabitel.net\/de\/#organization"},"potentialAction":[{"@type":"SearchAction","target":{"@type":"EntryPoint","urlTemplate":"https:\/\/gabitel.net\/de\/?s={search_term_string}"},"query-input":{"@type":"PropertyValueSpecification","valueRequired":true,"valueName":"search_term_string"}}],"inLanguage":"de"},{"@type":"Organization","@id":"https:\/\/gabitel.net\/de\/#organization","name":"Gabitel","url":"https:\/\/gabitel.net\/de\/","logo":{"@type":"ImageObject","inLanguage":"de","@id":"https:\/\/gabitel.net\/de\/#\/schema\/logo\/image\/","url":"https:\/\/gabitel.net\/wp-content\/uploads\/2025\/05\/logo_gabitel.jpg","contentUrl":"https:\/\/gabitel.net\/wp-content\/uploads\/2025\/05\/logo_gabitel.jpg","width":2560,"height":1330,"caption":"Gabitel"},"image":{"@id":"https:\/\/gabitel.net\/de\/#\/schema\/logo\/image\/"},"sameAs":["https:\/\/www.facebook.com\/gabitelingenieros\/","https:\/\/es.linkedin.com\/company\/gabitel-ingenieros"]},{"@type":"Person","@id":"https:\/\/gabitel.net\/de\/#\/schema\/person\/37ba53714c3fedb9c7d22f4bc781465c","name":"user.autor","url":"https:\/\/gabitel.net\/de\/author\/user-autor\/"}]}},"_links":{"self":[{"href":"https:\/\/gabitel.net\/de\/wp-json\/wp\/v2\/posts\/32041","targetHints":{"allow":["GET"]}}],"collection":[{"href":"https:\/\/gabitel.net\/de\/wp-json\/wp\/v2\/posts"}],"about":[{"href":"https:\/\/gabitel.net\/de\/wp-json\/wp\/v2\/types\/post"}],"author":[{"embeddable":true,"href":"https:\/\/gabitel.net\/de\/wp-json\/wp\/v2\/users\/3"}],"replies":[{"embeddable":true,"href":"https:\/\/gabitel.net\/de\/wp-json\/wp\/v2\/comments?post=32041"}],"version-history":[{"count":4,"href":"https:\/\/gabitel.net\/de\/wp-json\/wp\/v2\/posts\/32041\/revisions"}],"predecessor-version":[{"id":37541,"href":"https:\/\/gabitel.net\/de\/wp-json\/wp\/v2\/posts\/32041\/revisions\/37541"}],"wp:featuredmedia":[{"embeddable":true,"href":"https:\/\/gabitel.net\/de\/wp-json\/wp\/v2\/media\/32042"}],"wp:attachment":[{"href":"https:\/\/gabitel.net\/de\/wp-json\/wp\/v2\/media?parent=32041"}],"wp:term":[{"taxonomy":"category","embeddable":true,"href":"https:\/\/gabitel.net\/de\/wp-json\/wp\/v2\/categories?post=32041"},{"taxonomy":"post_tag","embeddable":true,"href":"https:\/\/gabitel.net\/de\/wp-json\/wp\/v2\/tags?post=32041"}],"curies":[{"name":"wp","href":"https:\/\/api.w.org\/{rel}","templated":true}]}}