{"id":32043,"date":"2025-03-07T10:45:38","date_gmt":"2025-03-07T09:45:38","guid":{"rendered":"https:\/\/gabitel.net\/gabitel-participa-en-el-dia-de-la-facultad-de-empresariales-y-turismo-de-la-universidad-de-huelva\/"},"modified":"2026-04-17T08:52:07","modified_gmt":"2026-04-17T06:52:07","slug":"gabitel-participa-en-el-dia-de-la-facultad-de-empresariales-y-turismo-de-la-universidad-de-huelva","status":"publish","type":"post","link":"https:\/\/gabitel.net\/de\/gabitel-participa-en-el-dia-de-la-facultad-de-empresariales-y-turismo-de-la-universidad-de-huelva\/","title":{"rendered":"Gabitel participa en el D\u00eda de la Facultad de Empresariales y Turismo de la Universidad de Huelva"},"content":{"rendered":"<p><strong>GABITEL SOLUCIONES T\u00c9CNICAS<\/strong> tuvo el placer de asistir el pasado 6 de marzo a los actos conmemorativos del D\u00eda de la Facultad de Ciencias<strong>\u00a0Empresariales y Turismo\u00a0<\/strong>de la Universidad de Huelva, celebrado en su sede de La Merced.<\/p>\n<p><a href=\"https:\/\/gabitelingenieros.com\/wp-content\/uploads\/2025\/03\/1-.jpeg\"><img decoding=\"async\" src=\"https:\/\/gabitelingenieros.com\/wp-content\/uploads\/2025\/03\/1--1024x576.jpeg\" alt=\"Gabitel en evento de Gabitel | Gabitel Ingenieros\" \/><\/a><\/p>\n<p>La invitaci\u00f3n realizada por la Decana, Elena Garc\u00eda de Soto, tuvo un gran poder de convocatoria en la sociedad empresarial, institucional y educativa de Huelva, asistiendo un importante n\u00famero de representantes de los principales \u00f3rganos de administraci\u00f3n de la esfera industrial onubense, as\u00ed como una gran parte del alumnado de la Facultad y antiguos representantes estudiantiles.<\/p>\n<p><a href=\"https:\/\/gabitelingenieros.com\/wp-content\/uploads\/2025\/03\/4-1.jpeg\"><img decoding=\"async\" src=\"https:\/\/gabitelingenieros.com\/wp-content\/uploads\/2025\/03\/4-1-683x1024.jpeg\" alt=\"Gabitel en evento de Gabitel | Gabitel Ingenieros\" \/><\/a><\/p>\n<p>Ayuntamiento de Huelva, Federaci\u00f3n Onubense de Empresarios, C\u00e1mara de Comercio de Huelva y Asociaci\u00f3n de Antiguos Alumnos 3 de marzo de la UHU, que recientemente le otorg\u00f3 a <strong><em>GABITEL <\/em><\/strong>el premio empresarial 2025, fueron algunos de los invitados con los que compartimos una extraordinaria jornada en la que fueron premiados los alumnos con los mejores expedientes acad\u00e9micos del curso.<\/p>\n<p><a href=\"https:\/\/gabitelingenieros.com\/wp-content\/uploads\/2025\/03\/5-1.jpeg\"><img decoding=\"async\" src=\"https:\/\/gabitelingenieros.com\/wp-content\/uploads\/2025\/03\/5-1-1024x683.jpeg\" alt=\"Gabitel en evento de Gabitel | Gabitel Ingenieros\" \/><\/a><\/p>\n<p>Finaliz\u00f3 el acto con una mesa redonda sobre \u201c<em>Digitalizaci\u00f3n Empresarial<\/em>\u201d, en la que se extrajeron interesantes conclusiones acerca del impacto de la digitalizaci\u00f3n como herramienta empresarial para la dinamizaci\u00f3n de empleo y riqueza.<\/p>\n<p>Para <strong><em>GABITEL SOLUCIONES TECNICAS <\/em><\/strong>siempre resulta interesante el encuentro entre <strong><em>EMPRESA<\/em><\/strong><strong><em>\u2010<\/em><\/strong><strong><em>UNIVERSIDAD<\/em><\/strong>, donde la <em>Universidad <\/em>genera el conocimiento y la <em>Empresa <\/em>lo aplica en sus procesos creando una alianza de colaboraci\u00f3n p\u00fablico-privada estrat\u00e9gica para contribuir al desarrollo sociecon\u00f3mico de la provincia.<\/p>\n<p>Le damos la enhorabuena a los organizadores de este evento y estamos seguro de que habr\u00e1 nuevas y mejores ediciones durante los pr\u00f3ximos a\u00f1os acad\u00e9micos.<\/p>\n<p><strong>\u00a0<\/strong><\/p>\n<p><strong>\u00a0<\/strong><\/p>\n<p>&nbsp;<\/p>\n","protected":false},"excerpt":{"rendered":"<p>Gabitel particip\u00f3 el pasado 6 de marzo a los actos conmemorativos del D\u00eda de la Facultad de Ciencias\u00a0Empresariales y Turismo\u00a0de la Universidad de Huelva, celebrado en su sede de La Merced, que reuni\u00f3 a una amplia representaci\u00f3n de la sociedad empresarial, institucional y educativa de Huelva, as\u00ed como una gran parte del alumnado de la facultad y antiguos representantes estudiantiles.<\/p>\n","protected":false},"author":3,"featured_media":32044,"comment_status":"closed","ping_status":"closed","sticky":false,"template":"","format":"standard","meta":{"content-type":"","footnotes":""},"categories":[413,412,414],"tags":[415,440,416,422,419,417,437,438,441,431,439,421],"class_list":["post-32043","post","type-post","status-publish","format-standard","has-post-thumbnail","hentry","category-blog-de","category-news-de","category-newsletter-de","tag-energie","tag-facultad-empredariales-de","tag-gabitel-de","tag-huelva-de","tag-industrie","tag-ingenieurwesen","tag-premio-empresarial-de","tag-premios-de","tag-turismo-de","tag-uhu-de","tag-universidad-de-huelva-de","tag-unternehmen"],"yoast_head":"<!-- This site is optimized with the Yoast SEO plugin v27.5 - https:\/\/yoast.com\/product\/yoast-seo-wordpress\/ -->\n<title>Gabitel participa en el D\u00eda de la Facultad de Empresariales y Turismo de la Universidad de Huelva - Gabitel<\/title>\n<meta name=\"robots\" content=\"index, follow, max-snippet:-1, max-image-preview:large, max-video-preview:-1\" \/>\n<link rel=\"canonical\" href=\"https:\/\/gabitel.net\/de\/gabitel-participa-en-el-dia-de-la-facultad-de-empresariales-y-turismo-de-la-universidad-de-huelva\/\" \/>\n<meta property=\"og:locale\" content=\"de_DE\" \/>\n<meta property=\"og:type\" content=\"article\" \/>\n<meta property=\"og:title\" content=\"Gabitel participa en el D\u00eda de la Facultad de Empresariales y Turismo de la Universidad de Huelva - Gabitel\" \/>\n<meta property=\"og:description\" content=\"Gabitel particip\u00f3 el pasado 6 de marzo a los actos conmemorativos del D\u00eda de la Facultad de Ciencias\u00a0Empresariales y Turismo\u00a0de la Universidad de Huelva, celebrado en su sede de La Merced, que reuni\u00f3 a una amplia representaci\u00f3n de la sociedad empresarial, institucional y educativa de Huelva, as\u00ed como una gran parte del alumnado de la facultad y antiguos representantes estudiantiles.\" \/>\n<meta property=\"og:url\" content=\"https:\/\/gabitel.net\/de\/gabitel-participa-en-el-dia-de-la-facultad-de-empresariales-y-turismo-de-la-universidad-de-huelva\/\" \/>\n<meta property=\"og:site_name\" content=\"Gabitel\" \/>\n<meta property=\"article:publisher\" content=\"https:\/\/www.facebook.com\/gabitelingenieros\/\" \/>\n<meta property=\"article:published_time\" content=\"2025-03-07T09:45:38+00:00\" \/>\n<meta property=\"article:modified_time\" content=\"2026-04-17T06:52:07+00:00\" \/>\n<meta property=\"og:image\" content=\"https:\/\/gabitel.net\/wp-content\/uploads\/2025\/03\/1-2-1.jpeg\" \/>\n\t<meta property=\"og:image:width\" content=\"1080\" \/>\n\t<meta property=\"og:image:height\" content=\"720\" \/>\n\t<meta property=\"og:image:type\" content=\"image\/jpeg\" \/>\n<meta name=\"author\" content=\"user.autor\" \/>\n<meta name=\"twitter:card\" content=\"summary_large_image\" \/>\n<meta name=\"twitter:label1\" content=\"Verfasst von\" \/>\n\t<meta name=\"twitter:data1\" content=\"user.autor\" \/>\n\t<meta name=\"twitter:label2\" content=\"Gesch\u00e4tzte Lesezeit\" \/>\n\t<meta name=\"twitter:data2\" content=\"2\u00a0Minuten\" \/>\n<script type=\"application\/ld+json\" class=\"yoast-schema-graph\">{\"@context\":\"https:\\\/\\\/schema.org\",\"@graph\":[{\"@type\":[\"Article\",\"BlogPosting\"],\"@id\":\"https:\\\/\\\/gabitel.net\\\/de\\\/gabitel-participa-en-el-dia-de-la-facultad-de-empresariales-y-turismo-de-la-universidad-de-huelva\\\/#article\",\"isPartOf\":{\"@id\":\"https:\\\/\\\/gabitel.net\\\/de\\\/gabitel-participa-en-el-dia-de-la-facultad-de-empresariales-y-turismo-de-la-universidad-de-huelva\\\/\"},\"author\":{\"name\":\"user.autor\",\"@id\":\"https:\\\/\\\/gabitel.net\\\/de\\\/#\\\/schema\\\/person\\\/37ba53714c3fedb9c7d22f4bc781465c\"},\"headline\":\"Gabitel participa en el D\u00eda de la Facultad de Empresariales y Turismo de la Universidad de Huelva\",\"datePublished\":\"2025-03-07T09:45:38+00:00\",\"dateModified\":\"2026-04-17T06:52:07+00:00\",\"mainEntityOfPage\":{\"@id\":\"https:\\\/\\\/gabitel.net\\\/de\\\/gabitel-participa-en-el-dia-de-la-facultad-de-empresariales-y-turismo-de-la-universidad-de-huelva\\\/\"},\"wordCount\":289,\"publisher\":{\"@id\":\"https:\\\/\\\/gabitel.net\\\/de\\\/#organization\"},\"image\":{\"@id\":\"https:\\\/\\\/gabitel.net\\\/de\\\/gabitel-participa-en-el-dia-de-la-facultad-de-empresariales-y-turismo-de-la-universidad-de-huelva\\\/#primaryimage\"},\"thumbnailUrl\":\"https:\\\/\\\/gabitel.net\\\/wp-content\\\/uploads\\\/2025\\\/03\\\/1-2-1.jpeg\",\"keywords\":[\"Energie\",\"Facultad Empredariales\",\"Gabitel\",\"Huelva\",\"Industrie\",\"Ingenieurwesen\",\"Premio Empresarial\",\"Premios\",\"Turismo\",\"UHU\",\"Universidad de Huelva\",\"Unternehmen\"],\"articleSection\":[\"Blog\",\"News\",\"Newsletter\"],\"inLanguage\":\"de\"},{\"@type\":\"WebPage\",\"@id\":\"https:\\\/\\\/gabitel.net\\\/de\\\/gabitel-participa-en-el-dia-de-la-facultad-de-empresariales-y-turismo-de-la-universidad-de-huelva\\\/\",\"url\":\"https:\\\/\\\/gabitel.net\\\/de\\\/gabitel-participa-en-el-dia-de-la-facultad-de-empresariales-y-turismo-de-la-universidad-de-huelva\\\/\",\"name\":\"Gabitel participa en el D\u00eda de la Facultad de Empresariales y Turismo de la Universidad de Huelva - Gabitel\",\"isPartOf\":{\"@id\":\"https:\\\/\\\/gabitel.net\\\/de\\\/#website\"},\"primaryImageOfPage\":{\"@id\":\"https:\\\/\\\/gabitel.net\\\/de\\\/gabitel-participa-en-el-dia-de-la-facultad-de-empresariales-y-turismo-de-la-universidad-de-huelva\\\/#primaryimage\"},\"image\":{\"@id\":\"https:\\\/\\\/gabitel.net\\\/de\\\/gabitel-participa-en-el-dia-de-la-facultad-de-empresariales-y-turismo-de-la-universidad-de-huelva\\\/#primaryimage\"},\"thumbnailUrl\":\"https:\\\/\\\/gabitel.net\\\/wp-content\\\/uploads\\\/2025\\\/03\\\/1-2-1.jpeg\",\"datePublished\":\"2025-03-07T09:45:38+00:00\",\"dateModified\":\"2026-04-17T06:52:07+00:00\",\"breadcrumb\":{\"@id\":\"https:\\\/\\\/gabitel.net\\\/de\\\/gabitel-participa-en-el-dia-de-la-facultad-de-empresariales-y-turismo-de-la-universidad-de-huelva\\\/#breadcrumb\"},\"inLanguage\":\"de\",\"potentialAction\":[{\"@type\":\"ReadAction\",\"target\":[\"https:\\\/\\\/gabitel.net\\\/de\\\/gabitel-participa-en-el-dia-de-la-facultad-de-empresariales-y-turismo-de-la-universidad-de-huelva\\\/\"]}]},{\"@type\":\"ImageObject\",\"inLanguage\":\"de\",\"@id\":\"https:\\\/\\\/gabitel.net\\\/de\\\/gabitel-participa-en-el-dia-de-la-facultad-de-empresariales-y-turismo-de-la-universidad-de-huelva\\\/#primaryimage\",\"url\":\"https:\\\/\\\/gabitel.net\\\/wp-content\\\/uploads\\\/2025\\\/03\\\/1-2-1.jpeg\",\"contentUrl\":\"https:\\\/\\\/gabitel.net\\\/wp-content\\\/uploads\\\/2025\\\/03\\\/1-2-1.jpeg\",\"width\":1080,\"height\":720,\"caption\":\"Gabitel participa en el D\u00eda de la Facultad de Empresariales y Turismo de la Universidad de Huelva\"},{\"@type\":\"BreadcrumbList\",\"@id\":\"https:\\\/\\\/gabitel.net\\\/de\\\/gabitel-participa-en-el-dia-de-la-facultad-de-empresariales-y-turismo-de-la-universidad-de-huelva\\\/#breadcrumb\",\"itemListElement\":[{\"@type\":\"ListItem\",\"position\":1,\"name\":\"Portada\",\"item\":\"https:\\\/\\\/gabitel.net\\\/de\\\/\"},{\"@type\":\"ListItem\",\"position\":2,\"name\":\"Gabitel participa en el D\u00eda de la Facultad de Empresariales y Turismo de la Universidad de Huelva\"}]},{\"@type\":\"WebSite\",\"@id\":\"https:\\\/\\\/gabitel.net\\\/de\\\/#website\",\"url\":\"https:\\\/\\\/gabitel.net\\\/de\\\/\",\"name\":\"Gabitel\",\"description\":\"\",\"publisher\":{\"@id\":\"https:\\\/\\\/gabitel.net\\\/de\\\/#organization\"},\"potentialAction\":[{\"@type\":\"SearchAction\",\"target\":{\"@type\":\"EntryPoint\",\"urlTemplate\":\"https:\\\/\\\/gabitel.net\\\/de\\\/?s={search_term_string}\"},\"query-input\":{\"@type\":\"PropertyValueSpecification\",\"valueRequired\":true,\"valueName\":\"search_term_string\"}}],\"inLanguage\":\"de\"},{\"@type\":\"Organization\",\"@id\":\"https:\\\/\\\/gabitel.net\\\/de\\\/#organization\",\"name\":\"Gabitel\",\"url\":\"https:\\\/\\\/gabitel.net\\\/de\\\/\",\"logo\":{\"@type\":\"ImageObject\",\"inLanguage\":\"de\",\"@id\":\"https:\\\/\\\/gabitel.net\\\/de\\\/#\\\/schema\\\/logo\\\/image\\\/\",\"url\":\"https:\\\/\\\/gabitel.net\\\/wp-content\\\/uploads\\\/2025\\\/05\\\/logo_gabitel.jpg\",\"contentUrl\":\"https:\\\/\\\/gabitel.net\\\/wp-content\\\/uploads\\\/2025\\\/05\\\/logo_gabitel.jpg\",\"width\":2560,\"height\":1330,\"caption\":\"Gabitel\"},\"image\":{\"@id\":\"https:\\\/\\\/gabitel.net\\\/de\\\/#\\\/schema\\\/logo\\\/image\\\/\"},\"sameAs\":[\"https:\\\/\\\/www.facebook.com\\\/gabitelingenieros\\\/\",\"https:\\\/\\\/es.linkedin.com\\\/company\\\/gabitel-ingenieros\"]},{\"@type\":\"Person\",\"@id\":\"https:\\\/\\\/gabitel.net\\\/de\\\/#\\\/schema\\\/person\\\/37ba53714c3fedb9c7d22f4bc781465c\",\"name\":\"user.autor\",\"url\":\"https:\\\/\\\/gabitel.net\\\/de\\\/author\\\/user-autor\\\/\"}]}<\/script>\n<!-- \/ Yoast SEO plugin. -->","yoast_head_json":{"title":"Gabitel participa en el D\u00eda de la Facultad de Empresariales y Turismo de la Universidad de Huelva - Gabitel","robots":{"index":"index","follow":"follow","max-snippet":"max-snippet:-1","max-image-preview":"max-image-preview:large","max-video-preview":"max-video-preview:-1"},"canonical":"https:\/\/gabitel.net\/de\/gabitel-participa-en-el-dia-de-la-facultad-de-empresariales-y-turismo-de-la-universidad-de-huelva\/","og_locale":"de_DE","og_type":"article","og_title":"Gabitel participa en el D\u00eda de la Facultad de Empresariales y Turismo de la Universidad de Huelva - Gabitel","og_description":"Gabitel particip\u00f3 el pasado 6 de marzo a los actos conmemorativos del D\u00eda de la Facultad de Ciencias\u00a0Empresariales y Turismo\u00a0de la Universidad de Huelva, celebrado en su sede de La Merced, que reuni\u00f3 a una amplia representaci\u00f3n de la sociedad empresarial, institucional y educativa de Huelva, as\u00ed como una gran parte del alumnado de la facultad y antiguos representantes estudiantiles.","og_url":"https:\/\/gabitel.net\/de\/gabitel-participa-en-el-dia-de-la-facultad-de-empresariales-y-turismo-de-la-universidad-de-huelva\/","og_site_name":"Gabitel","article_publisher":"https:\/\/www.facebook.com\/gabitelingenieros\/","article_published_time":"2025-03-07T09:45:38+00:00","article_modified_time":"2026-04-17T06:52:07+00:00","og_image":[{"width":1080,"height":720,"url":"https:\/\/gabitel.net\/wp-content\/uploads\/2025\/03\/1-2-1.jpeg","type":"image\/jpeg"}],"author":"user.autor","twitter_card":"summary_large_image","twitter_misc":{"Verfasst von":"user.autor","Gesch\u00e4tzte Lesezeit":"2\u00a0Minuten"},"schema":{"@context":"https:\/\/schema.org","@graph":[{"@type":["Article","BlogPosting"],"@id":"https:\/\/gabitel.net\/de\/gabitel-participa-en-el-dia-de-la-facultad-de-empresariales-y-turismo-de-la-universidad-de-huelva\/#article","isPartOf":{"@id":"https:\/\/gabitel.net\/de\/gabitel-participa-en-el-dia-de-la-facultad-de-empresariales-y-turismo-de-la-universidad-de-huelva\/"},"author":{"name":"user.autor","@id":"https:\/\/gabitel.net\/de\/#\/schema\/person\/37ba53714c3fedb9c7d22f4bc781465c"},"headline":"Gabitel participa en el D\u00eda de la Facultad de Empresariales y Turismo de la Universidad de Huelva","datePublished":"2025-03-07T09:45:38+00:00","dateModified":"2026-04-17T06:52:07+00:00","mainEntityOfPage":{"@id":"https:\/\/gabitel.net\/de\/gabitel-participa-en-el-dia-de-la-facultad-de-empresariales-y-turismo-de-la-universidad-de-huelva\/"},"wordCount":289,"publisher":{"@id":"https:\/\/gabitel.net\/de\/#organization"},"image":{"@id":"https:\/\/gabitel.net\/de\/gabitel-participa-en-el-dia-de-la-facultad-de-empresariales-y-turismo-de-la-universidad-de-huelva\/#primaryimage"},"thumbnailUrl":"https:\/\/gabitel.net\/wp-content\/uploads\/2025\/03\/1-2-1.jpeg","keywords":["Energie","Facultad Empredariales","Gabitel","Huelva","Industrie","Ingenieurwesen","Premio Empresarial","Premios","Turismo","UHU","Universidad de Huelva","Unternehmen"],"articleSection":["Blog","News","Newsletter"],"inLanguage":"de"},{"@type":"WebPage","@id":"https:\/\/gabitel.net\/de\/gabitel-participa-en-el-dia-de-la-facultad-de-empresariales-y-turismo-de-la-universidad-de-huelva\/","url":"https:\/\/gabitel.net\/de\/gabitel-participa-en-el-dia-de-la-facultad-de-empresariales-y-turismo-de-la-universidad-de-huelva\/","name":"Gabitel participa en el D\u00eda de la Facultad de Empresariales y Turismo de la Universidad de Huelva - Gabitel","isPartOf":{"@id":"https:\/\/gabitel.net\/de\/#website"},"primaryImageOfPage":{"@id":"https:\/\/gabitel.net\/de\/gabitel-participa-en-el-dia-de-la-facultad-de-empresariales-y-turismo-de-la-universidad-de-huelva\/#primaryimage"},"image":{"@id":"https:\/\/gabitel.net\/de\/gabitel-participa-en-el-dia-de-la-facultad-de-empresariales-y-turismo-de-la-universidad-de-huelva\/#primaryimage"},"thumbnailUrl":"https:\/\/gabitel.net\/wp-content\/uploads\/2025\/03\/1-2-1.jpeg","datePublished":"2025-03-07T09:45:38+00:00","dateModified":"2026-04-17T06:52:07+00:00","breadcrumb":{"@id":"https:\/\/gabitel.net\/de\/gabitel-participa-en-el-dia-de-la-facultad-de-empresariales-y-turismo-de-la-universidad-de-huelva\/#breadcrumb"},"inLanguage":"de","potentialAction":[{"@type":"ReadAction","target":["https:\/\/gabitel.net\/de\/gabitel-participa-en-el-dia-de-la-facultad-de-empresariales-y-turismo-de-la-universidad-de-huelva\/"]}]},{"@type":"ImageObject","inLanguage":"de","@id":"https:\/\/gabitel.net\/de\/gabitel-participa-en-el-dia-de-la-facultad-de-empresariales-y-turismo-de-la-universidad-de-huelva\/#primaryimage","url":"https:\/\/gabitel.net\/wp-content\/uploads\/2025\/03\/1-2-1.jpeg","contentUrl":"https:\/\/gabitel.net\/wp-content\/uploads\/2025\/03\/1-2-1.jpeg","width":1080,"height":720,"caption":"Gabitel participa en el D\u00eda de la Facultad de Empresariales y Turismo de la Universidad de Huelva"},{"@type":"BreadcrumbList","@id":"https:\/\/gabitel.net\/de\/gabitel-participa-en-el-dia-de-la-facultad-de-empresariales-y-turismo-de-la-universidad-de-huelva\/#breadcrumb","itemListElement":[{"@type":"ListItem","position":1,"name":"Portada","item":"https:\/\/gabitel.net\/de\/"},{"@type":"ListItem","position":2,"name":"Gabitel participa en el D\u00eda de la Facultad de Empresariales y Turismo de la Universidad de Huelva"}]},{"@type":"WebSite","@id":"https:\/\/gabitel.net\/de\/#website","url":"https:\/\/gabitel.net\/de\/","name":"Gabitel","description":"","publisher":{"@id":"https:\/\/gabitel.net\/de\/#organization"},"potentialAction":[{"@type":"SearchAction","target":{"@type":"EntryPoint","urlTemplate":"https:\/\/gabitel.net\/de\/?s={search_term_string}"},"query-input":{"@type":"PropertyValueSpecification","valueRequired":true,"valueName":"search_term_string"}}],"inLanguage":"de"},{"@type":"Organization","@id":"https:\/\/gabitel.net\/de\/#organization","name":"Gabitel","url":"https:\/\/gabitel.net\/de\/","logo":{"@type":"ImageObject","inLanguage":"de","@id":"https:\/\/gabitel.net\/de\/#\/schema\/logo\/image\/","url":"https:\/\/gabitel.net\/wp-content\/uploads\/2025\/05\/logo_gabitel.jpg","contentUrl":"https:\/\/gabitel.net\/wp-content\/uploads\/2025\/05\/logo_gabitel.jpg","width":2560,"height":1330,"caption":"Gabitel"},"image":{"@id":"https:\/\/gabitel.net\/de\/#\/schema\/logo\/image\/"},"sameAs":["https:\/\/www.facebook.com\/gabitelingenieros\/","https:\/\/es.linkedin.com\/company\/gabitel-ingenieros"]},{"@type":"Person","@id":"https:\/\/gabitel.net\/de\/#\/schema\/person\/37ba53714c3fedb9c7d22f4bc781465c","name":"user.autor","url":"https:\/\/gabitel.net\/de\/author\/user-autor\/"}]}},"_links":{"self":[{"href":"https:\/\/gabitel.net\/de\/wp-json\/wp\/v2\/posts\/32043","targetHints":{"allow":["GET"]}}],"collection":[{"href":"https:\/\/gabitel.net\/de\/wp-json\/wp\/v2\/posts"}],"about":[{"href":"https:\/\/gabitel.net\/de\/wp-json\/wp\/v2\/types\/post"}],"author":[{"embeddable":true,"href":"https:\/\/gabitel.net\/de\/wp-json\/wp\/v2\/users\/3"}],"replies":[{"embeddable":true,"href":"https:\/\/gabitel.net\/de\/wp-json\/wp\/v2\/comments?post=32043"}],"version-history":[{"count":4,"href":"https:\/\/gabitel.net\/de\/wp-json\/wp\/v2\/posts\/32043\/revisions"}],"predecessor-version":[{"id":37539,"href":"https:\/\/gabitel.net\/de\/wp-json\/wp\/v2\/posts\/32043\/revisions\/37539"}],"wp:featuredmedia":[{"embeddable":true,"href":"https:\/\/gabitel.net\/de\/wp-json\/wp\/v2\/media\/32044"}],"wp:attachment":[{"href":"https:\/\/gabitel.net\/de\/wp-json\/wp\/v2\/media?parent=32043"}],"wp:term":[{"taxonomy":"category","embeddable":true,"href":"https:\/\/gabitel.net\/de\/wp-json\/wp\/v2\/categories?post=32043"},{"taxonomy":"post_tag","embeddable":true,"href":"https:\/\/gabitel.net\/de\/wp-json\/wp\/v2\/tags?post=32043"}],"curies":[{"name":"wp","href":"https:\/\/api.w.org\/{rel}","templated":true}]}}