{"id":32047,"date":"2025-03-23T10:45:38","date_gmt":"2025-03-23T09:45:38","guid":{"rendered":"https:\/\/gabitel.net\/la-catedra-gabitel-aborda-su-contribucion-a-la-innovacion-abierta-en-el-cafe-catedras-externas-de-la-uhu\/"},"modified":"2026-04-17T08:52:40","modified_gmt":"2026-04-17T06:52:40","slug":"la-catedra-gabitel-aborda-su-contribucion-a-la-innovacion-abierta-en-el-cafe-catedras-externas-de-la-uhu","status":"publish","type":"post","link":"https:\/\/gabitel.net\/de\/la-catedra-gabitel-aborda-su-contribucion-a-la-innovacion-abierta-en-el-cafe-catedras-externas-de-la-uhu\/","title":{"rendered":"La C\u00e1tedra Gabitel aborda su contribuci\u00f3n a la innovaci\u00f3n abierta en el C\u00e1fe C\u00e1tedras Externas de la UHU"},"content":{"rendered":"<p>La <strong>Escuela T\u00e9cnica Superior de Ingenier\u00eda (ETSI<\/strong>) <strong>de la Universidad de Huelva <\/strong>acogi\u00f3 el pasado jueves el evento <strong>\u2018Caf\u00e9 C\u00e1tedras Externas\u2019<\/strong>, un encuentro que reuni\u00f3 a representantes de las <strong>13 C\u00e1tedras Externas<\/strong> que actualmente integran la oferta de la UHU, entre ellas la <strong>C\u00e1tedra Gabitel sobre el Hidr\u00f3geno<\/strong>, as\u00ed como a empresas, expertos universitarios y miembros de la comunidad acad\u00e9mica con el objetivo de fomentar el modelo de innovaci\u00f3n abierta y promover sinergias entre las c\u00e1tedras.<\/p>\n<p><a href=\"https:\/\/gabitelingenieros.com\/wp-content\/uploads\/2025\/03\/1742813668403.jpg\"><img decoding=\"async\" src=\"https:\/\/gabitelingenieros.com\/wp-content\/uploads\/2025\/03\/1742813668403-1024x550.jpg\" alt=\"La en evento de Gabitel | Gabitel Ingenieros\" \/><\/a><\/p>\n<p>Organizado por el Vicerrectorado de Innovaci\u00f3n y Empleabilidad, dirigido por Isabel M\u00aa Rodr\u00edguez, y en colaboraci\u00f3n con el delegado del bloque de trabajo \u2018Co-creaci\u00f3n de ecosistemas urbanos\u2019 de la Alianza PIONEER, <strong>David Toscano,<\/strong> el encuentro abord\u00f3 la necesidad de promover la innovaci\u00f3n abierta, un concepto clave que ha ganado relevancia en los \u00faltimos a\u00f1os y que se asienta sobre la sociedad, las autoridades p\u00fablicas, la formaci\u00f3n acad\u00e9mica y la empresa, sectores que deben colaborar para crear soluciones y avanzar en el desarrollo econ\u00f3mico y social.<\/p>\n<p><a href=\"https:\/\/gabitelingenieros.com\/wp-content\/uploads\/2025\/03\/1742813668590-scaled.jpg\"><img decoding=\"async\" src=\"https:\/\/gabitelingenieros.com\/wp-content\/uploads\/2025\/03\/1742813668590-1024x769.jpg\" alt=\"La en evento de Gabitel | Gabitel Ingenieros\" \/><\/a><\/p>\n<p>La directora de la <strong>C\u00e1tedra Gabitel sobre el Hidr\u00f3geno<\/strong>, <strong>Paqui Segura Manzano<\/strong>, acompa\u00f1ada de nuestro director general, <strong>Juan Andr\u00e9s Reales,<\/strong> y de nuestro director de Desarrollo de Negocio y de Divisio\u0301n de Energi\u0301as Renovables, <strong>Jos\u00e9 Ra\u00fal Tejero<\/strong>, abord\u00f3 las claves y retos de la C\u00e1tedra, que, junto a la <strong>Universidad de Huelva (UHU),<\/strong> creamos en 2021 con el objetivo de centralizar y fortalecer los v\u00ednculos y proyectos de colaboraci\u00f3n entre ambas instituciones para alcanzar los <strong>Objetivos de Desarrollo Sostenible <\/strong>impulsando la creaci\u00f3n de un cl\u00faster cient\u00edfico-industrial para aumentar el uso del hidr\u00f3geno verde.<\/p>\n<p><a href=\"https:\/\/gabitelingenieros.com\/wp-content\/uploads\/2025\/03\/1742813668442.jpg\"><img decoding=\"async\" src=\"https:\/\/gabitelingenieros.com\/wp-content\/uploads\/2025\/03\/1742813668442-1024x532.jpg\" alt=\"La en evento de Gabitel | Gabitel Ingenieros\" \/><\/a><\/p>\n<p>Asimismo, todos y cada uno de los representantes de las restantes C\u00e1tedras Externas de la UHU tuvieron la oportunidad de exponer el impacto de las mismas en sus respectivos sectores, desgranando sus principales logros y retos en la tarea de crear un frente un com\u00fan de cooperaci\u00f3n entre la universidad, las administraciones, las empresas para desarrollar nuevas ideas, tecnolog\u00edas y productos aprovechando el conocimiento que promuevan la creatividad, la innovaci\u00f3n y mejoren la competitividad.<\/p>\n<p><a href=\"https:\/\/gabitelingenieros.com\/wp-content\/uploads\/2025\/03\/1742813668462.jpg\"><img decoding=\"async\" src=\"https:\/\/gabitelingenieros.com\/wp-content\/uploads\/2025\/03\/1742813668462-1024x568.jpg\" alt=\"La en evento de Gabitel | Gabitel Ingenieros\" \/><\/a><\/p>\n<p>El programa de C\u00e1tedras Externas de la Universidad de Huelva surgi\u00f3 para potenciar al m\u00e1ximo la relaci\u00f3n entre la comunidad universitaria y su entorno social, institucional y empresarial. Las empresas, las instituciones y otras entidades contribuyen, mediante la colaboraci\u00f3n para la creaci\u00f3n de C\u00e1tedras Externas, a la generaci\u00f3n y difusi\u00f3n de conocimiento y a la formaci\u00f3n de futuros profesionales en \u00e1reas de inter\u00e9s com\u00fan.<\/p>\n<p>&nbsp;<\/p>\n<p>&nbsp;<\/p>\n","protected":false},"excerpt":{"rendered":"<p>La Escuela T\u00e9cnica Superior de Ingenier\u00eda (ETSI) de la Universidad de Huelva acogi\u00f3 el pasado jueves el evento \u2018Caf\u00e9 C\u00e1tedras Externas\u2019, un encuentro que reuni\u00f3 a representantes de las 13 C\u00e1tedras Externas que actualmente integran la oferta de la UHU con el objetivo de fomentar el modelo de innovaci\u00f3n abierta y promover sinergias entre las c\u00e1tedras.<\/p>\n","protected":false},"author":3,"featured_media":32048,"comment_status":"closed","ping_status":"closed","sticky":false,"template":"","format":"standard","meta":{"content-type":"","footnotes":""},"categories":[413,681,427,412,414],"tags":[445,442,446,415,416,422,419,417,437,438,443,444,431,439,421],"class_list":["post-32047","post","type-post","status-publish","format-standard","has-post-thumbnail","hentry","category-blog-de","category-gabitel-lehrstuhl","category-hidrogeno-de","category-news-de","category-newsletter-de","tag-cafe-de","tag-catedra-gabitel-de","tag-catedras-externas-de","tag-energie","tag-gabitel-de","tag-huelva-de","tag-industrie","tag-ingenieurwesen","tag-premio-empresarial-de","tag-premios-de","tag-tfg-de","tag-tfm-de","tag-uhu-de","tag-universidad-de-huelva-de","tag-unternehmen"],"yoast_head":"<!-- This site is optimized with the Yoast SEO plugin v27.5 - https:\/\/yoast.com\/product\/yoast-seo-wordpress\/ -->\n<title>La C\u00e1tedra Gabitel aborda su contribuci\u00f3n a la innovaci\u00f3n abierta en el C\u00e1fe C\u00e1tedras Externas de la UHU - Gabitel<\/title>\n<meta name=\"robots\" content=\"index, follow, max-snippet:-1, max-image-preview:large, max-video-preview:-1\" \/>\n<link rel=\"canonical\" href=\"https:\/\/gabitel.net\/de\/la-catedra-gabitel-aborda-su-contribucion-a-la-innovacion-abierta-en-el-cafe-catedras-externas-de-la-uhu\/\" \/>\n<meta property=\"og:locale\" content=\"de_DE\" \/>\n<meta property=\"og:type\" content=\"article\" \/>\n<meta property=\"og:title\" content=\"La C\u00e1tedra Gabitel aborda su contribuci\u00f3n a la innovaci\u00f3n abierta en el C\u00e1fe C\u00e1tedras Externas de la UHU - Gabitel\" \/>\n<meta property=\"og:description\" content=\"La Escuela T\u00e9cnica Superior de Ingenier\u00eda (ETSI) de la Universidad de Huelva acogi\u00f3 el pasado jueves el evento \u2018Caf\u00e9 C\u00e1tedras Externas\u2019, un encuentro que reuni\u00f3 a representantes de las 13 C\u00e1tedras Externas que actualmente integran la oferta de la UHU con el objetivo de fomentar el modelo de innovaci\u00f3n abierta y promover sinergias entre las c\u00e1tedras.\" \/>\n<meta property=\"og:url\" content=\"https:\/\/gabitel.net\/de\/la-catedra-gabitel-aborda-su-contribucion-a-la-innovacion-abierta-en-el-cafe-catedras-externas-de-la-uhu\/\" \/>\n<meta property=\"og:site_name\" content=\"Gabitel\" \/>\n<meta property=\"article:publisher\" content=\"https:\/\/www.facebook.com\/gabitelingenieros\/\" \/>\n<meta property=\"article:published_time\" content=\"2025-03-23T09:45:38+00:00\" \/>\n<meta property=\"article:modified_time\" content=\"2026-04-17T06:52:40+00:00\" \/>\n<meta property=\"og:image\" content=\"https:\/\/gabitel.net\/wp-content\/uploads\/2025\/03\/1742813668491.jpg\" \/>\n\t<meta property=\"og:image:width\" content=\"1200\" \/>\n\t<meta property=\"og:image:height\" content=\"630\" \/>\n\t<meta property=\"og:image:type\" content=\"image\/jpeg\" \/>\n<meta name=\"author\" content=\"user.autor\" \/>\n<meta name=\"twitter:card\" content=\"summary_large_image\" \/>\n<meta name=\"twitter:label1\" content=\"Verfasst von\" \/>\n\t<meta name=\"twitter:data1\" content=\"user.autor\" \/>\n\t<meta name=\"twitter:label2\" content=\"Gesch\u00e4tzte Lesezeit\" \/>\n\t<meta name=\"twitter:data2\" content=\"3\u00a0Minuten\" \/>\n<script type=\"application\/ld+json\" class=\"yoast-schema-graph\">{\"@context\":\"https:\\\/\\\/schema.org\",\"@graph\":[{\"@type\":[\"Article\",\"BlogPosting\"],\"@id\":\"https:\\\/\\\/gabitel.net\\\/de\\\/la-catedra-gabitel-aborda-su-contribucion-a-la-innovacion-abierta-en-el-cafe-catedras-externas-de-la-uhu\\\/#article\",\"isPartOf\":{\"@id\":\"https:\\\/\\\/gabitel.net\\\/de\\\/la-catedra-gabitel-aborda-su-contribucion-a-la-innovacion-abierta-en-el-cafe-catedras-externas-de-la-uhu\\\/\"},\"author\":{\"name\":\"user.autor\",\"@id\":\"https:\\\/\\\/gabitel.net\\\/de\\\/#\\\/schema\\\/person\\\/37ba53714c3fedb9c7d22f4bc781465c\"},\"headline\":\"La C\u00e1tedra Gabitel aborda su contribuci\u00f3n a la innovaci\u00f3n abierta en el C\u00e1fe C\u00e1tedras Externas de la UHU\",\"datePublished\":\"2025-03-23T09:45:38+00:00\",\"dateModified\":\"2026-04-17T06:52:40+00:00\",\"mainEntityOfPage\":{\"@id\":\"https:\\\/\\\/gabitel.net\\\/de\\\/la-catedra-gabitel-aborda-su-contribucion-a-la-innovacion-abierta-en-el-cafe-catedras-externas-de-la-uhu\\\/\"},\"wordCount\":464,\"publisher\":{\"@id\":\"https:\\\/\\\/gabitel.net\\\/de\\\/#organization\"},\"image\":{\"@id\":\"https:\\\/\\\/gabitel.net\\\/de\\\/la-catedra-gabitel-aborda-su-contribucion-a-la-innovacion-abierta-en-el-cafe-catedras-externas-de-la-uhu\\\/#primaryimage\"},\"thumbnailUrl\":\"https:\\\/\\\/gabitel.net\\\/wp-content\\\/uploads\\\/2025\\\/03\\\/1742813668491.jpg\",\"keywords\":[\"Caf\u00e9\",\"C\u00e1tedra Gabitel\",\"C\u00e1tedras Externas\",\"Energie\",\"Gabitel\",\"Huelva\",\"Industrie\",\"Ingenieurwesen\",\"Premio Empresarial\",\"Premios\",\"TFG\",\"TFM\",\"UHU\",\"Universidad de Huelva\",\"Unternehmen\"],\"articleSection\":[\"Blog\",\"Gabitel-Lehrstuhl\",\"Hidrogeno\",\"News\",\"Newsletter\"],\"inLanguage\":\"de\"},{\"@type\":\"WebPage\",\"@id\":\"https:\\\/\\\/gabitel.net\\\/de\\\/la-catedra-gabitel-aborda-su-contribucion-a-la-innovacion-abierta-en-el-cafe-catedras-externas-de-la-uhu\\\/\",\"url\":\"https:\\\/\\\/gabitel.net\\\/de\\\/la-catedra-gabitel-aborda-su-contribucion-a-la-innovacion-abierta-en-el-cafe-catedras-externas-de-la-uhu\\\/\",\"name\":\"La C\u00e1tedra Gabitel aborda su contribuci\u00f3n a la innovaci\u00f3n abierta en el C\u00e1fe C\u00e1tedras Externas de la UHU - Gabitel\",\"isPartOf\":{\"@id\":\"https:\\\/\\\/gabitel.net\\\/de\\\/#website\"},\"primaryImageOfPage\":{\"@id\":\"https:\\\/\\\/gabitel.net\\\/de\\\/la-catedra-gabitel-aborda-su-contribucion-a-la-innovacion-abierta-en-el-cafe-catedras-externas-de-la-uhu\\\/#primaryimage\"},\"image\":{\"@id\":\"https:\\\/\\\/gabitel.net\\\/de\\\/la-catedra-gabitel-aborda-su-contribucion-a-la-innovacion-abierta-en-el-cafe-catedras-externas-de-la-uhu\\\/#primaryimage\"},\"thumbnailUrl\":\"https:\\\/\\\/gabitel.net\\\/wp-content\\\/uploads\\\/2025\\\/03\\\/1742813668491.jpg\",\"datePublished\":\"2025-03-23T09:45:38+00:00\",\"dateModified\":\"2026-04-17T06:52:40+00:00\",\"breadcrumb\":{\"@id\":\"https:\\\/\\\/gabitel.net\\\/de\\\/la-catedra-gabitel-aborda-su-contribucion-a-la-innovacion-abierta-en-el-cafe-catedras-externas-de-la-uhu\\\/#breadcrumb\"},\"inLanguage\":\"de\",\"potentialAction\":[{\"@type\":\"ReadAction\",\"target\":[\"https:\\\/\\\/gabitel.net\\\/de\\\/la-catedra-gabitel-aborda-su-contribucion-a-la-innovacion-abierta-en-el-cafe-catedras-externas-de-la-uhu\\\/\"]}]},{\"@type\":\"ImageObject\",\"inLanguage\":\"de\",\"@id\":\"https:\\\/\\\/gabitel.net\\\/de\\\/la-catedra-gabitel-aborda-su-contribucion-a-la-innovacion-abierta-en-el-cafe-catedras-externas-de-la-uhu\\\/#primaryimage\",\"url\":\"https:\\\/\\\/gabitel.net\\\/wp-content\\\/uploads\\\/2025\\\/03\\\/1742813668491.jpg\",\"contentUrl\":\"https:\\\/\\\/gabitel.net\\\/wp-content\\\/uploads\\\/2025\\\/03\\\/1742813668491.jpg\",\"width\":1200,\"height\":630,\"caption\":\"La C\u00e1tedra Gabitel aborda su contribuci\u00f3n a la innovaci\u00f3n abierta en el C\u00e1fe C\u00e1tedras Externas de la UHU\"},{\"@type\":\"BreadcrumbList\",\"@id\":\"https:\\\/\\\/gabitel.net\\\/de\\\/la-catedra-gabitel-aborda-su-contribucion-a-la-innovacion-abierta-en-el-cafe-catedras-externas-de-la-uhu\\\/#breadcrumb\",\"itemListElement\":[{\"@type\":\"ListItem\",\"position\":1,\"name\":\"Portada\",\"item\":\"https:\\\/\\\/gabitel.net\\\/de\\\/\"},{\"@type\":\"ListItem\",\"position\":2,\"name\":\"La C\u00e1tedra Gabitel aborda su contribuci\u00f3n a la innovaci\u00f3n abierta en el C\u00e1fe C\u00e1tedras Externas de la UHU\"}]},{\"@type\":\"WebSite\",\"@id\":\"https:\\\/\\\/gabitel.net\\\/de\\\/#website\",\"url\":\"https:\\\/\\\/gabitel.net\\\/de\\\/\",\"name\":\"Gabitel\",\"description\":\"\",\"publisher\":{\"@id\":\"https:\\\/\\\/gabitel.net\\\/de\\\/#organization\"},\"potentialAction\":[{\"@type\":\"SearchAction\",\"target\":{\"@type\":\"EntryPoint\",\"urlTemplate\":\"https:\\\/\\\/gabitel.net\\\/de\\\/?s={search_term_string}\"},\"query-input\":{\"@type\":\"PropertyValueSpecification\",\"valueRequired\":true,\"valueName\":\"search_term_string\"}}],\"inLanguage\":\"de\"},{\"@type\":\"Organization\",\"@id\":\"https:\\\/\\\/gabitel.net\\\/de\\\/#organization\",\"name\":\"Gabitel\",\"url\":\"https:\\\/\\\/gabitel.net\\\/de\\\/\",\"logo\":{\"@type\":\"ImageObject\",\"inLanguage\":\"de\",\"@id\":\"https:\\\/\\\/gabitel.net\\\/de\\\/#\\\/schema\\\/logo\\\/image\\\/\",\"url\":\"https:\\\/\\\/gabitel.net\\\/wp-content\\\/uploads\\\/2025\\\/05\\\/logo_gabitel.jpg\",\"contentUrl\":\"https:\\\/\\\/gabitel.net\\\/wp-content\\\/uploads\\\/2025\\\/05\\\/logo_gabitel.jpg\",\"width\":2560,\"height\":1330,\"caption\":\"Gabitel\"},\"image\":{\"@id\":\"https:\\\/\\\/gabitel.net\\\/de\\\/#\\\/schema\\\/logo\\\/image\\\/\"},\"sameAs\":[\"https:\\\/\\\/www.facebook.com\\\/gabitelingenieros\\\/\",\"https:\\\/\\\/es.linkedin.com\\\/company\\\/gabitel-ingenieros\"]},{\"@type\":\"Person\",\"@id\":\"https:\\\/\\\/gabitel.net\\\/de\\\/#\\\/schema\\\/person\\\/37ba53714c3fedb9c7d22f4bc781465c\",\"name\":\"user.autor\",\"url\":\"https:\\\/\\\/gabitel.net\\\/de\\\/author\\\/user-autor\\\/\"}]}<\/script>\n<!-- \/ Yoast SEO plugin. -->","yoast_head_json":{"title":"La C\u00e1tedra Gabitel aborda su contribuci\u00f3n a la innovaci\u00f3n abierta en el C\u00e1fe C\u00e1tedras Externas de la UHU - Gabitel","robots":{"index":"index","follow":"follow","max-snippet":"max-snippet:-1","max-image-preview":"max-image-preview:large","max-video-preview":"max-video-preview:-1"},"canonical":"https:\/\/gabitel.net\/de\/la-catedra-gabitel-aborda-su-contribucion-a-la-innovacion-abierta-en-el-cafe-catedras-externas-de-la-uhu\/","og_locale":"de_DE","og_type":"article","og_title":"La C\u00e1tedra Gabitel aborda su contribuci\u00f3n a la innovaci\u00f3n abierta en el C\u00e1fe C\u00e1tedras Externas de la UHU - Gabitel","og_description":"La Escuela T\u00e9cnica Superior de Ingenier\u00eda (ETSI) de la Universidad de Huelva acogi\u00f3 el pasado jueves el evento \u2018Caf\u00e9 C\u00e1tedras Externas\u2019, un encuentro que reuni\u00f3 a representantes de las 13 C\u00e1tedras Externas que actualmente integran la oferta de la UHU con el objetivo de fomentar el modelo de innovaci\u00f3n abierta y promover sinergias entre las c\u00e1tedras.","og_url":"https:\/\/gabitel.net\/de\/la-catedra-gabitel-aborda-su-contribucion-a-la-innovacion-abierta-en-el-cafe-catedras-externas-de-la-uhu\/","og_site_name":"Gabitel","article_publisher":"https:\/\/www.facebook.com\/gabitelingenieros\/","article_published_time":"2025-03-23T09:45:38+00:00","article_modified_time":"2026-04-17T06:52:40+00:00","og_image":[{"width":1200,"height":630,"url":"https:\/\/gabitel.net\/wp-content\/uploads\/2025\/03\/1742813668491.jpg","type":"image\/jpeg"}],"author":"user.autor","twitter_card":"summary_large_image","twitter_misc":{"Verfasst von":"user.autor","Gesch\u00e4tzte Lesezeit":"3\u00a0Minuten"},"schema":{"@context":"https:\/\/schema.org","@graph":[{"@type":["Article","BlogPosting"],"@id":"https:\/\/gabitel.net\/de\/la-catedra-gabitel-aborda-su-contribucion-a-la-innovacion-abierta-en-el-cafe-catedras-externas-de-la-uhu\/#article","isPartOf":{"@id":"https:\/\/gabitel.net\/de\/la-catedra-gabitel-aborda-su-contribucion-a-la-innovacion-abierta-en-el-cafe-catedras-externas-de-la-uhu\/"},"author":{"name":"user.autor","@id":"https:\/\/gabitel.net\/de\/#\/schema\/person\/37ba53714c3fedb9c7d22f4bc781465c"},"headline":"La C\u00e1tedra Gabitel aborda su contribuci\u00f3n a la innovaci\u00f3n abierta en el C\u00e1fe C\u00e1tedras Externas de la UHU","datePublished":"2025-03-23T09:45:38+00:00","dateModified":"2026-04-17T06:52:40+00:00","mainEntityOfPage":{"@id":"https:\/\/gabitel.net\/de\/la-catedra-gabitel-aborda-su-contribucion-a-la-innovacion-abierta-en-el-cafe-catedras-externas-de-la-uhu\/"},"wordCount":464,"publisher":{"@id":"https:\/\/gabitel.net\/de\/#organization"},"image":{"@id":"https:\/\/gabitel.net\/de\/la-catedra-gabitel-aborda-su-contribucion-a-la-innovacion-abierta-en-el-cafe-catedras-externas-de-la-uhu\/#primaryimage"},"thumbnailUrl":"https:\/\/gabitel.net\/wp-content\/uploads\/2025\/03\/1742813668491.jpg","keywords":["Caf\u00e9","C\u00e1tedra Gabitel","C\u00e1tedras Externas","Energie","Gabitel","Huelva","Industrie","Ingenieurwesen","Premio Empresarial","Premios","TFG","TFM","UHU","Universidad de Huelva","Unternehmen"],"articleSection":["Blog","Gabitel-Lehrstuhl","Hidrogeno","News","Newsletter"],"inLanguage":"de"},{"@type":"WebPage","@id":"https:\/\/gabitel.net\/de\/la-catedra-gabitel-aborda-su-contribucion-a-la-innovacion-abierta-en-el-cafe-catedras-externas-de-la-uhu\/","url":"https:\/\/gabitel.net\/de\/la-catedra-gabitel-aborda-su-contribucion-a-la-innovacion-abierta-en-el-cafe-catedras-externas-de-la-uhu\/","name":"La C\u00e1tedra Gabitel aborda su contribuci\u00f3n a la innovaci\u00f3n abierta en el C\u00e1fe C\u00e1tedras Externas de la UHU - Gabitel","isPartOf":{"@id":"https:\/\/gabitel.net\/de\/#website"},"primaryImageOfPage":{"@id":"https:\/\/gabitel.net\/de\/la-catedra-gabitel-aborda-su-contribucion-a-la-innovacion-abierta-en-el-cafe-catedras-externas-de-la-uhu\/#primaryimage"},"image":{"@id":"https:\/\/gabitel.net\/de\/la-catedra-gabitel-aborda-su-contribucion-a-la-innovacion-abierta-en-el-cafe-catedras-externas-de-la-uhu\/#primaryimage"},"thumbnailUrl":"https:\/\/gabitel.net\/wp-content\/uploads\/2025\/03\/1742813668491.jpg","datePublished":"2025-03-23T09:45:38+00:00","dateModified":"2026-04-17T06:52:40+00:00","breadcrumb":{"@id":"https:\/\/gabitel.net\/de\/la-catedra-gabitel-aborda-su-contribucion-a-la-innovacion-abierta-en-el-cafe-catedras-externas-de-la-uhu\/#breadcrumb"},"inLanguage":"de","potentialAction":[{"@type":"ReadAction","target":["https:\/\/gabitel.net\/de\/la-catedra-gabitel-aborda-su-contribucion-a-la-innovacion-abierta-en-el-cafe-catedras-externas-de-la-uhu\/"]}]},{"@type":"ImageObject","inLanguage":"de","@id":"https:\/\/gabitel.net\/de\/la-catedra-gabitel-aborda-su-contribucion-a-la-innovacion-abierta-en-el-cafe-catedras-externas-de-la-uhu\/#primaryimage","url":"https:\/\/gabitel.net\/wp-content\/uploads\/2025\/03\/1742813668491.jpg","contentUrl":"https:\/\/gabitel.net\/wp-content\/uploads\/2025\/03\/1742813668491.jpg","width":1200,"height":630,"caption":"La C\u00e1tedra Gabitel aborda su contribuci\u00f3n a la innovaci\u00f3n abierta en el C\u00e1fe C\u00e1tedras Externas de la UHU"},{"@type":"BreadcrumbList","@id":"https:\/\/gabitel.net\/de\/la-catedra-gabitel-aborda-su-contribucion-a-la-innovacion-abierta-en-el-cafe-catedras-externas-de-la-uhu\/#breadcrumb","itemListElement":[{"@type":"ListItem","position":1,"name":"Portada","item":"https:\/\/gabitel.net\/de\/"},{"@type":"ListItem","position":2,"name":"La C\u00e1tedra Gabitel aborda su contribuci\u00f3n a la innovaci\u00f3n abierta en el C\u00e1fe C\u00e1tedras Externas de la UHU"}]},{"@type":"WebSite","@id":"https:\/\/gabitel.net\/de\/#website","url":"https:\/\/gabitel.net\/de\/","name":"Gabitel","description":"","publisher":{"@id":"https:\/\/gabitel.net\/de\/#organization"},"potentialAction":[{"@type":"SearchAction","target":{"@type":"EntryPoint","urlTemplate":"https:\/\/gabitel.net\/de\/?s={search_term_string}"},"query-input":{"@type":"PropertyValueSpecification","valueRequired":true,"valueName":"search_term_string"}}],"inLanguage":"de"},{"@type":"Organization","@id":"https:\/\/gabitel.net\/de\/#organization","name":"Gabitel","url":"https:\/\/gabitel.net\/de\/","logo":{"@type":"ImageObject","inLanguage":"de","@id":"https:\/\/gabitel.net\/de\/#\/schema\/logo\/image\/","url":"https:\/\/gabitel.net\/wp-content\/uploads\/2025\/05\/logo_gabitel.jpg","contentUrl":"https:\/\/gabitel.net\/wp-content\/uploads\/2025\/05\/logo_gabitel.jpg","width":2560,"height":1330,"caption":"Gabitel"},"image":{"@id":"https:\/\/gabitel.net\/de\/#\/schema\/logo\/image\/"},"sameAs":["https:\/\/www.facebook.com\/gabitelingenieros\/","https:\/\/es.linkedin.com\/company\/gabitel-ingenieros"]},{"@type":"Person","@id":"https:\/\/gabitel.net\/de\/#\/schema\/person\/37ba53714c3fedb9c7d22f4bc781465c","name":"user.autor","url":"https:\/\/gabitel.net\/de\/author\/user-autor\/"}]}},"_links":{"self":[{"href":"https:\/\/gabitel.net\/de\/wp-json\/wp\/v2\/posts\/32047","targetHints":{"allow":["GET"]}}],"collection":[{"href":"https:\/\/gabitel.net\/de\/wp-json\/wp\/v2\/posts"}],"about":[{"href":"https:\/\/gabitel.net\/de\/wp-json\/wp\/v2\/types\/post"}],"author":[{"embeddable":true,"href":"https:\/\/gabitel.net\/de\/wp-json\/wp\/v2\/users\/3"}],"replies":[{"embeddable":true,"href":"https:\/\/gabitel.net\/de\/wp-json\/wp\/v2\/comments?post=32047"}],"version-history":[{"count":5,"href":"https:\/\/gabitel.net\/de\/wp-json\/wp\/v2\/posts\/32047\/revisions"}],"predecessor-version":[{"id":37570,"href":"https:\/\/gabitel.net\/de\/wp-json\/wp\/v2\/posts\/32047\/revisions\/37570"}],"wp:featuredmedia":[{"embeddable":true,"href":"https:\/\/gabitel.net\/de\/wp-json\/wp\/v2\/media\/32048"}],"wp:attachment":[{"href":"https:\/\/gabitel.net\/de\/wp-json\/wp\/v2\/media?parent=32047"}],"wp:term":[{"taxonomy":"category","embeddable":true,"href":"https:\/\/gabitel.net\/de\/wp-json\/wp\/v2\/categories?post=32047"},{"taxonomy":"post_tag","embeddable":true,"href":"https:\/\/gabitel.net\/de\/wp-json\/wp\/v2\/tags?post=32047"}],"curies":[{"name":"wp","href":"https:\/\/api.w.org\/{rel}","templated":true}]}}