{"id":32049,"date":"2025-04-04T11:55:43","date_gmt":"2025-04-04T09:55:43","guid":{"rendered":"https:\/\/gabitel.net\/feria-fiberdays-frankfurt\/"},"modified":"2026-04-17T08:52:39","modified_gmt":"2026-04-17T06:52:39","slug":"feria-fiberdays-frankfurt","status":"publish","type":"post","link":"https:\/\/gabitel.net\/de\/feria-fiberdays-frankfurt\/","title":{"rendered":"Gabitel conoce las \u00faltimas tendencias de la industria de la fibra \u00f3ptica en la feria Fiberdays"},"content":{"rendered":"<p style=\"text-align: justify;\">La feria Fiberdays, celebrada los d\u00edas 2 y 3 de abril en Frankfurt (Alemania), se ha erigido en epicentro mundial en el an\u00e1lisis de la digitalizaci\u00f3n, despliegue de infraestructura y expansi\u00f3n de la fibra \u00f3ptica, donde nuestro compa\u00f1ero <strong>Riccardo Weber<\/strong> ha podido conocer las \u00faltimas tendencias y nuevas soluciones tecnol\u00f3gicas del sector.<\/p>\n<p style=\"text-align: justify;\"><span style=\"font-size: 18px;\">Durante la feria, que ha reunido a expertos, responsables de la toma de decisiones y empresas del sector de las telecomunicaciones y la digitalizaci\u00f3n para presentar innovaciones, estrategias y tecnolog\u00edas destinadas a un desarrollo sostenible de la banda ancha, se han analizado diferentes temas de inter\u00e9s, entre ellos el acceso abierto y los modelos de cooperaci\u00f3n, la sostenibilidad, el desarrollo de infraestructuras en zonas rurales o el impacto de la aplicaci\u00f3n de la Inteligencia Artificial.<\/span><\/p>\n<p style=\"text-align: justify;\"><span style=\"font-size: 18px;\">Asimismo, el programa de conferencias abord\u00f3 debates con responsables pol\u00edticos y de la industria de la fibra \u00f3ptica como la expansi\u00f3n, perspectivas del sector\u00a0 sobre ciudades y regiones inteligentes, centros de datos, ingenier\u00eda civil, redes 5G y colaboraciones con innovadoras startups.<\/span><\/p>\n<p style=\"text-align: justify;\">La feria ha contado con una zona expositiva de m\u00e1s de 16.000 metros cuadrados y 200 expositores internacionales, un espacio para encuentros de networking, y la zona de medios ha estado dedicada a empresas del sector televisivo y del streaming, mientras que el Gigabit Campus ha sido un punto de referencia para representantes del sector p\u00fablico interesados en conocer los \u00faltimos avances en infraestructuras de banda ancha y redes m\u00f3viles.<\/p>\n<p style=\"text-align: justify;\">Gabitel se ha especializado en los \u00faltimos a\u00f1os en el despliegue de redes FTTH gracias a un equipo de 150 cualificados t\u00e9cnicos que ha dise\u00f1ado m\u00e1s de 10.5 millones de hogares tanto en Europa (Reino Unido, Alemania, Pa\u00edses Bajos, Francia, Italia, Polonia, Espa\u00f1a&#8230;) como en Am\u00e9rica (Argentina).<\/p>\n","protected":false},"excerpt":{"rendered":"<p>La feria Fiberdays, celebrada los d\u00edas 2 y 3 de abril en Frankfurt (Alemania), se ha erigido en epicentro mundial en el an\u00e1lisis de la digitalizaci\u00f3n, despliegue de infraestructura y expansi\u00f3n de la fibra \u00f3ptica, donde nuestro compa\u00f1ero Riccardo Weber ha podido conocer las \u00faltimas tendencias y nuevas soluciones tecnol\u00f3gicas del sector. Durante la feria, [&hellip;]<\/p>\n","protected":false},"author":3,"featured_media":32050,"comment_status":"closed","ping_status":"closed","sticky":false,"template":"","format":"standard","meta":{"content-type":"","footnotes":""},"categories":[413,412,414],"tags":[447,415,448,449,450,451,416,417,452],"class_list":["post-32049","post","type-post","status-publish","format-standard","has-post-thumbnail","hentry","category-blog-de","category-news-de","category-newsletter-de","tag-banda-ancha-de","tag-energie","tag-fiber-de","tag-fiberdays-de","tag-fibra-optica-de","tag-ftth-de","tag-gabitel-de","tag-ingenieurwesen","tag-telecomunicaciones-de"],"yoast_head":"<!-- This site is optimized with the Yoast SEO plugin v27.4 - https:\/\/yoast.com\/product\/yoast-seo-wordpress\/ -->\n<title>Feria Fiberdays Frankfurt: innovaci\u00f3n en fibra \u00f3ptica y digitalizaci\u00f3n<\/title>\n<meta name=\"description\" content=\"Gabitel particip\u00f3 en la feria Fiberdays Frankfurt, donde se debatieron innovaci\u00f3n en fibra \u00f3ptica, IA, sostenibilidad y redes inteligentes.\" \/>\n<meta name=\"robots\" content=\"index, follow, max-snippet:-1, max-image-preview:large, max-video-preview:-1\" \/>\n<link rel=\"canonical\" href=\"https:\/\/gabitel.net\/de\/feria-fiberdays-frankfurt\/\" \/>\n<meta property=\"og:locale\" content=\"de_DE\" \/>\n<meta property=\"og:type\" content=\"article\" \/>\n<meta property=\"og:title\" content=\"Feria Fiberdays Frankfurt: innovaci\u00f3n en fibra \u00f3ptica y digitalizaci\u00f3n\" \/>\n<meta property=\"og:description\" content=\"Gabitel particip\u00f3 en la feria Fiberdays Frankfurt, donde se debatieron innovaci\u00f3n en fibra \u00f3ptica, IA, sostenibilidad y redes inteligentes.\" \/>\n<meta property=\"og:url\" content=\"https:\/\/gabitel.net\/de\/feria-fiberdays-frankfurt\/\" \/>\n<meta property=\"og:site_name\" content=\"Gabitel\" \/>\n<meta property=\"article:publisher\" content=\"https:\/\/www.facebook.com\/gabitelingenieros\/\" \/>\n<meta property=\"article:published_time\" content=\"2025-04-04T09:55:43+00:00\" \/>\n<meta property=\"article:modified_time\" content=\"2026-04-17T06:52:39+00:00\" \/>\n<meta property=\"og:image\" content=\"https:\/\/gabitel.net\/wp-content\/uploads\/2025\/04\/1743755522305-copia.jpg\" \/>\n\t<meta property=\"og:image:width\" content=\"1200\" \/>\n\t<meta property=\"og:image:height\" content=\"1050\" \/>\n\t<meta property=\"og:image:type\" content=\"image\/jpeg\" \/>\n<meta name=\"author\" content=\"user.autor\" \/>\n<meta name=\"twitter:card\" content=\"summary_large_image\" \/>\n<meta name=\"twitter:label1\" content=\"Verfasst von\" \/>\n\t<meta name=\"twitter:data1\" content=\"user.autor\" \/>\n\t<meta name=\"twitter:label2\" content=\"Gesch\u00e4tzte Lesezeit\" \/>\n\t<meta name=\"twitter:data2\" content=\"2\u00a0Minuten\" \/>\n<script type=\"application\/ld+json\" class=\"yoast-schema-graph\">{\"@context\":\"https:\\\/\\\/schema.org\",\"@graph\":[{\"@type\":[\"Article\",\"BlogPosting\"],\"@id\":\"https:\\\/\\\/gabitel.net\\\/de\\\/feria-fiberdays-frankfurt\\\/#article\",\"isPartOf\":{\"@id\":\"https:\\\/\\\/gabitel.net\\\/de\\\/feria-fiberdays-frankfurt\\\/\"},\"author\":{\"name\":\"user.autor\",\"@id\":\"https:\\\/\\\/gabitel.net\\\/de\\\/#\\\/schema\\\/person\\\/37ba53714c3fedb9c7d22f4bc781465c\"},\"headline\":\"Gabitel conoce las \u00faltimas tendencias de la industria de la fibra \u00f3ptica en la feria Fiberdays\",\"datePublished\":\"2025-04-04T09:55:43+00:00\",\"dateModified\":\"2026-04-17T06:52:39+00:00\",\"mainEntityOfPage\":{\"@id\":\"https:\\\/\\\/gabitel.net\\\/de\\\/feria-fiberdays-frankfurt\\\/\"},\"wordCount\":319,\"publisher\":{\"@id\":\"https:\\\/\\\/gabitel.net\\\/de\\\/#organization\"},\"image\":{\"@id\":\"https:\\\/\\\/gabitel.net\\\/de\\\/feria-fiberdays-frankfurt\\\/#primaryimage\"},\"thumbnailUrl\":\"https:\\\/\\\/gabitel.net\\\/wp-content\\\/uploads\\\/2025\\\/04\\\/1743755522305-copia.jpg\",\"keywords\":[\"banda ancha\",\"Energie\",\"fiber\",\"Fiberdays\",\"fibra \u00f3ptica\",\"ftth\",\"Gabitel\",\"Ingenieurwesen\",\"Telecomunicaciones\"],\"articleSection\":[\"Blog\",\"News\",\"Newsletter\"],\"inLanguage\":\"de\"},{\"@type\":\"WebPage\",\"@id\":\"https:\\\/\\\/gabitel.net\\\/de\\\/feria-fiberdays-frankfurt\\\/\",\"url\":\"https:\\\/\\\/gabitel.net\\\/de\\\/feria-fiberdays-frankfurt\\\/\",\"name\":\"Feria Fiberdays Frankfurt: innovaci\u00f3n en fibra \u00f3ptica y digitalizaci\u00f3n\",\"isPartOf\":{\"@id\":\"https:\\\/\\\/gabitel.net\\\/de\\\/#website\"},\"primaryImageOfPage\":{\"@id\":\"https:\\\/\\\/gabitel.net\\\/de\\\/feria-fiberdays-frankfurt\\\/#primaryimage\"},\"image\":{\"@id\":\"https:\\\/\\\/gabitel.net\\\/de\\\/feria-fiberdays-frankfurt\\\/#primaryimage\"},\"thumbnailUrl\":\"https:\\\/\\\/gabitel.net\\\/wp-content\\\/uploads\\\/2025\\\/04\\\/1743755522305-copia.jpg\",\"datePublished\":\"2025-04-04T09:55:43+00:00\",\"dateModified\":\"2026-04-17T06:52:39+00:00\",\"description\":\"Gabitel particip\u00f3 en la feria Fiberdays Frankfurt, donde se debatieron innovaci\u00f3n en fibra \u00f3ptica, IA, sostenibilidad y redes inteligentes.\",\"breadcrumb\":{\"@id\":\"https:\\\/\\\/gabitel.net\\\/de\\\/feria-fiberdays-frankfurt\\\/#breadcrumb\"},\"inLanguage\":\"de\",\"potentialAction\":[{\"@type\":\"ReadAction\",\"target\":[\"https:\\\/\\\/gabitel.net\\\/de\\\/feria-fiberdays-frankfurt\\\/\"]}]},{\"@type\":\"ImageObject\",\"inLanguage\":\"de\",\"@id\":\"https:\\\/\\\/gabitel.net\\\/de\\\/feria-fiberdays-frankfurt\\\/#primaryimage\",\"url\":\"https:\\\/\\\/gabitel.net\\\/wp-content\\\/uploads\\\/2025\\\/04\\\/1743755522305-copia.jpg\",\"contentUrl\":\"https:\\\/\\\/gabitel.net\\\/wp-content\\\/uploads\\\/2025\\\/04\\\/1743755522305-copia.jpg\",\"width\":1200,\"height\":1050,\"caption\":\"Gabitel conoce las \u00faltimas tendencias de la industria de la fibra \u00f3ptica en la feria Fiberdays\"},{\"@type\":\"BreadcrumbList\",\"@id\":\"https:\\\/\\\/gabitel.net\\\/de\\\/feria-fiberdays-frankfurt\\\/#breadcrumb\",\"itemListElement\":[{\"@type\":\"ListItem\",\"position\":1,\"name\":\"Portada\",\"item\":\"https:\\\/\\\/gabitel.net\\\/de\\\/\"},{\"@type\":\"ListItem\",\"position\":2,\"name\":\"Gabitel conoce las \u00faltimas tendencias de la industria de la fibra \u00f3ptica en la feria Fiberdays\"}]},{\"@type\":\"WebSite\",\"@id\":\"https:\\\/\\\/gabitel.net\\\/de\\\/#website\",\"url\":\"https:\\\/\\\/gabitel.net\\\/de\\\/\",\"name\":\"Gabitel\",\"description\":\"\",\"publisher\":{\"@id\":\"https:\\\/\\\/gabitel.net\\\/de\\\/#organization\"},\"potentialAction\":[{\"@type\":\"SearchAction\",\"target\":{\"@type\":\"EntryPoint\",\"urlTemplate\":\"https:\\\/\\\/gabitel.net\\\/de\\\/?s={search_term_string}\"},\"query-input\":{\"@type\":\"PropertyValueSpecification\",\"valueRequired\":true,\"valueName\":\"search_term_string\"}}],\"inLanguage\":\"de\"},{\"@type\":\"Organization\",\"@id\":\"https:\\\/\\\/gabitel.net\\\/de\\\/#organization\",\"name\":\"Gabitel\",\"url\":\"https:\\\/\\\/gabitel.net\\\/de\\\/\",\"logo\":{\"@type\":\"ImageObject\",\"inLanguage\":\"de\",\"@id\":\"https:\\\/\\\/gabitel.net\\\/de\\\/#\\\/schema\\\/logo\\\/image\\\/\",\"url\":\"https:\\\/\\\/gabitel.net\\\/wp-content\\\/uploads\\\/2025\\\/05\\\/logo_gabitel.jpg\",\"contentUrl\":\"https:\\\/\\\/gabitel.net\\\/wp-content\\\/uploads\\\/2025\\\/05\\\/logo_gabitel.jpg\",\"width\":2560,\"height\":1330,\"caption\":\"Gabitel\"},\"image\":{\"@id\":\"https:\\\/\\\/gabitel.net\\\/de\\\/#\\\/schema\\\/logo\\\/image\\\/\"},\"sameAs\":[\"https:\\\/\\\/www.facebook.com\\\/gabitelingenieros\\\/\",\"https:\\\/\\\/es.linkedin.com\\\/company\\\/gabitel-ingenieros\"]},{\"@type\":\"Person\",\"@id\":\"https:\\\/\\\/gabitel.net\\\/de\\\/#\\\/schema\\\/person\\\/37ba53714c3fedb9c7d22f4bc781465c\",\"name\":\"user.autor\",\"url\":\"https:\\\/\\\/gabitel.net\\\/de\\\/author\\\/user-autor\\\/\"}]}<\/script>\n<!-- \/ Yoast SEO plugin. -->","yoast_head_json":{"title":"Feria Fiberdays Frankfurt: innovaci\u00f3n en fibra \u00f3ptica y digitalizaci\u00f3n","description":"Gabitel particip\u00f3 en la feria Fiberdays Frankfurt, donde se debatieron innovaci\u00f3n en fibra \u00f3ptica, IA, sostenibilidad y redes inteligentes.","robots":{"index":"index","follow":"follow","max-snippet":"max-snippet:-1","max-image-preview":"max-image-preview:large","max-video-preview":"max-video-preview:-1"},"canonical":"https:\/\/gabitel.net\/de\/feria-fiberdays-frankfurt\/","og_locale":"de_DE","og_type":"article","og_title":"Feria Fiberdays Frankfurt: innovaci\u00f3n en fibra \u00f3ptica y digitalizaci\u00f3n","og_description":"Gabitel particip\u00f3 en la feria Fiberdays Frankfurt, donde se debatieron innovaci\u00f3n en fibra \u00f3ptica, IA, sostenibilidad y redes inteligentes.","og_url":"https:\/\/gabitel.net\/de\/feria-fiberdays-frankfurt\/","og_site_name":"Gabitel","article_publisher":"https:\/\/www.facebook.com\/gabitelingenieros\/","article_published_time":"2025-04-04T09:55:43+00:00","article_modified_time":"2026-04-17T06:52:39+00:00","og_image":[{"width":1200,"height":1050,"url":"https:\/\/gabitel.net\/wp-content\/uploads\/2025\/04\/1743755522305-copia.jpg","type":"image\/jpeg"}],"author":"user.autor","twitter_card":"summary_large_image","twitter_misc":{"Verfasst von":"user.autor","Gesch\u00e4tzte Lesezeit":"2\u00a0Minuten"},"schema":{"@context":"https:\/\/schema.org","@graph":[{"@type":["Article","BlogPosting"],"@id":"https:\/\/gabitel.net\/de\/feria-fiberdays-frankfurt\/#article","isPartOf":{"@id":"https:\/\/gabitel.net\/de\/feria-fiberdays-frankfurt\/"},"author":{"name":"user.autor","@id":"https:\/\/gabitel.net\/de\/#\/schema\/person\/37ba53714c3fedb9c7d22f4bc781465c"},"headline":"Gabitel conoce las \u00faltimas tendencias de la industria de la fibra \u00f3ptica en la feria Fiberdays","datePublished":"2025-04-04T09:55:43+00:00","dateModified":"2026-04-17T06:52:39+00:00","mainEntityOfPage":{"@id":"https:\/\/gabitel.net\/de\/feria-fiberdays-frankfurt\/"},"wordCount":319,"publisher":{"@id":"https:\/\/gabitel.net\/de\/#organization"},"image":{"@id":"https:\/\/gabitel.net\/de\/feria-fiberdays-frankfurt\/#primaryimage"},"thumbnailUrl":"https:\/\/gabitel.net\/wp-content\/uploads\/2025\/04\/1743755522305-copia.jpg","keywords":["banda ancha","Energie","fiber","Fiberdays","fibra \u00f3ptica","ftth","Gabitel","Ingenieurwesen","Telecomunicaciones"],"articleSection":["Blog","News","Newsletter"],"inLanguage":"de"},{"@type":"WebPage","@id":"https:\/\/gabitel.net\/de\/feria-fiberdays-frankfurt\/","url":"https:\/\/gabitel.net\/de\/feria-fiberdays-frankfurt\/","name":"Feria Fiberdays Frankfurt: innovaci\u00f3n en fibra \u00f3ptica y digitalizaci\u00f3n","isPartOf":{"@id":"https:\/\/gabitel.net\/de\/#website"},"primaryImageOfPage":{"@id":"https:\/\/gabitel.net\/de\/feria-fiberdays-frankfurt\/#primaryimage"},"image":{"@id":"https:\/\/gabitel.net\/de\/feria-fiberdays-frankfurt\/#primaryimage"},"thumbnailUrl":"https:\/\/gabitel.net\/wp-content\/uploads\/2025\/04\/1743755522305-copia.jpg","datePublished":"2025-04-04T09:55:43+00:00","dateModified":"2026-04-17T06:52:39+00:00","description":"Gabitel particip\u00f3 en la feria Fiberdays Frankfurt, donde se debatieron innovaci\u00f3n en fibra \u00f3ptica, IA, sostenibilidad y redes inteligentes.","breadcrumb":{"@id":"https:\/\/gabitel.net\/de\/feria-fiberdays-frankfurt\/#breadcrumb"},"inLanguage":"de","potentialAction":[{"@type":"ReadAction","target":["https:\/\/gabitel.net\/de\/feria-fiberdays-frankfurt\/"]}]},{"@type":"ImageObject","inLanguage":"de","@id":"https:\/\/gabitel.net\/de\/feria-fiberdays-frankfurt\/#primaryimage","url":"https:\/\/gabitel.net\/wp-content\/uploads\/2025\/04\/1743755522305-copia.jpg","contentUrl":"https:\/\/gabitel.net\/wp-content\/uploads\/2025\/04\/1743755522305-copia.jpg","width":1200,"height":1050,"caption":"Gabitel conoce las \u00faltimas tendencias de la industria de la fibra \u00f3ptica en la feria Fiberdays"},{"@type":"BreadcrumbList","@id":"https:\/\/gabitel.net\/de\/feria-fiberdays-frankfurt\/#breadcrumb","itemListElement":[{"@type":"ListItem","position":1,"name":"Portada","item":"https:\/\/gabitel.net\/de\/"},{"@type":"ListItem","position":2,"name":"Gabitel conoce las \u00faltimas tendencias de la industria de la fibra \u00f3ptica en la feria Fiberdays"}]},{"@type":"WebSite","@id":"https:\/\/gabitel.net\/de\/#website","url":"https:\/\/gabitel.net\/de\/","name":"Gabitel","description":"","publisher":{"@id":"https:\/\/gabitel.net\/de\/#organization"},"potentialAction":[{"@type":"SearchAction","target":{"@type":"EntryPoint","urlTemplate":"https:\/\/gabitel.net\/de\/?s={search_term_string}"},"query-input":{"@type":"PropertyValueSpecification","valueRequired":true,"valueName":"search_term_string"}}],"inLanguage":"de"},{"@type":"Organization","@id":"https:\/\/gabitel.net\/de\/#organization","name":"Gabitel","url":"https:\/\/gabitel.net\/de\/","logo":{"@type":"ImageObject","inLanguage":"de","@id":"https:\/\/gabitel.net\/de\/#\/schema\/logo\/image\/","url":"https:\/\/gabitel.net\/wp-content\/uploads\/2025\/05\/logo_gabitel.jpg","contentUrl":"https:\/\/gabitel.net\/wp-content\/uploads\/2025\/05\/logo_gabitel.jpg","width":2560,"height":1330,"caption":"Gabitel"},"image":{"@id":"https:\/\/gabitel.net\/de\/#\/schema\/logo\/image\/"},"sameAs":["https:\/\/www.facebook.com\/gabitelingenieros\/","https:\/\/es.linkedin.com\/company\/gabitel-ingenieros"]},{"@type":"Person","@id":"https:\/\/gabitel.net\/de\/#\/schema\/person\/37ba53714c3fedb9c7d22f4bc781465c","name":"user.autor","url":"https:\/\/gabitel.net\/de\/author\/user-autor\/"}]}},"_links":{"self":[{"href":"https:\/\/gabitel.net\/de\/wp-json\/wp\/v2\/posts\/32049","targetHints":{"allow":["GET"]}}],"collection":[{"href":"https:\/\/gabitel.net\/de\/wp-json\/wp\/v2\/posts"}],"about":[{"href":"https:\/\/gabitel.net\/de\/wp-json\/wp\/v2\/types\/post"}],"author":[{"embeddable":true,"href":"https:\/\/gabitel.net\/de\/wp-json\/wp\/v2\/users\/3"}],"replies":[{"embeddable":true,"href":"https:\/\/gabitel.net\/de\/wp-json\/wp\/v2\/comments?post=32049"}],"version-history":[{"count":4,"href":"https:\/\/gabitel.net\/de\/wp-json\/wp\/v2\/posts\/32049\/revisions"}],"predecessor-version":[{"id":37568,"href":"https:\/\/gabitel.net\/de\/wp-json\/wp\/v2\/posts\/32049\/revisions\/37568"}],"wp:featuredmedia":[{"embeddable":true,"href":"https:\/\/gabitel.net\/de\/wp-json\/wp\/v2\/media\/32050"}],"wp:attachment":[{"href":"https:\/\/gabitel.net\/de\/wp-json\/wp\/v2\/media?parent=32049"}],"wp:term":[{"taxonomy":"category","embeddable":true,"href":"https:\/\/gabitel.net\/de\/wp-json\/wp\/v2\/categories?post=32049"},{"taxonomy":"post_tag","embeddable":true,"href":"https:\/\/gabitel.net\/de\/wp-json\/wp\/v2\/tags?post=32049"}],"curies":[{"name":"wp","href":"https:\/\/api.w.org\/{rel}","templated":true}]}}