{"id":32051,"date":"2025-04-09T19:11:40","date_gmt":"2025-04-09T17:11:40","guid":{"rendered":"https:\/\/gabitel.net\/camara-comercio-germano-britanica\/"},"modified":"2026-04-17T08:52:39","modified_gmt":"2026-04-17T06:52:39","slug":"camara-comercio-germano-britanica","status":"publish","type":"post","link":"https:\/\/gabitel.net\/de\/camara-comercio-germano-britanica\/","title":{"rendered":"Gabitel asiste a la recepci\u00f3n de socios de la C\u00e1mara de Comercio Germano-Brit\u00e1nica en Londres"},"content":{"rendered":"<p>La C\u00e1mara de Comercio e Industria Germano-Brit\u00e1nica celebr\u00f3 recientemente una recepci\u00f3n de socios miembros en Londres, en la que se analizaron los retos y desaf\u00edos a los que se enfrenta el sector econ\u00f3mico en un momento de gran incertidumbre internacional, a la que asisti\u00f3 nuestro compa\u00f1ero <strong>Riccardo Weber.<\/strong><\/p>\n<p>Fundada en 1971, la C\u00e1mara de Comercio e Industria Germano-Brit\u00e1nica es una organizaci\u00f3n interempresarial que aglutina a las 750 empresas miembro brit\u00e1nicas y alemanas, en cuya defensa trabaja promoviendo oportunidades que alienten la captaci\u00f3n de inversiones y aperturas de nuevas v\u00edas de comercializaci\u00f3n.<\/p>\n<p>Los servicios comerciales de la C\u00e1mara de Comercio e Industria Germano-Brit\u00e1nica reciben m\u00e1s de 8000 consultas de empresas cada a\u00f1o, mediante las cuales ayudan a impulsar o ampliar sus actividades de exportaci\u00f3n, proporcion\u00e1ndoles contactos comerciales, informaci\u00f3n y asesoramiento.<\/p>\n<p>Tanto el alem\u00e1n como el brit\u00e1nico son dos mercados estrat\u00e9gicos para el modelo de negocio y proceso de internacionalizaci\u00f3n de Gabitel, principalmente para su divisi\u00f3n de Telecomunicaciones, que ha desarrollado numerosos proyectos ya finalizados y otros en marcha en conectividad y despliegue de redes FTTH, \u00e1reas en las que somos asiduos participantes de sus principales congresos y foros de referencia (Connected North y Connected Britain) en nuestro compromiso con el desarrollo de la infraestructura digital para mejora la calidad de vida de las comunidades locales.<\/p>\n","protected":false},"excerpt":{"rendered":"<p>La C\u00e1mara de Comercio e Industria Germano-Brit\u00e1nica celebr\u00f3 recientemente una recepci\u00f3n de socios miembros en Londres, en la que se analizaron los retos y desaf\u00edos a los que se enfrenta el sector econ\u00f3mico en un momento de gran incertidumbre internacional, a la que asisti\u00f3 nuestro compa\u00f1ero Riccardo Weber. Fundada en 1971, la C\u00e1mara de Comercio [&hellip;]<\/p>\n","protected":false},"author":3,"featured_media":32052,"comment_status":"closed","ping_status":"closed","sticky":false,"template":"","format":"standard","meta":{"content-type":"","footnotes":""},"categories":[413,412],"tags":[453,454,455,415,416,419,456],"class_list":["post-32051","post","type-post","status-publish","format-standard","has-post-thumbnail","hentry","category-blog-de","category-news-de","tag-camara-comercio-germano-britanica-de","tag-comercio-de","tag-conectividad-de","tag-energie","tag-gabitel-de","tag-industrie","tag-uk-de"],"yoast_head":"<!-- This site is optimized with the Yoast SEO plugin v27.4 - https:\/\/yoast.com\/product\/yoast-seo-wordpress\/ -->\n<title>C\u00e1mara de Comercio Germano-Brit\u00e1nica | Gabitel en Londres<\/title>\n<meta name=\"description\" content=\"La C\u00e1mara de Comercio Germano-Brit\u00e1nica celebr\u00f3 en Londres una recepci\u00f3n clave para debatir retos econ\u00f3micos. Descubre su papel estrat\u00e9gico.\" \/>\n<meta name=\"robots\" content=\"index, follow, max-snippet:-1, max-image-preview:large, max-video-preview:-1\" \/>\n<link rel=\"canonical\" href=\"https:\/\/gabitel.net\/de\/camara-comercio-germano-britanica\/\" \/>\n<meta property=\"og:locale\" content=\"de_DE\" \/>\n<meta property=\"og:type\" content=\"article\" \/>\n<meta property=\"og:title\" content=\"C\u00e1mara de Comercio Germano-Brit\u00e1nica | Gabitel en Londres\" \/>\n<meta property=\"og:description\" content=\"La C\u00e1mara de Comercio Germano-Brit\u00e1nica celebr\u00f3 en Londres una recepci\u00f3n clave para debatir retos econ\u00f3micos. Descubre su papel estrat\u00e9gico.\" \/>\n<meta property=\"og:url\" content=\"https:\/\/gabitel.net\/de\/camara-comercio-germano-britanica\/\" \/>\n<meta property=\"og:site_name\" content=\"Gabitel\" \/>\n<meta property=\"article:publisher\" content=\"https:\/\/www.facebook.com\/gabitelingenieros\/\" \/>\n<meta property=\"article:published_time\" content=\"2025-04-09T17:11:40+00:00\" \/>\n<meta property=\"article:modified_time\" content=\"2026-04-17T06:52:39+00:00\" \/>\n<meta property=\"og:image\" content=\"https:\/\/gabitel.net\/wp-content\/uploads\/2025\/04\/camara-de-comercio2.jpg\" \/>\n\t<meta property=\"og:image:width\" content=\"1045\" \/>\n\t<meta property=\"og:image:height\" content=\"704\" \/>\n\t<meta property=\"og:image:type\" content=\"image\/jpeg\" \/>\n<meta name=\"author\" content=\"user.autor\" \/>\n<meta name=\"twitter:card\" content=\"summary_large_image\" \/>\n<meta name=\"twitter:label1\" content=\"Verfasst von\" \/>\n\t<meta name=\"twitter:data1\" content=\"user.autor\" \/>\n\t<meta name=\"twitter:label2\" content=\"Gesch\u00e4tzte Lesezeit\" \/>\n\t<meta name=\"twitter:data2\" content=\"1\u00a0Minute\" \/>\n<script type=\"application\/ld+json\" class=\"yoast-schema-graph\">{\"@context\":\"https:\\\/\\\/schema.org\",\"@graph\":[{\"@type\":[\"Article\",\"BlogPosting\"],\"@id\":\"https:\\\/\\\/gabitel.net\\\/de\\\/camara-comercio-germano-britanica\\\/#article\",\"isPartOf\":{\"@id\":\"https:\\\/\\\/gabitel.net\\\/de\\\/camara-comercio-germano-britanica\\\/\"},\"author\":{\"name\":\"user.autor\",\"@id\":\"https:\\\/\\\/gabitel.net\\\/de\\\/#\\\/schema\\\/person\\\/37ba53714c3fedb9c7d22f4bc781465c\"},\"headline\":\"Gabitel asiste a la recepci\u00f3n de socios de la C\u00e1mara de Comercio Germano-Brit\u00e1nica en Londres\",\"datePublished\":\"2025-04-09T17:11:40+00:00\",\"dateModified\":\"2026-04-17T06:52:39+00:00\",\"mainEntityOfPage\":{\"@id\":\"https:\\\/\\\/gabitel.net\\\/de\\\/camara-comercio-germano-britanica\\\/\"},\"wordCount\":254,\"publisher\":{\"@id\":\"https:\\\/\\\/gabitel.net\\\/de\\\/#organization\"},\"image\":{\"@id\":\"https:\\\/\\\/gabitel.net\\\/de\\\/camara-comercio-germano-britanica\\\/#primaryimage\"},\"thumbnailUrl\":\"https:\\\/\\\/gabitel.net\\\/wp-content\\\/uploads\\\/2025\\\/04\\\/camara-de-comercio2.jpg\",\"keywords\":[\"C\u00e1mara Comercio Germano-Brit\u00e1nica\",\"comercio\",\"conectividad\",\"Energie\",\"Gabitel\",\"Industrie\",\"UK\"],\"articleSection\":[\"Blog\",\"News\"],\"inLanguage\":\"de\"},{\"@type\":\"WebPage\",\"@id\":\"https:\\\/\\\/gabitel.net\\\/de\\\/camara-comercio-germano-britanica\\\/\",\"url\":\"https:\\\/\\\/gabitel.net\\\/de\\\/camara-comercio-germano-britanica\\\/\",\"name\":\"C\u00e1mara de Comercio Germano-Brit\u00e1nica | Gabitel en Londres\",\"isPartOf\":{\"@id\":\"https:\\\/\\\/gabitel.net\\\/de\\\/#website\"},\"primaryImageOfPage\":{\"@id\":\"https:\\\/\\\/gabitel.net\\\/de\\\/camara-comercio-germano-britanica\\\/#primaryimage\"},\"image\":{\"@id\":\"https:\\\/\\\/gabitel.net\\\/de\\\/camara-comercio-germano-britanica\\\/#primaryimage\"},\"thumbnailUrl\":\"https:\\\/\\\/gabitel.net\\\/wp-content\\\/uploads\\\/2025\\\/04\\\/camara-de-comercio2.jpg\",\"datePublished\":\"2025-04-09T17:11:40+00:00\",\"dateModified\":\"2026-04-17T06:52:39+00:00\",\"description\":\"La C\u00e1mara de Comercio Germano-Brit\u00e1nica celebr\u00f3 en Londres una recepci\u00f3n clave para debatir retos econ\u00f3micos. Descubre su papel estrat\u00e9gico.\",\"breadcrumb\":{\"@id\":\"https:\\\/\\\/gabitel.net\\\/de\\\/camara-comercio-germano-britanica\\\/#breadcrumb\"},\"inLanguage\":\"de\",\"potentialAction\":[{\"@type\":\"ReadAction\",\"target\":[\"https:\\\/\\\/gabitel.net\\\/de\\\/camara-comercio-germano-britanica\\\/\"]}]},{\"@type\":\"ImageObject\",\"inLanguage\":\"de\",\"@id\":\"https:\\\/\\\/gabitel.net\\\/de\\\/camara-comercio-germano-britanica\\\/#primaryimage\",\"url\":\"https:\\\/\\\/gabitel.net\\\/wp-content\\\/uploads\\\/2025\\\/04\\\/camara-de-comercio2.jpg\",\"contentUrl\":\"https:\\\/\\\/gabitel.net\\\/wp-content\\\/uploads\\\/2025\\\/04\\\/camara-de-comercio2.jpg\",\"width\":1045,\"height\":704},{\"@type\":\"BreadcrumbList\",\"@id\":\"https:\\\/\\\/gabitel.net\\\/de\\\/camara-comercio-germano-britanica\\\/#breadcrumb\",\"itemListElement\":[{\"@type\":\"ListItem\",\"position\":1,\"name\":\"Portada\",\"item\":\"https:\\\/\\\/gabitel.net\\\/de\\\/\"},{\"@type\":\"ListItem\",\"position\":2,\"name\":\"Gabitel asiste a la recepci\u00f3n de socios de la C\u00e1mara de Comercio Germano-Brit\u00e1nica en Londres\"}]},{\"@type\":\"WebSite\",\"@id\":\"https:\\\/\\\/gabitel.net\\\/de\\\/#website\",\"url\":\"https:\\\/\\\/gabitel.net\\\/de\\\/\",\"name\":\"Gabitel\",\"description\":\"\",\"publisher\":{\"@id\":\"https:\\\/\\\/gabitel.net\\\/de\\\/#organization\"},\"potentialAction\":[{\"@type\":\"SearchAction\",\"target\":{\"@type\":\"EntryPoint\",\"urlTemplate\":\"https:\\\/\\\/gabitel.net\\\/de\\\/?s={search_term_string}\"},\"query-input\":{\"@type\":\"PropertyValueSpecification\",\"valueRequired\":true,\"valueName\":\"search_term_string\"}}],\"inLanguage\":\"de\"},{\"@type\":\"Organization\",\"@id\":\"https:\\\/\\\/gabitel.net\\\/de\\\/#organization\",\"name\":\"Gabitel\",\"url\":\"https:\\\/\\\/gabitel.net\\\/de\\\/\",\"logo\":{\"@type\":\"ImageObject\",\"inLanguage\":\"de\",\"@id\":\"https:\\\/\\\/gabitel.net\\\/de\\\/#\\\/schema\\\/logo\\\/image\\\/\",\"url\":\"https:\\\/\\\/gabitel.net\\\/wp-content\\\/uploads\\\/2025\\\/05\\\/logo_gabitel.jpg\",\"contentUrl\":\"https:\\\/\\\/gabitel.net\\\/wp-content\\\/uploads\\\/2025\\\/05\\\/logo_gabitel.jpg\",\"width\":2560,\"height\":1330,\"caption\":\"Gabitel\"},\"image\":{\"@id\":\"https:\\\/\\\/gabitel.net\\\/de\\\/#\\\/schema\\\/logo\\\/image\\\/\"},\"sameAs\":[\"https:\\\/\\\/www.facebook.com\\\/gabitelingenieros\\\/\",\"https:\\\/\\\/es.linkedin.com\\\/company\\\/gabitel-ingenieros\"]},{\"@type\":\"Person\",\"@id\":\"https:\\\/\\\/gabitel.net\\\/de\\\/#\\\/schema\\\/person\\\/37ba53714c3fedb9c7d22f4bc781465c\",\"name\":\"user.autor\",\"url\":\"https:\\\/\\\/gabitel.net\\\/de\\\/author\\\/user-autor\\\/\"}]}<\/script>\n<!-- \/ Yoast SEO plugin. -->","yoast_head_json":{"title":"C\u00e1mara de Comercio Germano-Brit\u00e1nica | Gabitel en Londres","description":"La C\u00e1mara de Comercio Germano-Brit\u00e1nica celebr\u00f3 en Londres una recepci\u00f3n clave para debatir retos econ\u00f3micos. Descubre su papel estrat\u00e9gico.","robots":{"index":"index","follow":"follow","max-snippet":"max-snippet:-1","max-image-preview":"max-image-preview:large","max-video-preview":"max-video-preview:-1"},"canonical":"https:\/\/gabitel.net\/de\/camara-comercio-germano-britanica\/","og_locale":"de_DE","og_type":"article","og_title":"C\u00e1mara de Comercio Germano-Brit\u00e1nica | Gabitel en Londres","og_description":"La C\u00e1mara de Comercio Germano-Brit\u00e1nica celebr\u00f3 en Londres una recepci\u00f3n clave para debatir retos econ\u00f3micos. Descubre su papel estrat\u00e9gico.","og_url":"https:\/\/gabitel.net\/de\/camara-comercio-germano-britanica\/","og_site_name":"Gabitel","article_publisher":"https:\/\/www.facebook.com\/gabitelingenieros\/","article_published_time":"2025-04-09T17:11:40+00:00","article_modified_time":"2026-04-17T06:52:39+00:00","og_image":[{"width":1045,"height":704,"url":"https:\/\/gabitel.net\/wp-content\/uploads\/2025\/04\/camara-de-comercio2.jpg","type":"image\/jpeg"}],"author":"user.autor","twitter_card":"summary_large_image","twitter_misc":{"Verfasst von":"user.autor","Gesch\u00e4tzte Lesezeit":"1\u00a0Minute"},"schema":{"@context":"https:\/\/schema.org","@graph":[{"@type":["Article","BlogPosting"],"@id":"https:\/\/gabitel.net\/de\/camara-comercio-germano-britanica\/#article","isPartOf":{"@id":"https:\/\/gabitel.net\/de\/camara-comercio-germano-britanica\/"},"author":{"name":"user.autor","@id":"https:\/\/gabitel.net\/de\/#\/schema\/person\/37ba53714c3fedb9c7d22f4bc781465c"},"headline":"Gabitel asiste a la recepci\u00f3n de socios de la C\u00e1mara de Comercio Germano-Brit\u00e1nica en Londres","datePublished":"2025-04-09T17:11:40+00:00","dateModified":"2026-04-17T06:52:39+00:00","mainEntityOfPage":{"@id":"https:\/\/gabitel.net\/de\/camara-comercio-germano-britanica\/"},"wordCount":254,"publisher":{"@id":"https:\/\/gabitel.net\/de\/#organization"},"image":{"@id":"https:\/\/gabitel.net\/de\/camara-comercio-germano-britanica\/#primaryimage"},"thumbnailUrl":"https:\/\/gabitel.net\/wp-content\/uploads\/2025\/04\/camara-de-comercio2.jpg","keywords":["C\u00e1mara Comercio Germano-Brit\u00e1nica","comercio","conectividad","Energie","Gabitel","Industrie","UK"],"articleSection":["Blog","News"],"inLanguage":"de"},{"@type":"WebPage","@id":"https:\/\/gabitel.net\/de\/camara-comercio-germano-britanica\/","url":"https:\/\/gabitel.net\/de\/camara-comercio-germano-britanica\/","name":"C\u00e1mara de Comercio Germano-Brit\u00e1nica | Gabitel en Londres","isPartOf":{"@id":"https:\/\/gabitel.net\/de\/#website"},"primaryImageOfPage":{"@id":"https:\/\/gabitel.net\/de\/camara-comercio-germano-britanica\/#primaryimage"},"image":{"@id":"https:\/\/gabitel.net\/de\/camara-comercio-germano-britanica\/#primaryimage"},"thumbnailUrl":"https:\/\/gabitel.net\/wp-content\/uploads\/2025\/04\/camara-de-comercio2.jpg","datePublished":"2025-04-09T17:11:40+00:00","dateModified":"2026-04-17T06:52:39+00:00","description":"La C\u00e1mara de Comercio Germano-Brit\u00e1nica celebr\u00f3 en Londres una recepci\u00f3n clave para debatir retos econ\u00f3micos. Descubre su papel estrat\u00e9gico.","breadcrumb":{"@id":"https:\/\/gabitel.net\/de\/camara-comercio-germano-britanica\/#breadcrumb"},"inLanguage":"de","potentialAction":[{"@type":"ReadAction","target":["https:\/\/gabitel.net\/de\/camara-comercio-germano-britanica\/"]}]},{"@type":"ImageObject","inLanguage":"de","@id":"https:\/\/gabitel.net\/de\/camara-comercio-germano-britanica\/#primaryimage","url":"https:\/\/gabitel.net\/wp-content\/uploads\/2025\/04\/camara-de-comercio2.jpg","contentUrl":"https:\/\/gabitel.net\/wp-content\/uploads\/2025\/04\/camara-de-comercio2.jpg","width":1045,"height":704},{"@type":"BreadcrumbList","@id":"https:\/\/gabitel.net\/de\/camara-comercio-germano-britanica\/#breadcrumb","itemListElement":[{"@type":"ListItem","position":1,"name":"Portada","item":"https:\/\/gabitel.net\/de\/"},{"@type":"ListItem","position":2,"name":"Gabitel asiste a la recepci\u00f3n de socios de la C\u00e1mara de Comercio Germano-Brit\u00e1nica en Londres"}]},{"@type":"WebSite","@id":"https:\/\/gabitel.net\/de\/#website","url":"https:\/\/gabitel.net\/de\/","name":"Gabitel","description":"","publisher":{"@id":"https:\/\/gabitel.net\/de\/#organization"},"potentialAction":[{"@type":"SearchAction","target":{"@type":"EntryPoint","urlTemplate":"https:\/\/gabitel.net\/de\/?s={search_term_string}"},"query-input":{"@type":"PropertyValueSpecification","valueRequired":true,"valueName":"search_term_string"}}],"inLanguage":"de"},{"@type":"Organization","@id":"https:\/\/gabitel.net\/de\/#organization","name":"Gabitel","url":"https:\/\/gabitel.net\/de\/","logo":{"@type":"ImageObject","inLanguage":"de","@id":"https:\/\/gabitel.net\/de\/#\/schema\/logo\/image\/","url":"https:\/\/gabitel.net\/wp-content\/uploads\/2025\/05\/logo_gabitel.jpg","contentUrl":"https:\/\/gabitel.net\/wp-content\/uploads\/2025\/05\/logo_gabitel.jpg","width":2560,"height":1330,"caption":"Gabitel"},"image":{"@id":"https:\/\/gabitel.net\/de\/#\/schema\/logo\/image\/"},"sameAs":["https:\/\/www.facebook.com\/gabitelingenieros\/","https:\/\/es.linkedin.com\/company\/gabitel-ingenieros"]},{"@type":"Person","@id":"https:\/\/gabitel.net\/de\/#\/schema\/person\/37ba53714c3fedb9c7d22f4bc781465c","name":"user.autor","url":"https:\/\/gabitel.net\/de\/author\/user-autor\/"}]}},"_links":{"self":[{"href":"https:\/\/gabitel.net\/de\/wp-json\/wp\/v2\/posts\/32051","targetHints":{"allow":["GET"]}}],"collection":[{"href":"https:\/\/gabitel.net\/de\/wp-json\/wp\/v2\/posts"}],"about":[{"href":"https:\/\/gabitel.net\/de\/wp-json\/wp\/v2\/types\/post"}],"author":[{"embeddable":true,"href":"https:\/\/gabitel.net\/de\/wp-json\/wp\/v2\/users\/3"}],"replies":[{"embeddable":true,"href":"https:\/\/gabitel.net\/de\/wp-json\/wp\/v2\/comments?post=32051"}],"version-history":[{"count":4,"href":"https:\/\/gabitel.net\/de\/wp-json\/wp\/v2\/posts\/32051\/revisions"}],"predecessor-version":[{"id":37566,"href":"https:\/\/gabitel.net\/de\/wp-json\/wp\/v2\/posts\/32051\/revisions\/37566"}],"wp:featuredmedia":[{"embeddable":true,"href":"https:\/\/gabitel.net\/de\/wp-json\/wp\/v2\/media\/32052"}],"wp:attachment":[{"href":"https:\/\/gabitel.net\/de\/wp-json\/wp\/v2\/media?parent=32051"}],"wp:term":[{"taxonomy":"category","embeddable":true,"href":"https:\/\/gabitel.net\/de\/wp-json\/wp\/v2\/categories?post=32051"},{"taxonomy":"post_tag","embeddable":true,"href":"https:\/\/gabitel.net\/de\/wp-json\/wp\/v2\/tags?post=32051"}],"curies":[{"name":"wp","href":"https:\/\/api.w.org\/{rel}","templated":true}]}}