{"id":32053,"date":"2025-04-11T12:37:17","date_gmt":"2025-04-11T10:37:17","guid":{"rendered":"https:\/\/gabitel.net\/comercio-local-digitalizacion-beturia\/"},"modified":"2026-04-17T08:52:39","modified_gmt":"2026-04-17T06:52:39","slug":"comercio-local-digitalizacion-beturia","status":"publish","type":"post","link":"https:\/\/gabitel.net\/de\/comercio-local-digitalizacion-beturia\/","title":{"rendered":"Gabitel participa en una jornada de comercio local sobre digitalizaci\u00f3n y venta online en la Mancomunidad Beturia"},"content":{"rendered":"<p>El sal\u00f3n de plenos del Ayuntamiento de San Bartolom\u00e9 de la Torre acogi\u00f3 el pasado domingo una interesante jornada de comercio local orientada al impulso de la digitalizaci\u00f3n y venta on line, en la que particip\u00f3 como uno de los ponentes invitados nuestro compa\u00f1ero Francisco Land\u00edn, responsable del Departamento de Software.<!--more--><\/p>\n<p>La jornada informativa, enmarcada en el proyecto de Marketplace de la Mancomunidad de Municipios Beturia, sirvi\u00f3 para que propietarios de comercios locales del municipio y la comarca descubriesen las herramientas de marketing digital y venta on line aplicadas al comercio local para contribuir al impulso de ventas: email marketing, software de gesti\u00f3n de la relaci\u00f3n con clientes (CRM), generaci\u00f3n de leads, plataforma de ventas\u2026<\/p>\n<p><a href=\"https:\/\/gabitelingenieros.com\/wp-content\/uploads\/2025\/04\/WhatsApp-Image-2025-04-08-at-09.54.47-1.jpeg\"><img decoding=\"async\" src=\"https:\/\/gabitelingenieros.com\/wp-content\/uploads\/2025\/04\/WhatsApp-Image-2025-04-08-at-09.54.47-1-1024x608.jpeg\" alt=\"Gabitel en evento de Gabitel | Gabitel Ingenieros\" \/><\/a><\/p>\n<p>Adem\u00e1s, se presentaron las acciones de apoyo al comercio local que impulsa la Mancomunidad de Municipios Beturia, que aglutina a ocho municipios de la zona sur del And\u00e9valo de Huelva para promover desde una plataforma com\u00fan acciones que contribuyan al desarrollo social, econ\u00f3mico y cultural de la comarca.<\/p>\n<p><a href=\"https:\/\/gabitelingenieros.com\/wp-content\/uploads\/2025\/04\/WhatsApp-Image-2025-04-08-at-09.54.46-2.jpeg\"><img decoding=\"async\" src=\"https:\/\/gabitelingenieros.com\/wp-content\/uploads\/2025\/04\/WhatsApp-Image-2025-04-08-at-09.54.46-2-1024x768.jpeg\" alt=\"Gabitel en evento de Gabitel | Gabitel Ingenieros\" \/><\/a><\/p>\n","protected":false},"excerpt":{"rendered":"<p>El sal\u00f3n de plenos del Ayuntamiento de San Bartolom\u00e9 de la Torre acogi\u00f3 el pasado domingo una interesante jornada de comercio local orientada al impulso de la digitalizaci\u00f3n y venta on line, en la que particip\u00f3 como uno de los ponentes invitados nuestro compa\u00f1ero Francisco Land\u00edn, responsable del Departamento de Software.<\/p>\n","protected":false},"author":3,"featured_media":32054,"comment_status":"closed","ping_status":"closed","sticky":false,"template":"","format":"standard","meta":{"content-type":"","footnotes":""},"categories":[413,412,414],"tags":[457,454,458,416,459],"class_list":["post-32053","post","type-post","status-publish","format-standard","has-post-thumbnail","hentry","category-blog-de","category-news-de","category-newsletter-de","tag-beturia-de","tag-comercio-de","tag-digitalizacion-de","tag-gabitel-de","tag-on-line-de"],"yoast_head":"<!-- This site is optimized with the Yoast SEO plugin v27.4 - https:\/\/yoast.com\/product\/yoast-seo-wordpress\/ -->\n<title>Comercio local y digitalizaci\u00f3n en Beturia con Gabitel<\/title>\n<meta name=\"description\" content=\"Comercio local y digitalizaci\u00f3n en Beturia con Gabitel: claves de CRM, email marketing y ventas online para negocios de la comarca.\" \/>\n<meta name=\"robots\" content=\"index, follow, max-snippet:-1, max-image-preview:large, max-video-preview:-1\" \/>\n<link rel=\"canonical\" href=\"https:\/\/gabitel.net\/de\/comercio-local-digitalizacion-beturia\/\" \/>\n<meta property=\"og:locale\" content=\"de_DE\" \/>\n<meta property=\"og:type\" content=\"article\" \/>\n<meta property=\"og:title\" content=\"Comercio local y digitalizaci\u00f3n en Beturia con Gabitel\" \/>\n<meta property=\"og:description\" content=\"Comercio local y digitalizaci\u00f3n en Beturia con Gabitel: claves de CRM, email marketing y ventas online para negocios de la comarca.\" \/>\n<meta property=\"og:url\" content=\"https:\/\/gabitel.net\/de\/comercio-local-digitalizacion-beturia\/\" \/>\n<meta property=\"og:site_name\" content=\"Gabitel\" \/>\n<meta property=\"article:publisher\" content=\"https:\/\/www.facebook.com\/gabitelingenieros\/\" \/>\n<meta property=\"article:published_time\" content=\"2025-04-11T10:37:17+00:00\" \/>\n<meta property=\"article:modified_time\" content=\"2026-04-17T06:52:39+00:00\" \/>\n<meta property=\"og:image\" content=\"https:\/\/gabitel.net\/wp-content\/uploads\/2025\/04\/WhatsApp-Image-2025-04-08-at-09.54.47.jpeg\" \/>\n\t<meta property=\"og:image:width\" content=\"1600\" \/>\n\t<meta property=\"og:image:height\" content=\"935\" \/>\n\t<meta property=\"og:image:type\" content=\"image\/jpeg\" \/>\n<meta name=\"author\" content=\"user.autor\" \/>\n<meta name=\"twitter:card\" content=\"summary_large_image\" \/>\n<meta name=\"twitter:label1\" content=\"Verfasst von\" \/>\n\t<meta name=\"twitter:data1\" content=\"user.autor\" \/>\n\t<meta name=\"twitter:label2\" content=\"Gesch\u00e4tzte Lesezeit\" \/>\n\t<meta name=\"twitter:data2\" content=\"2\u00a0Minuten\" \/>\n<script type=\"application\/ld+json\" class=\"yoast-schema-graph\">{\"@context\":\"https:\\\/\\\/schema.org\",\"@graph\":[{\"@type\":[\"Article\",\"BlogPosting\"],\"@id\":\"https:\\\/\\\/gabitel.net\\\/de\\\/comercio-local-digitalizacion-beturia\\\/#article\",\"isPartOf\":{\"@id\":\"https:\\\/\\\/gabitel.net\\\/de\\\/comercio-local-digitalizacion-beturia\\\/\"},\"author\":{\"name\":\"user.autor\",\"@id\":\"https:\\\/\\\/gabitel.net\\\/de\\\/#\\\/schema\\\/person\\\/37ba53714c3fedb9c7d22f4bc781465c\"},\"headline\":\"Gabitel participa en una jornada de comercio local sobre digitalizaci\u00f3n y venta online en la Mancomunidad Beturia\",\"datePublished\":\"2025-04-11T10:37:17+00:00\",\"dateModified\":\"2026-04-17T06:52:39+00:00\",\"mainEntityOfPage\":{\"@id\":\"https:\\\/\\\/gabitel.net\\\/de\\\/comercio-local-digitalizacion-beturia\\\/\"},\"wordCount\":192,\"publisher\":{\"@id\":\"https:\\\/\\\/gabitel.net\\\/de\\\/#organization\"},\"image\":{\"@id\":\"https:\\\/\\\/gabitel.net\\\/de\\\/comercio-local-digitalizacion-beturia\\\/#primaryimage\"},\"thumbnailUrl\":\"https:\\\/\\\/gabitel.net\\\/wp-content\\\/uploads\\\/2025\\\/04\\\/WhatsApp-Image-2025-04-08-at-09.54.47.jpeg\",\"keywords\":[\"Beturia\",\"comercio\",\"digitalizaci\u00f3n\",\"Gabitel\",\"on line\"],\"articleSection\":[\"Blog\",\"News\",\"Newsletter\"],\"inLanguage\":\"de\"},{\"@type\":\"WebPage\",\"@id\":\"https:\\\/\\\/gabitel.net\\\/de\\\/comercio-local-digitalizacion-beturia\\\/\",\"url\":\"https:\\\/\\\/gabitel.net\\\/de\\\/comercio-local-digitalizacion-beturia\\\/\",\"name\":\"Comercio local y digitalizaci\u00f3n en Beturia con Gabitel\",\"isPartOf\":{\"@id\":\"https:\\\/\\\/gabitel.net\\\/de\\\/#website\"},\"primaryImageOfPage\":{\"@id\":\"https:\\\/\\\/gabitel.net\\\/de\\\/comercio-local-digitalizacion-beturia\\\/#primaryimage\"},\"image\":{\"@id\":\"https:\\\/\\\/gabitel.net\\\/de\\\/comercio-local-digitalizacion-beturia\\\/#primaryimage\"},\"thumbnailUrl\":\"https:\\\/\\\/gabitel.net\\\/wp-content\\\/uploads\\\/2025\\\/04\\\/WhatsApp-Image-2025-04-08-at-09.54.47.jpeg\",\"datePublished\":\"2025-04-11T10:37:17+00:00\",\"dateModified\":\"2026-04-17T06:52:39+00:00\",\"description\":\"Comercio local y digitalizaci\u00f3n en Beturia con Gabitel: claves de CRM, email marketing y ventas online para negocios de la comarca.\",\"breadcrumb\":{\"@id\":\"https:\\\/\\\/gabitel.net\\\/de\\\/comercio-local-digitalizacion-beturia\\\/#breadcrumb\"},\"inLanguage\":\"de\",\"potentialAction\":[{\"@type\":\"ReadAction\",\"target\":[\"https:\\\/\\\/gabitel.net\\\/de\\\/comercio-local-digitalizacion-beturia\\\/\"]}]},{\"@type\":\"ImageObject\",\"inLanguage\":\"de\",\"@id\":\"https:\\\/\\\/gabitel.net\\\/de\\\/comercio-local-digitalizacion-beturia\\\/#primaryimage\",\"url\":\"https:\\\/\\\/gabitel.net\\\/wp-content\\\/uploads\\\/2025\\\/04\\\/WhatsApp-Image-2025-04-08-at-09.54.47.jpeg\",\"contentUrl\":\"https:\\\/\\\/gabitel.net\\\/wp-content\\\/uploads\\\/2025\\\/04\\\/WhatsApp-Image-2025-04-08-at-09.54.47.jpeg\",\"width\":1600,\"height\":935,\"caption\":\"Gabitel participa en una jornada de comercio local sobre digitalizaci\u00f3n y venta online en la Mancomunidad Beturia\"},{\"@type\":\"BreadcrumbList\",\"@id\":\"https:\\\/\\\/gabitel.net\\\/de\\\/comercio-local-digitalizacion-beturia\\\/#breadcrumb\",\"itemListElement\":[{\"@type\":\"ListItem\",\"position\":1,\"name\":\"Portada\",\"item\":\"https:\\\/\\\/gabitel.net\\\/de\\\/\"},{\"@type\":\"ListItem\",\"position\":2,\"name\":\"Gabitel participa en una jornada de comercio local sobre digitalizaci\u00f3n y venta online en la Mancomunidad Beturia\"}]},{\"@type\":\"WebSite\",\"@id\":\"https:\\\/\\\/gabitel.net\\\/de\\\/#website\",\"url\":\"https:\\\/\\\/gabitel.net\\\/de\\\/\",\"name\":\"Gabitel\",\"description\":\"\",\"publisher\":{\"@id\":\"https:\\\/\\\/gabitel.net\\\/de\\\/#organization\"},\"potentialAction\":[{\"@type\":\"SearchAction\",\"target\":{\"@type\":\"EntryPoint\",\"urlTemplate\":\"https:\\\/\\\/gabitel.net\\\/de\\\/?s={search_term_string}\"},\"query-input\":{\"@type\":\"PropertyValueSpecification\",\"valueRequired\":true,\"valueName\":\"search_term_string\"}}],\"inLanguage\":\"de\"},{\"@type\":\"Organization\",\"@id\":\"https:\\\/\\\/gabitel.net\\\/de\\\/#organization\",\"name\":\"Gabitel\",\"url\":\"https:\\\/\\\/gabitel.net\\\/de\\\/\",\"logo\":{\"@type\":\"ImageObject\",\"inLanguage\":\"de\",\"@id\":\"https:\\\/\\\/gabitel.net\\\/de\\\/#\\\/schema\\\/logo\\\/image\\\/\",\"url\":\"https:\\\/\\\/gabitel.net\\\/wp-content\\\/uploads\\\/2025\\\/05\\\/logo_gabitel.jpg\",\"contentUrl\":\"https:\\\/\\\/gabitel.net\\\/wp-content\\\/uploads\\\/2025\\\/05\\\/logo_gabitel.jpg\",\"width\":2560,\"height\":1330,\"caption\":\"Gabitel\"},\"image\":{\"@id\":\"https:\\\/\\\/gabitel.net\\\/de\\\/#\\\/schema\\\/logo\\\/image\\\/\"},\"sameAs\":[\"https:\\\/\\\/www.facebook.com\\\/gabitelingenieros\\\/\",\"https:\\\/\\\/es.linkedin.com\\\/company\\\/gabitel-ingenieros\"]},{\"@type\":\"Person\",\"@id\":\"https:\\\/\\\/gabitel.net\\\/de\\\/#\\\/schema\\\/person\\\/37ba53714c3fedb9c7d22f4bc781465c\",\"name\":\"user.autor\",\"url\":\"https:\\\/\\\/gabitel.net\\\/de\\\/author\\\/user-autor\\\/\"}]}<\/script>\n<!-- \/ Yoast SEO plugin. -->","yoast_head_json":{"title":"Comercio local y digitalizaci\u00f3n en Beturia con Gabitel","description":"Comercio local y digitalizaci\u00f3n en Beturia con Gabitel: claves de CRM, email marketing y ventas online para negocios de la comarca.","robots":{"index":"index","follow":"follow","max-snippet":"max-snippet:-1","max-image-preview":"max-image-preview:large","max-video-preview":"max-video-preview:-1"},"canonical":"https:\/\/gabitel.net\/de\/comercio-local-digitalizacion-beturia\/","og_locale":"de_DE","og_type":"article","og_title":"Comercio local y digitalizaci\u00f3n en Beturia con Gabitel","og_description":"Comercio local y digitalizaci\u00f3n en Beturia con Gabitel: claves de CRM, email marketing y ventas online para negocios de la comarca.","og_url":"https:\/\/gabitel.net\/de\/comercio-local-digitalizacion-beturia\/","og_site_name":"Gabitel","article_publisher":"https:\/\/www.facebook.com\/gabitelingenieros\/","article_published_time":"2025-04-11T10:37:17+00:00","article_modified_time":"2026-04-17T06:52:39+00:00","og_image":[{"width":1600,"height":935,"url":"https:\/\/gabitel.net\/wp-content\/uploads\/2025\/04\/WhatsApp-Image-2025-04-08-at-09.54.47.jpeg","type":"image\/jpeg"}],"author":"user.autor","twitter_card":"summary_large_image","twitter_misc":{"Verfasst von":"user.autor","Gesch\u00e4tzte Lesezeit":"2\u00a0Minuten"},"schema":{"@context":"https:\/\/schema.org","@graph":[{"@type":["Article","BlogPosting"],"@id":"https:\/\/gabitel.net\/de\/comercio-local-digitalizacion-beturia\/#article","isPartOf":{"@id":"https:\/\/gabitel.net\/de\/comercio-local-digitalizacion-beturia\/"},"author":{"name":"user.autor","@id":"https:\/\/gabitel.net\/de\/#\/schema\/person\/37ba53714c3fedb9c7d22f4bc781465c"},"headline":"Gabitel participa en una jornada de comercio local sobre digitalizaci\u00f3n y venta online en la Mancomunidad Beturia","datePublished":"2025-04-11T10:37:17+00:00","dateModified":"2026-04-17T06:52:39+00:00","mainEntityOfPage":{"@id":"https:\/\/gabitel.net\/de\/comercio-local-digitalizacion-beturia\/"},"wordCount":192,"publisher":{"@id":"https:\/\/gabitel.net\/de\/#organization"},"image":{"@id":"https:\/\/gabitel.net\/de\/comercio-local-digitalizacion-beturia\/#primaryimage"},"thumbnailUrl":"https:\/\/gabitel.net\/wp-content\/uploads\/2025\/04\/WhatsApp-Image-2025-04-08-at-09.54.47.jpeg","keywords":["Beturia","comercio","digitalizaci\u00f3n","Gabitel","on line"],"articleSection":["Blog","News","Newsletter"],"inLanguage":"de"},{"@type":"WebPage","@id":"https:\/\/gabitel.net\/de\/comercio-local-digitalizacion-beturia\/","url":"https:\/\/gabitel.net\/de\/comercio-local-digitalizacion-beturia\/","name":"Comercio local y digitalizaci\u00f3n en Beturia con Gabitel","isPartOf":{"@id":"https:\/\/gabitel.net\/de\/#website"},"primaryImageOfPage":{"@id":"https:\/\/gabitel.net\/de\/comercio-local-digitalizacion-beturia\/#primaryimage"},"image":{"@id":"https:\/\/gabitel.net\/de\/comercio-local-digitalizacion-beturia\/#primaryimage"},"thumbnailUrl":"https:\/\/gabitel.net\/wp-content\/uploads\/2025\/04\/WhatsApp-Image-2025-04-08-at-09.54.47.jpeg","datePublished":"2025-04-11T10:37:17+00:00","dateModified":"2026-04-17T06:52:39+00:00","description":"Comercio local y digitalizaci\u00f3n en Beturia con Gabitel: claves de CRM, email marketing y ventas online para negocios de la comarca.","breadcrumb":{"@id":"https:\/\/gabitel.net\/de\/comercio-local-digitalizacion-beturia\/#breadcrumb"},"inLanguage":"de","potentialAction":[{"@type":"ReadAction","target":["https:\/\/gabitel.net\/de\/comercio-local-digitalizacion-beturia\/"]}]},{"@type":"ImageObject","inLanguage":"de","@id":"https:\/\/gabitel.net\/de\/comercio-local-digitalizacion-beturia\/#primaryimage","url":"https:\/\/gabitel.net\/wp-content\/uploads\/2025\/04\/WhatsApp-Image-2025-04-08-at-09.54.47.jpeg","contentUrl":"https:\/\/gabitel.net\/wp-content\/uploads\/2025\/04\/WhatsApp-Image-2025-04-08-at-09.54.47.jpeg","width":1600,"height":935,"caption":"Gabitel participa en una jornada de comercio local sobre digitalizaci\u00f3n y venta online en la Mancomunidad Beturia"},{"@type":"BreadcrumbList","@id":"https:\/\/gabitel.net\/de\/comercio-local-digitalizacion-beturia\/#breadcrumb","itemListElement":[{"@type":"ListItem","position":1,"name":"Portada","item":"https:\/\/gabitel.net\/de\/"},{"@type":"ListItem","position":2,"name":"Gabitel participa en una jornada de comercio local sobre digitalizaci\u00f3n y venta online en la Mancomunidad Beturia"}]},{"@type":"WebSite","@id":"https:\/\/gabitel.net\/de\/#website","url":"https:\/\/gabitel.net\/de\/","name":"Gabitel","description":"","publisher":{"@id":"https:\/\/gabitel.net\/de\/#organization"},"potentialAction":[{"@type":"SearchAction","target":{"@type":"EntryPoint","urlTemplate":"https:\/\/gabitel.net\/de\/?s={search_term_string}"},"query-input":{"@type":"PropertyValueSpecification","valueRequired":true,"valueName":"search_term_string"}}],"inLanguage":"de"},{"@type":"Organization","@id":"https:\/\/gabitel.net\/de\/#organization","name":"Gabitel","url":"https:\/\/gabitel.net\/de\/","logo":{"@type":"ImageObject","inLanguage":"de","@id":"https:\/\/gabitel.net\/de\/#\/schema\/logo\/image\/","url":"https:\/\/gabitel.net\/wp-content\/uploads\/2025\/05\/logo_gabitel.jpg","contentUrl":"https:\/\/gabitel.net\/wp-content\/uploads\/2025\/05\/logo_gabitel.jpg","width":2560,"height":1330,"caption":"Gabitel"},"image":{"@id":"https:\/\/gabitel.net\/de\/#\/schema\/logo\/image\/"},"sameAs":["https:\/\/www.facebook.com\/gabitelingenieros\/","https:\/\/es.linkedin.com\/company\/gabitel-ingenieros"]},{"@type":"Person","@id":"https:\/\/gabitel.net\/de\/#\/schema\/person\/37ba53714c3fedb9c7d22f4bc781465c","name":"user.autor","url":"https:\/\/gabitel.net\/de\/author\/user-autor\/"}]}},"_links":{"self":[{"href":"https:\/\/gabitel.net\/de\/wp-json\/wp\/v2\/posts\/32053","targetHints":{"allow":["GET"]}}],"collection":[{"href":"https:\/\/gabitel.net\/de\/wp-json\/wp\/v2\/posts"}],"about":[{"href":"https:\/\/gabitel.net\/de\/wp-json\/wp\/v2\/types\/post"}],"author":[{"embeddable":true,"href":"https:\/\/gabitel.net\/de\/wp-json\/wp\/v2\/users\/3"}],"replies":[{"embeddable":true,"href":"https:\/\/gabitel.net\/de\/wp-json\/wp\/v2\/comments?post=32053"}],"version-history":[{"count":4,"href":"https:\/\/gabitel.net\/de\/wp-json\/wp\/v2\/posts\/32053\/revisions"}],"predecessor-version":[{"id":37564,"href":"https:\/\/gabitel.net\/de\/wp-json\/wp\/v2\/posts\/32053\/revisions\/37564"}],"wp:featuredmedia":[{"embeddable":true,"href":"https:\/\/gabitel.net\/de\/wp-json\/wp\/v2\/media\/32054"}],"wp:attachment":[{"href":"https:\/\/gabitel.net\/de\/wp-json\/wp\/v2\/media?parent=32053"}],"wp:term":[{"taxonomy":"category","embeddable":true,"href":"https:\/\/gabitel.net\/de\/wp-json\/wp\/v2\/categories?post=32053"},{"taxonomy":"post_tag","embeddable":true,"href":"https:\/\/gabitel.net\/de\/wp-json\/wp\/v2\/tags?post=32053"}],"curies":[{"name":"wp","href":"https:\/\/api.w.org\/{rel}","templated":true}]}}