{"id":32065,"date":"2025-05-19T13:55:12","date_gmt":"2025-05-19T11:55:12","guid":{"rendered":"https:\/\/gabitel.net\/la-asamblea-de-la-foe-pone-en-valor-el-empresariado-como-motor-de-desarrollo-economico-y-social\/"},"modified":"2026-04-17T08:52:37","modified_gmt":"2026-04-17T06:52:37","slug":"la-asamblea-de-la-foe-pone-en-valor-el-empresariado-como-motor-de-desarrollo-economico-y-social","status":"publish","type":"post","link":"https:\/\/gabitel.net\/de\/la-asamblea-de-la-foe-pone-en-valor-el-empresariado-como-motor-de-desarrollo-economico-y-social\/","title":{"rendered":"La Asamblea de la FOE pone en valor el empresariado como motor de desarrollo econ\u00f3mico y social"},"content":{"rendered":"<p>El pasado viernes asistimos a la celebraci\u00f3n de la <strong>Asamblea General de la Federaci\u00f3n Onubense de Empresarios (FOE),<\/strong> en la que los principales agentes econ\u00f3micos de la provincia coincidieron en la importancia del asociacionismo empresarial como instrumento imprescindible de interlocuci\u00f3n y cohesi\u00f3n del tejido productivo, y en la decisiva contribuci\u00f3n del empresariado como palanca de desarrollo econ\u00f3mico y social.<!--more--><\/p>\n<p>Durante la jornada se aprob\u00f3 la Memoria de Actividades del a\u00f1o 2024 y se present\u00f3 el tradicional informe del presidente que fue centrado por Jos\u00e9 Luis Garc\u00eda-Palacios \u00c1lvarez, que agradeci\u00f3 el compromiso constante de las empresas asociadas, sin las que, afirm\u00f3, \u201cno tendr\u00eda sentido la existencia misma de la FOE\u201d. Asimismo, ahond\u00f3 en el papel del empresariado, enfrentado a desaf\u00edos como la inseguridad jur\u00eddica y la presi\u00f3n fiscal, y reivindic\u00f3 el valor de la empresa y de quienes est\u00e1n detr\u00e1s de ella.<\/p>\n<p>Asimismo, puso en valor la labor desarrollada por la FOE como espacio de unidad y di\u00e1logo, y reclam\u00f3 inversiones urgentes en infraestructuras clave como la conexi\u00f3n de alta velocidad Sevilla-Huelva-Faro, un aeropuerto para la provincia y las obras h\u00eddricas y el\u00e9ctricas necesarias para garantizar el crecimiento econ\u00f3mico y la llegada de nuevos proyectos industriales.<\/p>\n<p>EN su intervenci\u00f3n, adem\u00e1s, destac\u00f3 el papel de Huelva como epicentro de la transici\u00f3n energ\u00e9tica europea gracias al impulso del hidr\u00f3geno verde e iniciativas como el Congreso Nacional de Hidr\u00f3geno Verde, subrayando que \u201clas inversiones previstas supondr\u00e1n una nueva revoluci\u00f3n industrial para nuestra provincia\u201d.<\/p>\n<p>Durante la Asamblea, se concedieron las Insignias de Oro de la FOE a personalidades que han contribuido de forma destacada al desarrollo empresarial y econ\u00f3mico de la provincia. F\u00e1tima B\u00e1\u00f1ez, presidenta de la Fundaci\u00f3n CEOE, fue reconocida por su trabajo en dignificar la imagen del empresario y su defensa de un modelo econ\u00f3mico inclusivo y competitivo; Carlos Ortiz, por una trayectoria profesional comprometida con el impulso econ\u00f3mico del territorio; y Juan Antonio Garc\u00eda Villadeamigo, por su incansable defensa del comercio local y su vocaci\u00f3n asociativa como referente del empresariado onubense.<\/p>\n<p>Uno de los momentos m\u00e1s emotivos del acto fue el homenaje que los \u00f3rganos de gobierno de la FOE, en la persona de su vicepresidente, Antonio Gemio, tributaron al presidente Jos\u00e9 Luis Garc\u00eda-Palacios \u00c1lvarez con motivo de su d\u00e9cimo aniversario al frente de la Organizaci\u00f3n. La Asamblea concluy\u00f3 con la intervenci\u00f3n del presidente de la Confederaci\u00f3n de Empresarios de Andaluc\u00eda (CEA), Javier Gonz\u00e1lez de Lara, quien subray\u00f3 el papel esencial de la FOE en la vertebraci\u00f3n econ\u00f3mica de la provincia y expres\u00f3 su respaldo al liderazgo de Garc\u00eda-Palacios, que cumple 10 a\u00f1os al frene de la organizaci\u00f3n.<\/p>\n<p>En este contexto de clima de colaboraci\u00f3n entre asociados para establecer sinergias cabe destacar el reciente acuerdo que Gabitel y la Federaci\u00f3n Onubense de Empresarios (FOE) hemos suscrito gracias al cual a las empresas asociadas pueden acceder a servicios t\u00e9cnicos especializados en condiciones preferentes para mejorar su competitividad, desde proyectos energ\u00e9ticos hasta soluciones digitales, con condiciones ventajosas y atenci\u00f3n personalizada.<\/p>\n<p>Foto: FOE<\/p>\n","protected":false},"excerpt":{"rendered":"<p>El pasado viernes asistimos a la celebraci\u00f3n de la Asamblea General de la Federaci\u00f3n Onubense de Empresarios (FOE), en la que los principales agentes econ\u00f3micos de la provincia coincidieron en la importancia del asociacionismo empresarial como instrumento imprescindible de interlocuci\u00f3n y cohesi\u00f3n del tejido productivo, y en la decisiva contribuci\u00f3n del empresariado como palanca de [&hellip;]<\/p>\n","protected":false},"author":3,"featured_media":32066,"comment_status":"closed","ping_status":"closed","sticky":false,"template":"","format":"standard","meta":{"content-type":"","footnotes":""},"categories":[413,412,414],"tags":[483,484,485,474,416,486,487],"class_list":["post-32065","post","type-post","status-publish","format-standard","has-post-thumbnail","hentry","category-blog-de","category-news-de","category-newsletter-de","tag-asamblea-de","tag-economia-de","tag-empresariado-de","tag-foe-de","tag-gabitel-de","tag-sociail-de","tag-socios-de"],"yoast_head":"<!-- This site is optimized with the Yoast SEO plugin v27.4 - https:\/\/yoast.com\/product\/yoast-seo-wordpress\/ -->\n<title>La Asamblea de la FOE pone en valor el empresariado como motor de desarrollo econ\u00f3mico y social - Gabitel<\/title>\n<meta name=\"description\" content=\"Los principales agentes econ\u00f3micos de la provincia coincidieron en la importancia del asociacionismo empresarial como instrumento imprescindible de interlocuci\u00f3n y cohesi\u00f3n del tejido productivo, y en la decisiva contribuci\u00f3n del empresariado como palanca de desarrollo econ\u00f3mico y social.\" \/>\n<meta name=\"robots\" content=\"index, follow, max-snippet:-1, max-image-preview:large, max-video-preview:-1\" \/>\n<link rel=\"canonical\" href=\"https:\/\/gabitel.net\/de\/la-asamblea-de-la-foe-pone-en-valor-el-empresariado-como-motor-de-desarrollo-economico-y-social\/\" \/>\n<meta property=\"og:locale\" content=\"de_DE\" \/>\n<meta property=\"og:type\" content=\"article\" \/>\n<meta property=\"og:title\" content=\"La Asamblea de la FOE pone en valor el empresariado como motor de desarrollo econ\u00f3mico y social - Gabitel\" \/>\n<meta property=\"og:description\" content=\"Los principales agentes econ\u00f3micos de la provincia coincidieron en la importancia del asociacionismo empresarial como instrumento imprescindible de interlocuci\u00f3n y cohesi\u00f3n del tejido productivo, y en la decisiva contribuci\u00f3n del empresariado como palanca de desarrollo econ\u00f3mico y social.\" \/>\n<meta property=\"og:url\" content=\"https:\/\/gabitel.net\/de\/la-asamblea-de-la-foe-pone-en-valor-el-empresariado-como-motor-de-desarrollo-economico-y-social\/\" \/>\n<meta property=\"og:site_name\" content=\"Gabitel\" \/>\n<meta property=\"article:publisher\" content=\"https:\/\/www.facebook.com\/gabitelingenieros\/\" \/>\n<meta property=\"article:published_time\" content=\"2025-05-19T11:55:12+00:00\" \/>\n<meta property=\"article:modified_time\" content=\"2026-04-17T06:52:37+00:00\" \/>\n<meta property=\"og:image\" content=\"https:\/\/gabitel.net\/wp-content\/uploads\/2025\/05\/Captura-de-pantalla-2025-05-19-a-las-10.22.11.png\" \/>\n\t<meta property=\"og:image:width\" content=\"937\" \/>\n\t<meta property=\"og:image:height\" content=\"589\" \/>\n\t<meta property=\"og:image:type\" content=\"image\/png\" \/>\n<meta name=\"author\" content=\"user.autor\" \/>\n<meta name=\"twitter:card\" content=\"summary_large_image\" \/>\n<meta name=\"twitter:label1\" content=\"Verfasst von\" \/>\n\t<meta name=\"twitter:data1\" content=\"user.autor\" \/>\n\t<meta name=\"twitter:label2\" content=\"Gesch\u00e4tzte Lesezeit\" \/>\n\t<meta name=\"twitter:data2\" content=\"3\u00a0Minuten\" \/>\n<script type=\"application\/ld+json\" class=\"yoast-schema-graph\">{\"@context\":\"https:\\\/\\\/schema.org\",\"@graph\":[{\"@type\":[\"Article\",\"BlogPosting\"],\"@id\":\"https:\\\/\\\/gabitel.net\\\/de\\\/la-asamblea-de-la-foe-pone-en-valor-el-empresariado-como-motor-de-desarrollo-economico-y-social\\\/#article\",\"isPartOf\":{\"@id\":\"https:\\\/\\\/gabitel.net\\\/de\\\/la-asamblea-de-la-foe-pone-en-valor-el-empresariado-como-motor-de-desarrollo-economico-y-social\\\/\"},\"author\":{\"name\":\"user.autor\",\"@id\":\"https:\\\/\\\/gabitel.net\\\/de\\\/#\\\/schema\\\/person\\\/37ba53714c3fedb9c7d22f4bc781465c\"},\"headline\":\"La Asamblea de la FOE pone en valor el empresariado como motor de desarrollo econ\u00f3mico y social\",\"datePublished\":\"2025-05-19T11:55:12+00:00\",\"dateModified\":\"2026-04-17T06:52:37+00:00\",\"mainEntityOfPage\":{\"@id\":\"https:\\\/\\\/gabitel.net\\\/de\\\/la-asamblea-de-la-foe-pone-en-valor-el-empresariado-como-motor-de-desarrollo-economico-y-social\\\/\"},\"wordCount\":558,\"publisher\":{\"@id\":\"https:\\\/\\\/gabitel.net\\\/de\\\/#organization\"},\"image\":{\"@id\":\"https:\\\/\\\/gabitel.net\\\/de\\\/la-asamblea-de-la-foe-pone-en-valor-el-empresariado-como-motor-de-desarrollo-economico-y-social\\\/#primaryimage\"},\"thumbnailUrl\":\"https:\\\/\\\/gabitel.net\\\/wp-content\\\/uploads\\\/2025\\\/05\\\/Captura-de-pantalla-2025-05-19-a-las-10.22.11.png\",\"keywords\":[\"Asamblea\",\"econom\u00eda\",\"empresariado\",\"FOE\",\"Gabitel\",\"sociail\",\"socios\"],\"articleSection\":[\"Blog\",\"News\",\"Newsletter\"],\"inLanguage\":\"de\"},{\"@type\":\"WebPage\",\"@id\":\"https:\\\/\\\/gabitel.net\\\/de\\\/la-asamblea-de-la-foe-pone-en-valor-el-empresariado-como-motor-de-desarrollo-economico-y-social\\\/\",\"url\":\"https:\\\/\\\/gabitel.net\\\/de\\\/la-asamblea-de-la-foe-pone-en-valor-el-empresariado-como-motor-de-desarrollo-economico-y-social\\\/\",\"name\":\"La Asamblea de la FOE pone en valor el empresariado como motor de desarrollo econ\u00f3mico y social - Gabitel\",\"isPartOf\":{\"@id\":\"https:\\\/\\\/gabitel.net\\\/de\\\/#website\"},\"primaryImageOfPage\":{\"@id\":\"https:\\\/\\\/gabitel.net\\\/de\\\/la-asamblea-de-la-foe-pone-en-valor-el-empresariado-como-motor-de-desarrollo-economico-y-social\\\/#primaryimage\"},\"image\":{\"@id\":\"https:\\\/\\\/gabitel.net\\\/de\\\/la-asamblea-de-la-foe-pone-en-valor-el-empresariado-como-motor-de-desarrollo-economico-y-social\\\/#primaryimage\"},\"thumbnailUrl\":\"https:\\\/\\\/gabitel.net\\\/wp-content\\\/uploads\\\/2025\\\/05\\\/Captura-de-pantalla-2025-05-19-a-las-10.22.11.png\",\"datePublished\":\"2025-05-19T11:55:12+00:00\",\"dateModified\":\"2026-04-17T06:52:37+00:00\",\"description\":\"Los principales agentes econ\u00f3micos de la provincia coincidieron en la importancia del asociacionismo empresarial como instrumento imprescindible de interlocuci\u00f3n y cohesi\u00f3n del tejido productivo, y en la decisiva contribuci\u00f3n del empresariado como palanca de desarrollo econ\u00f3mico y social.\",\"breadcrumb\":{\"@id\":\"https:\\\/\\\/gabitel.net\\\/de\\\/la-asamblea-de-la-foe-pone-en-valor-el-empresariado-como-motor-de-desarrollo-economico-y-social\\\/#breadcrumb\"},\"inLanguage\":\"de\",\"potentialAction\":[{\"@type\":\"ReadAction\",\"target\":[\"https:\\\/\\\/gabitel.net\\\/de\\\/la-asamblea-de-la-foe-pone-en-valor-el-empresariado-como-motor-de-desarrollo-economico-y-social\\\/\"]}]},{\"@type\":\"ImageObject\",\"inLanguage\":\"de\",\"@id\":\"https:\\\/\\\/gabitel.net\\\/de\\\/la-asamblea-de-la-foe-pone-en-valor-el-empresariado-como-motor-de-desarrollo-economico-y-social\\\/#primaryimage\",\"url\":\"https:\\\/\\\/gabitel.net\\\/wp-content\\\/uploads\\\/2025\\\/05\\\/Captura-de-pantalla-2025-05-19-a-las-10.22.11.png\",\"contentUrl\":\"https:\\\/\\\/gabitel.net\\\/wp-content\\\/uploads\\\/2025\\\/05\\\/Captura-de-pantalla-2025-05-19-a-las-10.22.11.png\",\"width\":937,\"height\":589,\"caption\":\"La Asamblea de la FOE pone en valor el empresariado como motor de desarrollo econ\u00f3mico y social\"},{\"@type\":\"BreadcrumbList\",\"@id\":\"https:\\\/\\\/gabitel.net\\\/de\\\/la-asamblea-de-la-foe-pone-en-valor-el-empresariado-como-motor-de-desarrollo-economico-y-social\\\/#breadcrumb\",\"itemListElement\":[{\"@type\":\"ListItem\",\"position\":1,\"name\":\"Portada\",\"item\":\"https:\\\/\\\/gabitel.net\\\/de\\\/\"},{\"@type\":\"ListItem\",\"position\":2,\"name\":\"La Asamblea de la FOE pone en valor el empresariado como motor de desarrollo econ\u00f3mico y social\"}]},{\"@type\":\"WebSite\",\"@id\":\"https:\\\/\\\/gabitel.net\\\/de\\\/#website\",\"url\":\"https:\\\/\\\/gabitel.net\\\/de\\\/\",\"name\":\"Gabitel\",\"description\":\"\",\"publisher\":{\"@id\":\"https:\\\/\\\/gabitel.net\\\/de\\\/#organization\"},\"potentialAction\":[{\"@type\":\"SearchAction\",\"target\":{\"@type\":\"EntryPoint\",\"urlTemplate\":\"https:\\\/\\\/gabitel.net\\\/de\\\/?s={search_term_string}\"},\"query-input\":{\"@type\":\"PropertyValueSpecification\",\"valueRequired\":true,\"valueName\":\"search_term_string\"}}],\"inLanguage\":\"de\"},{\"@type\":\"Organization\",\"@id\":\"https:\\\/\\\/gabitel.net\\\/de\\\/#organization\",\"name\":\"Gabitel\",\"url\":\"https:\\\/\\\/gabitel.net\\\/de\\\/\",\"logo\":{\"@type\":\"ImageObject\",\"inLanguage\":\"de\",\"@id\":\"https:\\\/\\\/gabitel.net\\\/de\\\/#\\\/schema\\\/logo\\\/image\\\/\",\"url\":\"https:\\\/\\\/gabitel.net\\\/wp-content\\\/uploads\\\/2025\\\/05\\\/logo_gabitel.jpg\",\"contentUrl\":\"https:\\\/\\\/gabitel.net\\\/wp-content\\\/uploads\\\/2025\\\/05\\\/logo_gabitel.jpg\",\"width\":2560,\"height\":1330,\"caption\":\"Gabitel\"},\"image\":{\"@id\":\"https:\\\/\\\/gabitel.net\\\/de\\\/#\\\/schema\\\/logo\\\/image\\\/\"},\"sameAs\":[\"https:\\\/\\\/www.facebook.com\\\/gabitelingenieros\\\/\",\"https:\\\/\\\/es.linkedin.com\\\/company\\\/gabitel-ingenieros\"]},{\"@type\":\"Person\",\"@id\":\"https:\\\/\\\/gabitel.net\\\/de\\\/#\\\/schema\\\/person\\\/37ba53714c3fedb9c7d22f4bc781465c\",\"name\":\"user.autor\",\"url\":\"https:\\\/\\\/gabitel.net\\\/de\\\/author\\\/user-autor\\\/\"}]}<\/script>\n<!-- \/ Yoast SEO plugin. -->","yoast_head_json":{"title":"La Asamblea de la FOE pone en valor el empresariado como motor de desarrollo econ\u00f3mico y social - Gabitel","description":"Los principales agentes econ\u00f3micos de la provincia coincidieron en la importancia del asociacionismo empresarial como instrumento imprescindible de interlocuci\u00f3n y cohesi\u00f3n del tejido productivo, y en la decisiva contribuci\u00f3n del empresariado como palanca de desarrollo econ\u00f3mico y social.","robots":{"index":"index","follow":"follow","max-snippet":"max-snippet:-1","max-image-preview":"max-image-preview:large","max-video-preview":"max-video-preview:-1"},"canonical":"https:\/\/gabitel.net\/de\/la-asamblea-de-la-foe-pone-en-valor-el-empresariado-como-motor-de-desarrollo-economico-y-social\/","og_locale":"de_DE","og_type":"article","og_title":"La Asamblea de la FOE pone en valor el empresariado como motor de desarrollo econ\u00f3mico y social - Gabitel","og_description":"Los principales agentes econ\u00f3micos de la provincia coincidieron en la importancia del asociacionismo empresarial como instrumento imprescindible de interlocuci\u00f3n y cohesi\u00f3n del tejido productivo, y en la decisiva contribuci\u00f3n del empresariado como palanca de desarrollo econ\u00f3mico y social.","og_url":"https:\/\/gabitel.net\/de\/la-asamblea-de-la-foe-pone-en-valor-el-empresariado-como-motor-de-desarrollo-economico-y-social\/","og_site_name":"Gabitel","article_publisher":"https:\/\/www.facebook.com\/gabitelingenieros\/","article_published_time":"2025-05-19T11:55:12+00:00","article_modified_time":"2026-04-17T06:52:37+00:00","og_image":[{"width":937,"height":589,"url":"https:\/\/gabitel.net\/wp-content\/uploads\/2025\/05\/Captura-de-pantalla-2025-05-19-a-las-10.22.11.png","type":"image\/png"}],"author":"user.autor","twitter_card":"summary_large_image","twitter_misc":{"Verfasst von":"user.autor","Gesch\u00e4tzte Lesezeit":"3\u00a0Minuten"},"schema":{"@context":"https:\/\/schema.org","@graph":[{"@type":["Article","BlogPosting"],"@id":"https:\/\/gabitel.net\/de\/la-asamblea-de-la-foe-pone-en-valor-el-empresariado-como-motor-de-desarrollo-economico-y-social\/#article","isPartOf":{"@id":"https:\/\/gabitel.net\/de\/la-asamblea-de-la-foe-pone-en-valor-el-empresariado-como-motor-de-desarrollo-economico-y-social\/"},"author":{"name":"user.autor","@id":"https:\/\/gabitel.net\/de\/#\/schema\/person\/37ba53714c3fedb9c7d22f4bc781465c"},"headline":"La Asamblea de la FOE pone en valor el empresariado como motor de desarrollo econ\u00f3mico y social","datePublished":"2025-05-19T11:55:12+00:00","dateModified":"2026-04-17T06:52:37+00:00","mainEntityOfPage":{"@id":"https:\/\/gabitel.net\/de\/la-asamblea-de-la-foe-pone-en-valor-el-empresariado-como-motor-de-desarrollo-economico-y-social\/"},"wordCount":558,"publisher":{"@id":"https:\/\/gabitel.net\/de\/#organization"},"image":{"@id":"https:\/\/gabitel.net\/de\/la-asamblea-de-la-foe-pone-en-valor-el-empresariado-como-motor-de-desarrollo-economico-y-social\/#primaryimage"},"thumbnailUrl":"https:\/\/gabitel.net\/wp-content\/uploads\/2025\/05\/Captura-de-pantalla-2025-05-19-a-las-10.22.11.png","keywords":["Asamblea","econom\u00eda","empresariado","FOE","Gabitel","sociail","socios"],"articleSection":["Blog","News","Newsletter"],"inLanguage":"de"},{"@type":"WebPage","@id":"https:\/\/gabitel.net\/de\/la-asamblea-de-la-foe-pone-en-valor-el-empresariado-como-motor-de-desarrollo-economico-y-social\/","url":"https:\/\/gabitel.net\/de\/la-asamblea-de-la-foe-pone-en-valor-el-empresariado-como-motor-de-desarrollo-economico-y-social\/","name":"La Asamblea de la FOE pone en valor el empresariado como motor de desarrollo econ\u00f3mico y social - Gabitel","isPartOf":{"@id":"https:\/\/gabitel.net\/de\/#website"},"primaryImageOfPage":{"@id":"https:\/\/gabitel.net\/de\/la-asamblea-de-la-foe-pone-en-valor-el-empresariado-como-motor-de-desarrollo-economico-y-social\/#primaryimage"},"image":{"@id":"https:\/\/gabitel.net\/de\/la-asamblea-de-la-foe-pone-en-valor-el-empresariado-como-motor-de-desarrollo-economico-y-social\/#primaryimage"},"thumbnailUrl":"https:\/\/gabitel.net\/wp-content\/uploads\/2025\/05\/Captura-de-pantalla-2025-05-19-a-las-10.22.11.png","datePublished":"2025-05-19T11:55:12+00:00","dateModified":"2026-04-17T06:52:37+00:00","description":"Los principales agentes econ\u00f3micos de la provincia coincidieron en la importancia del asociacionismo empresarial como instrumento imprescindible de interlocuci\u00f3n y cohesi\u00f3n del tejido productivo, y en la decisiva contribuci\u00f3n del empresariado como palanca de desarrollo econ\u00f3mico y social.","breadcrumb":{"@id":"https:\/\/gabitel.net\/de\/la-asamblea-de-la-foe-pone-en-valor-el-empresariado-como-motor-de-desarrollo-economico-y-social\/#breadcrumb"},"inLanguage":"de","potentialAction":[{"@type":"ReadAction","target":["https:\/\/gabitel.net\/de\/la-asamblea-de-la-foe-pone-en-valor-el-empresariado-como-motor-de-desarrollo-economico-y-social\/"]}]},{"@type":"ImageObject","inLanguage":"de","@id":"https:\/\/gabitel.net\/de\/la-asamblea-de-la-foe-pone-en-valor-el-empresariado-como-motor-de-desarrollo-economico-y-social\/#primaryimage","url":"https:\/\/gabitel.net\/wp-content\/uploads\/2025\/05\/Captura-de-pantalla-2025-05-19-a-las-10.22.11.png","contentUrl":"https:\/\/gabitel.net\/wp-content\/uploads\/2025\/05\/Captura-de-pantalla-2025-05-19-a-las-10.22.11.png","width":937,"height":589,"caption":"La Asamblea de la FOE pone en valor el empresariado como motor de desarrollo econ\u00f3mico y social"},{"@type":"BreadcrumbList","@id":"https:\/\/gabitel.net\/de\/la-asamblea-de-la-foe-pone-en-valor-el-empresariado-como-motor-de-desarrollo-economico-y-social\/#breadcrumb","itemListElement":[{"@type":"ListItem","position":1,"name":"Portada","item":"https:\/\/gabitel.net\/de\/"},{"@type":"ListItem","position":2,"name":"La Asamblea de la FOE pone en valor el empresariado como motor de desarrollo econ\u00f3mico y social"}]},{"@type":"WebSite","@id":"https:\/\/gabitel.net\/de\/#website","url":"https:\/\/gabitel.net\/de\/","name":"Gabitel","description":"","publisher":{"@id":"https:\/\/gabitel.net\/de\/#organization"},"potentialAction":[{"@type":"SearchAction","target":{"@type":"EntryPoint","urlTemplate":"https:\/\/gabitel.net\/de\/?s={search_term_string}"},"query-input":{"@type":"PropertyValueSpecification","valueRequired":true,"valueName":"search_term_string"}}],"inLanguage":"de"},{"@type":"Organization","@id":"https:\/\/gabitel.net\/de\/#organization","name":"Gabitel","url":"https:\/\/gabitel.net\/de\/","logo":{"@type":"ImageObject","inLanguage":"de","@id":"https:\/\/gabitel.net\/de\/#\/schema\/logo\/image\/","url":"https:\/\/gabitel.net\/wp-content\/uploads\/2025\/05\/logo_gabitel.jpg","contentUrl":"https:\/\/gabitel.net\/wp-content\/uploads\/2025\/05\/logo_gabitel.jpg","width":2560,"height":1330,"caption":"Gabitel"},"image":{"@id":"https:\/\/gabitel.net\/de\/#\/schema\/logo\/image\/"},"sameAs":["https:\/\/www.facebook.com\/gabitelingenieros\/","https:\/\/es.linkedin.com\/company\/gabitel-ingenieros"]},{"@type":"Person","@id":"https:\/\/gabitel.net\/de\/#\/schema\/person\/37ba53714c3fedb9c7d22f4bc781465c","name":"user.autor","url":"https:\/\/gabitel.net\/de\/author\/user-autor\/"}]}},"_links":{"self":[{"href":"https:\/\/gabitel.net\/de\/wp-json\/wp\/v2\/posts\/32065","targetHints":{"allow":["GET"]}}],"collection":[{"href":"https:\/\/gabitel.net\/de\/wp-json\/wp\/v2\/posts"}],"about":[{"href":"https:\/\/gabitel.net\/de\/wp-json\/wp\/v2\/types\/post"}],"author":[{"embeddable":true,"href":"https:\/\/gabitel.net\/de\/wp-json\/wp\/v2\/users\/3"}],"replies":[{"embeddable":true,"href":"https:\/\/gabitel.net\/de\/wp-json\/wp\/v2\/comments?post=32065"}],"version-history":[{"count":4,"href":"https:\/\/gabitel.net\/de\/wp-json\/wp\/v2\/posts\/32065\/revisions"}],"predecessor-version":[{"id":36097,"href":"https:\/\/gabitel.net\/de\/wp-json\/wp\/v2\/posts\/32065\/revisions\/36097"}],"wp:featuredmedia":[{"embeddable":true,"href":"https:\/\/gabitel.net\/de\/wp-json\/wp\/v2\/media\/32066"}],"wp:attachment":[{"href":"https:\/\/gabitel.net\/de\/wp-json\/wp\/v2\/media?parent=32065"}],"wp:term":[{"taxonomy":"category","embeddable":true,"href":"https:\/\/gabitel.net\/de\/wp-json\/wp\/v2\/categories?post=32065"},{"taxonomy":"post_tag","embeddable":true,"href":"https:\/\/gabitel.net\/de\/wp-json\/wp\/v2\/tags?post=32065"}],"curies":[{"name":"wp","href":"https:\/\/api.w.org\/{rel}","templated":true}]}}