{"id":32069,"date":"2025-05-23T10:21:00","date_gmt":"2025-05-23T08:21:00","guid":{"rendered":"https:\/\/gabitel.net\/la-cumbre-de-la-ingenieria-aborda-el-equilibrio-entre-sostenibilidad-y-productividad-y-la-gestion-del-talento\/"},"modified":"2026-04-17T08:52:36","modified_gmt":"2026-04-17T06:52:36","slug":"la-cumbre-de-la-ingenieria-aborda-el-equilibrio-entre-sostenibilidad-y-productividad-y-la-gestion-del-talento","status":"publish","type":"post","link":"https:\/\/gabitel.net\/de\/la-cumbre-de-la-ingenieria-aborda-el-equilibrio-entre-sostenibilidad-y-productividad-y-la-gestion-del-talento\/","title":{"rendered":"La Cumbre de la Ingenier\u00eda aborda el equilibrio entre sostenibilidad y productividad y la gesti\u00f3n del talento"},"content":{"rendered":"<p>El an\u00e1lisis y reflexi\u00f3n sobre los desaf\u00edos y retos que plantea la econom\u00eda global a\u00a0<strong>la ingenier\u00eda y a la competitividad de las empresas <\/strong>es el objetivo de la <strong>Cumbre Nacional de la Ingenier\u00eda y la Empresa<\/strong>, una cita bienal creada por la Asociaci\u00f3n Superior de Ingenier\u00eda de Andaluc\u00eda (ASIAN), a la que recientemente asisti\u00f3 en la Escuela de Organizaci\u00f3n Industrial (EOI) de Sevilla nuestro compa\u00f1ero Jos\u00e9 Mazo.<!--more--><\/p>\n<p>Bajo el t\u00edtulo, <strong>Productividad y talento. Estrategias para sostenibilidad<\/strong>, un selecto grupo de ponentes expertos en los diferentes campos del conocimiento,\u00a0<strong>con demostrada experiencia en el\u00a0\u00e1mbito\u00a0de la empresa y la innovaci\u00f3n<\/strong>, hablaron sobre diversas soluciones a los retos actuales y futuros de un mercado cada vez m\u00e1s global y especializado, y profundizaron en las implicaciones que la productividad empresarial y la gesti\u00f3n del talento tienen en la sostenibilidad de las empresas, adem\u00e1s de generar valor ambiental y social.<\/p>\n<p><a href=\"https:\/\/gabitelingenieros.com\/wp-content\/uploads\/2025\/05\/Multimedia-11.jpg\"><img decoding=\"async\" src=\"https:\/\/gabitelingenieros.com\/wp-content\/uploads\/2025\/05\/Multimedia-11-300x169.jpg\" alt=\"La en evento de Gabitel | Gabitel Ingenieros\" \/><\/a> <a href=\"https:\/\/gabitelingenieros.com\/wp-content\/uploads\/2025\/05\/Multimedia-9.jpg\"><img decoding=\"async\" src=\"https:\/\/gabitelingenieros.com\/wp-content\/uploads\/2025\/05\/Multimedia-9-300x168.jpg\" alt=\"La en evento de Gabitel | Gabitel Ingenieros\" \/><\/a> <a href=\"https:\/\/gabitelingenieros.com\/wp-content\/uploads\/2025\/05\/Multimedia-7.jpg\"><img decoding=\"async\" src=\"https:\/\/gabitelingenieros.com\/wp-content\/uploads\/2025\/05\/Multimedia-7-300x169.jpg\" alt=\"La en evento de Gabitel | Gabitel Ingenieros\" \/><\/a> <a href=\"https:\/\/gabitelingenieros.com\/wp-content\/uploads\/2025\/05\/Multimedia-6.jpg\"><img decoding=\"async\" src=\"https:\/\/gabitelingenieros.com\/wp-content\/uploads\/2025\/05\/Multimedia-6-300x168.jpg\" alt=\"La en evento de Gabitel | Gabitel Ingenieros\" \/><\/a> <a href=\"https:\/\/gabitelingenieros.com\/wp-content\/uploads\/2025\/05\/Multimedia-5.jpg\"><img decoding=\"async\" src=\"https:\/\/gabitelingenieros.com\/wp-content\/uploads\/2025\/05\/Multimedia-5-300x169.jpg\" alt=\"La en evento de Gabitel | Gabitel Ingenieros\" \/><\/a> <a href=\"https:\/\/gabitelingenieros.com\/wp-content\/uploads\/2025\/05\/Multimedia-4.jpg\"><img decoding=\"async\" src=\"https:\/\/gabitelingenieros.com\/wp-content\/uploads\/2025\/05\/Multimedia-4-300x169.jpg\" alt=\"La en evento de Gabitel | Gabitel Ingenieros\" \/><\/a><\/p>\n<p>El primero de los dos paneles de la Cumbre trat\u00f3 sobre productividad y sostenibilidad y cont\u00f3 con la intervenci\u00f3n de Jorge Acitores, Director del Parque Energ\u00e9tico La R\u00e1bida de Moeve; Miguel Hern\u00e1ndez del Campo, Jefe de Departamento de Tragsatec UT5, Eva La\u00edn, CEO Lain Tech; Lourdes Garc\u00eda.\u00a0Directora Energ\u00eda-Industria de\u00a0<strong>Ghenova, <\/strong>y Jos\u00e9 Romero Anchuelo, Responsable de Programas de Defensa e Ingenier\u00eda de Navantia, moderados por Aurelio Aza\u00f1a, CEO Azcatec.<\/p>\n<p>Los ponentes hicieron hincapi\u00e9 en que productividad empresarial y sostenibilidad est\u00e1n estrechamente relacionadas, de tal forma que una empresa debe ser\u00a0<strong>respetuosa con el entorno, socialmente implicada, productiva y econ\u00f3micamente viable para ser considerada sostenible<\/strong>. La automatizaci\u00f3n, procedimientos \u00e1giles, optimizaci\u00f3n de recursos, teletrabajo y equipos inclusivos son pr\u00e1cticas que no solo mejoran la sostenibilidad, sino que tambi\u00e9n aumentan la productividad en empresas, organizaciones y administraciones p\u00fablicas.<\/p>\n<p>El segundo panel ahond\u00f3 en la gesti\u00f3n de talento y cont\u00f3 con Celestino Mart\u00ednez, Director de Recursos Humanos de Naturgy; Isabel Reija, Presidenta del Colegio Nacional de Ingenieros del ICAI; Javier B\u00e9cares Barbosa, CEO de Genera; y Vicente Vegazo Rivero, HRBP SITE Bah\u00eda de C\u00e1diz-Navantia; <strong>Francisco Javier Alfaro Garrido,<\/strong><strong>\u00a0<\/strong>Head of People &amp; Digital Corporate de\u00a0<strong>AYESA <\/strong>y <strong>Patricio Moreno,\u00a0<\/strong>Talent &amp; Executive Manager Air Power de\u00a0<strong>AIRBUS, <\/strong>moderados por <strong>Javier Garc\u00eda Colino, <\/strong>Director Desarrollo de Negocio<strong>\u00a0EOI.<\/strong><\/p>\n<p>En este sentido, coincidieron en que la gesti\u00f3n eficaz del talento es crucial para la competitividad empresarial,<strong>\u00a0identificando, atrayendo y reteniendo a los mejores profesionales, especialmente j\u00f3venes, para la renovaci\u00f3n generacional, la innovaci\u00f3n y la sostenibilidad<\/strong>.<\/p>\n","protected":false},"excerpt":{"rendered":"<p>El an\u00e1lisis y reflexi\u00f3n sobre los desaf\u00edos y retos que plantea la econom\u00eda global a\u00a0la ingenier\u00eda y a la competitividad de las empresas es el objetivo de la Cumbre Nacional de la Ingenier\u00eda y la Empresa, una cita bienal creada por la Asociaci\u00f3n Superior de Ingenier\u00eda de Andaluc\u00eda (ASIAN), a la que recientemente asisti\u00f3 en [&hellip;]<\/p>\n","protected":false},"author":3,"featured_media":32070,"comment_status":"closed","ping_status":"closed","sticky":false,"template":"","format":"standard","meta":{"content-type":"","footnotes":""},"categories":[413,412,414],"tags":[472,489,490,491,416,417,492,493],"class_list":["post-32069","post","type-post","status-publish","format-standard","has-post-thumbnail","hentry","category-blog-de","category-news-de","category-newsletter-de","tag-competitividad-de","tag-cumbre-de","tag-empresa-de","tag-eoi-de","tag-gabitel-de","tag-ingenieurwesen","tag-productividad-de","tag-talento-de"],"yoast_head":"<!-- This site is optimized with the Yoast SEO plugin v27.4 - https:\/\/yoast.com\/product\/yoast-seo-wordpress\/ -->\n<title>La Cumbre de la Ingenier\u00eda aborda el equilibrio entre sostenibilidad y productividad y la gesti\u00f3n del talento -<\/title>\n<meta name=\"description\" content=\"El an\u00e1lisis sobre los desaf\u00edos que plantea la econom\u00eda global a\u00a0la ingenier\u00eda y a la competitividad de las empresas es el objetivo de la Cumbre de la Ingenier\u00eda y la Empresa, a la que asisti\u00f3 Jos\u00e9 Mazo.\" \/>\n<meta name=\"robots\" content=\"index, follow, max-snippet:-1, max-image-preview:large, max-video-preview:-1\" \/>\n<link rel=\"canonical\" href=\"https:\/\/gabitel.net\/de\/la-cumbre-de-la-ingenieria-aborda-el-equilibrio-entre-sostenibilidad-y-productividad-y-la-gestion-del-talento\/\" \/>\n<meta property=\"og:locale\" content=\"de_DE\" \/>\n<meta property=\"og:type\" content=\"article\" \/>\n<meta property=\"og:title\" content=\"La Cumbre de la Ingenier\u00eda aborda el equilibrio entre sostenibilidad y productividad y la gesti\u00f3n del talento -\" \/>\n<meta property=\"og:description\" content=\"El an\u00e1lisis sobre los desaf\u00edos que plantea la econom\u00eda global a\u00a0la ingenier\u00eda y a la competitividad de las empresas es el objetivo de la Cumbre de la Ingenier\u00eda y la Empresa, a la que asisti\u00f3 Jos\u00e9 Mazo.\" \/>\n<meta property=\"og:url\" content=\"https:\/\/gabitel.net\/de\/la-cumbre-de-la-ingenieria-aborda-el-equilibrio-entre-sostenibilidad-y-productividad-y-la-gestion-del-talento\/\" \/>\n<meta property=\"og:site_name\" content=\"Gabitel\" \/>\n<meta property=\"article:publisher\" content=\"https:\/\/www.facebook.com\/gabitelingenieros\/\" \/>\n<meta property=\"article:published_time\" content=\"2025-05-23T08:21:00+00:00\" \/>\n<meta property=\"article:modified_time\" content=\"2026-04-17T06:52:36+00:00\" \/>\n<meta property=\"og:image\" content=\"https:\/\/gabitel.net\/wp-content\/uploads\/2025\/05\/Multimedia-10.jpg\" \/>\n\t<meta property=\"og:image:width\" content=\"2312\" \/>\n\t<meta property=\"og:image:height\" content=\"1296\" \/>\n\t<meta property=\"og:image:type\" content=\"image\/jpeg\" \/>\n<meta name=\"author\" content=\"user.autor\" \/>\n<meta name=\"twitter:card\" content=\"summary_large_image\" \/>\n<meta name=\"twitter:label1\" content=\"Verfasst von\" \/>\n\t<meta name=\"twitter:data1\" content=\"user.autor\" \/>\n\t<meta name=\"twitter:label2\" content=\"Gesch\u00e4tzte Lesezeit\" \/>\n\t<meta name=\"twitter:data2\" content=\"4\u00a0Minuten\" \/>\n<script type=\"application\/ld+json\" class=\"yoast-schema-graph\">{\"@context\":\"https:\\\/\\\/schema.org\",\"@graph\":[{\"@type\":[\"Article\",\"BlogPosting\"],\"@id\":\"https:\\\/\\\/gabitel.net\\\/de\\\/la-cumbre-de-la-ingenieria-aborda-el-equilibrio-entre-sostenibilidad-y-productividad-y-la-gestion-del-talento\\\/#article\",\"isPartOf\":{\"@id\":\"https:\\\/\\\/gabitel.net\\\/de\\\/la-cumbre-de-la-ingenieria-aborda-el-equilibrio-entre-sostenibilidad-y-productividad-y-la-gestion-del-talento\\\/\"},\"author\":{\"name\":\"user.autor\",\"@id\":\"https:\\\/\\\/gabitel.net\\\/de\\\/#\\\/schema\\\/person\\\/37ba53714c3fedb9c7d22f4bc781465c\"},\"headline\":\"La Cumbre de la Ingenier\u00eda aborda el equilibrio entre sostenibilidad y productividad y la gesti\u00f3n del talento\",\"datePublished\":\"2025-05-23T08:21:00+00:00\",\"dateModified\":\"2026-04-17T06:52:36+00:00\",\"mainEntityOfPage\":{\"@id\":\"https:\\\/\\\/gabitel.net\\\/de\\\/la-cumbre-de-la-ingenieria-aborda-el-equilibrio-entre-sostenibilidad-y-productividad-y-la-gestion-del-talento\\\/\"},\"wordCount\":459,\"publisher\":{\"@id\":\"https:\\\/\\\/gabitel.net\\\/de\\\/#organization\"},\"image\":{\"@id\":\"https:\\\/\\\/gabitel.net\\\/de\\\/la-cumbre-de-la-ingenieria-aborda-el-equilibrio-entre-sostenibilidad-y-productividad-y-la-gestion-del-talento\\\/#primaryimage\"},\"thumbnailUrl\":\"https:\\\/\\\/gabitel.net\\\/wp-content\\\/uploads\\\/2025\\\/05\\\/Multimedia-10.jpg\",\"keywords\":[\"competitividad\",\"cumbre\",\"empresa\",\"EOI\",\"Gabitel\",\"Ingenieurwesen\",\"productividad\",\"talento\"],\"articleSection\":[\"Blog\",\"News\",\"Newsletter\"],\"inLanguage\":\"de\"},{\"@type\":\"WebPage\",\"@id\":\"https:\\\/\\\/gabitel.net\\\/de\\\/la-cumbre-de-la-ingenieria-aborda-el-equilibrio-entre-sostenibilidad-y-productividad-y-la-gestion-del-talento\\\/\",\"url\":\"https:\\\/\\\/gabitel.net\\\/de\\\/la-cumbre-de-la-ingenieria-aborda-el-equilibrio-entre-sostenibilidad-y-productividad-y-la-gestion-del-talento\\\/\",\"name\":\"La Cumbre de la Ingenier\u00eda aborda el equilibrio entre sostenibilidad y productividad y la gesti\u00f3n del talento -\",\"isPartOf\":{\"@id\":\"https:\\\/\\\/gabitel.net\\\/de\\\/#website\"},\"primaryImageOfPage\":{\"@id\":\"https:\\\/\\\/gabitel.net\\\/de\\\/la-cumbre-de-la-ingenieria-aborda-el-equilibrio-entre-sostenibilidad-y-productividad-y-la-gestion-del-talento\\\/#primaryimage\"},\"image\":{\"@id\":\"https:\\\/\\\/gabitel.net\\\/de\\\/la-cumbre-de-la-ingenieria-aborda-el-equilibrio-entre-sostenibilidad-y-productividad-y-la-gestion-del-talento\\\/#primaryimage\"},\"thumbnailUrl\":\"https:\\\/\\\/gabitel.net\\\/wp-content\\\/uploads\\\/2025\\\/05\\\/Multimedia-10.jpg\",\"datePublished\":\"2025-05-23T08:21:00+00:00\",\"dateModified\":\"2026-04-17T06:52:36+00:00\",\"description\":\"El an\u00e1lisis sobre los desaf\u00edos que plantea la econom\u00eda global a\u00a0la ingenier\u00eda y a la competitividad de las empresas es el objetivo de la Cumbre de la Ingenier\u00eda y la Empresa, a la que asisti\u00f3 Jos\u00e9 Mazo.\",\"breadcrumb\":{\"@id\":\"https:\\\/\\\/gabitel.net\\\/de\\\/la-cumbre-de-la-ingenieria-aborda-el-equilibrio-entre-sostenibilidad-y-productividad-y-la-gestion-del-talento\\\/#breadcrumb\"},\"inLanguage\":\"de\",\"potentialAction\":[{\"@type\":\"ReadAction\",\"target\":[\"https:\\\/\\\/gabitel.net\\\/de\\\/la-cumbre-de-la-ingenieria-aborda-el-equilibrio-entre-sostenibilidad-y-productividad-y-la-gestion-del-talento\\\/\"]}]},{\"@type\":\"ImageObject\",\"inLanguage\":\"de\",\"@id\":\"https:\\\/\\\/gabitel.net\\\/de\\\/la-cumbre-de-la-ingenieria-aborda-el-equilibrio-entre-sostenibilidad-y-productividad-y-la-gestion-del-talento\\\/#primaryimage\",\"url\":\"https:\\\/\\\/gabitel.net\\\/wp-content\\\/uploads\\\/2025\\\/05\\\/Multimedia-10.jpg\",\"contentUrl\":\"https:\\\/\\\/gabitel.net\\\/wp-content\\\/uploads\\\/2025\\\/05\\\/Multimedia-10.jpg\",\"width\":2312,\"height\":1296,\"caption\":\"La Cumbre de la Ingenier\u00eda aborda el equilibrio entre sostenibilidad y productividad y la gesti\u00f3n del talento\"},{\"@type\":\"BreadcrumbList\",\"@id\":\"https:\\\/\\\/gabitel.net\\\/de\\\/la-cumbre-de-la-ingenieria-aborda-el-equilibrio-entre-sostenibilidad-y-productividad-y-la-gestion-del-talento\\\/#breadcrumb\",\"itemListElement\":[{\"@type\":\"ListItem\",\"position\":1,\"name\":\"Portada\",\"item\":\"https:\\\/\\\/gabitel.net\\\/de\\\/\"},{\"@type\":\"ListItem\",\"position\":2,\"name\":\"La Cumbre de la Ingenier\u00eda aborda el equilibrio entre sostenibilidad y productividad y la gesti\u00f3n del talento\"}]},{\"@type\":\"WebSite\",\"@id\":\"https:\\\/\\\/gabitel.net\\\/de\\\/#website\",\"url\":\"https:\\\/\\\/gabitel.net\\\/de\\\/\",\"name\":\"Gabitel\",\"description\":\"\",\"publisher\":{\"@id\":\"https:\\\/\\\/gabitel.net\\\/de\\\/#organization\"},\"potentialAction\":[{\"@type\":\"SearchAction\",\"target\":{\"@type\":\"EntryPoint\",\"urlTemplate\":\"https:\\\/\\\/gabitel.net\\\/de\\\/?s={search_term_string}\"},\"query-input\":{\"@type\":\"PropertyValueSpecification\",\"valueRequired\":true,\"valueName\":\"search_term_string\"}}],\"inLanguage\":\"de\"},{\"@type\":\"Organization\",\"@id\":\"https:\\\/\\\/gabitel.net\\\/de\\\/#organization\",\"name\":\"Gabitel\",\"url\":\"https:\\\/\\\/gabitel.net\\\/de\\\/\",\"logo\":{\"@type\":\"ImageObject\",\"inLanguage\":\"de\",\"@id\":\"https:\\\/\\\/gabitel.net\\\/de\\\/#\\\/schema\\\/logo\\\/image\\\/\",\"url\":\"https:\\\/\\\/gabitel.net\\\/wp-content\\\/uploads\\\/2025\\\/05\\\/logo_gabitel.jpg\",\"contentUrl\":\"https:\\\/\\\/gabitel.net\\\/wp-content\\\/uploads\\\/2025\\\/05\\\/logo_gabitel.jpg\",\"width\":2560,\"height\":1330,\"caption\":\"Gabitel\"},\"image\":{\"@id\":\"https:\\\/\\\/gabitel.net\\\/de\\\/#\\\/schema\\\/logo\\\/image\\\/\"},\"sameAs\":[\"https:\\\/\\\/www.facebook.com\\\/gabitelingenieros\\\/\",\"https:\\\/\\\/es.linkedin.com\\\/company\\\/gabitel-ingenieros\"]},{\"@type\":\"Person\",\"@id\":\"https:\\\/\\\/gabitel.net\\\/de\\\/#\\\/schema\\\/person\\\/37ba53714c3fedb9c7d22f4bc781465c\",\"name\":\"user.autor\",\"url\":\"https:\\\/\\\/gabitel.net\\\/de\\\/author\\\/user-autor\\\/\"}]}<\/script>\n<!-- \/ Yoast SEO plugin. -->","yoast_head_json":{"title":"La Cumbre de la Ingenier\u00eda aborda el equilibrio entre sostenibilidad y productividad y la gesti\u00f3n del talento -","description":"El an\u00e1lisis sobre los desaf\u00edos que plantea la econom\u00eda global a\u00a0la ingenier\u00eda y a la competitividad de las empresas es el objetivo de la Cumbre de la Ingenier\u00eda y la Empresa, a la que asisti\u00f3 Jos\u00e9 Mazo.","robots":{"index":"index","follow":"follow","max-snippet":"max-snippet:-1","max-image-preview":"max-image-preview:large","max-video-preview":"max-video-preview:-1"},"canonical":"https:\/\/gabitel.net\/de\/la-cumbre-de-la-ingenieria-aborda-el-equilibrio-entre-sostenibilidad-y-productividad-y-la-gestion-del-talento\/","og_locale":"de_DE","og_type":"article","og_title":"La Cumbre de la Ingenier\u00eda aborda el equilibrio entre sostenibilidad y productividad y la gesti\u00f3n del talento -","og_description":"El an\u00e1lisis sobre los desaf\u00edos que plantea la econom\u00eda global a\u00a0la ingenier\u00eda y a la competitividad de las empresas es el objetivo de la Cumbre de la Ingenier\u00eda y la Empresa, a la que asisti\u00f3 Jos\u00e9 Mazo.","og_url":"https:\/\/gabitel.net\/de\/la-cumbre-de-la-ingenieria-aborda-el-equilibrio-entre-sostenibilidad-y-productividad-y-la-gestion-del-talento\/","og_site_name":"Gabitel","article_publisher":"https:\/\/www.facebook.com\/gabitelingenieros\/","article_published_time":"2025-05-23T08:21:00+00:00","article_modified_time":"2026-04-17T06:52:36+00:00","og_image":[{"width":2312,"height":1296,"url":"https:\/\/gabitel.net\/wp-content\/uploads\/2025\/05\/Multimedia-10.jpg","type":"image\/jpeg"}],"author":"user.autor","twitter_card":"summary_large_image","twitter_misc":{"Verfasst von":"user.autor","Gesch\u00e4tzte Lesezeit":"4\u00a0Minuten"},"schema":{"@context":"https:\/\/schema.org","@graph":[{"@type":["Article","BlogPosting"],"@id":"https:\/\/gabitel.net\/de\/la-cumbre-de-la-ingenieria-aborda-el-equilibrio-entre-sostenibilidad-y-productividad-y-la-gestion-del-talento\/#article","isPartOf":{"@id":"https:\/\/gabitel.net\/de\/la-cumbre-de-la-ingenieria-aborda-el-equilibrio-entre-sostenibilidad-y-productividad-y-la-gestion-del-talento\/"},"author":{"name":"user.autor","@id":"https:\/\/gabitel.net\/de\/#\/schema\/person\/37ba53714c3fedb9c7d22f4bc781465c"},"headline":"La Cumbre de la Ingenier\u00eda aborda el equilibrio entre sostenibilidad y productividad y la gesti\u00f3n del talento","datePublished":"2025-05-23T08:21:00+00:00","dateModified":"2026-04-17T06:52:36+00:00","mainEntityOfPage":{"@id":"https:\/\/gabitel.net\/de\/la-cumbre-de-la-ingenieria-aborda-el-equilibrio-entre-sostenibilidad-y-productividad-y-la-gestion-del-talento\/"},"wordCount":459,"publisher":{"@id":"https:\/\/gabitel.net\/de\/#organization"},"image":{"@id":"https:\/\/gabitel.net\/de\/la-cumbre-de-la-ingenieria-aborda-el-equilibrio-entre-sostenibilidad-y-productividad-y-la-gestion-del-talento\/#primaryimage"},"thumbnailUrl":"https:\/\/gabitel.net\/wp-content\/uploads\/2025\/05\/Multimedia-10.jpg","keywords":["competitividad","cumbre","empresa","EOI","Gabitel","Ingenieurwesen","productividad","talento"],"articleSection":["Blog","News","Newsletter"],"inLanguage":"de"},{"@type":"WebPage","@id":"https:\/\/gabitel.net\/de\/la-cumbre-de-la-ingenieria-aborda-el-equilibrio-entre-sostenibilidad-y-productividad-y-la-gestion-del-talento\/","url":"https:\/\/gabitel.net\/de\/la-cumbre-de-la-ingenieria-aborda-el-equilibrio-entre-sostenibilidad-y-productividad-y-la-gestion-del-talento\/","name":"La Cumbre de la Ingenier\u00eda aborda el equilibrio entre sostenibilidad y productividad y la gesti\u00f3n del talento -","isPartOf":{"@id":"https:\/\/gabitel.net\/de\/#website"},"primaryImageOfPage":{"@id":"https:\/\/gabitel.net\/de\/la-cumbre-de-la-ingenieria-aborda-el-equilibrio-entre-sostenibilidad-y-productividad-y-la-gestion-del-talento\/#primaryimage"},"image":{"@id":"https:\/\/gabitel.net\/de\/la-cumbre-de-la-ingenieria-aborda-el-equilibrio-entre-sostenibilidad-y-productividad-y-la-gestion-del-talento\/#primaryimage"},"thumbnailUrl":"https:\/\/gabitel.net\/wp-content\/uploads\/2025\/05\/Multimedia-10.jpg","datePublished":"2025-05-23T08:21:00+00:00","dateModified":"2026-04-17T06:52:36+00:00","description":"El an\u00e1lisis sobre los desaf\u00edos que plantea la econom\u00eda global a\u00a0la ingenier\u00eda y a la competitividad de las empresas es el objetivo de la Cumbre de la Ingenier\u00eda y la Empresa, a la que asisti\u00f3 Jos\u00e9 Mazo.","breadcrumb":{"@id":"https:\/\/gabitel.net\/de\/la-cumbre-de-la-ingenieria-aborda-el-equilibrio-entre-sostenibilidad-y-productividad-y-la-gestion-del-talento\/#breadcrumb"},"inLanguage":"de","potentialAction":[{"@type":"ReadAction","target":["https:\/\/gabitel.net\/de\/la-cumbre-de-la-ingenieria-aborda-el-equilibrio-entre-sostenibilidad-y-productividad-y-la-gestion-del-talento\/"]}]},{"@type":"ImageObject","inLanguage":"de","@id":"https:\/\/gabitel.net\/de\/la-cumbre-de-la-ingenieria-aborda-el-equilibrio-entre-sostenibilidad-y-productividad-y-la-gestion-del-talento\/#primaryimage","url":"https:\/\/gabitel.net\/wp-content\/uploads\/2025\/05\/Multimedia-10.jpg","contentUrl":"https:\/\/gabitel.net\/wp-content\/uploads\/2025\/05\/Multimedia-10.jpg","width":2312,"height":1296,"caption":"La Cumbre de la Ingenier\u00eda aborda el equilibrio entre sostenibilidad y productividad y la gesti\u00f3n del talento"},{"@type":"BreadcrumbList","@id":"https:\/\/gabitel.net\/de\/la-cumbre-de-la-ingenieria-aborda-el-equilibrio-entre-sostenibilidad-y-productividad-y-la-gestion-del-talento\/#breadcrumb","itemListElement":[{"@type":"ListItem","position":1,"name":"Portada","item":"https:\/\/gabitel.net\/de\/"},{"@type":"ListItem","position":2,"name":"La Cumbre de la Ingenier\u00eda aborda el equilibrio entre sostenibilidad y productividad y la gesti\u00f3n del talento"}]},{"@type":"WebSite","@id":"https:\/\/gabitel.net\/de\/#website","url":"https:\/\/gabitel.net\/de\/","name":"Gabitel","description":"","publisher":{"@id":"https:\/\/gabitel.net\/de\/#organization"},"potentialAction":[{"@type":"SearchAction","target":{"@type":"EntryPoint","urlTemplate":"https:\/\/gabitel.net\/de\/?s={search_term_string}"},"query-input":{"@type":"PropertyValueSpecification","valueRequired":true,"valueName":"search_term_string"}}],"inLanguage":"de"},{"@type":"Organization","@id":"https:\/\/gabitel.net\/de\/#organization","name":"Gabitel","url":"https:\/\/gabitel.net\/de\/","logo":{"@type":"ImageObject","inLanguage":"de","@id":"https:\/\/gabitel.net\/de\/#\/schema\/logo\/image\/","url":"https:\/\/gabitel.net\/wp-content\/uploads\/2025\/05\/logo_gabitel.jpg","contentUrl":"https:\/\/gabitel.net\/wp-content\/uploads\/2025\/05\/logo_gabitel.jpg","width":2560,"height":1330,"caption":"Gabitel"},"image":{"@id":"https:\/\/gabitel.net\/de\/#\/schema\/logo\/image\/"},"sameAs":["https:\/\/www.facebook.com\/gabitelingenieros\/","https:\/\/es.linkedin.com\/company\/gabitel-ingenieros"]},{"@type":"Person","@id":"https:\/\/gabitel.net\/de\/#\/schema\/person\/37ba53714c3fedb9c7d22f4bc781465c","name":"user.autor","url":"https:\/\/gabitel.net\/de\/author\/user-autor\/"}]}},"_links":{"self":[{"href":"https:\/\/gabitel.net\/de\/wp-json\/wp\/v2\/posts\/32069","targetHints":{"allow":["GET"]}}],"collection":[{"href":"https:\/\/gabitel.net\/de\/wp-json\/wp\/v2\/posts"}],"about":[{"href":"https:\/\/gabitel.net\/de\/wp-json\/wp\/v2\/types\/post"}],"author":[{"embeddable":true,"href":"https:\/\/gabitel.net\/de\/wp-json\/wp\/v2\/users\/3"}],"replies":[{"embeddable":true,"href":"https:\/\/gabitel.net\/de\/wp-json\/wp\/v2\/comments?post=32069"}],"version-history":[{"count":4,"href":"https:\/\/gabitel.net\/de\/wp-json\/wp\/v2\/posts\/32069\/revisions"}],"predecessor-version":[{"id":36094,"href":"https:\/\/gabitel.net\/de\/wp-json\/wp\/v2\/posts\/32069\/revisions\/36094"}],"wp:featuredmedia":[{"embeddable":true,"href":"https:\/\/gabitel.net\/de\/wp-json\/wp\/v2\/media\/32070"}],"wp:attachment":[{"href":"https:\/\/gabitel.net\/de\/wp-json\/wp\/v2\/media?parent=32069"}],"wp:term":[{"taxonomy":"category","embeddable":true,"href":"https:\/\/gabitel.net\/de\/wp-json\/wp\/v2\/categories?post=32069"},{"taxonomy":"post_tag","embeddable":true,"href":"https:\/\/gabitel.net\/de\/wp-json\/wp\/v2\/tags?post=32069"}],"curies":[{"name":"wp","href":"https:\/\/api.w.org\/{rel}","templated":true}]}}