{"id":32125,"date":"2025-06-24T13:54:58","date_gmt":"2025-06-24T11:54:58","guid":{"rendered":"https:\/\/gabitel.net\/gabitel-participa-en-unas-jornadas-que-abordan-el-potencial-de-huelva-para-la-captacion-de-inversiones\/"},"modified":"2025-07-02T11:09:53","modified_gmt":"2025-07-02T09:09:53","slug":"gabitel-participa-en-unas-jornadas-que-abordan-el-potencial-de-huelva-para-la-captacion-de-inversiones","status":"publish","type":"post","link":"https:\/\/gabitel.net\/de\/gabitel-participa-en-unas-jornadas-que-abordan-el-potencial-de-huelva-para-la-captacion-de-inversiones\/","title":{"rendered":"Gabitel nimmt an einer Konferenz teil, die das Potenzial von Huelva f\u00fcr die Anziehung von Investitionen behandelt."},"content":{"rendered":"<p>Die Provinz Huelva verf\u00fcgt \u00fcber zahlreiche nat\u00fcrliche Ressourcen und hat sich, angetrieben durch die globale Herausforderung der Dekarbonisierung, den Energiewandel und die Nutzung erneuerbarer Energien und deren Derivate, zu einem starken nationalen und internationalen Anziehungspunkt f\u00fcr Investitionen in strategischen Sektoren f\u00fcr ihre nachhaltige Entwicklung entwickelt.<\/p>\n<p>Um ihre Vorz\u00fcge und Vorteile f\u00fcr Investitionen zu analysieren, fanden heute im Espacio Fundaci\u00f3n Telef\u00f3nica in Madrid die Veranstaltung \u201eInvestieren in Huelva\u201c statt, organisiert von der Zeitschrift Andaluc\u00eda Econ\u00f3mica, mit der Teilnahme herausragender Vertreter von Institutionen, Verwaltungen und f\u00fchrenden Unternehmen des wirtschaftlichen Gef\u00fcges von Huelva, um das Potenzial der Provinz in strategischen Sektoren wie Energie, Industrie, Bergbau, Wasser, Agrarlebensmittel und Infrastruktur zu f\u00f6rdern.<\/p>\n<p><a href=\"https:\/\/gabitel.net\/wp-content\/uploads\/2025\/06\/IMG-20250624-WA0016-1024x768.jpg\"><img fetchpriority=\"high\" decoding=\"async\" src=\"https:\/\/gabitel.net\/wp-content\/uploads\/2025\/06\/IMG-20250624-WA0016-1024x768.jpg\" alt=\"\" width=\"1024\" height=\"768\" \/><\/a><\/p>\n<p>Huelva hat in den letzten zwei Jahren mit mehr als <strong>5,8 Milliarden Euro<\/strong> die Anziehung industrieller Investitionen in Spanien angef\u00fchrt, was bis zu 53 % aller industriellen Investitionen in Andalusien entspricht.<\/p>\n<p>An der Veranstaltung nahm eine Delegation von Gabitel teil, angef\u00fchrt von ihrem Generaldirektor Juan Andr\u00e9s Reales und dem Direktor f\u00fcr Gesch\u00e4ftsentwicklung und die Abteilung f\u00fcr erneuerbare Energien, Jos\u00e9 Ra\u00fal Tejero. Die Er\u00f6ffnung erfolgte durch Roc\u00edo Blanco, Ministerin f\u00fcr Besch\u00e4ftigung, Unternehmen und Selbstst\u00e4ndige der Junta de Andaluc\u00eda; David Toscano, Pr\u00e4sident der Provinzregierung von Huelva; Pilar Miranda, B\u00fcrgermeisterin von Huelva; Jos\u00e9 Luis Garc\u00eda-Palacios, Pr\u00e4sident des Unternehmerverbands von Huelva; und Alfredo Ch\u00e1varri, Gesch\u00e4ftsf\u00fchrer von Andaluc\u00eda Econ\u00f3mica.<\/p>\n<p><a href=\"https:\/\/gabitel.net\/wp-content\/uploads\/2025\/06\/IMG-20250624-WA0010-1024x768.jpg\"><img decoding=\"async\" src=\"https:\/\/gabitel.net\/wp-content\/uploads\/2025\/06\/IMG-20250624-WA0010-1024x768.jpg\" alt=\"heute fanden im Espacio Fundaci\u00f3n Telef\u00f3nica in Madrid die Veranstaltung \u201eInvestieren in Huelva\u201c statt, organisiert von der Zeitschrift Andaluc\u00eda Econ\u00f3mica, mit der Teilnahme herausragender Vertreter von Institutionen, Verwaltungen und f\u00fchrenden Unternehmen des wirtschaftlichen Gef\u00fcges von Huelva, um das Potenzial der Provinz in strategischen Sektoren wie Energie, Industrie, Bergbau, Wasser, Agrarlebensmittel und Infrastruktur zu f\u00f6rdern.\" width=\"1024\" height=\"768\" \/><\/a><\/p>\n<p>Die erste von vier Podiumsdiskussionen der Veranstaltung mit dem Titel \u201eEnergie und Wasser\u201c umfasste die Teilnahme von Antonio Joyanes, Direktor der Energy Parks bei Moeve; Antonio Fern\u00e1ndez, Delegierter von Iberdrola in Andalusien; und Higinio Mart\u00ednez, Leiter der S\u00fcdzone bei Aqualia.<\/p>\n<p>Die zweite Podiumsdiskussion mit dem Titel \u201eIndustrie und Bergbau\u201c bestand aus Macarena Guti\u00e9rrez, CEO von Atlantic Copper; Vicente Granados, CEO des Instituto Espa\u00f1ol; und M\u00aa Paz Curto, Finanzdirektorin von Sandfire Matsa; w\u00e4hrend an der dritten, \u201eBoden und Infrastruktur\u201c, Alberto Santana, Pr\u00e4sident der Hafenbeh\u00f6rde von Huelva; Alberto Fern\u00e1ndez, B\u00fcrgermeister von Ayamonte und Vizepr\u00e4sident der Provinzregierung von Huelva; Milagros Romero, B\u00fcrgermeisterin von Palos de la Frontera; Manuel Contreras, Pr\u00e4sident der Grupo Azvi; und Fernando Zurita, Leiter der Immobilienentwicklung bei Alvores, teilnahmen.<\/p>\n<p>Die vierte und letzte Podiumsdiskussion mit dem Titel \u201eAgro-Lebensmittel\u201c wurde von Francisco S\u00e1nchez, CEO von Onubafruit; Joaqu\u00edn Malag\u00f3n, Gesch\u00e4ftsf\u00fchrer von Hudisa; Juan Manuel Arenas, Leiter von Fresas Nuevos Materiales; und Xanty El\u00edas, K\u00fcchenchef und Gr\u00fcnder der Grupo Xanty El\u00edas, bestritten.<\/p>\n<p>Den kr\u00f6nenden Abschluss der Veranstaltung bildete ein Empfang, bei dem die Teilnehmer die gastronomischen K\u00f6stlichkeiten der Provinz Huelva genie\u00dfen konnten.<\/p>\n","protected":false},"excerpt":{"rendered":"<p>Die Provinz Huelva verf\u00fcgt \u00fcber zahlreiche nat\u00fcrliche Ressourcen und hat sich, angetrieben durch die globale Herausforderung der Dekarbonisierung, den Energiewandel und die Nutzung erneuerbarer Energien und deren Derivate, zu einem starken nationalen und internationalen Anziehungspunkt f\u00fcr Investitionen in strategischen Sektoren f\u00fcr ihre nachhaltige Entwicklung entwickelt. Um ihre Vorz\u00fcge und Vorteile f\u00fcr Investitionen zu analysieren, fanden [&hellip;]<\/p>\n","protected":false},"author":4,"featured_media":32171,"comment_status":"closed","ping_status":"closed","sticky":false,"template":"","format":"standard","meta":{"content-type":"","footnotes":""},"categories":[413,412,414],"tags":[415,416,419,666,667,668,669,468],"class_list":["post-32125","post","type-post","status-publish","format-standard","has-post-thumbnail","hentry","category-blog-de","category-news-de","category-newsletter-de","tag-energie","tag-gabitel-de","tag-industrie","tag-inversiones-de","tag-jornadas-de","tag-madrid-de","tag-recursos-de","tag-renovables-de"],"yoast_head":"<!-- This site is optimized with the Yoast SEO plugin v27.4 - https:\/\/yoast.com\/product\/yoast-seo-wordpress\/ -->\n<title>Gabitel nimmt an einer Konferenz teil, die das Potenzial von Huelva f\u00fcr die Anziehung von Investitionen behandelt. - Gabitel<\/title>\n<meta name=\"description\" content=\"Las jornadas Invertir en Huelva, organizadas por la Revista Andaluc\u00eda Econ\u00f3mica, re\u00fanen a destacados representantes de instituciones, administraciones y empresas de referencia del tejido econ\u00f3mico onubense para promocionar el potencial que ofrece la provincia en sectores estrat\u00e9gicos como energ\u00eda, industria, minas, aguas, agroalimentario e infraestructuras.\" \/>\n<meta name=\"robots\" content=\"index, follow, max-snippet:-1, max-image-preview:large, max-video-preview:-1\" \/>\n<link rel=\"canonical\" href=\"https:\/\/gabitel.net\/de\/gabitel-participa-en-unas-jornadas-que-abordan-el-potencial-de-huelva-para-la-captacion-de-inversiones\/\" \/>\n<meta property=\"og:locale\" content=\"de_DE\" \/>\n<meta property=\"og:type\" content=\"article\" \/>\n<meta property=\"og:title\" content=\"Gabitel nimmt an einer Konferenz teil, die das Potenzial von Huelva f\u00fcr die Anziehung von Investitionen behandelt. - Gabitel\" \/>\n<meta property=\"og:description\" content=\"Las jornadas Invertir en Huelva, organizadas por la Revista Andaluc\u00eda Econ\u00f3mica, re\u00fanen a destacados representantes de instituciones, administraciones y empresas de referencia del tejido econ\u00f3mico onubense para promocionar el potencial que ofrece la provincia en sectores estrat\u00e9gicos como energ\u00eda, industria, minas, aguas, agroalimentario e infraestructuras.\" \/>\n<meta property=\"og:url\" content=\"https:\/\/gabitel.net\/de\/gabitel-participa-en-unas-jornadas-que-abordan-el-potencial-de-huelva-para-la-captacion-de-inversiones\/\" \/>\n<meta property=\"og:site_name\" content=\"Gabitel\" \/>\n<meta property=\"article:publisher\" content=\"https:\/\/www.facebook.com\/gabitelingenieros\/\" \/>\n<meta property=\"article:published_time\" content=\"2025-06-24T11:54:58+00:00\" \/>\n<meta property=\"article:modified_time\" content=\"2025-07-02T09:09:53+00:00\" \/>\n<meta property=\"og:image\" content=\"https:\/\/gabitel.net\/wp-content\/uploads\/2025\/06\/captacion_inversiones_Gabitel.jpeg\" \/>\n\t<meta property=\"og:image:width\" content=\"1280\" \/>\n\t<meta property=\"og:image:height\" content=\"960\" \/>\n\t<meta property=\"og:image:type\" content=\"image\/jpeg\" \/>\n<meta name=\"author\" content=\"RRSS\" \/>\n<meta name=\"twitter:card\" content=\"summary_large_image\" \/>\n<meta name=\"twitter:label1\" content=\"Verfasst von\" \/>\n\t<meta name=\"twitter:data1\" content=\"RRSS\" \/>\n\t<meta name=\"twitter:label2\" content=\"Gesch\u00e4tzte Lesezeit\" \/>\n\t<meta name=\"twitter:data2\" content=\"3\u00a0Minuten\" \/>\n<script type=\"application\/ld+json\" class=\"yoast-schema-graph\">{\"@context\":\"https:\\\/\\\/schema.org\",\"@graph\":[{\"@type\":[\"Article\",\"BlogPosting\"],\"@id\":\"https:\\\/\\\/gabitel.net\\\/de\\\/gabitel-participa-en-unas-jornadas-que-abordan-el-potencial-de-huelva-para-la-captacion-de-inversiones\\\/#article\",\"isPartOf\":{\"@id\":\"https:\\\/\\\/gabitel.net\\\/de\\\/gabitel-participa-en-unas-jornadas-que-abordan-el-potencial-de-huelva-para-la-captacion-de-inversiones\\\/\"},\"author\":{\"name\":\"RRSS\",\"@id\":\"https:\\\/\\\/gabitel.net\\\/de\\\/#\\\/schema\\\/person\\\/ce019f62678e1de8617e97873813dc44\"},\"headline\":\"Gabitel nimmt an einer Konferenz teil, die das Potenzial von Huelva f\u00fcr die Anziehung von Investitionen behandelt.\",\"datePublished\":\"2025-06-24T11:54:58+00:00\",\"dateModified\":\"2025-07-02T09:09:53+00:00\",\"mainEntityOfPage\":{\"@id\":\"https:\\\/\\\/gabitel.net\\\/de\\\/gabitel-participa-en-unas-jornadas-que-abordan-el-potencial-de-huelva-para-la-captacion-de-inversiones\\\/\"},\"wordCount\":466,\"publisher\":{\"@id\":\"https:\\\/\\\/gabitel.net\\\/de\\\/#organization\"},\"image\":{\"@id\":\"https:\\\/\\\/gabitel.net\\\/de\\\/gabitel-participa-en-unas-jornadas-que-abordan-el-potencial-de-huelva-para-la-captacion-de-inversiones\\\/#primaryimage\"},\"thumbnailUrl\":\"https:\\\/\\\/gabitel.net\\\/wp-content\\\/uploads\\\/2025\\\/06\\\/captacion_inversiones_Gabitel.jpeg\",\"keywords\":[\"Energie\",\"Gabitel\",\"Industrie\",\"inversiones\",\"jornadas\",\"Madrid\",\"recursos\",\"Renovables\"],\"articleSection\":[\"Blog\",\"News\",\"Newsletter\"],\"inLanguage\":\"de\"},{\"@type\":\"WebPage\",\"@id\":\"https:\\\/\\\/gabitel.net\\\/de\\\/gabitel-participa-en-unas-jornadas-que-abordan-el-potencial-de-huelva-para-la-captacion-de-inversiones\\\/\",\"url\":\"https:\\\/\\\/gabitel.net\\\/de\\\/gabitel-participa-en-unas-jornadas-que-abordan-el-potencial-de-huelva-para-la-captacion-de-inversiones\\\/\",\"name\":\"Gabitel nimmt an einer Konferenz teil, die das Potenzial von Huelva f\u00fcr die Anziehung von Investitionen behandelt. - Gabitel\",\"isPartOf\":{\"@id\":\"https:\\\/\\\/gabitel.net\\\/de\\\/#website\"},\"primaryImageOfPage\":{\"@id\":\"https:\\\/\\\/gabitel.net\\\/de\\\/gabitel-participa-en-unas-jornadas-que-abordan-el-potencial-de-huelva-para-la-captacion-de-inversiones\\\/#primaryimage\"},\"image\":{\"@id\":\"https:\\\/\\\/gabitel.net\\\/de\\\/gabitel-participa-en-unas-jornadas-que-abordan-el-potencial-de-huelva-para-la-captacion-de-inversiones\\\/#primaryimage\"},\"thumbnailUrl\":\"https:\\\/\\\/gabitel.net\\\/wp-content\\\/uploads\\\/2025\\\/06\\\/captacion_inversiones_Gabitel.jpeg\",\"datePublished\":\"2025-06-24T11:54:58+00:00\",\"dateModified\":\"2025-07-02T09:09:53+00:00\",\"description\":\"Las jornadas Invertir en Huelva, organizadas por la Revista Andaluc\u00eda Econ\u00f3mica, re\u00fanen a destacados representantes de instituciones, administraciones y empresas de referencia del tejido econ\u00f3mico onubense para promocionar el potencial que ofrece la provincia en sectores estrat\u00e9gicos como energ\u00eda, industria, minas, aguas, agroalimentario e infraestructuras.\",\"breadcrumb\":{\"@id\":\"https:\\\/\\\/gabitel.net\\\/de\\\/gabitel-participa-en-unas-jornadas-que-abordan-el-potencial-de-huelva-para-la-captacion-de-inversiones\\\/#breadcrumb\"},\"inLanguage\":\"de\",\"potentialAction\":[{\"@type\":\"ReadAction\",\"target\":[\"https:\\\/\\\/gabitel.net\\\/de\\\/gabitel-participa-en-unas-jornadas-que-abordan-el-potencial-de-huelva-para-la-captacion-de-inversiones\\\/\"]}]},{\"@type\":\"ImageObject\",\"inLanguage\":\"de\",\"@id\":\"https:\\\/\\\/gabitel.net\\\/de\\\/gabitel-participa-en-unas-jornadas-que-abordan-el-potencial-de-huelva-para-la-captacion-de-inversiones\\\/#primaryimage\",\"url\":\"https:\\\/\\\/gabitel.net\\\/wp-content\\\/uploads\\\/2025\\\/06\\\/captacion_inversiones_Gabitel.jpeg\",\"contentUrl\":\"https:\\\/\\\/gabitel.net\\\/wp-content\\\/uploads\\\/2025\\\/06\\\/captacion_inversiones_Gabitel.jpeg\",\"width\":1280,\"height\":960,\"caption\":\"captacion_inversiones_Gabitel\"},{\"@type\":\"BreadcrumbList\",\"@id\":\"https:\\\/\\\/gabitel.net\\\/de\\\/gabitel-participa-en-unas-jornadas-que-abordan-el-potencial-de-huelva-para-la-captacion-de-inversiones\\\/#breadcrumb\",\"itemListElement\":[{\"@type\":\"ListItem\",\"position\":1,\"name\":\"Portada\",\"item\":\"https:\\\/\\\/gabitel.net\\\/de\\\/\"},{\"@type\":\"ListItem\",\"position\":2,\"name\":\"Gabitel nimmt an einer Konferenz teil, die das Potenzial von Huelva f\u00fcr die Anziehung von Investitionen behandelt.\"}]},{\"@type\":\"WebSite\",\"@id\":\"https:\\\/\\\/gabitel.net\\\/de\\\/#website\",\"url\":\"https:\\\/\\\/gabitel.net\\\/de\\\/\",\"name\":\"Gabitel\",\"description\":\"\",\"publisher\":{\"@id\":\"https:\\\/\\\/gabitel.net\\\/de\\\/#organization\"},\"potentialAction\":[{\"@type\":\"SearchAction\",\"target\":{\"@type\":\"EntryPoint\",\"urlTemplate\":\"https:\\\/\\\/gabitel.net\\\/de\\\/?s={search_term_string}\"},\"query-input\":{\"@type\":\"PropertyValueSpecification\",\"valueRequired\":true,\"valueName\":\"search_term_string\"}}],\"inLanguage\":\"de\"},{\"@type\":\"Organization\",\"@id\":\"https:\\\/\\\/gabitel.net\\\/de\\\/#organization\",\"name\":\"Gabitel\",\"url\":\"https:\\\/\\\/gabitel.net\\\/de\\\/\",\"logo\":{\"@type\":\"ImageObject\",\"inLanguage\":\"de\",\"@id\":\"https:\\\/\\\/gabitel.net\\\/de\\\/#\\\/schema\\\/logo\\\/image\\\/\",\"url\":\"https:\\\/\\\/gabitel.net\\\/wp-content\\\/uploads\\\/2025\\\/05\\\/logo_gabitel.jpg\",\"contentUrl\":\"https:\\\/\\\/gabitel.net\\\/wp-content\\\/uploads\\\/2025\\\/05\\\/logo_gabitel.jpg\",\"width\":2560,\"height\":1330,\"caption\":\"Gabitel\"},\"image\":{\"@id\":\"https:\\\/\\\/gabitel.net\\\/de\\\/#\\\/schema\\\/logo\\\/image\\\/\"},\"sameAs\":[\"https:\\\/\\\/www.facebook.com\\\/gabitelingenieros\\\/\",\"https:\\\/\\\/es.linkedin.com\\\/company\\\/gabitel-ingenieros\"]},{\"@type\":\"Person\",\"@id\":\"https:\\\/\\\/gabitel.net\\\/de\\\/#\\\/schema\\\/person\\\/ce019f62678e1de8617e97873813dc44\",\"name\":\"RRSS\",\"url\":\"https:\\\/\\\/gabitel.net\\\/de\\\/author\\\/rrss\\\/\"}]}<\/script>\n<!-- \/ Yoast SEO plugin. -->","yoast_head_json":{"title":"Gabitel nimmt an einer Konferenz teil, die das Potenzial von Huelva f\u00fcr die Anziehung von Investitionen behandelt. - Gabitel","description":"Las jornadas Invertir en Huelva, organizadas por la Revista Andaluc\u00eda Econ\u00f3mica, re\u00fanen a destacados representantes de instituciones, administraciones y empresas de referencia del tejido econ\u00f3mico onubense para promocionar el potencial que ofrece la provincia en sectores estrat\u00e9gicos como energ\u00eda, industria, minas, aguas, agroalimentario e infraestructuras.","robots":{"index":"index","follow":"follow","max-snippet":"max-snippet:-1","max-image-preview":"max-image-preview:large","max-video-preview":"max-video-preview:-1"},"canonical":"https:\/\/gabitel.net\/de\/gabitel-participa-en-unas-jornadas-que-abordan-el-potencial-de-huelva-para-la-captacion-de-inversiones\/","og_locale":"de_DE","og_type":"article","og_title":"Gabitel nimmt an einer Konferenz teil, die das Potenzial von Huelva f\u00fcr die Anziehung von Investitionen behandelt. - Gabitel","og_description":"Las jornadas Invertir en Huelva, organizadas por la Revista Andaluc\u00eda Econ\u00f3mica, re\u00fanen a destacados representantes de instituciones, administraciones y empresas de referencia del tejido econ\u00f3mico onubense para promocionar el potencial que ofrece la provincia en sectores estrat\u00e9gicos como energ\u00eda, industria, minas, aguas, agroalimentario e infraestructuras.","og_url":"https:\/\/gabitel.net\/de\/gabitel-participa-en-unas-jornadas-que-abordan-el-potencial-de-huelva-para-la-captacion-de-inversiones\/","og_site_name":"Gabitel","article_publisher":"https:\/\/www.facebook.com\/gabitelingenieros\/","article_published_time":"2025-06-24T11:54:58+00:00","article_modified_time":"2025-07-02T09:09:53+00:00","og_image":[{"width":1280,"height":960,"url":"https:\/\/gabitel.net\/wp-content\/uploads\/2025\/06\/captacion_inversiones_Gabitel.jpeg","type":"image\/jpeg"}],"author":"RRSS","twitter_card":"summary_large_image","twitter_misc":{"Verfasst von":"RRSS","Gesch\u00e4tzte Lesezeit":"3\u00a0Minuten"},"schema":{"@context":"https:\/\/schema.org","@graph":[{"@type":["Article","BlogPosting"],"@id":"https:\/\/gabitel.net\/de\/gabitel-participa-en-unas-jornadas-que-abordan-el-potencial-de-huelva-para-la-captacion-de-inversiones\/#article","isPartOf":{"@id":"https:\/\/gabitel.net\/de\/gabitel-participa-en-unas-jornadas-que-abordan-el-potencial-de-huelva-para-la-captacion-de-inversiones\/"},"author":{"name":"RRSS","@id":"https:\/\/gabitel.net\/de\/#\/schema\/person\/ce019f62678e1de8617e97873813dc44"},"headline":"Gabitel nimmt an einer Konferenz teil, die das Potenzial von Huelva f\u00fcr die Anziehung von Investitionen behandelt.","datePublished":"2025-06-24T11:54:58+00:00","dateModified":"2025-07-02T09:09:53+00:00","mainEntityOfPage":{"@id":"https:\/\/gabitel.net\/de\/gabitel-participa-en-unas-jornadas-que-abordan-el-potencial-de-huelva-para-la-captacion-de-inversiones\/"},"wordCount":466,"publisher":{"@id":"https:\/\/gabitel.net\/de\/#organization"},"image":{"@id":"https:\/\/gabitel.net\/de\/gabitel-participa-en-unas-jornadas-que-abordan-el-potencial-de-huelva-para-la-captacion-de-inversiones\/#primaryimage"},"thumbnailUrl":"https:\/\/gabitel.net\/wp-content\/uploads\/2025\/06\/captacion_inversiones_Gabitel.jpeg","keywords":["Energie","Gabitel","Industrie","inversiones","jornadas","Madrid","recursos","Renovables"],"articleSection":["Blog","News","Newsletter"],"inLanguage":"de"},{"@type":"WebPage","@id":"https:\/\/gabitel.net\/de\/gabitel-participa-en-unas-jornadas-que-abordan-el-potencial-de-huelva-para-la-captacion-de-inversiones\/","url":"https:\/\/gabitel.net\/de\/gabitel-participa-en-unas-jornadas-que-abordan-el-potencial-de-huelva-para-la-captacion-de-inversiones\/","name":"Gabitel nimmt an einer Konferenz teil, die das Potenzial von Huelva f\u00fcr die Anziehung von Investitionen behandelt. - Gabitel","isPartOf":{"@id":"https:\/\/gabitel.net\/de\/#website"},"primaryImageOfPage":{"@id":"https:\/\/gabitel.net\/de\/gabitel-participa-en-unas-jornadas-que-abordan-el-potencial-de-huelva-para-la-captacion-de-inversiones\/#primaryimage"},"image":{"@id":"https:\/\/gabitel.net\/de\/gabitel-participa-en-unas-jornadas-que-abordan-el-potencial-de-huelva-para-la-captacion-de-inversiones\/#primaryimage"},"thumbnailUrl":"https:\/\/gabitel.net\/wp-content\/uploads\/2025\/06\/captacion_inversiones_Gabitel.jpeg","datePublished":"2025-06-24T11:54:58+00:00","dateModified":"2025-07-02T09:09:53+00:00","description":"Las jornadas Invertir en Huelva, organizadas por la Revista Andaluc\u00eda Econ\u00f3mica, re\u00fanen a destacados representantes de instituciones, administraciones y empresas de referencia del tejido econ\u00f3mico onubense para promocionar el potencial que ofrece la provincia en sectores estrat\u00e9gicos como energ\u00eda, industria, minas, aguas, agroalimentario e infraestructuras.","breadcrumb":{"@id":"https:\/\/gabitel.net\/de\/gabitel-participa-en-unas-jornadas-que-abordan-el-potencial-de-huelva-para-la-captacion-de-inversiones\/#breadcrumb"},"inLanguage":"de","potentialAction":[{"@type":"ReadAction","target":["https:\/\/gabitel.net\/de\/gabitel-participa-en-unas-jornadas-que-abordan-el-potencial-de-huelva-para-la-captacion-de-inversiones\/"]}]},{"@type":"ImageObject","inLanguage":"de","@id":"https:\/\/gabitel.net\/de\/gabitel-participa-en-unas-jornadas-que-abordan-el-potencial-de-huelva-para-la-captacion-de-inversiones\/#primaryimage","url":"https:\/\/gabitel.net\/wp-content\/uploads\/2025\/06\/captacion_inversiones_Gabitel.jpeg","contentUrl":"https:\/\/gabitel.net\/wp-content\/uploads\/2025\/06\/captacion_inversiones_Gabitel.jpeg","width":1280,"height":960,"caption":"captacion_inversiones_Gabitel"},{"@type":"BreadcrumbList","@id":"https:\/\/gabitel.net\/de\/gabitel-participa-en-unas-jornadas-que-abordan-el-potencial-de-huelva-para-la-captacion-de-inversiones\/#breadcrumb","itemListElement":[{"@type":"ListItem","position":1,"name":"Portada","item":"https:\/\/gabitel.net\/de\/"},{"@type":"ListItem","position":2,"name":"Gabitel nimmt an einer Konferenz teil, die das Potenzial von Huelva f\u00fcr die Anziehung von Investitionen behandelt."}]},{"@type":"WebSite","@id":"https:\/\/gabitel.net\/de\/#website","url":"https:\/\/gabitel.net\/de\/","name":"Gabitel","description":"","publisher":{"@id":"https:\/\/gabitel.net\/de\/#organization"},"potentialAction":[{"@type":"SearchAction","target":{"@type":"EntryPoint","urlTemplate":"https:\/\/gabitel.net\/de\/?s={search_term_string}"},"query-input":{"@type":"PropertyValueSpecification","valueRequired":true,"valueName":"search_term_string"}}],"inLanguage":"de"},{"@type":"Organization","@id":"https:\/\/gabitel.net\/de\/#organization","name":"Gabitel","url":"https:\/\/gabitel.net\/de\/","logo":{"@type":"ImageObject","inLanguage":"de","@id":"https:\/\/gabitel.net\/de\/#\/schema\/logo\/image\/","url":"https:\/\/gabitel.net\/wp-content\/uploads\/2025\/05\/logo_gabitel.jpg","contentUrl":"https:\/\/gabitel.net\/wp-content\/uploads\/2025\/05\/logo_gabitel.jpg","width":2560,"height":1330,"caption":"Gabitel"},"image":{"@id":"https:\/\/gabitel.net\/de\/#\/schema\/logo\/image\/"},"sameAs":["https:\/\/www.facebook.com\/gabitelingenieros\/","https:\/\/es.linkedin.com\/company\/gabitel-ingenieros"]},{"@type":"Person","@id":"https:\/\/gabitel.net\/de\/#\/schema\/person\/ce019f62678e1de8617e97873813dc44","name":"RRSS","url":"https:\/\/gabitel.net\/de\/author\/rrss\/"}]}},"_links":{"self":[{"href":"https:\/\/gabitel.net\/de\/wp-json\/wp\/v2\/posts\/32125","targetHints":{"allow":["GET"]}}],"collection":[{"href":"https:\/\/gabitel.net\/de\/wp-json\/wp\/v2\/posts"}],"about":[{"href":"https:\/\/gabitel.net\/de\/wp-json\/wp\/v2\/types\/post"}],"author":[{"embeddable":true,"href":"https:\/\/gabitel.net\/de\/wp-json\/wp\/v2\/users\/4"}],"replies":[{"embeddable":true,"href":"https:\/\/gabitel.net\/de\/wp-json\/wp\/v2\/comments?post=32125"}],"version-history":[{"count":3,"href":"https:\/\/gabitel.net\/de\/wp-json\/wp\/v2\/posts\/32125\/revisions"}],"predecessor-version":[{"id":32155,"href":"https:\/\/gabitel.net\/de\/wp-json\/wp\/v2\/posts\/32125\/revisions\/32155"}],"wp:featuredmedia":[{"embeddable":true,"href":"https:\/\/gabitel.net\/de\/wp-json\/wp\/v2\/media\/32171"}],"wp:attachment":[{"href":"https:\/\/gabitel.net\/de\/wp-json\/wp\/v2\/media?parent=32125"}],"wp:term":[{"taxonomy":"category","embeddable":true,"href":"https:\/\/gabitel.net\/de\/wp-json\/wp\/v2\/categories?post=32125"},{"taxonomy":"post_tag","embeddable":true,"href":"https:\/\/gabitel.net\/de\/wp-json\/wp\/v2\/tags?post=32125"}],"curies":[{"name":"wp","href":"https:\/\/api.w.org\/{rel}","templated":true}]}}