{"id":32127,"date":"2025-06-25T11:42:03","date_gmt":"2025-06-25T09:42:03","guid":{"rendered":"https:\/\/gabitel.net\/la-industria-de-huelva-sera-protagonista-en-la-feria-nise-sevilla-2025\/"},"modified":"2025-07-02T11:10:11","modified_gmt":"2025-07-02T09:10:11","slug":"la-industria-de-huelva-sera-protagonista-en-la-feria-nise-sevilla-2025","status":"publish","type":"post","link":"https:\/\/gabitel.net\/de\/la-industria-de-huelva-sera-protagonista-en-la-feria-nise-sevilla-2025\/","title":{"rendered":"Die Industrie von Huelva wird auf der Messe NISE Sevilla 2025 eine Hauptrolle spielen."},"content":{"rendered":"<p>Die Provinz Huelva wird eine f\u00fchrende Rolle auf der Internationalen Messe Neue Industrie S\u00fcdeuropas NISE Sevilla 2025 spielen, die von der Ministerium f\u00fcr Industrie, Energie und Bergbau der Junta de Andaluc\u00eda und der Unternehmervereinigung Andalusiens (<strong>CEA<\/strong>) gef\u00f6rdert wird. Die Messe wurde gestern in Huelva vorgestellt und findet am 2. und 3. Dezember 2025 im Kongress- und Messezentrum Fibes in Sevilla statt.<\/p>\n<p>Strategische Sektoren des wirtschaftlichen Gef\u00fcges von Huelva wie Industrie, Energie, Bergbau und Agrarlebensmittel werden auf einer hybriden Messe vertreten sein, die sich zum Referenzpunkt f\u00fcr die Industrie S\u00fcdeuropas entwickeln m\u00f6chte.<\/p>\n<p><a href=\"https:\/\/gabitel.net\/wp-content\/uploads\/2025\/06\/1750670165207-1024x576.jpg\"><img fetchpriority=\"high\" decoding=\"async\" src=\"https:\/\/gabitel.net\/wp-content\/uploads\/2025\/06\/1750670165207-1024x576.jpg\" alt=\"Die Industrie von Huelva wird auf der Messe NISE Sevilla 2025 eine Hauptrolle spielen\" width=\"1024\" height=\"576\" \/><\/a><\/p>\n<p>Der Kongress, der f\u00fchrende Unternehmen, industrielle KMU, Investoren, Branchenverb\u00e4nde, Fachleute, \u00f6ffentliche Institutionen und Technologiezentren zusammenbringt, soll strategische Allianzen f\u00f6rdern und die andalusische Industrieexzellenz hervorheben. Er richtet sich an alle produktiven Sektoren und behandelt die wichtigsten Herausforderungen und Chancen, um zu einer wettbewerbsf\u00e4higeren, nachhaltigeren und innovativeren Industrie voranzuschreiten.<\/p>\n<p>Bei der Pr\u00e4sentation sprachen Luc\u00eda N\u00fa\u00f1ez, Delegierte f\u00fcr Wirtschaft, Finanzen und Europ\u00e4ische Fonds sowie f\u00fcr Industrie, Energie und Bergbau der Junta in Huelva; David Toscano, Pr\u00e4sident des Provinzrats; Daniel Caldentey, Generalsekret\u00e4r der FOE; und Carlos Jacinto, Gesch\u00e4ftsf\u00fchrer des Metallunternehmerverbandes, die sich einig waren, dass dieser Kongress eine hervorragende Gelegenheit zur F\u00f6rderung der Industrie von Huelva darstellt, der Provinz mit dem gr\u00f6\u00dften industriellen Gewicht in Andalusien und einem der wichtigsten Investitionsschwerpunkte.<\/p>\n<p>Die Leitmesse f\u00fcr die <strong>neue \u00f6kologische und digitale Industrie<\/strong> wird eine einzigartige Plattform f\u00fcr Interaktion, Innovation und Wachstum bieten, mit einer Ausstellungsfl\u00e4che, einer Zone f\u00fcr B2B-Gesch\u00e4ftstreffen und einem Konferenzprogramm zu den neuesten Entwicklungen des Sektors in Schl\u00fcsselbranchen wie Luft- und Raumfahrt, Automobilindustrie, Technologie und sauberen Energien.<\/p>\n","protected":false},"excerpt":{"rendered":"<p>Die Provinz Huelva wird eine f\u00fchrende Rolle auf der Internationalen Messe Neue Industrie S\u00fcdeuropas NISE Sevilla 2025 spielen, die von der Ministerium f\u00fcr Industrie, Energie und Bergbau der Junta de Andaluc\u00eda und der Unternehmervereinigung Andalusiens (CEA) gef\u00f6rdert wird. Die Messe wurde gestern in Huelva vorgestellt und findet am 2. und 3. Dezember 2025 im Kongress- [&hellip;]<\/p>\n","protected":false},"author":4,"featured_media":32174,"comment_status":"closed","ping_status":"closed","sticky":false,"template":"","format":"standard","meta":{"content-type":"","footnotes":""},"categories":[413,412,414],"tags":[415,416,419,671,479],"class_list":["post-32127","post","type-post","status-publish","format-standard","has-post-thumbnail","hentry","category-blog-de","category-news-de","category-newsletter-de","tag-energie","tag-gabitel-de","tag-industrie","tag-nise-de","tag-sevilla-de"],"yoast_head":"<!-- This site is optimized with the Yoast SEO plugin v27.4 - https:\/\/yoast.com\/product\/yoast-seo-wordpress\/ -->\n<title>Gabitel industria NISE Sevilla<\/title>\n<meta name=\"description\" content=\"Huelva tendr\u00e1 un rol protagonista en la Feria Nueva Industria del Sur de Europa NISE Sevilla 2025, promovida por la Junta y\u00a0la CEA.\" \/>\n<meta name=\"robots\" content=\"index, follow, max-snippet:-1, max-image-preview:large, max-video-preview:-1\" \/>\n<link rel=\"canonical\" href=\"https:\/\/gabitel.net\/de\/la-industria-de-huelva-sera-protagonista-en-la-feria-nise-sevilla-2025\/\" \/>\n<meta property=\"og:locale\" content=\"de_DE\" \/>\n<meta property=\"og:type\" content=\"article\" \/>\n<meta property=\"og:title\" content=\"Gabitel industria NISE Sevilla\" \/>\n<meta property=\"og:description\" content=\"Huelva tendr\u00e1 un rol protagonista en la Feria Nueva Industria del Sur de Europa NISE Sevilla 2025, promovida por la Junta y\u00a0la CEA.\" \/>\n<meta property=\"og:url\" content=\"https:\/\/gabitel.net\/de\/la-industria-de-huelva-sera-protagonista-en-la-feria-nise-sevilla-2025\/\" \/>\n<meta property=\"og:site_name\" content=\"Gabitel\" \/>\n<meta property=\"article:publisher\" content=\"https:\/\/www.facebook.com\/gabitelingenieros\/\" \/>\n<meta property=\"article:published_time\" content=\"2025-06-25T09:42:03+00:00\" \/>\n<meta property=\"article:modified_time\" content=\"2025-07-02T09:10:11+00:00\" \/>\n<meta property=\"og:image\" content=\"https:\/\/gabitel.net\/wp-content\/uploads\/2025\/06\/Gabitel_feria_NISE_2025.jpg\" \/>\n\t<meta property=\"og:image:width\" content=\"1600\" \/>\n\t<meta property=\"og:image:height\" content=\"896\" \/>\n\t<meta property=\"og:image:type\" content=\"image\/jpeg\" \/>\n<meta name=\"author\" content=\"RRSS\" \/>\n<meta name=\"twitter:card\" content=\"summary_large_image\" \/>\n<meta name=\"twitter:label1\" content=\"Verfasst von\" \/>\n\t<meta name=\"twitter:data1\" content=\"RRSS\" \/>\n\t<meta name=\"twitter:label2\" content=\"Gesch\u00e4tzte Lesezeit\" \/>\n\t<meta name=\"twitter:data2\" content=\"2\u00a0Minuten\" \/>\n<script type=\"application\/ld+json\" class=\"yoast-schema-graph\">{\"@context\":\"https:\\\/\\\/schema.org\",\"@graph\":[{\"@type\":[\"Article\",\"BlogPosting\"],\"@id\":\"https:\\\/\\\/gabitel.net\\\/de\\\/la-industria-de-huelva-sera-protagonista-en-la-feria-nise-sevilla-2025\\\/#article\",\"isPartOf\":{\"@id\":\"https:\\\/\\\/gabitel.net\\\/de\\\/la-industria-de-huelva-sera-protagonista-en-la-feria-nise-sevilla-2025\\\/\"},\"author\":{\"name\":\"RRSS\",\"@id\":\"https:\\\/\\\/gabitel.net\\\/de\\\/#\\\/schema\\\/person\\\/ce019f62678e1de8617e97873813dc44\"},\"headline\":\"Die Industrie von Huelva wird auf der Messe NISE Sevilla 2025 eine Hauptrolle spielen.\",\"datePublished\":\"2025-06-25T09:42:03+00:00\",\"dateModified\":\"2025-07-02T09:10:11+00:00\",\"mainEntityOfPage\":{\"@id\":\"https:\\\/\\\/gabitel.net\\\/de\\\/la-industria-de-huelva-sera-protagonista-en-la-feria-nise-sevilla-2025\\\/\"},\"wordCount\":295,\"publisher\":{\"@id\":\"https:\\\/\\\/gabitel.net\\\/de\\\/#organization\"},\"image\":{\"@id\":\"https:\\\/\\\/gabitel.net\\\/de\\\/la-industria-de-huelva-sera-protagonista-en-la-feria-nise-sevilla-2025\\\/#primaryimage\"},\"thumbnailUrl\":\"https:\\\/\\\/gabitel.net\\\/wp-content\\\/uploads\\\/2025\\\/06\\\/Gabitel_feria_NISE_2025.jpg\",\"keywords\":[\"Energie\",\"Gabitel\",\"Industrie\",\"NISE\",\"Sevilla\"],\"articleSection\":[\"Blog\",\"News\",\"Newsletter\"],\"inLanguage\":\"de\"},{\"@type\":\"WebPage\",\"@id\":\"https:\\\/\\\/gabitel.net\\\/de\\\/la-industria-de-huelva-sera-protagonista-en-la-feria-nise-sevilla-2025\\\/\",\"url\":\"https:\\\/\\\/gabitel.net\\\/de\\\/la-industria-de-huelva-sera-protagonista-en-la-feria-nise-sevilla-2025\\\/\",\"name\":\"Gabitel industria NISE Sevilla\",\"isPartOf\":{\"@id\":\"https:\\\/\\\/gabitel.net\\\/de\\\/#website\"},\"primaryImageOfPage\":{\"@id\":\"https:\\\/\\\/gabitel.net\\\/de\\\/la-industria-de-huelva-sera-protagonista-en-la-feria-nise-sevilla-2025\\\/#primaryimage\"},\"image\":{\"@id\":\"https:\\\/\\\/gabitel.net\\\/de\\\/la-industria-de-huelva-sera-protagonista-en-la-feria-nise-sevilla-2025\\\/#primaryimage\"},\"thumbnailUrl\":\"https:\\\/\\\/gabitel.net\\\/wp-content\\\/uploads\\\/2025\\\/06\\\/Gabitel_feria_NISE_2025.jpg\",\"datePublished\":\"2025-06-25T09:42:03+00:00\",\"dateModified\":\"2025-07-02T09:10:11+00:00\",\"description\":\"Huelva tendr\u00e1 un rol protagonista en la Feria Nueva Industria del Sur de Europa NISE Sevilla 2025, promovida por la Junta y\u00a0la CEA.\",\"breadcrumb\":{\"@id\":\"https:\\\/\\\/gabitel.net\\\/de\\\/la-industria-de-huelva-sera-protagonista-en-la-feria-nise-sevilla-2025\\\/#breadcrumb\"},\"inLanguage\":\"de\",\"potentialAction\":[{\"@type\":\"ReadAction\",\"target\":[\"https:\\\/\\\/gabitel.net\\\/de\\\/la-industria-de-huelva-sera-protagonista-en-la-feria-nise-sevilla-2025\\\/\"]}]},{\"@type\":\"ImageObject\",\"inLanguage\":\"de\",\"@id\":\"https:\\\/\\\/gabitel.net\\\/de\\\/la-industria-de-huelva-sera-protagonista-en-la-feria-nise-sevilla-2025\\\/#primaryimage\",\"url\":\"https:\\\/\\\/gabitel.net\\\/wp-content\\\/uploads\\\/2025\\\/06\\\/Gabitel_feria_NISE_2025.jpg\",\"contentUrl\":\"https:\\\/\\\/gabitel.net\\\/wp-content\\\/uploads\\\/2025\\\/06\\\/Gabitel_feria_NISE_2025.jpg\",\"width\":1600,\"height\":896,\"caption\":\"Gabitel_feria_NISE_2025\"},{\"@type\":\"BreadcrumbList\",\"@id\":\"https:\\\/\\\/gabitel.net\\\/de\\\/la-industria-de-huelva-sera-protagonista-en-la-feria-nise-sevilla-2025\\\/#breadcrumb\",\"itemListElement\":[{\"@type\":\"ListItem\",\"position\":1,\"name\":\"Portada\",\"item\":\"https:\\\/\\\/gabitel.net\\\/de\\\/\"},{\"@type\":\"ListItem\",\"position\":2,\"name\":\"Die Industrie von Huelva wird auf der Messe NISE Sevilla 2025 eine Hauptrolle spielen.\"}]},{\"@type\":\"WebSite\",\"@id\":\"https:\\\/\\\/gabitel.net\\\/de\\\/#website\",\"url\":\"https:\\\/\\\/gabitel.net\\\/de\\\/\",\"name\":\"Gabitel\",\"description\":\"\",\"publisher\":{\"@id\":\"https:\\\/\\\/gabitel.net\\\/de\\\/#organization\"},\"potentialAction\":[{\"@type\":\"SearchAction\",\"target\":{\"@type\":\"EntryPoint\",\"urlTemplate\":\"https:\\\/\\\/gabitel.net\\\/de\\\/?s={search_term_string}\"},\"query-input\":{\"@type\":\"PropertyValueSpecification\",\"valueRequired\":true,\"valueName\":\"search_term_string\"}}],\"inLanguage\":\"de\"},{\"@type\":\"Organization\",\"@id\":\"https:\\\/\\\/gabitel.net\\\/de\\\/#organization\",\"name\":\"Gabitel\",\"url\":\"https:\\\/\\\/gabitel.net\\\/de\\\/\",\"logo\":{\"@type\":\"ImageObject\",\"inLanguage\":\"de\",\"@id\":\"https:\\\/\\\/gabitel.net\\\/de\\\/#\\\/schema\\\/logo\\\/image\\\/\",\"url\":\"https:\\\/\\\/gabitel.net\\\/wp-content\\\/uploads\\\/2025\\\/05\\\/logo_gabitel.jpg\",\"contentUrl\":\"https:\\\/\\\/gabitel.net\\\/wp-content\\\/uploads\\\/2025\\\/05\\\/logo_gabitel.jpg\",\"width\":2560,\"height\":1330,\"caption\":\"Gabitel\"},\"image\":{\"@id\":\"https:\\\/\\\/gabitel.net\\\/de\\\/#\\\/schema\\\/logo\\\/image\\\/\"},\"sameAs\":[\"https:\\\/\\\/www.facebook.com\\\/gabitelingenieros\\\/\",\"https:\\\/\\\/es.linkedin.com\\\/company\\\/gabitel-ingenieros\"]},{\"@type\":\"Person\",\"@id\":\"https:\\\/\\\/gabitel.net\\\/de\\\/#\\\/schema\\\/person\\\/ce019f62678e1de8617e97873813dc44\",\"name\":\"RRSS\",\"url\":\"https:\\\/\\\/gabitel.net\\\/de\\\/author\\\/rrss\\\/\"}]}<\/script>\n<!-- \/ Yoast SEO plugin. -->","yoast_head_json":{"title":"Gabitel industria NISE Sevilla","description":"Huelva tendr\u00e1 un rol protagonista en la Feria Nueva Industria del Sur de Europa NISE Sevilla 2025, promovida por la Junta y\u00a0la CEA.","robots":{"index":"index","follow":"follow","max-snippet":"max-snippet:-1","max-image-preview":"max-image-preview:large","max-video-preview":"max-video-preview:-1"},"canonical":"https:\/\/gabitel.net\/de\/la-industria-de-huelva-sera-protagonista-en-la-feria-nise-sevilla-2025\/","og_locale":"de_DE","og_type":"article","og_title":"Gabitel industria NISE Sevilla","og_description":"Huelva tendr\u00e1 un rol protagonista en la Feria Nueva Industria del Sur de Europa NISE Sevilla 2025, promovida por la Junta y\u00a0la CEA.","og_url":"https:\/\/gabitel.net\/de\/la-industria-de-huelva-sera-protagonista-en-la-feria-nise-sevilla-2025\/","og_site_name":"Gabitel","article_publisher":"https:\/\/www.facebook.com\/gabitelingenieros\/","article_published_time":"2025-06-25T09:42:03+00:00","article_modified_time":"2025-07-02T09:10:11+00:00","og_image":[{"width":1600,"height":896,"url":"https:\/\/gabitel.net\/wp-content\/uploads\/2025\/06\/Gabitel_feria_NISE_2025.jpg","type":"image\/jpeg"}],"author":"RRSS","twitter_card":"summary_large_image","twitter_misc":{"Verfasst von":"RRSS","Gesch\u00e4tzte Lesezeit":"2\u00a0Minuten"},"schema":{"@context":"https:\/\/schema.org","@graph":[{"@type":["Article","BlogPosting"],"@id":"https:\/\/gabitel.net\/de\/la-industria-de-huelva-sera-protagonista-en-la-feria-nise-sevilla-2025\/#article","isPartOf":{"@id":"https:\/\/gabitel.net\/de\/la-industria-de-huelva-sera-protagonista-en-la-feria-nise-sevilla-2025\/"},"author":{"name":"RRSS","@id":"https:\/\/gabitel.net\/de\/#\/schema\/person\/ce019f62678e1de8617e97873813dc44"},"headline":"Die Industrie von Huelva wird auf der Messe NISE Sevilla 2025 eine Hauptrolle spielen.","datePublished":"2025-06-25T09:42:03+00:00","dateModified":"2025-07-02T09:10:11+00:00","mainEntityOfPage":{"@id":"https:\/\/gabitel.net\/de\/la-industria-de-huelva-sera-protagonista-en-la-feria-nise-sevilla-2025\/"},"wordCount":295,"publisher":{"@id":"https:\/\/gabitel.net\/de\/#organization"},"image":{"@id":"https:\/\/gabitel.net\/de\/la-industria-de-huelva-sera-protagonista-en-la-feria-nise-sevilla-2025\/#primaryimage"},"thumbnailUrl":"https:\/\/gabitel.net\/wp-content\/uploads\/2025\/06\/Gabitel_feria_NISE_2025.jpg","keywords":["Energie","Gabitel","Industrie","NISE","Sevilla"],"articleSection":["Blog","News","Newsletter"],"inLanguage":"de"},{"@type":"WebPage","@id":"https:\/\/gabitel.net\/de\/la-industria-de-huelva-sera-protagonista-en-la-feria-nise-sevilla-2025\/","url":"https:\/\/gabitel.net\/de\/la-industria-de-huelva-sera-protagonista-en-la-feria-nise-sevilla-2025\/","name":"Gabitel industria NISE Sevilla","isPartOf":{"@id":"https:\/\/gabitel.net\/de\/#website"},"primaryImageOfPage":{"@id":"https:\/\/gabitel.net\/de\/la-industria-de-huelva-sera-protagonista-en-la-feria-nise-sevilla-2025\/#primaryimage"},"image":{"@id":"https:\/\/gabitel.net\/de\/la-industria-de-huelva-sera-protagonista-en-la-feria-nise-sevilla-2025\/#primaryimage"},"thumbnailUrl":"https:\/\/gabitel.net\/wp-content\/uploads\/2025\/06\/Gabitel_feria_NISE_2025.jpg","datePublished":"2025-06-25T09:42:03+00:00","dateModified":"2025-07-02T09:10:11+00:00","description":"Huelva tendr\u00e1 un rol protagonista en la Feria Nueva Industria del Sur de Europa NISE Sevilla 2025, promovida por la Junta y\u00a0la CEA.","breadcrumb":{"@id":"https:\/\/gabitel.net\/de\/la-industria-de-huelva-sera-protagonista-en-la-feria-nise-sevilla-2025\/#breadcrumb"},"inLanguage":"de","potentialAction":[{"@type":"ReadAction","target":["https:\/\/gabitel.net\/de\/la-industria-de-huelva-sera-protagonista-en-la-feria-nise-sevilla-2025\/"]}]},{"@type":"ImageObject","inLanguage":"de","@id":"https:\/\/gabitel.net\/de\/la-industria-de-huelva-sera-protagonista-en-la-feria-nise-sevilla-2025\/#primaryimage","url":"https:\/\/gabitel.net\/wp-content\/uploads\/2025\/06\/Gabitel_feria_NISE_2025.jpg","contentUrl":"https:\/\/gabitel.net\/wp-content\/uploads\/2025\/06\/Gabitel_feria_NISE_2025.jpg","width":1600,"height":896,"caption":"Gabitel_feria_NISE_2025"},{"@type":"BreadcrumbList","@id":"https:\/\/gabitel.net\/de\/la-industria-de-huelva-sera-protagonista-en-la-feria-nise-sevilla-2025\/#breadcrumb","itemListElement":[{"@type":"ListItem","position":1,"name":"Portada","item":"https:\/\/gabitel.net\/de\/"},{"@type":"ListItem","position":2,"name":"Die Industrie von Huelva wird auf der Messe NISE Sevilla 2025 eine Hauptrolle spielen."}]},{"@type":"WebSite","@id":"https:\/\/gabitel.net\/de\/#website","url":"https:\/\/gabitel.net\/de\/","name":"Gabitel","description":"","publisher":{"@id":"https:\/\/gabitel.net\/de\/#organization"},"potentialAction":[{"@type":"SearchAction","target":{"@type":"EntryPoint","urlTemplate":"https:\/\/gabitel.net\/de\/?s={search_term_string}"},"query-input":{"@type":"PropertyValueSpecification","valueRequired":true,"valueName":"search_term_string"}}],"inLanguage":"de"},{"@type":"Organization","@id":"https:\/\/gabitel.net\/de\/#organization","name":"Gabitel","url":"https:\/\/gabitel.net\/de\/","logo":{"@type":"ImageObject","inLanguage":"de","@id":"https:\/\/gabitel.net\/de\/#\/schema\/logo\/image\/","url":"https:\/\/gabitel.net\/wp-content\/uploads\/2025\/05\/logo_gabitel.jpg","contentUrl":"https:\/\/gabitel.net\/wp-content\/uploads\/2025\/05\/logo_gabitel.jpg","width":2560,"height":1330,"caption":"Gabitel"},"image":{"@id":"https:\/\/gabitel.net\/de\/#\/schema\/logo\/image\/"},"sameAs":["https:\/\/www.facebook.com\/gabitelingenieros\/","https:\/\/es.linkedin.com\/company\/gabitel-ingenieros"]},{"@type":"Person","@id":"https:\/\/gabitel.net\/de\/#\/schema\/person\/ce019f62678e1de8617e97873813dc44","name":"RRSS","url":"https:\/\/gabitel.net\/de\/author\/rrss\/"}]}},"_links":{"self":[{"href":"https:\/\/gabitel.net\/de\/wp-json\/wp\/v2\/posts\/32127","targetHints":{"allow":["GET"]}}],"collection":[{"href":"https:\/\/gabitel.net\/de\/wp-json\/wp\/v2\/posts"}],"about":[{"href":"https:\/\/gabitel.net\/de\/wp-json\/wp\/v2\/types\/post"}],"author":[{"embeddable":true,"href":"https:\/\/gabitel.net\/de\/wp-json\/wp\/v2\/users\/4"}],"replies":[{"embeddable":true,"href":"https:\/\/gabitel.net\/de\/wp-json\/wp\/v2\/comments?post=32127"}],"version-history":[{"count":3,"href":"https:\/\/gabitel.net\/de\/wp-json\/wp\/v2\/posts\/32127\/revisions"}],"predecessor-version":[{"id":32158,"href":"https:\/\/gabitel.net\/de\/wp-json\/wp\/v2\/posts\/32127\/revisions\/32158"}],"wp:featuredmedia":[{"embeddable":true,"href":"https:\/\/gabitel.net\/de\/wp-json\/wp\/v2\/media\/32174"}],"wp:attachment":[{"href":"https:\/\/gabitel.net\/de\/wp-json\/wp\/v2\/media?parent=32127"}],"wp:term":[{"taxonomy":"category","embeddable":true,"href":"https:\/\/gabitel.net\/de\/wp-json\/wp\/v2\/categories?post=32127"},{"taxonomy":"post_tag","embeddable":true,"href":"https:\/\/gabitel.net\/de\/wp-json\/wp\/v2\/tags?post=32127"}],"curies":[{"name":"wp","href":"https:\/\/api.w.org\/{rel}","templated":true}]}}