{"id":32129,"date":"2025-06-26T11:49:09","date_gmt":"2025-06-26T09:49:09","guid":{"rendered":"https:\/\/gabitel.net\/la-catedra-gabitel-candidata-a-los-premios-onubenses-del-ano\/"},"modified":"2025-07-18T08:33:42","modified_gmt":"2025-07-18T06:33:42","slug":"la-catedra-gabitel-candidata-a-los-premios-onubenses-del-ano","status":"publish","type":"post","link":"https:\/\/gabitel.net\/de\/la-catedra-gabitel-candidata-a-los-premios-onubenses-del-ano\/","title":{"rendered":"Gabitel-Lehrstuhl als Kandidat f\u00fcr die Auszeichnungen \u201eOnubenses des Jahres\u201c"},"content":{"rendered":"\t\t<div data-elementor-type=\"wp-post\" data-elementor-id=\"32129\" class=\"elementor elementor-32129 elementor-29974\" data-elementor-post-type=\"post\">\n\t\t\t\t<div class=\"elementor-element elementor-element-3ef96eb4 e-flex e-con-boxed e-con e-parent\" data-id=\"3ef96eb4\" data-element_type=\"container\" data-e-type=\"container\">\n\t\t\t\t\t<div class=\"e-con-inner\">\n\t\t\t\t<div class=\"elementor-element elementor-element-38ae6333 elementor-widget elementor-widget-text-editor\" data-id=\"38ae6333\" data-element_type=\"widget\" data-e-type=\"widget\" data-widget_type=\"text-editor.default\">\n\t\t\t\t<div class=\"elementor-widget-container\">\n\t\t\t\t\t\t\t\t\t<p>Der <strong>Gabitel-Lehrstuhl f\u00fcr Wasserstoff<\/strong>, gegr\u00fcndet 2021 in Zusammenarbeit mit der Universit\u00e4t Huelva zur F\u00f6rderung der Nutzung dieser gr\u00fcnen Technologie und ihrer Anwendungen, wurde als Kandidat f\u00fcr die <strong>Auszeichnungen \u201eOnubenses des Jahres\u201c<\/strong> ausgew\u00e4hlt, einem Wettbewerb, der von Huelva Informaci\u00f3n mit der Unterst\u00fctzung von Caixabank in der Kategorie Bildung organisiert wird.<\/p>\n\n<p>Die weiteren Kandidaten in der Kategorie Bildung sind die Leiterin der Mar\u00eda Inmaculada-Schule in Huelva, <strong>Eva Mart\u00edn Rodr\u00edguez;<\/strong> das Bildungszentrum <strong>Ciudad de los Ni\u00f1os<\/strong> in Huelva f\u00fcr seine Arbeit mit Familien in schwierigen Verh\u00e4ltnissen; die <strong>l\u00e4ndliche \u00f6ffentliche Schule Adersa IV<\/strong>, die Sch\u00fcler aus Ca\u00f1averal de Le\u00f3n und Hinojales betreut und k\u00fcrzlich f\u00fcr ein Nachhaltigkeitsprojekt ausgezeichnet wurde; sowie der auf Philosophie spezialisierte Autor <strong>Eduardo Infante.<\/strong><\/p>\n\n<p>Die offizielle Jury der Preise, die Gabitel bereits 2023 in der Kategorie <strong>Wirtschaft<\/strong> gewann, ber\u00fccksichtigte f\u00fcr die Auswahl der 30 Kandidaten in sechs Kategorien (<strong>Volksbr\u00e4uche, Wirtschaft und Unternehmen, Bildung, Sport, Kunst und Kultur, Solidarit\u00e4t und menschliche Werte<\/strong>) Vorschl\u00e4ge, die per E-Mail und Post eingingen, sowie direkte Beitr\u00e4ge der Zeitungleser.<\/p>\n\n<p>Interessierte k\u00f6nnen ihre Stimmen <strong>online<\/strong> \u00fcber den Webkanal abgeben sowie <strong>\u00fcber die auf der R\u00fcckseite der Papierversion von Huelva Informaci\u00f3n ver\u00f6ffentlichten Coupons.<\/strong> Diese z\u00e4hlen als <strong>zehn online abgegebene Stimmen.<\/strong> Die digitalen Stimmen sind auf <strong>eine pro Tag<\/strong> begrenzt, wobei bei jeder Gelegenheit eine der sechs Kategorien gew\u00e4hlt werden kann.<\/p>\n\n<p>Die Jury der XXXVII Onubenses des Jahres besteht aus Marta Cerati, Kommunikations- und ESG-Direktorin von Atlantic Copper; Alfonso Pe\u00f1a, Generaldirektor des Hafens von Huelva; Rafael P\u00e9rez Unquiles, Stabschef der Provinzverwaltung; Antonio Carrasco, Pressesprecher der Stadt Huelva; der Influencerin Gracia Romero; Luis Manuel Robledo, Leiter des Unternehmenszentrums von CaixaBank in Huelva; Javier Ronchel, Direktor von Huelva Informaci\u00f3n und Pr\u00e4sident der Jury; und Nieves Misteli, Gesch\u00e4ftsf\u00fchrerin der Zeitung und Sekret\u00e4rin der Jury.<\/p>\n\n<p>Der Gabitel-Lehrstuhl, dessen Kooperationsvereinbarung k\u00fcrzlich erneuert wurde, wurde mit dem Ziel gegr\u00fcndet, die Nutzung dieser gr\u00fcnen Technologie und ihrer Anwendungen zu f\u00f6rdern, um die aktuelle Energierealit\u00e4t durch die Organisation und Teilnahme an zahlreichen bedeutenden F&#038;E&#038;I-, Ausbildungs- und Wissenstransferveranstaltungen zu ver\u00e4ndern, darunter nationale und internationale Experten-Treffen, universit\u00e4re Aktivit\u00e4ten (MOTOETSI, SURBANRACE und SCIENCITY) sowie die Durchf\u00fchrung von Seminaren und Sommerkursen.<\/p>\n\n<p>Die Abstimmungsfrist ist bereits er\u00f6ffnet und bleibt bis zum 22. Juli um 12:00 Uhr mittags aktiv.<\/p>\n\n<p><strong>STIMMEN SIE F\u00dcR DEN GABITEL-LEHRSTUHL AB!<\/strong><\/p>\n\n<p><a href=\"https:\/\/contenidos.huelvainformacion.es\/onubensesdela%C3%B1o\/#parentHorizontalTab2\" target=\"_blank\" rel=\"nofollow noopener\">https:\/\/contenidos.huelvainformacion.es\/onubensesdela%C3%B1o\/#parentHorizontalTab2<\/a><\/p>\n\t\t\t\t\t\t\t\t<\/div>\n\t\t\t\t<\/div>\n\t\t\t\t\t<\/div>\n\t\t\t\t<\/div>\n\t\t\t\t<\/div>\n\t\t","protected":false},"excerpt":{"rendered":"<p>Der Gabitel-Lehrstuhl f\u00fcr Wasserstoff, gegr\u00fcndet 2021 in Zusammenarbeit mit der Universit\u00e4t Huelva zur F\u00f6rderung der Nutzung dieser gr\u00fcnen Technologie und ihrer Anwendungen, wurde als Kandidat f\u00fcr die Auszeichnungen \u201eOnubenses des Jahres\u201c ausgew\u00e4hlt, einem Wettbewerb, der von Huelva Informaci\u00f3n mit der Unterst\u00fctzung von Caixabank in der Kategorie Bildung organisiert wird. Die weiteren Kandidaten in der Kategorie [&hellip;]<\/p>\n","protected":false},"author":4,"featured_media":32177,"comment_status":"closed","ping_status":"closed","sticky":false,"template":"","format":"standard","meta":{"content-type":"","footnotes":""},"categories":[413,681,412,414],"tags":[674,442,416,467,675,438],"class_list":["post-32129","post","type-post","status-publish","format-standard","has-post-thumbnail","hentry","category-blog-de","category-gabitel-lehrstuhl","category-news-de","category-newsletter-de","tag-candidata-de","tag-catedra-gabitel-de","tag-gabitel-de","tag-hidrogeno-de","tag-onubenses-del-ano-de","tag-premios-de"],"yoast_head":"<!-- This site is optimized with the Yoast SEO plugin v27.4 - https:\/\/yoast.com\/product\/yoast-seo-wordpress\/ -->\n<title>Gabitel-Lehrstuhl als Kandidat f\u00fcr die Auszeichnungen \u201eOnubenses des Jahres\u201c - Gabitel<\/title>\n<meta name=\"description\" content=\"La C\u00e1tedra Gabitel sobre el Hidr\u00f3geno ha sido seleccionada como candidata a los Premios Onubenses del A\u00f1o en la categor\u00eda de Educaci\u00f3n.\" \/>\n<meta name=\"robots\" content=\"index, follow, max-snippet:-1, max-image-preview:large, max-video-preview:-1\" \/>\n<link rel=\"canonical\" href=\"https:\/\/gabitel.net\/de\/la-catedra-gabitel-candidata-a-los-premios-onubenses-del-ano\/\" \/>\n<meta property=\"og:locale\" content=\"de_DE\" \/>\n<meta property=\"og:type\" content=\"article\" \/>\n<meta property=\"og:title\" content=\"Gabitel-Lehrstuhl als Kandidat f\u00fcr die Auszeichnungen \u201eOnubenses des Jahres\u201c - Gabitel\" \/>\n<meta property=\"og:description\" content=\"La C\u00e1tedra Gabitel sobre el Hidr\u00f3geno ha sido seleccionada como candidata a los Premios Onubenses del A\u00f1o en la categor\u00eda de Educaci\u00f3n.\" \/>\n<meta property=\"og:url\" content=\"https:\/\/gabitel.net\/de\/la-catedra-gabitel-candidata-a-los-premios-onubenses-del-ano\/\" \/>\n<meta property=\"og:site_name\" content=\"Gabitel\" \/>\n<meta property=\"article:publisher\" content=\"https:\/\/www.facebook.com\/gabitelingenieros\/\" \/>\n<meta property=\"article:published_time\" content=\"2025-06-26T09:49:09+00:00\" \/>\n<meta property=\"article:modified_time\" content=\"2025-07-18T06:33:42+00:00\" \/>\n<meta property=\"og:image\" content=\"https:\/\/gabitel.net\/wp-content\/uploads\/2025\/06\/Catedra_Gabitel_2025.jpeg\" \/>\n\t<meta property=\"og:image:width\" content=\"1200\" \/>\n\t<meta property=\"og:image:height\" content=\"630\" \/>\n\t<meta property=\"og:image:type\" content=\"image\/jpeg\" \/>\n<meta name=\"author\" content=\"RRSS\" \/>\n<meta name=\"twitter:card\" content=\"summary_large_image\" \/>\n<meta name=\"twitter:label1\" content=\"Verfasst von\" \/>\n\t<meta name=\"twitter:data1\" content=\"RRSS\" \/>\n\t<meta name=\"twitter:label2\" content=\"Gesch\u00e4tzte Lesezeit\" \/>\n\t<meta name=\"twitter:data2\" content=\"2\u00a0Minuten\" \/>\n<script type=\"application\/ld+json\" class=\"yoast-schema-graph\">{\"@context\":\"https:\\\/\\\/schema.org\",\"@graph\":[{\"@type\":[\"Article\",\"BlogPosting\"],\"@id\":\"https:\\\/\\\/gabitel.net\\\/de\\\/la-catedra-gabitel-candidata-a-los-premios-onubenses-del-ano\\\/#article\",\"isPartOf\":{\"@id\":\"https:\\\/\\\/gabitel.net\\\/de\\\/la-catedra-gabitel-candidata-a-los-premios-onubenses-del-ano\\\/\"},\"author\":{\"name\":\"RRSS\",\"@id\":\"https:\\\/\\\/gabitel.net\\\/de\\\/#\\\/schema\\\/person\\\/ce019f62678e1de8617e97873813dc44\"},\"headline\":\"Gabitel-Lehrstuhl als Kandidat f\u00fcr die Auszeichnungen \u201eOnubenses des Jahres\u201c\",\"datePublished\":\"2025-06-26T09:49:09+00:00\",\"dateModified\":\"2025-07-18T06:33:42+00:00\",\"mainEntityOfPage\":{\"@id\":\"https:\\\/\\\/gabitel.net\\\/de\\\/la-catedra-gabitel-candidata-a-los-premios-onubenses-del-ano\\\/\"},\"wordCount\":428,\"publisher\":{\"@id\":\"https:\\\/\\\/gabitel.net\\\/de\\\/#organization\"},\"image\":{\"@id\":\"https:\\\/\\\/gabitel.net\\\/de\\\/la-catedra-gabitel-candidata-a-los-premios-onubenses-del-ano\\\/#primaryimage\"},\"thumbnailUrl\":\"https:\\\/\\\/gabitel.net\\\/wp-content\\\/uploads\\\/2025\\\/06\\\/Catedra_Gabitel_2025.jpeg\",\"keywords\":[\"candidata\",\"C\u00e1tedra Gabitel\",\"Gabitel\",\"Hidr\u00f3geno\",\"Onubenses del A\u00f1o\",\"Premios\"],\"articleSection\":[\"Blog\",\"Gabitel-Lehrstuhl\",\"News\",\"Newsletter\"],\"inLanguage\":\"de\"},{\"@type\":\"WebPage\",\"@id\":\"https:\\\/\\\/gabitel.net\\\/de\\\/la-catedra-gabitel-candidata-a-los-premios-onubenses-del-ano\\\/\",\"url\":\"https:\\\/\\\/gabitel.net\\\/de\\\/la-catedra-gabitel-candidata-a-los-premios-onubenses-del-ano\\\/\",\"name\":\"Gabitel-Lehrstuhl als Kandidat f\u00fcr die Auszeichnungen \u201eOnubenses des Jahres\u201c - Gabitel\",\"isPartOf\":{\"@id\":\"https:\\\/\\\/gabitel.net\\\/de\\\/#website\"},\"primaryImageOfPage\":{\"@id\":\"https:\\\/\\\/gabitel.net\\\/de\\\/la-catedra-gabitel-candidata-a-los-premios-onubenses-del-ano\\\/#primaryimage\"},\"image\":{\"@id\":\"https:\\\/\\\/gabitel.net\\\/de\\\/la-catedra-gabitel-candidata-a-los-premios-onubenses-del-ano\\\/#primaryimage\"},\"thumbnailUrl\":\"https:\\\/\\\/gabitel.net\\\/wp-content\\\/uploads\\\/2025\\\/06\\\/Catedra_Gabitel_2025.jpeg\",\"datePublished\":\"2025-06-26T09:49:09+00:00\",\"dateModified\":\"2025-07-18T06:33:42+00:00\",\"description\":\"La C\u00e1tedra Gabitel sobre el Hidr\u00f3geno ha sido seleccionada como candidata a los Premios Onubenses del A\u00f1o en la categor\u00eda de Educaci\u00f3n.\",\"breadcrumb\":{\"@id\":\"https:\\\/\\\/gabitel.net\\\/de\\\/la-catedra-gabitel-candidata-a-los-premios-onubenses-del-ano\\\/#breadcrumb\"},\"inLanguage\":\"de\",\"potentialAction\":[{\"@type\":\"ReadAction\",\"target\":[\"https:\\\/\\\/gabitel.net\\\/de\\\/la-catedra-gabitel-candidata-a-los-premios-onubenses-del-ano\\\/\"]}]},{\"@type\":\"ImageObject\",\"inLanguage\":\"de\",\"@id\":\"https:\\\/\\\/gabitel.net\\\/de\\\/la-catedra-gabitel-candidata-a-los-premios-onubenses-del-ano\\\/#primaryimage\",\"url\":\"https:\\\/\\\/gabitel.net\\\/wp-content\\\/uploads\\\/2025\\\/06\\\/Catedra_Gabitel_2025.jpeg\",\"contentUrl\":\"https:\\\/\\\/gabitel.net\\\/wp-content\\\/uploads\\\/2025\\\/06\\\/Catedra_Gabitel_2025.jpeg\",\"width\":1200,\"height\":630,\"caption\":\"Catedra_Gabitel_2025\"},{\"@type\":\"BreadcrumbList\",\"@id\":\"https:\\\/\\\/gabitel.net\\\/de\\\/la-catedra-gabitel-candidata-a-los-premios-onubenses-del-ano\\\/#breadcrumb\",\"itemListElement\":[{\"@type\":\"ListItem\",\"position\":1,\"name\":\"Portada\",\"item\":\"https:\\\/\\\/gabitel.net\\\/de\\\/\"},{\"@type\":\"ListItem\",\"position\":2,\"name\":\"Gabitel-Lehrstuhl als Kandidat f\u00fcr die Auszeichnungen \u201eOnubenses des Jahres\u201c\"}]},{\"@type\":\"WebSite\",\"@id\":\"https:\\\/\\\/gabitel.net\\\/de\\\/#website\",\"url\":\"https:\\\/\\\/gabitel.net\\\/de\\\/\",\"name\":\"Gabitel\",\"description\":\"\",\"publisher\":{\"@id\":\"https:\\\/\\\/gabitel.net\\\/de\\\/#organization\"},\"potentialAction\":[{\"@type\":\"SearchAction\",\"target\":{\"@type\":\"EntryPoint\",\"urlTemplate\":\"https:\\\/\\\/gabitel.net\\\/de\\\/?s={search_term_string}\"},\"query-input\":{\"@type\":\"PropertyValueSpecification\",\"valueRequired\":true,\"valueName\":\"search_term_string\"}}],\"inLanguage\":\"de\"},{\"@type\":\"Organization\",\"@id\":\"https:\\\/\\\/gabitel.net\\\/de\\\/#organization\",\"name\":\"Gabitel\",\"url\":\"https:\\\/\\\/gabitel.net\\\/de\\\/\",\"logo\":{\"@type\":\"ImageObject\",\"inLanguage\":\"de\",\"@id\":\"https:\\\/\\\/gabitel.net\\\/de\\\/#\\\/schema\\\/logo\\\/image\\\/\",\"url\":\"https:\\\/\\\/gabitel.net\\\/wp-content\\\/uploads\\\/2025\\\/05\\\/logo_gabitel.jpg\",\"contentUrl\":\"https:\\\/\\\/gabitel.net\\\/wp-content\\\/uploads\\\/2025\\\/05\\\/logo_gabitel.jpg\",\"width\":2560,\"height\":1330,\"caption\":\"Gabitel\"},\"image\":{\"@id\":\"https:\\\/\\\/gabitel.net\\\/de\\\/#\\\/schema\\\/logo\\\/image\\\/\"},\"sameAs\":[\"https:\\\/\\\/www.facebook.com\\\/gabitelingenieros\\\/\",\"https:\\\/\\\/es.linkedin.com\\\/company\\\/gabitel-ingenieros\"]},{\"@type\":\"Person\",\"@id\":\"https:\\\/\\\/gabitel.net\\\/de\\\/#\\\/schema\\\/person\\\/ce019f62678e1de8617e97873813dc44\",\"name\":\"RRSS\",\"url\":\"https:\\\/\\\/gabitel.net\\\/de\\\/author\\\/rrss\\\/\"}]}<\/script>\n<!-- \/ Yoast SEO plugin. -->","yoast_head_json":{"title":"Gabitel-Lehrstuhl als Kandidat f\u00fcr die Auszeichnungen \u201eOnubenses des Jahres\u201c - Gabitel","description":"La C\u00e1tedra Gabitel sobre el Hidr\u00f3geno ha sido seleccionada como candidata a los Premios Onubenses del A\u00f1o en la categor\u00eda de Educaci\u00f3n.","robots":{"index":"index","follow":"follow","max-snippet":"max-snippet:-1","max-image-preview":"max-image-preview:large","max-video-preview":"max-video-preview:-1"},"canonical":"https:\/\/gabitel.net\/de\/la-catedra-gabitel-candidata-a-los-premios-onubenses-del-ano\/","og_locale":"de_DE","og_type":"article","og_title":"Gabitel-Lehrstuhl als Kandidat f\u00fcr die Auszeichnungen \u201eOnubenses des Jahres\u201c - Gabitel","og_description":"La C\u00e1tedra Gabitel sobre el Hidr\u00f3geno ha sido seleccionada como candidata a los Premios Onubenses del A\u00f1o en la categor\u00eda de Educaci\u00f3n.","og_url":"https:\/\/gabitel.net\/de\/la-catedra-gabitel-candidata-a-los-premios-onubenses-del-ano\/","og_site_name":"Gabitel","article_publisher":"https:\/\/www.facebook.com\/gabitelingenieros\/","article_published_time":"2025-06-26T09:49:09+00:00","article_modified_time":"2025-07-18T06:33:42+00:00","og_image":[{"width":1200,"height":630,"url":"https:\/\/gabitel.net\/wp-content\/uploads\/2025\/06\/Catedra_Gabitel_2025.jpeg","type":"image\/jpeg"}],"author":"RRSS","twitter_card":"summary_large_image","twitter_misc":{"Verfasst von":"RRSS","Gesch\u00e4tzte Lesezeit":"2\u00a0Minuten"},"schema":{"@context":"https:\/\/schema.org","@graph":[{"@type":["Article","BlogPosting"],"@id":"https:\/\/gabitel.net\/de\/la-catedra-gabitel-candidata-a-los-premios-onubenses-del-ano\/#article","isPartOf":{"@id":"https:\/\/gabitel.net\/de\/la-catedra-gabitel-candidata-a-los-premios-onubenses-del-ano\/"},"author":{"name":"RRSS","@id":"https:\/\/gabitel.net\/de\/#\/schema\/person\/ce019f62678e1de8617e97873813dc44"},"headline":"Gabitel-Lehrstuhl als Kandidat f\u00fcr die Auszeichnungen \u201eOnubenses des Jahres\u201c","datePublished":"2025-06-26T09:49:09+00:00","dateModified":"2025-07-18T06:33:42+00:00","mainEntityOfPage":{"@id":"https:\/\/gabitel.net\/de\/la-catedra-gabitel-candidata-a-los-premios-onubenses-del-ano\/"},"wordCount":428,"publisher":{"@id":"https:\/\/gabitel.net\/de\/#organization"},"image":{"@id":"https:\/\/gabitel.net\/de\/la-catedra-gabitel-candidata-a-los-premios-onubenses-del-ano\/#primaryimage"},"thumbnailUrl":"https:\/\/gabitel.net\/wp-content\/uploads\/2025\/06\/Catedra_Gabitel_2025.jpeg","keywords":["candidata","C\u00e1tedra Gabitel","Gabitel","Hidr\u00f3geno","Onubenses del A\u00f1o","Premios"],"articleSection":["Blog","Gabitel-Lehrstuhl","News","Newsletter"],"inLanguage":"de"},{"@type":"WebPage","@id":"https:\/\/gabitel.net\/de\/la-catedra-gabitel-candidata-a-los-premios-onubenses-del-ano\/","url":"https:\/\/gabitel.net\/de\/la-catedra-gabitel-candidata-a-los-premios-onubenses-del-ano\/","name":"Gabitel-Lehrstuhl als Kandidat f\u00fcr die Auszeichnungen \u201eOnubenses des Jahres\u201c - Gabitel","isPartOf":{"@id":"https:\/\/gabitel.net\/de\/#website"},"primaryImageOfPage":{"@id":"https:\/\/gabitel.net\/de\/la-catedra-gabitel-candidata-a-los-premios-onubenses-del-ano\/#primaryimage"},"image":{"@id":"https:\/\/gabitel.net\/de\/la-catedra-gabitel-candidata-a-los-premios-onubenses-del-ano\/#primaryimage"},"thumbnailUrl":"https:\/\/gabitel.net\/wp-content\/uploads\/2025\/06\/Catedra_Gabitel_2025.jpeg","datePublished":"2025-06-26T09:49:09+00:00","dateModified":"2025-07-18T06:33:42+00:00","description":"La C\u00e1tedra Gabitel sobre el Hidr\u00f3geno ha sido seleccionada como candidata a los Premios Onubenses del A\u00f1o en la categor\u00eda de Educaci\u00f3n.","breadcrumb":{"@id":"https:\/\/gabitel.net\/de\/la-catedra-gabitel-candidata-a-los-premios-onubenses-del-ano\/#breadcrumb"},"inLanguage":"de","potentialAction":[{"@type":"ReadAction","target":["https:\/\/gabitel.net\/de\/la-catedra-gabitel-candidata-a-los-premios-onubenses-del-ano\/"]}]},{"@type":"ImageObject","inLanguage":"de","@id":"https:\/\/gabitel.net\/de\/la-catedra-gabitel-candidata-a-los-premios-onubenses-del-ano\/#primaryimage","url":"https:\/\/gabitel.net\/wp-content\/uploads\/2025\/06\/Catedra_Gabitel_2025.jpeg","contentUrl":"https:\/\/gabitel.net\/wp-content\/uploads\/2025\/06\/Catedra_Gabitel_2025.jpeg","width":1200,"height":630,"caption":"Catedra_Gabitel_2025"},{"@type":"BreadcrumbList","@id":"https:\/\/gabitel.net\/de\/la-catedra-gabitel-candidata-a-los-premios-onubenses-del-ano\/#breadcrumb","itemListElement":[{"@type":"ListItem","position":1,"name":"Portada","item":"https:\/\/gabitel.net\/de\/"},{"@type":"ListItem","position":2,"name":"Gabitel-Lehrstuhl als Kandidat f\u00fcr die Auszeichnungen \u201eOnubenses des Jahres\u201c"}]},{"@type":"WebSite","@id":"https:\/\/gabitel.net\/de\/#website","url":"https:\/\/gabitel.net\/de\/","name":"Gabitel","description":"","publisher":{"@id":"https:\/\/gabitel.net\/de\/#organization"},"potentialAction":[{"@type":"SearchAction","target":{"@type":"EntryPoint","urlTemplate":"https:\/\/gabitel.net\/de\/?s={search_term_string}"},"query-input":{"@type":"PropertyValueSpecification","valueRequired":true,"valueName":"search_term_string"}}],"inLanguage":"de"},{"@type":"Organization","@id":"https:\/\/gabitel.net\/de\/#organization","name":"Gabitel","url":"https:\/\/gabitel.net\/de\/","logo":{"@type":"ImageObject","inLanguage":"de","@id":"https:\/\/gabitel.net\/de\/#\/schema\/logo\/image\/","url":"https:\/\/gabitel.net\/wp-content\/uploads\/2025\/05\/logo_gabitel.jpg","contentUrl":"https:\/\/gabitel.net\/wp-content\/uploads\/2025\/05\/logo_gabitel.jpg","width":2560,"height":1330,"caption":"Gabitel"},"image":{"@id":"https:\/\/gabitel.net\/de\/#\/schema\/logo\/image\/"},"sameAs":["https:\/\/www.facebook.com\/gabitelingenieros\/","https:\/\/es.linkedin.com\/company\/gabitel-ingenieros"]},{"@type":"Person","@id":"https:\/\/gabitel.net\/de\/#\/schema\/person\/ce019f62678e1de8617e97873813dc44","name":"RRSS","url":"https:\/\/gabitel.net\/de\/author\/rrss\/"}]}},"_links":{"self":[{"href":"https:\/\/gabitel.net\/de\/wp-json\/wp\/v2\/posts\/32129","targetHints":{"allow":["GET"]}}],"collection":[{"href":"https:\/\/gabitel.net\/de\/wp-json\/wp\/v2\/posts"}],"about":[{"href":"https:\/\/gabitel.net\/de\/wp-json\/wp\/v2\/types\/post"}],"author":[{"embeddable":true,"href":"https:\/\/gabitel.net\/de\/wp-json\/wp\/v2\/users\/4"}],"replies":[{"embeddable":true,"href":"https:\/\/gabitel.net\/de\/wp-json\/wp\/v2\/comments?post=32129"}],"version-history":[{"count":5,"href":"https:\/\/gabitel.net\/de\/wp-json\/wp\/v2\/posts\/32129\/revisions"}],"predecessor-version":[{"id":32161,"href":"https:\/\/gabitel.net\/de\/wp-json\/wp\/v2\/posts\/32129\/revisions\/32161"}],"wp:featuredmedia":[{"embeddable":true,"href":"https:\/\/gabitel.net\/de\/wp-json\/wp\/v2\/media\/32177"}],"wp:attachment":[{"href":"https:\/\/gabitel.net\/de\/wp-json\/wp\/v2\/media?parent=32129"}],"wp:term":[{"taxonomy":"category","embeddable":true,"href":"https:\/\/gabitel.net\/de\/wp-json\/wp\/v2\/categories?post=32129"},{"taxonomy":"post_tag","embeddable":true,"href":"https:\/\/gabitel.net\/de\/wp-json\/wp\/v2\/tags?post=32129"}],"curies":[{"name":"wp","href":"https:\/\/api.w.org\/{rel}","templated":true}]}}