{"id":32131,"date":"2025-06-27T14:02:22","date_gmt":"2025-06-27T12:02:22","guid":{"rendered":"https:\/\/gabitel.net\/feliz-dia-internacional-de-las-pymes\/"},"modified":"2025-07-02T11:10:49","modified_gmt":"2025-07-02T09:10:49","slug":"feliz-dia-internacional-de-las-pymes","status":"publish","type":"post","link":"https:\/\/gabitel.net\/de\/feliz-dia-internacional-de-las-pymes\/","title":{"rendered":"Frohen Internationalen Tag der KMU!"},"content":{"rendered":"\t\t<div data-elementor-type=\"wp-post\" data-elementor-id=\"32131\" class=\"elementor elementor-32131 elementor-30000\" data-elementor-post-type=\"post\">\n\t\t\t\t<div class=\"elementor-element elementor-element-7d887d43 e-flex e-con-boxed e-con e-parent\" data-id=\"7d887d43\" data-element_type=\"container\" data-e-type=\"container\">\n\t\t\t\t\t<div class=\"e-con-inner\">\n\t\t\t\t<div class=\"elementor-element elementor-element-5016243a elementor-widget elementor-widget-text-editor\" data-id=\"5016243a\" data-element_type=\"widget\" data-e-type=\"widget\" data-widget_type=\"text-editor.default\">\n\t\t\t\t<div class=\"elementor-widget-container\">\n\t\t\t\t\t\t\t\t\t<p>Heute, am 27. Juni, feiern wir den Internationalen Tag der KMU, die eine entscheidende Rolle in der sozio\u00f6konomischen und nachhaltigen Entwicklung Spaniens spielen. Nicht umsonst machen sie mehr als 99 % des Unternehmensgeflechts aus, schaffen \u00fcber 66 % der Gesamtbesch\u00e4ftigung (sieben von zehn Arbeitspl\u00e4tzen) und tragen 65 % zum nationalen BIP bei.<\/p>\n\n<p>Ein Motor der wirtschaftlichen Belebung, eine Quelle von Besch\u00e4ftigung, Innovation und lokaler Entwicklung, der dazu einl\u00e4dt, \u00fcber die Bedeutung all jener kleinen und mittleren Unternehmen nachzudenken, die sich Tag f\u00fcr Tag mit Verantwortung f\u00fcr den Fortschritt und das Wohl unseres Umfelds einsetzen und sie dadurch gro\u00df machen.<\/p>\n\n<p>Frohen Internationalen Tag der KMU!<\/p>\n\n<a href=\"https:\/\/gabitel.net\/wp-content\/uploads\/2025\/06\/Post-04_POST-copia-1.png\"><img fetchpriority=\"high\" decoding=\"async\" class=\"alignnone wp-image-30003 size-large\" src=\"https:\/\/gabitel.net\/wp-content\/uploads\/2025\/06\/Post-04_POST-copia-1-1024x1024.png\" alt=\"\" width=\"1024\" height=\"1024\" srcset=\"https:\/\/gabitel.net\/wp-content\/uploads\/2025\/06\/Post-04_POST-copia-1-1024x1024.png 1024w, https:\/\/gabitel.net\/wp-content\/uploads\/2025\/06\/Post-04_POST-copia-1-300x300.png 300w, https:\/\/gabitel.net\/wp-content\/uploads\/2025\/06\/Post-04_POST-copia-1-150x150.png 150w, https:\/\/gabitel.net\/wp-content\/uploads\/2025\/06\/Post-04_POST-copia-1-768x768.png 768w, https:\/\/gabitel.net\/wp-content\/uploads\/2025\/06\/Post-04_POST-copia-1.png 1080w\" sizes=\"(max-width: 1024px) 100vw, 1024px\" \/><\/a>\n\t\t\t\t\t\t\t\t<\/div>\n\t\t\t\t<\/div>\n\t\t\t\t\t<\/div>\n\t\t\t\t<\/div>\n\t\t\t\t<\/div>\n\t\t","protected":false},"excerpt":{"rendered":"<p>Heute, am 27. Juni, feiern wir den Internationalen Tag der KMU, die eine entscheidende Rolle in der sozio\u00f6konomischen und nachhaltigen Entwicklung Spaniens spielen. Nicht umsonst machen sie mehr als 99 % des Unternehmensgeflechts aus, schaffen \u00fcber 66 % der Gesamtbesch\u00e4ftigung (sieben von zehn Arbeitspl\u00e4tzen) und tragen 65 % zum nationalen BIP bei. Ein Motor der [&hellip;]<\/p>\n","protected":false},"author":4,"featured_media":32180,"comment_status":"closed","ping_status":"closed","sticky":false,"template":"","format":"standard","meta":{"content-type":"","footnotes":""},"categories":[413,412,414],"tags":[678,416,679,421],"class_list":["post-32131","post","type-post","status-publish","format-standard","has-post-thumbnail","hentry","category-blog-de","category-news-de","category-newsletter-de","tag-dia-mundial-de-las-pymes-de","tag-gabitel-de","tag-pymes-de","tag-unternehmen"],"yoast_head":"<!-- This site is optimized with the Yoast SEO plugin v27.4 - https:\/\/yoast.com\/product\/yoast-seo-wordpress\/ -->\n<title>Frohen Internationalen Tag der KMU! - Gabitel<\/title>\n<meta name=\"description\" content=\"Hoy celebramos el D\u00eda Internacional de las pymes, que juegan un papel vital en el desarrollo sociecon\u00f3mico y sostenible de Espa\u00f1a.\" \/>\n<meta name=\"robots\" content=\"index, follow, max-snippet:-1, max-image-preview:large, max-video-preview:-1\" \/>\n<link rel=\"canonical\" href=\"https:\/\/gabitel.net\/de\/feliz-dia-internacional-de-las-pymes\/\" \/>\n<meta property=\"og:locale\" content=\"de_DE\" \/>\n<meta property=\"og:type\" content=\"article\" \/>\n<meta property=\"og:title\" content=\"Frohen Internationalen Tag der KMU! - Gabitel\" \/>\n<meta property=\"og:description\" content=\"Hoy celebramos el D\u00eda Internacional de las pymes, que juegan un papel vital en el desarrollo sociecon\u00f3mico y sostenible de Espa\u00f1a.\" \/>\n<meta property=\"og:url\" content=\"https:\/\/gabitel.net\/de\/feliz-dia-internacional-de-las-pymes\/\" \/>\n<meta property=\"og:site_name\" content=\"Gabitel\" \/>\n<meta property=\"article:publisher\" content=\"https:\/\/www.facebook.com\/gabitelingenieros\/\" \/>\n<meta property=\"article:published_time\" content=\"2025-06-27T12:02:22+00:00\" \/>\n<meta property=\"article:modified_time\" content=\"2025-07-02T09:10:49+00:00\" \/>\n<meta property=\"og:image\" content=\"https:\/\/gabitel.net\/wp-content\/uploads\/2025\/06\/Dia_Mundial_PYMES_2025.jpg\" \/>\n\t<meta property=\"og:image:width\" content=\"1080\" \/>\n\t<meta property=\"og:image:height\" content=\"720\" \/>\n\t<meta property=\"og:image:type\" content=\"image\/jpeg\" \/>\n<meta name=\"author\" content=\"RRSS\" \/>\n<meta name=\"twitter:card\" content=\"summary_large_image\" \/>\n<meta name=\"twitter:label1\" content=\"Verfasst von\" \/>\n\t<meta name=\"twitter:data1\" content=\"RRSS\" \/>\n\t<meta name=\"twitter:label2\" content=\"Gesch\u00e4tzte Lesezeit\" \/>\n\t<meta name=\"twitter:data2\" content=\"1\u00a0Minute\" \/>\n<script type=\"application\/ld+json\" class=\"yoast-schema-graph\">{\"@context\":\"https:\\\/\\\/schema.org\",\"@graph\":[{\"@type\":[\"Article\",\"BlogPosting\"],\"@id\":\"https:\\\/\\\/gabitel.net\\\/de\\\/feliz-dia-internacional-de-las-pymes\\\/#article\",\"isPartOf\":{\"@id\":\"https:\\\/\\\/gabitel.net\\\/de\\\/feliz-dia-internacional-de-las-pymes\\\/\"},\"author\":{\"name\":\"RRSS\",\"@id\":\"https:\\\/\\\/gabitel.net\\\/de\\\/#\\\/schema\\\/person\\\/ce019f62678e1de8617e97873813dc44\"},\"headline\":\"Frohen Internationalen Tag der KMU!\",\"datePublished\":\"2025-06-27T12:02:22+00:00\",\"dateModified\":\"2025-07-02T09:10:49+00:00\",\"mainEntityOfPage\":{\"@id\":\"https:\\\/\\\/gabitel.net\\\/de\\\/feliz-dia-internacional-de-las-pymes\\\/\"},\"wordCount\":109,\"publisher\":{\"@id\":\"https:\\\/\\\/gabitel.net\\\/de\\\/#organization\"},\"image\":{\"@id\":\"https:\\\/\\\/gabitel.net\\\/de\\\/feliz-dia-internacional-de-las-pymes\\\/#primaryimage\"},\"thumbnailUrl\":\"https:\\\/\\\/gabitel.net\\\/wp-content\\\/uploads\\\/2025\\\/06\\\/Dia_Mundial_PYMES_2025.jpg\",\"keywords\":[\"D\u00eda Mundial de las pymes\",\"Gabitel\",\"pymes\",\"Unternehmen\"],\"articleSection\":[\"Blog\",\"News\",\"Newsletter\"],\"inLanguage\":\"de\"},{\"@type\":\"WebPage\",\"@id\":\"https:\\\/\\\/gabitel.net\\\/de\\\/feliz-dia-internacional-de-las-pymes\\\/\",\"url\":\"https:\\\/\\\/gabitel.net\\\/de\\\/feliz-dia-internacional-de-las-pymes\\\/\",\"name\":\"Frohen Internationalen Tag der KMU! - Gabitel\",\"isPartOf\":{\"@id\":\"https:\\\/\\\/gabitel.net\\\/de\\\/#website\"},\"primaryImageOfPage\":{\"@id\":\"https:\\\/\\\/gabitel.net\\\/de\\\/feliz-dia-internacional-de-las-pymes\\\/#primaryimage\"},\"image\":{\"@id\":\"https:\\\/\\\/gabitel.net\\\/de\\\/feliz-dia-internacional-de-las-pymes\\\/#primaryimage\"},\"thumbnailUrl\":\"https:\\\/\\\/gabitel.net\\\/wp-content\\\/uploads\\\/2025\\\/06\\\/Dia_Mundial_PYMES_2025.jpg\",\"datePublished\":\"2025-06-27T12:02:22+00:00\",\"dateModified\":\"2025-07-02T09:10:49+00:00\",\"description\":\"Hoy celebramos el D\u00eda Internacional de las pymes, que juegan un papel vital en el desarrollo sociecon\u00f3mico y sostenible de Espa\u00f1a.\",\"breadcrumb\":{\"@id\":\"https:\\\/\\\/gabitel.net\\\/de\\\/feliz-dia-internacional-de-las-pymes\\\/#breadcrumb\"},\"inLanguage\":\"de\",\"potentialAction\":[{\"@type\":\"ReadAction\",\"target\":[\"https:\\\/\\\/gabitel.net\\\/de\\\/feliz-dia-internacional-de-las-pymes\\\/\"]}]},{\"@type\":\"ImageObject\",\"inLanguage\":\"de\",\"@id\":\"https:\\\/\\\/gabitel.net\\\/de\\\/feliz-dia-internacional-de-las-pymes\\\/#primaryimage\",\"url\":\"https:\\\/\\\/gabitel.net\\\/wp-content\\\/uploads\\\/2025\\\/06\\\/Dia_Mundial_PYMES_2025.jpg\",\"contentUrl\":\"https:\\\/\\\/gabitel.net\\\/wp-content\\\/uploads\\\/2025\\\/06\\\/Dia_Mundial_PYMES_2025.jpg\",\"width\":1080,\"height\":720,\"caption\":\"Dia_Mundial_PYMES_2025\"},{\"@type\":\"BreadcrumbList\",\"@id\":\"https:\\\/\\\/gabitel.net\\\/de\\\/feliz-dia-internacional-de-las-pymes\\\/#breadcrumb\",\"itemListElement\":[{\"@type\":\"ListItem\",\"position\":1,\"name\":\"Portada\",\"item\":\"https:\\\/\\\/gabitel.net\\\/de\\\/\"},{\"@type\":\"ListItem\",\"position\":2,\"name\":\"Frohen Internationalen Tag der KMU!\"}]},{\"@type\":\"WebSite\",\"@id\":\"https:\\\/\\\/gabitel.net\\\/de\\\/#website\",\"url\":\"https:\\\/\\\/gabitel.net\\\/de\\\/\",\"name\":\"Gabitel\",\"description\":\"\",\"publisher\":{\"@id\":\"https:\\\/\\\/gabitel.net\\\/de\\\/#organization\"},\"potentialAction\":[{\"@type\":\"SearchAction\",\"target\":{\"@type\":\"EntryPoint\",\"urlTemplate\":\"https:\\\/\\\/gabitel.net\\\/de\\\/?s={search_term_string}\"},\"query-input\":{\"@type\":\"PropertyValueSpecification\",\"valueRequired\":true,\"valueName\":\"search_term_string\"}}],\"inLanguage\":\"de\"},{\"@type\":\"Organization\",\"@id\":\"https:\\\/\\\/gabitel.net\\\/de\\\/#organization\",\"name\":\"Gabitel\",\"url\":\"https:\\\/\\\/gabitel.net\\\/de\\\/\",\"logo\":{\"@type\":\"ImageObject\",\"inLanguage\":\"de\",\"@id\":\"https:\\\/\\\/gabitel.net\\\/de\\\/#\\\/schema\\\/logo\\\/image\\\/\",\"url\":\"https:\\\/\\\/gabitel.net\\\/wp-content\\\/uploads\\\/2025\\\/05\\\/logo_gabitel.jpg\",\"contentUrl\":\"https:\\\/\\\/gabitel.net\\\/wp-content\\\/uploads\\\/2025\\\/05\\\/logo_gabitel.jpg\",\"width\":2560,\"height\":1330,\"caption\":\"Gabitel\"},\"image\":{\"@id\":\"https:\\\/\\\/gabitel.net\\\/de\\\/#\\\/schema\\\/logo\\\/image\\\/\"},\"sameAs\":[\"https:\\\/\\\/www.facebook.com\\\/gabitelingenieros\\\/\",\"https:\\\/\\\/es.linkedin.com\\\/company\\\/gabitel-ingenieros\"]},{\"@type\":\"Person\",\"@id\":\"https:\\\/\\\/gabitel.net\\\/de\\\/#\\\/schema\\\/person\\\/ce019f62678e1de8617e97873813dc44\",\"name\":\"RRSS\",\"url\":\"https:\\\/\\\/gabitel.net\\\/de\\\/author\\\/rrss\\\/\"}]}<\/script>\n<!-- \/ Yoast SEO plugin. -->","yoast_head_json":{"title":"Frohen Internationalen Tag der KMU! - Gabitel","description":"Hoy celebramos el D\u00eda Internacional de las pymes, que juegan un papel vital en el desarrollo sociecon\u00f3mico y sostenible de Espa\u00f1a.","robots":{"index":"index","follow":"follow","max-snippet":"max-snippet:-1","max-image-preview":"max-image-preview:large","max-video-preview":"max-video-preview:-1"},"canonical":"https:\/\/gabitel.net\/de\/feliz-dia-internacional-de-las-pymes\/","og_locale":"de_DE","og_type":"article","og_title":"Frohen Internationalen Tag der KMU! - Gabitel","og_description":"Hoy celebramos el D\u00eda Internacional de las pymes, que juegan un papel vital en el desarrollo sociecon\u00f3mico y sostenible de Espa\u00f1a.","og_url":"https:\/\/gabitel.net\/de\/feliz-dia-internacional-de-las-pymes\/","og_site_name":"Gabitel","article_publisher":"https:\/\/www.facebook.com\/gabitelingenieros\/","article_published_time":"2025-06-27T12:02:22+00:00","article_modified_time":"2025-07-02T09:10:49+00:00","og_image":[{"width":1080,"height":720,"url":"https:\/\/gabitel.net\/wp-content\/uploads\/2025\/06\/Dia_Mundial_PYMES_2025.jpg","type":"image\/jpeg"}],"author":"RRSS","twitter_card":"summary_large_image","twitter_misc":{"Verfasst von":"RRSS","Gesch\u00e4tzte Lesezeit":"1\u00a0Minute"},"schema":{"@context":"https:\/\/schema.org","@graph":[{"@type":["Article","BlogPosting"],"@id":"https:\/\/gabitel.net\/de\/feliz-dia-internacional-de-las-pymes\/#article","isPartOf":{"@id":"https:\/\/gabitel.net\/de\/feliz-dia-internacional-de-las-pymes\/"},"author":{"name":"RRSS","@id":"https:\/\/gabitel.net\/de\/#\/schema\/person\/ce019f62678e1de8617e97873813dc44"},"headline":"Frohen Internationalen Tag der KMU!","datePublished":"2025-06-27T12:02:22+00:00","dateModified":"2025-07-02T09:10:49+00:00","mainEntityOfPage":{"@id":"https:\/\/gabitel.net\/de\/feliz-dia-internacional-de-las-pymes\/"},"wordCount":109,"publisher":{"@id":"https:\/\/gabitel.net\/de\/#organization"},"image":{"@id":"https:\/\/gabitel.net\/de\/feliz-dia-internacional-de-las-pymes\/#primaryimage"},"thumbnailUrl":"https:\/\/gabitel.net\/wp-content\/uploads\/2025\/06\/Dia_Mundial_PYMES_2025.jpg","keywords":["D\u00eda Mundial de las pymes","Gabitel","pymes","Unternehmen"],"articleSection":["Blog","News","Newsletter"],"inLanguage":"de"},{"@type":"WebPage","@id":"https:\/\/gabitel.net\/de\/feliz-dia-internacional-de-las-pymes\/","url":"https:\/\/gabitel.net\/de\/feliz-dia-internacional-de-las-pymes\/","name":"Frohen Internationalen Tag der KMU! - Gabitel","isPartOf":{"@id":"https:\/\/gabitel.net\/de\/#website"},"primaryImageOfPage":{"@id":"https:\/\/gabitel.net\/de\/feliz-dia-internacional-de-las-pymes\/#primaryimage"},"image":{"@id":"https:\/\/gabitel.net\/de\/feliz-dia-internacional-de-las-pymes\/#primaryimage"},"thumbnailUrl":"https:\/\/gabitel.net\/wp-content\/uploads\/2025\/06\/Dia_Mundial_PYMES_2025.jpg","datePublished":"2025-06-27T12:02:22+00:00","dateModified":"2025-07-02T09:10:49+00:00","description":"Hoy celebramos el D\u00eda Internacional de las pymes, que juegan un papel vital en el desarrollo sociecon\u00f3mico y sostenible de Espa\u00f1a.","breadcrumb":{"@id":"https:\/\/gabitel.net\/de\/feliz-dia-internacional-de-las-pymes\/#breadcrumb"},"inLanguage":"de","potentialAction":[{"@type":"ReadAction","target":["https:\/\/gabitel.net\/de\/feliz-dia-internacional-de-las-pymes\/"]}]},{"@type":"ImageObject","inLanguage":"de","@id":"https:\/\/gabitel.net\/de\/feliz-dia-internacional-de-las-pymes\/#primaryimage","url":"https:\/\/gabitel.net\/wp-content\/uploads\/2025\/06\/Dia_Mundial_PYMES_2025.jpg","contentUrl":"https:\/\/gabitel.net\/wp-content\/uploads\/2025\/06\/Dia_Mundial_PYMES_2025.jpg","width":1080,"height":720,"caption":"Dia_Mundial_PYMES_2025"},{"@type":"BreadcrumbList","@id":"https:\/\/gabitel.net\/de\/feliz-dia-internacional-de-las-pymes\/#breadcrumb","itemListElement":[{"@type":"ListItem","position":1,"name":"Portada","item":"https:\/\/gabitel.net\/de\/"},{"@type":"ListItem","position":2,"name":"Frohen Internationalen Tag der KMU!"}]},{"@type":"WebSite","@id":"https:\/\/gabitel.net\/de\/#website","url":"https:\/\/gabitel.net\/de\/","name":"Gabitel","description":"","publisher":{"@id":"https:\/\/gabitel.net\/de\/#organization"},"potentialAction":[{"@type":"SearchAction","target":{"@type":"EntryPoint","urlTemplate":"https:\/\/gabitel.net\/de\/?s={search_term_string}"},"query-input":{"@type":"PropertyValueSpecification","valueRequired":true,"valueName":"search_term_string"}}],"inLanguage":"de"},{"@type":"Organization","@id":"https:\/\/gabitel.net\/de\/#organization","name":"Gabitel","url":"https:\/\/gabitel.net\/de\/","logo":{"@type":"ImageObject","inLanguage":"de","@id":"https:\/\/gabitel.net\/de\/#\/schema\/logo\/image\/","url":"https:\/\/gabitel.net\/wp-content\/uploads\/2025\/05\/logo_gabitel.jpg","contentUrl":"https:\/\/gabitel.net\/wp-content\/uploads\/2025\/05\/logo_gabitel.jpg","width":2560,"height":1330,"caption":"Gabitel"},"image":{"@id":"https:\/\/gabitel.net\/de\/#\/schema\/logo\/image\/"},"sameAs":["https:\/\/www.facebook.com\/gabitelingenieros\/","https:\/\/es.linkedin.com\/company\/gabitel-ingenieros"]},{"@type":"Person","@id":"https:\/\/gabitel.net\/de\/#\/schema\/person\/ce019f62678e1de8617e97873813dc44","name":"RRSS","url":"https:\/\/gabitel.net\/de\/author\/rrss\/"}]}},"_links":{"self":[{"href":"https:\/\/gabitel.net\/de\/wp-json\/wp\/v2\/posts\/32131","targetHints":{"allow":["GET"]}}],"collection":[{"href":"https:\/\/gabitel.net\/de\/wp-json\/wp\/v2\/posts"}],"about":[{"href":"https:\/\/gabitel.net\/de\/wp-json\/wp\/v2\/types\/post"}],"author":[{"embeddable":true,"href":"https:\/\/gabitel.net\/de\/wp-json\/wp\/v2\/users\/4"}],"replies":[{"embeddable":true,"href":"https:\/\/gabitel.net\/de\/wp-json\/wp\/v2\/comments?post=32131"}],"version-history":[{"count":3,"href":"https:\/\/gabitel.net\/de\/wp-json\/wp\/v2\/posts\/32131\/revisions"}],"predecessor-version":[{"id":32164,"href":"https:\/\/gabitel.net\/de\/wp-json\/wp\/v2\/posts\/32131\/revisions\/32164"}],"wp:featuredmedia":[{"embeddable":true,"href":"https:\/\/gabitel.net\/de\/wp-json\/wp\/v2\/media\/32180"}],"wp:attachment":[{"href":"https:\/\/gabitel.net\/de\/wp-json\/wp\/v2\/media?parent=32131"}],"wp:term":[{"taxonomy":"category","embeddable":true,"href":"https:\/\/gabitel.net\/de\/wp-json\/wp\/v2\/categories?post=32131"},{"taxonomy":"post_tag","embeddable":true,"href":"https:\/\/gabitel.net\/de\/wp-json\/wp\/v2\/tags?post=32131"}],"curies":[{"name":"wp","href":"https:\/\/api.w.org\/{rel}","templated":true}]}}