{"id":32554,"date":"2024-09-23T13:21:38","date_gmt":"2024-09-23T11:21:38","guid":{"rendered":"https:\/\/gabitel.net\/la_catedra_gabitel_sobre_el_hidrogeno_se_consolida_y_externaliza_en_2023\/"},"modified":"2025-07-18T10:44:13","modified_gmt":"2025-07-18T08:44:13","slug":"la_catedra_gabitel_sobre_el_hidrogeno_se_consolida_y_externaliza_en_2023","status":"publish","type":"post","link":"https:\/\/gabitel.net\/de\/la_catedra_gabitel_sobre_el_hidrogeno_se_consolida_y_externaliza_en_2023\/","title":{"rendered":"Der Gabitel-Lehrstuhl f\u00fcr Wasserstoff konsolidiert sich und wird 2023 ausgegliedert"},"content":{"rendered":"<p>Die <strong>Gabitel-Lehrstuhl f\u00fcr Wasserstoff<\/strong> hat ihren <strong>Jahresaktivit\u00e4tsbericht<\/strong> f\u00fcr das Jahr <strong>2023<\/strong> ver\u00f6ffentlicht, in dem alle im C\u00e1tedra-Rat geplanten und vorgeschlagenen Aktivit\u00e4ten durchgef\u00fchrt wurden, wodurch seine Konsolidierung und Auslagerung in seinem Engagement gef\u00f6rdert wurde, die Nutzung dieser gr\u00fcnen Technologie und ihrer Anwendungen zur Transformation der aktuellen Energierealit\u00e4t zu f\u00f6rdern.<\/p>\n<p>Im vergangenen Jahr organisierte und nahm der Lehrstuhl an zahlreichen bedeutenden F&#038;E+i-Veranstaltungen, Aus- und Weiterbildungsma\u00dfnahmen sowie Wissens\u00adtransfer\u00adaktivit\u00e4ten teil \u2013 den Achsen, auf denen er seit seiner Gr\u00fcndung im Jahr 2021 basiert \u2013, die sein Engagement f\u00fcr die Erforschung und Verbreitung des Potenzials von <strong>gr\u00fcnem Wasserstoff<\/strong> im Rahmen des Einsatzes und der Verantwortung von <strong>Gabitel und der Universit\u00e4t Huelva<\/strong> zur Unterst\u00fctzung der Transformation der aktuellen Energierealit\u00e4t gest\u00e4rkt haben.<\/p>\n<p><a href=\"https:\/\/gabitelingenieros.com\/wp-content\/uploads\/2024\/09\/1727080218274-scaled.jpg\"><img decoding=\"async\" src=\"https:\/\/gabitelingenieros.com\/wp-content\/uploads\/2024\/09\/1727080218274-scaled.jpg\" alt=\"Der Gabitel-Lehrstuhl f\u00fcr Wasserstoff konsolidiert sich und wird 2023 ausgegliedert | Gabitel Ingenieros\" \/><\/a><\/p>\n<p>Im Schwerpunktbereich Lehre wurden 2023 weiterhin Unterst\u00fctzungen f\u00fcr drei universit\u00e4re Aktivit\u00e4ten (MOTOETSI, SURBANRACE und SCIENCITY) aufrechterhalten, das Seminar zur <strong>Projektabwicklung von H2-Projekten<\/strong> durchgef\u00fchrt und der <strong>I Sommerkurs zur Wasserstofftechnologie an der Universit\u00e4t Huelva<\/strong> angeboten.<\/p>\n<p>Bez\u00fcglich der Achsen Forschung und Transfer trat der Lehrstuhl als Referent beim <strong>Proffesional Meeting on Hydrogen (PMH2),<\/strong> auf und richtete die <strong>IV. Fachkonferenz \u201eWasserstofftechnologie. Power to Gas. Industrie und Herkunftsgarantien\u201c,<\/strong> aus, zus\u00e4tzlich zur Organisation der<strong> V. Fachkonferenz<\/strong> im Rahmen des \u201e<strong>Industrieller H2-Verbrauch. Dekarbonisierungschancen\u201c,<\/strong> in der die vielf\u00e4ltigen industriellen Anwendungen von gr\u00fcnem Wasserstoff und seiner Derivate als synthetische Ersatzbrennstoffe praktisch behandelt wurden.<\/p>\n<p><a href=\"https:\/\/gabitelingenieros.com\/wp-content\/uploads\/2024\/09\/1727080218288-scaled.jpg\"><img decoding=\"async\" src=\"https:\/\/gabitelingenieros.com\/wp-content\/uploads\/2024\/09\/1727080218288-scaled.jpg\" alt=\"Der Gabitel-Lehrstuhl f\u00fcr Wasserstoff konsolidiert sich und wird 2023 ausgegliedert | Gabitel Ingenieros\" \/><\/a><\/p>\n<p>Im Jahr 2023 konnte au\u00dferdem die Arbeit des Lehrstuhls seit seiner Gr\u00fcndung 2021 mit Aktivit\u00e4ten wie der Organisation der <strong>I InterC\u00e1tedra-Tagung,<\/strong> der Auswahl durch die deutsche Delegation des Landes <strong>Baden-W\u00fcrttemberg<\/strong> f\u00fcr das <strong>I Spanisch-Deutsche Treffen zur Wasserstofftechnologie<\/strong> und der Einladung durch die <strong>Fachzeitschrift Technische Industrie<\/strong> zu einem Monografie-Interview ausgegliedert werden, neben weiteren Meilensteinen.<\/p>\n<p>Der Lehrstuhl war zudem Mitglied des Komitees beim <strong>I Nationalen Kongress f\u00fcr Gr\u00fcnen Wasserstoff (7.\u20139. Februar) in Huelva,<\/strong> einer nationalen und internationalen Plattform, auf der Expertinnen, Fachleute und Branchenf\u00fchrer Ideen, Projekte und Visionen zum Antrieb der Entwicklung von gr\u00fcnem Wasserstoff teilten.<\/p>\n<p>Der<strong> Gabitel-Lehrstuhl f\u00fcr Wasserstoff<\/strong> wurde 2021 durch die Unterzeichnung eines Abkommens zwischen der <strong>Universit\u00e4t Huelva (UHU)<\/strong> und Gabitel gegr\u00fcndet, um die Verbindungen und Kooperationsprojekte zwischen beiden Institutionen zu zentralisieren und zu st\u00e4rken. Beide Institutionen verpflichten sich klar zur Beitragsleistung an die Erreichung der <strong>Ziele f\u00fcr nachhaltige Entwicklung<\/strong> in unserer Umgebung.<\/p>\n<p>&nbsp;<\/p>\n<p>&nbsp;<\/p>\n<p>&nbsp;<\/p>\n<p>&nbsp;<\/p>\n<p>&nbsp;<\/p>\n<p>&nbsp;<\/p>\n","protected":false},"excerpt":{"rendered":"<p>Der von Gabitel und der UHU 2021 initiierte Lehrstuhl hat seinen Jahresaktivit\u00e4tsbericht ver\u00f6ffentlicht.<\/p>\n","protected":false},"author":3,"featured_media":32555,"comment_status":"closed","ping_status":"closed","sticky":false,"template":"","format":"standard","meta":{"content-type":"","footnotes":""},"categories":[413,681,427,412,414,607],"tags":[545,442,641,720,416,428,417,439,523,418],"class_list":["post-32554","post","type-post","status-publish","format-standard","has-post-thumbnail","hentry","category-blog-de","category-gabitel-lehrstuhl","category-hidrogeno-de","category-news-de","category-newsletter-de","category-soziale-verantwortung","tag-bericht","tag-catedra-gabitel-de","tag-dekarbonisierung","tag-descarbonizacion","tag-gabitel-de","tag-hidrogeno-verde-de","tag-ingenieurwesen","tag-universidad-de-huelva-de","tag-wasserstoff-huelva","tag-weiterbildung"],"yoast_head":"<!-- This site is optimized with the Yoast SEO plugin v27.5 - https:\/\/yoast.com\/product\/yoast-seo-wordpress\/ -->\n<title>Der Gabitel-Lehrstuhl f\u00fcr Wasserstoff konsolidiert sich und wird 2023 ausgegliedert - Gabitel<\/title>\n<meta name=\"robots\" content=\"index, follow, max-snippet:-1, max-image-preview:large, max-video-preview:-1\" \/>\n<link rel=\"canonical\" href=\"https:\/\/gabitel.net\/de\/la_catedra_gabitel_sobre_el_hidrogeno_se_consolida_y_externaliza_en_2023\/\" \/>\n<meta property=\"og:locale\" content=\"de_DE\" \/>\n<meta property=\"og:type\" content=\"article\" \/>\n<meta property=\"og:title\" content=\"Der Gabitel-Lehrstuhl f\u00fcr Wasserstoff konsolidiert sich und wird 2023 ausgegliedert - Gabitel\" \/>\n<meta property=\"og:description\" content=\"Der von Gabitel und der UHU 2021 initiierte Lehrstuhl hat seinen Jahresaktivit\u00e4tsbericht ver\u00f6ffentlicht.\" \/>\n<meta property=\"og:url\" content=\"https:\/\/gabitel.net\/de\/la_catedra_gabitel_sobre_el_hidrogeno_se_consolida_y_externaliza_en_2023\/\" \/>\n<meta property=\"og:site_name\" content=\"Gabitel\" \/>\n<meta property=\"article:publisher\" content=\"https:\/\/www.facebook.com\/gabitelingenieros\/\" \/>\n<meta property=\"article:published_time\" content=\"2024-09-23T11:21:38+00:00\" \/>\n<meta property=\"article:modified_time\" content=\"2025-07-18T08:44:13+00:00\" \/>\n<meta property=\"og:image\" content=\"https:\/\/gabitel.net\/wp-content\/uploads\/2024\/09\/1727080218381-scaled-1.jpg\" \/>\n\t<meta property=\"og:image:width\" content=\"2560\" \/>\n\t<meta property=\"og:image:height\" content=\"1922\" \/>\n\t<meta property=\"og:image:type\" content=\"image\/jpeg\" \/>\n<meta name=\"author\" content=\"user.autor\" \/>\n<meta name=\"twitter:card\" content=\"summary_large_image\" \/>\n<meta name=\"twitter:label1\" content=\"Verfasst von\" \/>\n\t<meta name=\"twitter:data1\" content=\"user.autor\" \/>\n\t<meta name=\"twitter:label2\" content=\"Gesch\u00e4tzte Lesezeit\" \/>\n\t<meta name=\"twitter:data2\" content=\"3\u00a0Minuten\" \/>\n<script type=\"application\/ld+json\" class=\"yoast-schema-graph\">{\"@context\":\"https:\\\/\\\/schema.org\",\"@graph\":[{\"@type\":[\"Article\",\"BlogPosting\"],\"@id\":\"https:\\\/\\\/gabitel.net\\\/de\\\/la_catedra_gabitel_sobre_el_hidrogeno_se_consolida_y_externaliza_en_2023\\\/#article\",\"isPartOf\":{\"@id\":\"https:\\\/\\\/gabitel.net\\\/de\\\/la_catedra_gabitel_sobre_el_hidrogeno_se_consolida_y_externaliza_en_2023\\\/\"},\"author\":{\"name\":\"user.autor\",\"@id\":\"https:\\\/\\\/gabitel.net\\\/de\\\/#\\\/schema\\\/person\\\/37ba53714c3fedb9c7d22f4bc781465c\"},\"headline\":\"Der Gabitel-Lehrstuhl f\u00fcr Wasserstoff konsolidiert sich und wird 2023 ausgegliedert\",\"datePublished\":\"2024-09-23T11:21:38+00:00\",\"dateModified\":\"2025-07-18T08:44:13+00:00\",\"mainEntityOfPage\":{\"@id\":\"https:\\\/\\\/gabitel.net\\\/de\\\/la_catedra_gabitel_sobre_el_hidrogeno_se_consolida_y_externaliza_en_2023\\\/\"},\"wordCount\":412,\"publisher\":{\"@id\":\"https:\\\/\\\/gabitel.net\\\/de\\\/#organization\"},\"image\":{\"@id\":\"https:\\\/\\\/gabitel.net\\\/de\\\/la_catedra_gabitel_sobre_el_hidrogeno_se_consolida_y_externaliza_en_2023\\\/#primaryimage\"},\"thumbnailUrl\":\"https:\\\/\\\/gabitel.net\\\/wp-content\\\/uploads\\\/2024\\\/09\\\/1727080218381-scaled-1.jpg\",\"keywords\":[\"Bericht\",\"C\u00e1tedra Gabitel\",\"Dekarbonisierung\",\"descarbonizaci\u00f3n\",\"Gabitel\",\"hidr\u00f3geno verde\",\"Ingenieurwesen\",\"Universidad de Huelva\",\"Wasserstoff Huelva\",\"Weiterbildung\"],\"articleSection\":[\"Blog\",\"Gabitel-Lehrstuhl\",\"Hidrogeno\",\"News\",\"Newsletter\",\"Soziale Verantwortung\"],\"inLanguage\":\"de\"},{\"@type\":\"WebPage\",\"@id\":\"https:\\\/\\\/gabitel.net\\\/de\\\/la_catedra_gabitel_sobre_el_hidrogeno_se_consolida_y_externaliza_en_2023\\\/\",\"url\":\"https:\\\/\\\/gabitel.net\\\/de\\\/la_catedra_gabitel_sobre_el_hidrogeno_se_consolida_y_externaliza_en_2023\\\/\",\"name\":\"Der Gabitel-Lehrstuhl f\u00fcr Wasserstoff konsolidiert sich und wird 2023 ausgegliedert - Gabitel\",\"isPartOf\":{\"@id\":\"https:\\\/\\\/gabitel.net\\\/de\\\/#website\"},\"primaryImageOfPage\":{\"@id\":\"https:\\\/\\\/gabitel.net\\\/de\\\/la_catedra_gabitel_sobre_el_hidrogeno_se_consolida_y_externaliza_en_2023\\\/#primaryimage\"},\"image\":{\"@id\":\"https:\\\/\\\/gabitel.net\\\/de\\\/la_catedra_gabitel_sobre_el_hidrogeno_se_consolida_y_externaliza_en_2023\\\/#primaryimage\"},\"thumbnailUrl\":\"https:\\\/\\\/gabitel.net\\\/wp-content\\\/uploads\\\/2024\\\/09\\\/1727080218381-scaled-1.jpg\",\"datePublished\":\"2024-09-23T11:21:38+00:00\",\"dateModified\":\"2025-07-18T08:44:13+00:00\",\"breadcrumb\":{\"@id\":\"https:\\\/\\\/gabitel.net\\\/de\\\/la_catedra_gabitel_sobre_el_hidrogeno_se_consolida_y_externaliza_en_2023\\\/#breadcrumb\"},\"inLanguage\":\"de\",\"potentialAction\":[{\"@type\":\"ReadAction\",\"target\":[\"https:\\\/\\\/gabitel.net\\\/de\\\/la_catedra_gabitel_sobre_el_hidrogeno_se_consolida_y_externaliza_en_2023\\\/\"]}]},{\"@type\":\"ImageObject\",\"inLanguage\":\"de\",\"@id\":\"https:\\\/\\\/gabitel.net\\\/de\\\/la_catedra_gabitel_sobre_el_hidrogeno_se_consolida_y_externaliza_en_2023\\\/#primaryimage\",\"url\":\"https:\\\/\\\/gabitel.net\\\/wp-content\\\/uploads\\\/2024\\\/09\\\/1727080218381-scaled-1.jpg\",\"contentUrl\":\"https:\\\/\\\/gabitel.net\\\/wp-content\\\/uploads\\\/2024\\\/09\\\/1727080218381-scaled-1.jpg\",\"width\":2560,\"height\":1922,\"caption\":\"La C\u00e1tedra Gabitel sobre el Hidr\u00f3geno se consolida y externaliza en 2023\"},{\"@type\":\"BreadcrumbList\",\"@id\":\"https:\\\/\\\/gabitel.net\\\/de\\\/la_catedra_gabitel_sobre_el_hidrogeno_se_consolida_y_externaliza_en_2023\\\/#breadcrumb\",\"itemListElement\":[{\"@type\":\"ListItem\",\"position\":1,\"name\":\"Portada\",\"item\":\"https:\\\/\\\/gabitel.net\\\/de\\\/\"},{\"@type\":\"ListItem\",\"position\":2,\"name\":\"Der Gabitel-Lehrstuhl f\u00fcr Wasserstoff konsolidiert sich und wird 2023 ausgegliedert\"}]},{\"@type\":\"WebSite\",\"@id\":\"https:\\\/\\\/gabitel.net\\\/de\\\/#website\",\"url\":\"https:\\\/\\\/gabitel.net\\\/de\\\/\",\"name\":\"Gabitel\",\"description\":\"\",\"publisher\":{\"@id\":\"https:\\\/\\\/gabitel.net\\\/de\\\/#organization\"},\"potentialAction\":[{\"@type\":\"SearchAction\",\"target\":{\"@type\":\"EntryPoint\",\"urlTemplate\":\"https:\\\/\\\/gabitel.net\\\/de\\\/?s={search_term_string}\"},\"query-input\":{\"@type\":\"PropertyValueSpecification\",\"valueRequired\":true,\"valueName\":\"search_term_string\"}}],\"inLanguage\":\"de\"},{\"@type\":\"Organization\",\"@id\":\"https:\\\/\\\/gabitel.net\\\/de\\\/#organization\",\"name\":\"Gabitel\",\"url\":\"https:\\\/\\\/gabitel.net\\\/de\\\/\",\"logo\":{\"@type\":\"ImageObject\",\"inLanguage\":\"de\",\"@id\":\"https:\\\/\\\/gabitel.net\\\/de\\\/#\\\/schema\\\/logo\\\/image\\\/\",\"url\":\"https:\\\/\\\/gabitel.net\\\/wp-content\\\/uploads\\\/2025\\\/05\\\/logo_gabitel.jpg\",\"contentUrl\":\"https:\\\/\\\/gabitel.net\\\/wp-content\\\/uploads\\\/2025\\\/05\\\/logo_gabitel.jpg\",\"width\":2560,\"height\":1330,\"caption\":\"Gabitel\"},\"image\":{\"@id\":\"https:\\\/\\\/gabitel.net\\\/de\\\/#\\\/schema\\\/logo\\\/image\\\/\"},\"sameAs\":[\"https:\\\/\\\/www.facebook.com\\\/gabitelingenieros\\\/\",\"https:\\\/\\\/es.linkedin.com\\\/company\\\/gabitel-ingenieros\"]},{\"@type\":\"Person\",\"@id\":\"https:\\\/\\\/gabitel.net\\\/de\\\/#\\\/schema\\\/person\\\/37ba53714c3fedb9c7d22f4bc781465c\",\"name\":\"user.autor\",\"url\":\"https:\\\/\\\/gabitel.net\\\/de\\\/author\\\/user-autor\\\/\"}]}<\/script>\n<!-- \/ Yoast SEO plugin. -->","yoast_head_json":{"title":"Der Gabitel-Lehrstuhl f\u00fcr Wasserstoff konsolidiert sich und wird 2023 ausgegliedert - Gabitel","robots":{"index":"index","follow":"follow","max-snippet":"max-snippet:-1","max-image-preview":"max-image-preview:large","max-video-preview":"max-video-preview:-1"},"canonical":"https:\/\/gabitel.net\/de\/la_catedra_gabitel_sobre_el_hidrogeno_se_consolida_y_externaliza_en_2023\/","og_locale":"de_DE","og_type":"article","og_title":"Der Gabitel-Lehrstuhl f\u00fcr Wasserstoff konsolidiert sich und wird 2023 ausgegliedert - Gabitel","og_description":"Der von Gabitel und der UHU 2021 initiierte Lehrstuhl hat seinen Jahresaktivit\u00e4tsbericht ver\u00f6ffentlicht.","og_url":"https:\/\/gabitel.net\/de\/la_catedra_gabitel_sobre_el_hidrogeno_se_consolida_y_externaliza_en_2023\/","og_site_name":"Gabitel","article_publisher":"https:\/\/www.facebook.com\/gabitelingenieros\/","article_published_time":"2024-09-23T11:21:38+00:00","article_modified_time":"2025-07-18T08:44:13+00:00","og_image":[{"width":2560,"height":1922,"url":"https:\/\/gabitel.net\/wp-content\/uploads\/2024\/09\/1727080218381-scaled-1.jpg","type":"image\/jpeg"}],"author":"user.autor","twitter_card":"summary_large_image","twitter_misc":{"Verfasst von":"user.autor","Gesch\u00e4tzte Lesezeit":"3\u00a0Minuten"},"schema":{"@context":"https:\/\/schema.org","@graph":[{"@type":["Article","BlogPosting"],"@id":"https:\/\/gabitel.net\/de\/la_catedra_gabitel_sobre_el_hidrogeno_se_consolida_y_externaliza_en_2023\/#article","isPartOf":{"@id":"https:\/\/gabitel.net\/de\/la_catedra_gabitel_sobre_el_hidrogeno_se_consolida_y_externaliza_en_2023\/"},"author":{"name":"user.autor","@id":"https:\/\/gabitel.net\/de\/#\/schema\/person\/37ba53714c3fedb9c7d22f4bc781465c"},"headline":"Der Gabitel-Lehrstuhl f\u00fcr Wasserstoff konsolidiert sich und wird 2023 ausgegliedert","datePublished":"2024-09-23T11:21:38+00:00","dateModified":"2025-07-18T08:44:13+00:00","mainEntityOfPage":{"@id":"https:\/\/gabitel.net\/de\/la_catedra_gabitel_sobre_el_hidrogeno_se_consolida_y_externaliza_en_2023\/"},"wordCount":412,"publisher":{"@id":"https:\/\/gabitel.net\/de\/#organization"},"image":{"@id":"https:\/\/gabitel.net\/de\/la_catedra_gabitel_sobre_el_hidrogeno_se_consolida_y_externaliza_en_2023\/#primaryimage"},"thumbnailUrl":"https:\/\/gabitel.net\/wp-content\/uploads\/2024\/09\/1727080218381-scaled-1.jpg","keywords":["Bericht","C\u00e1tedra Gabitel","Dekarbonisierung","descarbonizaci\u00f3n","Gabitel","hidr\u00f3geno verde","Ingenieurwesen","Universidad de Huelva","Wasserstoff Huelva","Weiterbildung"],"articleSection":["Blog","Gabitel-Lehrstuhl","Hidrogeno","News","Newsletter","Soziale Verantwortung"],"inLanguage":"de"},{"@type":"WebPage","@id":"https:\/\/gabitel.net\/de\/la_catedra_gabitel_sobre_el_hidrogeno_se_consolida_y_externaliza_en_2023\/","url":"https:\/\/gabitel.net\/de\/la_catedra_gabitel_sobre_el_hidrogeno_se_consolida_y_externaliza_en_2023\/","name":"Der Gabitel-Lehrstuhl f\u00fcr Wasserstoff konsolidiert sich und wird 2023 ausgegliedert - Gabitel","isPartOf":{"@id":"https:\/\/gabitel.net\/de\/#website"},"primaryImageOfPage":{"@id":"https:\/\/gabitel.net\/de\/la_catedra_gabitel_sobre_el_hidrogeno_se_consolida_y_externaliza_en_2023\/#primaryimage"},"image":{"@id":"https:\/\/gabitel.net\/de\/la_catedra_gabitel_sobre_el_hidrogeno_se_consolida_y_externaliza_en_2023\/#primaryimage"},"thumbnailUrl":"https:\/\/gabitel.net\/wp-content\/uploads\/2024\/09\/1727080218381-scaled-1.jpg","datePublished":"2024-09-23T11:21:38+00:00","dateModified":"2025-07-18T08:44:13+00:00","breadcrumb":{"@id":"https:\/\/gabitel.net\/de\/la_catedra_gabitel_sobre_el_hidrogeno_se_consolida_y_externaliza_en_2023\/#breadcrumb"},"inLanguage":"de","potentialAction":[{"@type":"ReadAction","target":["https:\/\/gabitel.net\/de\/la_catedra_gabitel_sobre_el_hidrogeno_se_consolida_y_externaliza_en_2023\/"]}]},{"@type":"ImageObject","inLanguage":"de","@id":"https:\/\/gabitel.net\/de\/la_catedra_gabitel_sobre_el_hidrogeno_se_consolida_y_externaliza_en_2023\/#primaryimage","url":"https:\/\/gabitel.net\/wp-content\/uploads\/2024\/09\/1727080218381-scaled-1.jpg","contentUrl":"https:\/\/gabitel.net\/wp-content\/uploads\/2024\/09\/1727080218381-scaled-1.jpg","width":2560,"height":1922,"caption":"La C\u00e1tedra Gabitel sobre el Hidr\u00f3geno se consolida y externaliza en 2023"},{"@type":"BreadcrumbList","@id":"https:\/\/gabitel.net\/de\/la_catedra_gabitel_sobre_el_hidrogeno_se_consolida_y_externaliza_en_2023\/#breadcrumb","itemListElement":[{"@type":"ListItem","position":1,"name":"Portada","item":"https:\/\/gabitel.net\/de\/"},{"@type":"ListItem","position":2,"name":"Der Gabitel-Lehrstuhl f\u00fcr Wasserstoff konsolidiert sich und wird 2023 ausgegliedert"}]},{"@type":"WebSite","@id":"https:\/\/gabitel.net\/de\/#website","url":"https:\/\/gabitel.net\/de\/","name":"Gabitel","description":"","publisher":{"@id":"https:\/\/gabitel.net\/de\/#organization"},"potentialAction":[{"@type":"SearchAction","target":{"@type":"EntryPoint","urlTemplate":"https:\/\/gabitel.net\/de\/?s={search_term_string}"},"query-input":{"@type":"PropertyValueSpecification","valueRequired":true,"valueName":"search_term_string"}}],"inLanguage":"de"},{"@type":"Organization","@id":"https:\/\/gabitel.net\/de\/#organization","name":"Gabitel","url":"https:\/\/gabitel.net\/de\/","logo":{"@type":"ImageObject","inLanguage":"de","@id":"https:\/\/gabitel.net\/de\/#\/schema\/logo\/image\/","url":"https:\/\/gabitel.net\/wp-content\/uploads\/2025\/05\/logo_gabitel.jpg","contentUrl":"https:\/\/gabitel.net\/wp-content\/uploads\/2025\/05\/logo_gabitel.jpg","width":2560,"height":1330,"caption":"Gabitel"},"image":{"@id":"https:\/\/gabitel.net\/de\/#\/schema\/logo\/image\/"},"sameAs":["https:\/\/www.facebook.com\/gabitelingenieros\/","https:\/\/es.linkedin.com\/company\/gabitel-ingenieros"]},{"@type":"Person","@id":"https:\/\/gabitel.net\/de\/#\/schema\/person\/37ba53714c3fedb9c7d22f4bc781465c","name":"user.autor","url":"https:\/\/gabitel.net\/de\/author\/user-autor\/"}]}},"_links":{"self":[{"href":"https:\/\/gabitel.net\/de\/wp-json\/wp\/v2\/posts\/32554","targetHints":{"allow":["GET"]}}],"collection":[{"href":"https:\/\/gabitel.net\/de\/wp-json\/wp\/v2\/posts"}],"about":[{"href":"https:\/\/gabitel.net\/de\/wp-json\/wp\/v2\/types\/post"}],"author":[{"embeddable":true,"href":"https:\/\/gabitel.net\/de\/wp-json\/wp\/v2\/users\/3"}],"replies":[{"embeddable":true,"href":"https:\/\/gabitel.net\/de\/wp-json\/wp\/v2\/comments?post=32554"}],"version-history":[{"count":3,"href":"https:\/\/gabitel.net\/de\/wp-json\/wp\/v2\/posts\/32554\/revisions"}],"predecessor-version":[{"id":32586,"href":"https:\/\/gabitel.net\/de\/wp-json\/wp\/v2\/posts\/32554\/revisions\/32586"}],"wp:featuredmedia":[{"embeddable":true,"href":"https:\/\/gabitel.net\/de\/wp-json\/wp\/v2\/media\/32555"}],"wp:attachment":[{"href":"https:\/\/gabitel.net\/de\/wp-json\/wp\/v2\/media?parent=32554"}],"wp:term":[{"taxonomy":"category","embeddable":true,"href":"https:\/\/gabitel.net\/de\/wp-json\/wp\/v2\/categories?post=32554"},{"taxonomy":"post_tag","embeddable":true,"href":"https:\/\/gabitel.net\/de\/wp-json\/wp\/v2\/tags?post=32554"}],"curies":[{"name":"wp","href":"https:\/\/api.w.org\/{rel}","templated":true}]}}