{"id":32560,"date":"2024-03-04T13:30:38","date_gmt":"2024-03-04T12:30:38","guid":{"rendered":"https:\/\/gabitel.net\/un-paso-mas-en-compromiso-con-la-formacion-de-nuevos-talentos-gabitel-nueva-colaboradora-con-la-fp-dual\/"},"modified":"2025-07-18T10:49:43","modified_gmt":"2025-07-18T08:49:43","slug":"un-paso-mas-en-compromiso-con-la-formacion-de-nuevos-talentos-gabitel-nueva-colaboradora-con-la-fp-dual","status":"publish","type":"post","link":"https:\/\/gabitel.net\/de\/un-paso-mas-en-compromiso-con-la-formacion-de-nuevos-talentos-gabitel-nueva-colaboradora-con-la-fp-dual\/","title":{"rendered":"Ein weiterer Schritt im Engagement f\u00fcr die Ausbildung neuer Talente: Gabitel, neue Partnerin der Dualen Berufsausbildung."},"content":{"rendered":"<p>Die duale Berufsausbildung (FP Dual) ist eine der Lehrformen, die in den letzten Jahren bei jungen und nicht mehr so jungen Studierenden stark an Bedeutung gewonnen hat. Diese Option innerhalb der beruflichen Ausbildung entwickelt sich zu einer der gefragtesten aufgrund der Vorteile, die sie bietet, insbesondere bei der Spezialisierung neuer Berufsprofile und der Einbindung des Unternehmens als wesentlicher Bestandteil des Ausbildungsweges.<\/p>\n<p>&nbsp;<\/p>\n<p>Die FP Dual ist ein Ausbildungsmodell, bei dem sowohl die Bildungseinrichtung als auch das Unternehmen f\u00fcr die Ausbildung der Lernenden verantwortlich sind und sich dazu verpflichten. Dadurch entsteht ein Wechselmodell zwischen dem theoretischen Teil in der Bildungseinrichtung und dem praktischen Teil im Unternehmen selbst, das Theorie und Praxis von nahezu Beginn an kombiniert und zudem w\u00e4hrend des Ausbildungsprozesses einen wertvollen Lebenslaufbeitrag leistet.<\/p>\n<p>&nbsp;<\/p>\n<p>Gabitel geht einen weiteren Schritt und schlie\u00dft sich diesem B\u00fcndnis mit der FP Dual an, mit dem Ziel, durch die Entwicklung seiner Ausbildung als kooperierendes Unternehmenszentrum zur Verbesserung der Besch\u00e4ftigungsf\u00e4higkeit unserer jungen Talente beizutragen.<\/p>\n<p>&nbsp;<\/p>\n<p>Im vergangenen Jahr haben wir nach mehreren Treffen und Gespr\u00e4chen mit einigen dieser Bildungseinrichtungen verschiedene Vereinbarungen unterzeichnet, die bereits im Jahr 2024 Realit\u00e4t geworden sind. Im Februar dieses Jahres traten zwei Studentinnen des h\u00f6heren Berufsbildungsgangs f\u00fcr Hoch- und Tiefbau (CFGS) des I.E.S. Alonso S\u00e1nchez in Huelva und ein Student des CFGS f\u00fcr Erneuerbare Energien des I.E.S. Antonio Muriel in Lepe bei uns ein. Diese neuen Kolleginnen und der neue Kollege werden bis Mai Teil unseres Teams sein und ihre Ausbildung 2025 abschlie\u00dfen. Herzlich willkommen \u2013 wir hoffen, dass diese neue Initiative den Start einer vielversprechenden beruflichen Laufbahn markiert.<\/p>\n","protected":false},"excerpt":{"rendered":"<p>Der Gabitel-Lehrstuhl f\u00fcr Wasserstoff hat seine Rolle als F\u00f6rderer des Einsatzes von erneuerbarem Wasserstoff w\u00e4hrend des I. Nationalen Kongresses f\u00fcr Gr\u00fcnen Wasserstoff gest\u00e4rkt, der vom 7. bis 9. Februar in der Casa Col\u00f3n in Huelva stattfand und bei dem er aktiv teilnahm, um seinen Pionieransatz f\u00fcr diese saubere und transformative Technologie hervorzuheben, die Huelva als gr\u00fcne Hauptstadt S\u00fcdeuropas festigt und sie zum f\u00fchrenden Akteur der Energiewende hin zu einer nachhaltigeren Welt macht.<\/p>\n","protected":false},"author":3,"featured_media":32561,"comment_status":"closed","ping_status":"closed","sticky":false,"template":"","format":"standard","meta":{"content-type":"","footnotes":""},"categories":[413,681,412,414],"tags":[628,442,415,416,428,422,533,417,635,468],"class_list":["post-32560","post","type-post","status-publish","format-standard","has-post-thumbnail","hentry","category-blog-de","category-gabitel-lehrstuhl","category-news-de","category-newsletter-de","tag-biogas-de","tag-catedra-gabitel-de","tag-energie","tag-gabitel-de","tag-hidrogeno-verde-de","tag-huelva-de","tag-industrieingenieurwesen","tag-ingenieurwesen","tag-kongress","tag-renovables-de"],"yoast_head":"<!-- This site is optimized with the Yoast SEO plugin v27.5 - https:\/\/yoast.com\/product\/yoast-seo-wordpress\/ -->\n<title>Ein weiterer Schritt im Engagement f\u00fcr die Ausbildung neuer Talente: Gabitel, neue Partnerin der Dualen Berufsausbildung. - Gabitel<\/title>\n<meta name=\"robots\" content=\"index, follow, max-snippet:-1, max-image-preview:large, max-video-preview:-1\" \/>\n<link rel=\"canonical\" href=\"https:\/\/gabitel.net\/de\/un-paso-mas-en-compromiso-con-la-formacion-de-nuevos-talentos-gabitel-nueva-colaboradora-con-la-fp-dual\/\" \/>\n<meta property=\"og:locale\" content=\"de_DE\" \/>\n<meta property=\"og:type\" content=\"article\" \/>\n<meta property=\"og:title\" content=\"Ein weiterer Schritt im Engagement f\u00fcr die Ausbildung neuer Talente: Gabitel, neue Partnerin der Dualen Berufsausbildung. - Gabitel\" \/>\n<meta property=\"og:description\" content=\"Der Gabitel-Lehrstuhl f\u00fcr Wasserstoff hat seine Rolle als F\u00f6rderer des Einsatzes von erneuerbarem Wasserstoff w\u00e4hrend des I. Nationalen Kongresses f\u00fcr Gr\u00fcnen Wasserstoff gest\u00e4rkt, der vom 7. bis 9. Februar in der Casa Col\u00f3n in Huelva stattfand und bei dem er aktiv teilnahm, um seinen Pionieransatz f\u00fcr diese saubere und transformative Technologie hervorzuheben, die Huelva als gr\u00fcne Hauptstadt S\u00fcdeuropas festigt und sie zum f\u00fchrenden Akteur der Energiewende hin zu einer nachhaltigeren Welt macht.\" \/>\n<meta property=\"og:url\" content=\"https:\/\/gabitel.net\/de\/un-paso-mas-en-compromiso-con-la-formacion-de-nuevos-talentos-gabitel-nueva-colaboradora-con-la-fp-dual\/\" \/>\n<meta property=\"og:site_name\" content=\"Gabitel\" \/>\n<meta property=\"article:publisher\" content=\"https:\/\/www.facebook.com\/gabitelingenieros\/\" \/>\n<meta property=\"article:published_time\" content=\"2024-03-04T12:30:38+00:00\" \/>\n<meta property=\"article:modified_time\" content=\"2025-07-18T08:49:43+00:00\" \/>\n<meta property=\"og:image\" content=\"https:\/\/gabitel.net\/wp-content\/uploads\/2024\/03\/N1.4-FOTO-DE-PORTADA-min.jpg\" \/>\n\t<meta property=\"og:image:width\" content=\"788\" \/>\n\t<meta property=\"og:image:height\" content=\"421\" \/>\n\t<meta property=\"og:image:type\" content=\"image\/jpeg\" \/>\n<meta name=\"author\" content=\"user.autor\" \/>\n<meta name=\"twitter:card\" content=\"summary_large_image\" \/>\n<meta name=\"twitter:label1\" content=\"Verfasst von\" \/>\n\t<meta name=\"twitter:data1\" content=\"user.autor\" \/>\n\t<meta name=\"twitter:label2\" content=\"Gesch\u00e4tzte Lesezeit\" \/>\n\t<meta name=\"twitter:data2\" content=\"2\u00a0Minuten\" \/>\n<script type=\"application\/ld+json\" class=\"yoast-schema-graph\">{\"@context\":\"https:\\\/\\\/schema.org\",\"@graph\":[{\"@type\":[\"Article\",\"BlogPosting\"],\"@id\":\"https:\\\/\\\/gabitel.net\\\/de\\\/un-paso-mas-en-compromiso-con-la-formacion-de-nuevos-talentos-gabitel-nueva-colaboradora-con-la-fp-dual\\\/#article\",\"isPartOf\":{\"@id\":\"https:\\\/\\\/gabitel.net\\\/de\\\/un-paso-mas-en-compromiso-con-la-formacion-de-nuevos-talentos-gabitel-nueva-colaboradora-con-la-fp-dual\\\/\"},\"author\":{\"name\":\"user.autor\",\"@id\":\"https:\\\/\\\/gabitel.net\\\/de\\\/#\\\/schema\\\/person\\\/37ba53714c3fedb9c7d22f4bc781465c\"},\"headline\":\"Ein weiterer Schritt im Engagement f\u00fcr die Ausbildung neuer Talente: Gabitel, neue Partnerin der Dualen Berufsausbildung.\",\"datePublished\":\"2024-03-04T12:30:38+00:00\",\"dateModified\":\"2025-07-18T08:49:43+00:00\",\"mainEntityOfPage\":{\"@id\":\"https:\\\/\\\/gabitel.net\\\/de\\\/un-paso-mas-en-compromiso-con-la-formacion-de-nuevos-talentos-gabitel-nueva-colaboradora-con-la-fp-dual\\\/\"},\"wordCount\":289,\"publisher\":{\"@id\":\"https:\\\/\\\/gabitel.net\\\/de\\\/#organization\"},\"image\":{\"@id\":\"https:\\\/\\\/gabitel.net\\\/de\\\/un-paso-mas-en-compromiso-con-la-formacion-de-nuevos-talentos-gabitel-nueva-colaboradora-con-la-fp-dual\\\/#primaryimage\"},\"thumbnailUrl\":\"https:\\\/\\\/gabitel.net\\\/wp-content\\\/uploads\\\/2024\\\/03\\\/N1.4-FOTO-DE-PORTADA-min.jpg\",\"keywords\":[\"biogas\",\"C\u00e1tedra Gabitel\",\"Energie\",\"Gabitel\",\"hidr\u00f3geno verde\",\"Huelva\",\"Industrieingenieurwesen\",\"Ingenieurwesen\",\"Kongress\",\"Renovables\"],\"articleSection\":[\"Blog\",\"Gabitel-Lehrstuhl\",\"News\",\"Newsletter\"],\"inLanguage\":\"de\"},{\"@type\":\"WebPage\",\"@id\":\"https:\\\/\\\/gabitel.net\\\/de\\\/un-paso-mas-en-compromiso-con-la-formacion-de-nuevos-talentos-gabitel-nueva-colaboradora-con-la-fp-dual\\\/\",\"url\":\"https:\\\/\\\/gabitel.net\\\/de\\\/un-paso-mas-en-compromiso-con-la-formacion-de-nuevos-talentos-gabitel-nueva-colaboradora-con-la-fp-dual\\\/\",\"name\":\"Ein weiterer Schritt im Engagement f\u00fcr die Ausbildung neuer Talente: Gabitel, neue Partnerin der Dualen Berufsausbildung. - Gabitel\",\"isPartOf\":{\"@id\":\"https:\\\/\\\/gabitel.net\\\/de\\\/#website\"},\"primaryImageOfPage\":{\"@id\":\"https:\\\/\\\/gabitel.net\\\/de\\\/un-paso-mas-en-compromiso-con-la-formacion-de-nuevos-talentos-gabitel-nueva-colaboradora-con-la-fp-dual\\\/#primaryimage\"},\"image\":{\"@id\":\"https:\\\/\\\/gabitel.net\\\/de\\\/un-paso-mas-en-compromiso-con-la-formacion-de-nuevos-talentos-gabitel-nueva-colaboradora-con-la-fp-dual\\\/#primaryimage\"},\"thumbnailUrl\":\"https:\\\/\\\/gabitel.net\\\/wp-content\\\/uploads\\\/2024\\\/03\\\/N1.4-FOTO-DE-PORTADA-min.jpg\",\"datePublished\":\"2024-03-04T12:30:38+00:00\",\"dateModified\":\"2025-07-18T08:49:43+00:00\",\"breadcrumb\":{\"@id\":\"https:\\\/\\\/gabitel.net\\\/de\\\/un-paso-mas-en-compromiso-con-la-formacion-de-nuevos-talentos-gabitel-nueva-colaboradora-con-la-fp-dual\\\/#breadcrumb\"},\"inLanguage\":\"de\",\"potentialAction\":[{\"@type\":\"ReadAction\",\"target\":[\"https:\\\/\\\/gabitel.net\\\/de\\\/un-paso-mas-en-compromiso-con-la-formacion-de-nuevos-talentos-gabitel-nueva-colaboradora-con-la-fp-dual\\\/\"]}]},{\"@type\":\"ImageObject\",\"inLanguage\":\"de\",\"@id\":\"https:\\\/\\\/gabitel.net\\\/de\\\/un-paso-mas-en-compromiso-con-la-formacion-de-nuevos-talentos-gabitel-nueva-colaboradora-con-la-fp-dual\\\/#primaryimage\",\"url\":\"https:\\\/\\\/gabitel.net\\\/wp-content\\\/uploads\\\/2024\\\/03\\\/N1.4-FOTO-DE-PORTADA-min.jpg\",\"contentUrl\":\"https:\\\/\\\/gabitel.net\\\/wp-content\\\/uploads\\\/2024\\\/03\\\/N1.4-FOTO-DE-PORTADA-min.jpg\",\"width\":788,\"height\":421},{\"@type\":\"BreadcrumbList\",\"@id\":\"https:\\\/\\\/gabitel.net\\\/de\\\/un-paso-mas-en-compromiso-con-la-formacion-de-nuevos-talentos-gabitel-nueva-colaboradora-con-la-fp-dual\\\/#breadcrumb\",\"itemListElement\":[{\"@type\":\"ListItem\",\"position\":1,\"name\":\"Portada\",\"item\":\"https:\\\/\\\/gabitel.net\\\/de\\\/\"},{\"@type\":\"ListItem\",\"position\":2,\"name\":\"Ein weiterer Schritt im Engagement f\u00fcr die Ausbildung neuer Talente: Gabitel, neue Partnerin der Dualen Berufsausbildung.\"}]},{\"@type\":\"WebSite\",\"@id\":\"https:\\\/\\\/gabitel.net\\\/de\\\/#website\",\"url\":\"https:\\\/\\\/gabitel.net\\\/de\\\/\",\"name\":\"Gabitel\",\"description\":\"\",\"publisher\":{\"@id\":\"https:\\\/\\\/gabitel.net\\\/de\\\/#organization\"},\"potentialAction\":[{\"@type\":\"SearchAction\",\"target\":{\"@type\":\"EntryPoint\",\"urlTemplate\":\"https:\\\/\\\/gabitel.net\\\/de\\\/?s={search_term_string}\"},\"query-input\":{\"@type\":\"PropertyValueSpecification\",\"valueRequired\":true,\"valueName\":\"search_term_string\"}}],\"inLanguage\":\"de\"},{\"@type\":\"Organization\",\"@id\":\"https:\\\/\\\/gabitel.net\\\/de\\\/#organization\",\"name\":\"Gabitel\",\"url\":\"https:\\\/\\\/gabitel.net\\\/de\\\/\",\"logo\":{\"@type\":\"ImageObject\",\"inLanguage\":\"de\",\"@id\":\"https:\\\/\\\/gabitel.net\\\/de\\\/#\\\/schema\\\/logo\\\/image\\\/\",\"url\":\"https:\\\/\\\/gabitel.net\\\/wp-content\\\/uploads\\\/2025\\\/05\\\/logo_gabitel.jpg\",\"contentUrl\":\"https:\\\/\\\/gabitel.net\\\/wp-content\\\/uploads\\\/2025\\\/05\\\/logo_gabitel.jpg\",\"width\":2560,\"height\":1330,\"caption\":\"Gabitel\"},\"image\":{\"@id\":\"https:\\\/\\\/gabitel.net\\\/de\\\/#\\\/schema\\\/logo\\\/image\\\/\"},\"sameAs\":[\"https:\\\/\\\/www.facebook.com\\\/gabitelingenieros\\\/\",\"https:\\\/\\\/es.linkedin.com\\\/company\\\/gabitel-ingenieros\"]},{\"@type\":\"Person\",\"@id\":\"https:\\\/\\\/gabitel.net\\\/de\\\/#\\\/schema\\\/person\\\/37ba53714c3fedb9c7d22f4bc781465c\",\"name\":\"user.autor\",\"url\":\"https:\\\/\\\/gabitel.net\\\/de\\\/author\\\/user-autor\\\/\"}]}<\/script>\n<!-- \/ Yoast SEO plugin. -->","yoast_head_json":{"title":"Ein weiterer Schritt im Engagement f\u00fcr die Ausbildung neuer Talente: Gabitel, neue Partnerin der Dualen Berufsausbildung. - Gabitel","robots":{"index":"index","follow":"follow","max-snippet":"max-snippet:-1","max-image-preview":"max-image-preview:large","max-video-preview":"max-video-preview:-1"},"canonical":"https:\/\/gabitel.net\/de\/un-paso-mas-en-compromiso-con-la-formacion-de-nuevos-talentos-gabitel-nueva-colaboradora-con-la-fp-dual\/","og_locale":"de_DE","og_type":"article","og_title":"Ein weiterer Schritt im Engagement f\u00fcr die Ausbildung neuer Talente: Gabitel, neue Partnerin der Dualen Berufsausbildung. - Gabitel","og_description":"Der Gabitel-Lehrstuhl f\u00fcr Wasserstoff hat seine Rolle als F\u00f6rderer des Einsatzes von erneuerbarem Wasserstoff w\u00e4hrend des I. Nationalen Kongresses f\u00fcr Gr\u00fcnen Wasserstoff gest\u00e4rkt, der vom 7. bis 9. Februar in der Casa Col\u00f3n in Huelva stattfand und bei dem er aktiv teilnahm, um seinen Pionieransatz f\u00fcr diese saubere und transformative Technologie hervorzuheben, die Huelva als gr\u00fcne Hauptstadt S\u00fcdeuropas festigt und sie zum f\u00fchrenden Akteur der Energiewende hin zu einer nachhaltigeren Welt macht.","og_url":"https:\/\/gabitel.net\/de\/un-paso-mas-en-compromiso-con-la-formacion-de-nuevos-talentos-gabitel-nueva-colaboradora-con-la-fp-dual\/","og_site_name":"Gabitel","article_publisher":"https:\/\/www.facebook.com\/gabitelingenieros\/","article_published_time":"2024-03-04T12:30:38+00:00","article_modified_time":"2025-07-18T08:49:43+00:00","og_image":[{"width":788,"height":421,"url":"https:\/\/gabitel.net\/wp-content\/uploads\/2024\/03\/N1.4-FOTO-DE-PORTADA-min.jpg","type":"image\/jpeg"}],"author":"user.autor","twitter_card":"summary_large_image","twitter_misc":{"Verfasst von":"user.autor","Gesch\u00e4tzte Lesezeit":"2\u00a0Minuten"},"schema":{"@context":"https:\/\/schema.org","@graph":[{"@type":["Article","BlogPosting"],"@id":"https:\/\/gabitel.net\/de\/un-paso-mas-en-compromiso-con-la-formacion-de-nuevos-talentos-gabitel-nueva-colaboradora-con-la-fp-dual\/#article","isPartOf":{"@id":"https:\/\/gabitel.net\/de\/un-paso-mas-en-compromiso-con-la-formacion-de-nuevos-talentos-gabitel-nueva-colaboradora-con-la-fp-dual\/"},"author":{"name":"user.autor","@id":"https:\/\/gabitel.net\/de\/#\/schema\/person\/37ba53714c3fedb9c7d22f4bc781465c"},"headline":"Ein weiterer Schritt im Engagement f\u00fcr die Ausbildung neuer Talente: Gabitel, neue Partnerin der Dualen Berufsausbildung.","datePublished":"2024-03-04T12:30:38+00:00","dateModified":"2025-07-18T08:49:43+00:00","mainEntityOfPage":{"@id":"https:\/\/gabitel.net\/de\/un-paso-mas-en-compromiso-con-la-formacion-de-nuevos-talentos-gabitel-nueva-colaboradora-con-la-fp-dual\/"},"wordCount":289,"publisher":{"@id":"https:\/\/gabitel.net\/de\/#organization"},"image":{"@id":"https:\/\/gabitel.net\/de\/un-paso-mas-en-compromiso-con-la-formacion-de-nuevos-talentos-gabitel-nueva-colaboradora-con-la-fp-dual\/#primaryimage"},"thumbnailUrl":"https:\/\/gabitel.net\/wp-content\/uploads\/2024\/03\/N1.4-FOTO-DE-PORTADA-min.jpg","keywords":["biogas","C\u00e1tedra Gabitel","Energie","Gabitel","hidr\u00f3geno verde","Huelva","Industrieingenieurwesen","Ingenieurwesen","Kongress","Renovables"],"articleSection":["Blog","Gabitel-Lehrstuhl","News","Newsletter"],"inLanguage":"de"},{"@type":"WebPage","@id":"https:\/\/gabitel.net\/de\/un-paso-mas-en-compromiso-con-la-formacion-de-nuevos-talentos-gabitel-nueva-colaboradora-con-la-fp-dual\/","url":"https:\/\/gabitel.net\/de\/un-paso-mas-en-compromiso-con-la-formacion-de-nuevos-talentos-gabitel-nueva-colaboradora-con-la-fp-dual\/","name":"Ein weiterer Schritt im Engagement f\u00fcr die Ausbildung neuer Talente: Gabitel, neue Partnerin der Dualen Berufsausbildung. - Gabitel","isPartOf":{"@id":"https:\/\/gabitel.net\/de\/#website"},"primaryImageOfPage":{"@id":"https:\/\/gabitel.net\/de\/un-paso-mas-en-compromiso-con-la-formacion-de-nuevos-talentos-gabitel-nueva-colaboradora-con-la-fp-dual\/#primaryimage"},"image":{"@id":"https:\/\/gabitel.net\/de\/un-paso-mas-en-compromiso-con-la-formacion-de-nuevos-talentos-gabitel-nueva-colaboradora-con-la-fp-dual\/#primaryimage"},"thumbnailUrl":"https:\/\/gabitel.net\/wp-content\/uploads\/2024\/03\/N1.4-FOTO-DE-PORTADA-min.jpg","datePublished":"2024-03-04T12:30:38+00:00","dateModified":"2025-07-18T08:49:43+00:00","breadcrumb":{"@id":"https:\/\/gabitel.net\/de\/un-paso-mas-en-compromiso-con-la-formacion-de-nuevos-talentos-gabitel-nueva-colaboradora-con-la-fp-dual\/#breadcrumb"},"inLanguage":"de","potentialAction":[{"@type":"ReadAction","target":["https:\/\/gabitel.net\/de\/un-paso-mas-en-compromiso-con-la-formacion-de-nuevos-talentos-gabitel-nueva-colaboradora-con-la-fp-dual\/"]}]},{"@type":"ImageObject","inLanguage":"de","@id":"https:\/\/gabitel.net\/de\/un-paso-mas-en-compromiso-con-la-formacion-de-nuevos-talentos-gabitel-nueva-colaboradora-con-la-fp-dual\/#primaryimage","url":"https:\/\/gabitel.net\/wp-content\/uploads\/2024\/03\/N1.4-FOTO-DE-PORTADA-min.jpg","contentUrl":"https:\/\/gabitel.net\/wp-content\/uploads\/2024\/03\/N1.4-FOTO-DE-PORTADA-min.jpg","width":788,"height":421},{"@type":"BreadcrumbList","@id":"https:\/\/gabitel.net\/de\/un-paso-mas-en-compromiso-con-la-formacion-de-nuevos-talentos-gabitel-nueva-colaboradora-con-la-fp-dual\/#breadcrumb","itemListElement":[{"@type":"ListItem","position":1,"name":"Portada","item":"https:\/\/gabitel.net\/de\/"},{"@type":"ListItem","position":2,"name":"Ein weiterer Schritt im Engagement f\u00fcr die Ausbildung neuer Talente: Gabitel, neue Partnerin der Dualen Berufsausbildung."}]},{"@type":"WebSite","@id":"https:\/\/gabitel.net\/de\/#website","url":"https:\/\/gabitel.net\/de\/","name":"Gabitel","description":"","publisher":{"@id":"https:\/\/gabitel.net\/de\/#organization"},"potentialAction":[{"@type":"SearchAction","target":{"@type":"EntryPoint","urlTemplate":"https:\/\/gabitel.net\/de\/?s={search_term_string}"},"query-input":{"@type":"PropertyValueSpecification","valueRequired":true,"valueName":"search_term_string"}}],"inLanguage":"de"},{"@type":"Organization","@id":"https:\/\/gabitel.net\/de\/#organization","name":"Gabitel","url":"https:\/\/gabitel.net\/de\/","logo":{"@type":"ImageObject","inLanguage":"de","@id":"https:\/\/gabitel.net\/de\/#\/schema\/logo\/image\/","url":"https:\/\/gabitel.net\/wp-content\/uploads\/2025\/05\/logo_gabitel.jpg","contentUrl":"https:\/\/gabitel.net\/wp-content\/uploads\/2025\/05\/logo_gabitel.jpg","width":2560,"height":1330,"caption":"Gabitel"},"image":{"@id":"https:\/\/gabitel.net\/de\/#\/schema\/logo\/image\/"},"sameAs":["https:\/\/www.facebook.com\/gabitelingenieros\/","https:\/\/es.linkedin.com\/company\/gabitel-ingenieros"]},{"@type":"Person","@id":"https:\/\/gabitel.net\/de\/#\/schema\/person\/37ba53714c3fedb9c7d22f4bc781465c","name":"user.autor","url":"https:\/\/gabitel.net\/de\/author\/user-autor\/"}]}},"_links":{"self":[{"href":"https:\/\/gabitel.net\/de\/wp-json\/wp\/v2\/posts\/32560","targetHints":{"allow":["GET"]}}],"collection":[{"href":"https:\/\/gabitel.net\/de\/wp-json\/wp\/v2\/posts"}],"about":[{"href":"https:\/\/gabitel.net\/de\/wp-json\/wp\/v2\/types\/post"}],"author":[{"embeddable":true,"href":"https:\/\/gabitel.net\/de\/wp-json\/wp\/v2\/users\/3"}],"replies":[{"embeddable":true,"href":"https:\/\/gabitel.net\/de\/wp-json\/wp\/v2\/comments?post=32560"}],"version-history":[{"count":3,"href":"https:\/\/gabitel.net\/de\/wp-json\/wp\/v2\/posts\/32560\/revisions"}],"predecessor-version":[{"id":32596,"href":"https:\/\/gabitel.net\/de\/wp-json\/wp\/v2\/posts\/32560\/revisions\/32596"}],"wp:featuredmedia":[{"embeddable":true,"href":"https:\/\/gabitel.net\/de\/wp-json\/wp\/v2\/media\/32561"}],"wp:attachment":[{"href":"https:\/\/gabitel.net\/de\/wp-json\/wp\/v2\/media?parent=32560"}],"wp:term":[{"taxonomy":"category","embeddable":true,"href":"https:\/\/gabitel.net\/de\/wp-json\/wp\/v2\/categories?post=32560"},{"taxonomy":"post_tag","embeddable":true,"href":"https:\/\/gabitel.net\/de\/wp-json\/wp\/v2\/tags?post=32560"}],"curies":[{"name":"wp","href":"https:\/\/api.w.org\/{rel}","templated":true}]}}