{"id":32562,"date":"2024-03-04T13:30:38","date_gmt":"2024-03-04T12:30:38","guid":{"rendered":"https:\/\/gabitel.net\/exito-en-la-contratacion-de-proyectos-renovables-para-la-division-de-ingenieria-integral-en-andalucia\/"},"modified":"2025-07-18T10:50:52","modified_gmt":"2025-07-18T08:50:52","slug":"exito-en-la-contratacion-de-proyectos-renovables-para-la-division-de-ingenieria-integral-en-andalucia","status":"publish","type":"post","link":"https:\/\/gabitel.net\/de\/exito-en-la-contratacion-de-proyectos-renovables-para-la-division-de-ingenieria-integral-en-andalucia\/","title":{"rendered":"Erfolg bei der Vergabe von Projekten f\u00fcr erneuerbare Energien an die Division f\u00fcr ganzheitliche Ingenieurleistungen in Andalusien"},"content":{"rendered":"<p>Die Division Erneuerbare Energien unseres Unternehmens Gabitel hat das Jahr 2024 mit einem beeindruckenden Schub begonnen, indem sie sich in Andalusien ein Dutzend Projekte gesichert hat. Diese Projekte mit Anschlusszusage im Januar 2024 sehen umfassende Leistungen seitens Gabitel vor.<\/p>\n<p>&nbsp;<\/p>\n<p>Im Januar 2024 haben wir Vereinbarungen f\u00fcr die Durchf\u00fchrung von Projekten und Umweltleistungen getroffen und deren Abwicklung bis zur Inbetriebnahme (RTB) \u00fcbernommen, mit dem Ziel, die Einreichung vor dem n\u00e4chsten Sommer zu erreichen. Dieser Meilenstein markiert einen bedeutenden Fortschritt im Jahresarbeitsportfolio und st\u00e4rkt das Engagement der Region f\u00fcr den \u00dcbergang zu einem nachhaltigeren und effizienteren Energiemodell in Andalusien.<\/p>\n<p>&nbsp;<\/p>\n<p>Neben den in Entwicklung befindlichen Projekten f\u00fcr gr\u00fcnen Wasserstoff, die wir vertraulich behandeln, haben wir zur Umsetzung mehrerer Standalone- und BESS-Hybridisierungen (Sistemas de Almacenamiento de Energ\u00eda en Bater\u00edas) in Zusammenarbeit mit verschiedenen Unternehmen beigetragen. Diese Initiativen werden nicht nur unsere Position auf dem Markt f\u00fcr erneuerbare Energien st\u00e4rken, sondern auch ma\u00dfgeblich zur Stabilit\u00e4t und Resilienz des spanischen Stromsystems beitragen.<\/p>\n<p>&nbsp;<\/p>\n<p>Das Engagement unseres Unternehmens f\u00fcr Innovation und Weiterentwicklung im Energiesektor spiegelt sich deutlich in diesen neuen Partnerschaften und Projekten wider. Wir bleiben unserem Anspruch auf Exzellenz bei der Projektdurchf\u00fchrung treu und wahren stets den Respekt vor der Umwelt.<\/p>\n<p>&nbsp;<\/p>\n<p>Mit diesen laufenden Projekten bekr\u00e4ftigen wir unser Bestreben, die Ingenieurleistungen im Bereich Erneuerbare Energien f\u00fcr Spanien und dar\u00fcber hinaus weiter anzuf\u00fchren.<\/p>\n","protected":false},"excerpt":{"rendered":"<p>Der Gabitel-Lehrstuhl f\u00fcr Wasserstoff hat seine Rolle als Treiber der Nutzung von erneuerbarem Wasserstoff gest\u00e4rkt, indem er w\u00e4hrend des I. Nationalen Kongresses f\u00fcr Gr\u00fcnen Wasserstoff vom 7. bis 9. Februar in der Casa Col\u00f3n in Huelva aktiv teilnahm und seinen Pionieransatz f\u00fcr diese saubere und transformative Technologie hervorhob, die Huelva als gr\u00fcne Hauptstadt S\u00fcdeuropas festigt und sie zum f\u00fchrenden Akteur der Energiewende hin zu einer nachhaltigeren Welt macht.<\/p>\n","protected":false},"author":3,"featured_media":32563,"comment_status":"closed","ping_status":"closed","sticky":false,"template":"","format":"standard","meta":{"content-type":"","footnotes":""},"categories":[413,681,412,414],"tags":[628,442,415,416,428,422,533,417,635,468],"class_list":["post-32562","post","type-post","status-publish","format-standard","has-post-thumbnail","hentry","category-blog-de","category-gabitel-lehrstuhl","category-news-de","category-newsletter-de","tag-biogas-de","tag-catedra-gabitel-de","tag-energie","tag-gabitel-de","tag-hidrogeno-verde-de","tag-huelva-de","tag-industrieingenieurwesen","tag-ingenieurwesen","tag-kongress","tag-renovables-de"],"yoast_head":"<!-- This site is optimized with the Yoast SEO plugin v27.5 - https:\/\/yoast.com\/product\/yoast-seo-wordpress\/ -->\n<title>Erfolg bei der Vergabe von Projekten f\u00fcr erneuerbare Energien an die Division f\u00fcr ganzheitliche Ingenieurleistungen in Andalusien - Gabitel<\/title>\n<meta name=\"robots\" content=\"index, follow, max-snippet:-1, max-image-preview:large, max-video-preview:-1\" \/>\n<link rel=\"canonical\" href=\"https:\/\/gabitel.net\/de\/exito-en-la-contratacion-de-proyectos-renovables-para-la-division-de-ingenieria-integral-en-andalucia\/\" \/>\n<meta property=\"og:locale\" content=\"de_DE\" \/>\n<meta property=\"og:type\" content=\"article\" \/>\n<meta property=\"og:title\" content=\"Erfolg bei der Vergabe von Projekten f\u00fcr erneuerbare Energien an die Division f\u00fcr ganzheitliche Ingenieurleistungen in Andalusien - Gabitel\" \/>\n<meta property=\"og:description\" content=\"Der Gabitel-Lehrstuhl f\u00fcr Wasserstoff hat seine Rolle als Treiber der Nutzung von erneuerbarem Wasserstoff gest\u00e4rkt, indem er w\u00e4hrend des I. Nationalen Kongresses f\u00fcr Gr\u00fcnen Wasserstoff vom 7. bis 9. Februar in der Casa Col\u00f3n in Huelva aktiv teilnahm und seinen Pionieransatz f\u00fcr diese saubere und transformative Technologie hervorhob, die Huelva als gr\u00fcne Hauptstadt S\u00fcdeuropas festigt und sie zum f\u00fchrenden Akteur der Energiewende hin zu einer nachhaltigeren Welt macht.\" \/>\n<meta property=\"og:url\" content=\"https:\/\/gabitel.net\/de\/exito-en-la-contratacion-de-proyectos-renovables-para-la-division-de-ingenieria-integral-en-andalucia\/\" \/>\n<meta property=\"og:site_name\" content=\"Gabitel\" \/>\n<meta property=\"article:publisher\" content=\"https:\/\/www.facebook.com\/gabitelingenieros\/\" \/>\n<meta property=\"article:published_time\" content=\"2024-03-04T12:30:38+00:00\" \/>\n<meta property=\"article:modified_time\" content=\"2025-07-18T08:50:52+00:00\" \/>\n<meta property=\"og:image\" content=\"https:\/\/gabitel.net\/wp-content\/uploads\/2024\/03\/P2-FOTO-DE-PORTADA-min.jpg\" \/>\n\t<meta property=\"og:image:width\" content=\"972\" \/>\n\t<meta property=\"og:image:height\" content=\"563\" \/>\n\t<meta property=\"og:image:type\" content=\"image\/jpeg\" \/>\n<meta name=\"author\" content=\"user.autor\" \/>\n<meta name=\"twitter:card\" content=\"summary_large_image\" \/>\n<meta name=\"twitter:label1\" content=\"Verfasst von\" \/>\n\t<meta name=\"twitter:data1\" content=\"user.autor\" \/>\n\t<meta name=\"twitter:label2\" content=\"Gesch\u00e4tzte Lesezeit\" \/>\n\t<meta name=\"twitter:data2\" content=\"2\u00a0Minuten\" \/>\n<script type=\"application\/ld+json\" class=\"yoast-schema-graph\">{\"@context\":\"https:\\\/\\\/schema.org\",\"@graph\":[{\"@type\":[\"Article\",\"BlogPosting\"],\"@id\":\"https:\\\/\\\/gabitel.net\\\/de\\\/exito-en-la-contratacion-de-proyectos-renovables-para-la-division-de-ingenieria-integral-en-andalucia\\\/#article\",\"isPartOf\":{\"@id\":\"https:\\\/\\\/gabitel.net\\\/de\\\/exito-en-la-contratacion-de-proyectos-renovables-para-la-division-de-ingenieria-integral-en-andalucia\\\/\"},\"author\":{\"name\":\"user.autor\",\"@id\":\"https:\\\/\\\/gabitel.net\\\/de\\\/#\\\/schema\\\/person\\\/37ba53714c3fedb9c7d22f4bc781465c\"},\"headline\":\"Erfolg bei der Vergabe von Projekten f\u00fcr erneuerbare Energien an die Division f\u00fcr ganzheitliche Ingenieurleistungen in Andalusien\",\"datePublished\":\"2024-03-04T12:30:38+00:00\",\"dateModified\":\"2025-07-18T08:50:52+00:00\",\"mainEntityOfPage\":{\"@id\":\"https:\\\/\\\/gabitel.net\\\/de\\\/exito-en-la-contratacion-de-proyectos-renovables-para-la-division-de-ingenieria-integral-en-andalucia\\\/\"},\"wordCount\":254,\"publisher\":{\"@id\":\"https:\\\/\\\/gabitel.net\\\/de\\\/#organization\"},\"image\":{\"@id\":\"https:\\\/\\\/gabitel.net\\\/de\\\/exito-en-la-contratacion-de-proyectos-renovables-para-la-division-de-ingenieria-integral-en-andalucia\\\/#primaryimage\"},\"thumbnailUrl\":\"https:\\\/\\\/gabitel.net\\\/wp-content\\\/uploads\\\/2024\\\/03\\\/P2-FOTO-DE-PORTADA-min.jpg\",\"keywords\":[\"biogas\",\"C\u00e1tedra Gabitel\",\"Energie\",\"Gabitel\",\"hidr\u00f3geno verde\",\"Huelva\",\"Industrieingenieurwesen\",\"Ingenieurwesen\",\"Kongress\",\"Renovables\"],\"articleSection\":[\"Blog\",\"Gabitel-Lehrstuhl\",\"News\",\"Newsletter\"],\"inLanguage\":\"de\"},{\"@type\":\"WebPage\",\"@id\":\"https:\\\/\\\/gabitel.net\\\/de\\\/exito-en-la-contratacion-de-proyectos-renovables-para-la-division-de-ingenieria-integral-en-andalucia\\\/\",\"url\":\"https:\\\/\\\/gabitel.net\\\/de\\\/exito-en-la-contratacion-de-proyectos-renovables-para-la-division-de-ingenieria-integral-en-andalucia\\\/\",\"name\":\"Erfolg bei der Vergabe von Projekten f\u00fcr erneuerbare Energien an die Division f\u00fcr ganzheitliche Ingenieurleistungen in Andalusien - Gabitel\",\"isPartOf\":{\"@id\":\"https:\\\/\\\/gabitel.net\\\/de\\\/#website\"},\"primaryImageOfPage\":{\"@id\":\"https:\\\/\\\/gabitel.net\\\/de\\\/exito-en-la-contratacion-de-proyectos-renovables-para-la-division-de-ingenieria-integral-en-andalucia\\\/#primaryimage\"},\"image\":{\"@id\":\"https:\\\/\\\/gabitel.net\\\/de\\\/exito-en-la-contratacion-de-proyectos-renovables-para-la-division-de-ingenieria-integral-en-andalucia\\\/#primaryimage\"},\"thumbnailUrl\":\"https:\\\/\\\/gabitel.net\\\/wp-content\\\/uploads\\\/2024\\\/03\\\/P2-FOTO-DE-PORTADA-min.jpg\",\"datePublished\":\"2024-03-04T12:30:38+00:00\",\"dateModified\":\"2025-07-18T08:50:52+00:00\",\"breadcrumb\":{\"@id\":\"https:\\\/\\\/gabitel.net\\\/de\\\/exito-en-la-contratacion-de-proyectos-renovables-para-la-division-de-ingenieria-integral-en-andalucia\\\/#breadcrumb\"},\"inLanguage\":\"de\",\"potentialAction\":[{\"@type\":\"ReadAction\",\"target\":[\"https:\\\/\\\/gabitel.net\\\/de\\\/exito-en-la-contratacion-de-proyectos-renovables-para-la-division-de-ingenieria-integral-en-andalucia\\\/\"]}]},{\"@type\":\"ImageObject\",\"inLanguage\":\"de\",\"@id\":\"https:\\\/\\\/gabitel.net\\\/de\\\/exito-en-la-contratacion-de-proyectos-renovables-para-la-division-de-ingenieria-integral-en-andalucia\\\/#primaryimage\",\"url\":\"https:\\\/\\\/gabitel.net\\\/wp-content\\\/uploads\\\/2024\\\/03\\\/P2-FOTO-DE-PORTADA-min.jpg\",\"contentUrl\":\"https:\\\/\\\/gabitel.net\\\/wp-content\\\/uploads\\\/2024\\\/03\\\/P2-FOTO-DE-PORTADA-min.jpg\",\"width\":972,\"height\":563},{\"@type\":\"BreadcrumbList\",\"@id\":\"https:\\\/\\\/gabitel.net\\\/de\\\/exito-en-la-contratacion-de-proyectos-renovables-para-la-division-de-ingenieria-integral-en-andalucia\\\/#breadcrumb\",\"itemListElement\":[{\"@type\":\"ListItem\",\"position\":1,\"name\":\"Portada\",\"item\":\"https:\\\/\\\/gabitel.net\\\/de\\\/\"},{\"@type\":\"ListItem\",\"position\":2,\"name\":\"Erfolg bei der Vergabe von Projekten f\u00fcr erneuerbare Energien an die Division f\u00fcr ganzheitliche Ingenieurleistungen in Andalusien\"}]},{\"@type\":\"WebSite\",\"@id\":\"https:\\\/\\\/gabitel.net\\\/de\\\/#website\",\"url\":\"https:\\\/\\\/gabitel.net\\\/de\\\/\",\"name\":\"Gabitel\",\"description\":\"\",\"publisher\":{\"@id\":\"https:\\\/\\\/gabitel.net\\\/de\\\/#organization\"},\"potentialAction\":[{\"@type\":\"SearchAction\",\"target\":{\"@type\":\"EntryPoint\",\"urlTemplate\":\"https:\\\/\\\/gabitel.net\\\/de\\\/?s={search_term_string}\"},\"query-input\":{\"@type\":\"PropertyValueSpecification\",\"valueRequired\":true,\"valueName\":\"search_term_string\"}}],\"inLanguage\":\"de\"},{\"@type\":\"Organization\",\"@id\":\"https:\\\/\\\/gabitel.net\\\/de\\\/#organization\",\"name\":\"Gabitel\",\"url\":\"https:\\\/\\\/gabitel.net\\\/de\\\/\",\"logo\":{\"@type\":\"ImageObject\",\"inLanguage\":\"de\",\"@id\":\"https:\\\/\\\/gabitel.net\\\/de\\\/#\\\/schema\\\/logo\\\/image\\\/\",\"url\":\"https:\\\/\\\/gabitel.net\\\/wp-content\\\/uploads\\\/2025\\\/05\\\/logo_gabitel.jpg\",\"contentUrl\":\"https:\\\/\\\/gabitel.net\\\/wp-content\\\/uploads\\\/2025\\\/05\\\/logo_gabitel.jpg\",\"width\":2560,\"height\":1330,\"caption\":\"Gabitel\"},\"image\":{\"@id\":\"https:\\\/\\\/gabitel.net\\\/de\\\/#\\\/schema\\\/logo\\\/image\\\/\"},\"sameAs\":[\"https:\\\/\\\/www.facebook.com\\\/gabitelingenieros\\\/\",\"https:\\\/\\\/es.linkedin.com\\\/company\\\/gabitel-ingenieros\"]},{\"@type\":\"Person\",\"@id\":\"https:\\\/\\\/gabitel.net\\\/de\\\/#\\\/schema\\\/person\\\/37ba53714c3fedb9c7d22f4bc781465c\",\"name\":\"user.autor\",\"url\":\"https:\\\/\\\/gabitel.net\\\/de\\\/author\\\/user-autor\\\/\"}]}<\/script>\n<!-- \/ Yoast SEO plugin. -->","yoast_head_json":{"title":"Erfolg bei der Vergabe von Projekten f\u00fcr erneuerbare Energien an die Division f\u00fcr ganzheitliche Ingenieurleistungen in Andalusien - Gabitel","robots":{"index":"index","follow":"follow","max-snippet":"max-snippet:-1","max-image-preview":"max-image-preview:large","max-video-preview":"max-video-preview:-1"},"canonical":"https:\/\/gabitel.net\/de\/exito-en-la-contratacion-de-proyectos-renovables-para-la-division-de-ingenieria-integral-en-andalucia\/","og_locale":"de_DE","og_type":"article","og_title":"Erfolg bei der Vergabe von Projekten f\u00fcr erneuerbare Energien an die Division f\u00fcr ganzheitliche Ingenieurleistungen in Andalusien - Gabitel","og_description":"Der Gabitel-Lehrstuhl f\u00fcr Wasserstoff hat seine Rolle als Treiber der Nutzung von erneuerbarem Wasserstoff gest\u00e4rkt, indem er w\u00e4hrend des I. Nationalen Kongresses f\u00fcr Gr\u00fcnen Wasserstoff vom 7. bis 9. Februar in der Casa Col\u00f3n in Huelva aktiv teilnahm und seinen Pionieransatz f\u00fcr diese saubere und transformative Technologie hervorhob, die Huelva als gr\u00fcne Hauptstadt S\u00fcdeuropas festigt und sie zum f\u00fchrenden Akteur der Energiewende hin zu einer nachhaltigeren Welt macht.","og_url":"https:\/\/gabitel.net\/de\/exito-en-la-contratacion-de-proyectos-renovables-para-la-division-de-ingenieria-integral-en-andalucia\/","og_site_name":"Gabitel","article_publisher":"https:\/\/www.facebook.com\/gabitelingenieros\/","article_published_time":"2024-03-04T12:30:38+00:00","article_modified_time":"2025-07-18T08:50:52+00:00","og_image":[{"width":972,"height":563,"url":"https:\/\/gabitel.net\/wp-content\/uploads\/2024\/03\/P2-FOTO-DE-PORTADA-min.jpg","type":"image\/jpeg"}],"author":"user.autor","twitter_card":"summary_large_image","twitter_misc":{"Verfasst von":"user.autor","Gesch\u00e4tzte Lesezeit":"2\u00a0Minuten"},"schema":{"@context":"https:\/\/schema.org","@graph":[{"@type":["Article","BlogPosting"],"@id":"https:\/\/gabitel.net\/de\/exito-en-la-contratacion-de-proyectos-renovables-para-la-division-de-ingenieria-integral-en-andalucia\/#article","isPartOf":{"@id":"https:\/\/gabitel.net\/de\/exito-en-la-contratacion-de-proyectos-renovables-para-la-division-de-ingenieria-integral-en-andalucia\/"},"author":{"name":"user.autor","@id":"https:\/\/gabitel.net\/de\/#\/schema\/person\/37ba53714c3fedb9c7d22f4bc781465c"},"headline":"Erfolg bei der Vergabe von Projekten f\u00fcr erneuerbare Energien an die Division f\u00fcr ganzheitliche Ingenieurleistungen in Andalusien","datePublished":"2024-03-04T12:30:38+00:00","dateModified":"2025-07-18T08:50:52+00:00","mainEntityOfPage":{"@id":"https:\/\/gabitel.net\/de\/exito-en-la-contratacion-de-proyectos-renovables-para-la-division-de-ingenieria-integral-en-andalucia\/"},"wordCount":254,"publisher":{"@id":"https:\/\/gabitel.net\/de\/#organization"},"image":{"@id":"https:\/\/gabitel.net\/de\/exito-en-la-contratacion-de-proyectos-renovables-para-la-division-de-ingenieria-integral-en-andalucia\/#primaryimage"},"thumbnailUrl":"https:\/\/gabitel.net\/wp-content\/uploads\/2024\/03\/P2-FOTO-DE-PORTADA-min.jpg","keywords":["biogas","C\u00e1tedra Gabitel","Energie","Gabitel","hidr\u00f3geno verde","Huelva","Industrieingenieurwesen","Ingenieurwesen","Kongress","Renovables"],"articleSection":["Blog","Gabitel-Lehrstuhl","News","Newsletter"],"inLanguage":"de"},{"@type":"WebPage","@id":"https:\/\/gabitel.net\/de\/exito-en-la-contratacion-de-proyectos-renovables-para-la-division-de-ingenieria-integral-en-andalucia\/","url":"https:\/\/gabitel.net\/de\/exito-en-la-contratacion-de-proyectos-renovables-para-la-division-de-ingenieria-integral-en-andalucia\/","name":"Erfolg bei der Vergabe von Projekten f\u00fcr erneuerbare Energien an die Division f\u00fcr ganzheitliche Ingenieurleistungen in Andalusien - Gabitel","isPartOf":{"@id":"https:\/\/gabitel.net\/de\/#website"},"primaryImageOfPage":{"@id":"https:\/\/gabitel.net\/de\/exito-en-la-contratacion-de-proyectos-renovables-para-la-division-de-ingenieria-integral-en-andalucia\/#primaryimage"},"image":{"@id":"https:\/\/gabitel.net\/de\/exito-en-la-contratacion-de-proyectos-renovables-para-la-division-de-ingenieria-integral-en-andalucia\/#primaryimage"},"thumbnailUrl":"https:\/\/gabitel.net\/wp-content\/uploads\/2024\/03\/P2-FOTO-DE-PORTADA-min.jpg","datePublished":"2024-03-04T12:30:38+00:00","dateModified":"2025-07-18T08:50:52+00:00","breadcrumb":{"@id":"https:\/\/gabitel.net\/de\/exito-en-la-contratacion-de-proyectos-renovables-para-la-division-de-ingenieria-integral-en-andalucia\/#breadcrumb"},"inLanguage":"de","potentialAction":[{"@type":"ReadAction","target":["https:\/\/gabitel.net\/de\/exito-en-la-contratacion-de-proyectos-renovables-para-la-division-de-ingenieria-integral-en-andalucia\/"]}]},{"@type":"ImageObject","inLanguage":"de","@id":"https:\/\/gabitel.net\/de\/exito-en-la-contratacion-de-proyectos-renovables-para-la-division-de-ingenieria-integral-en-andalucia\/#primaryimage","url":"https:\/\/gabitel.net\/wp-content\/uploads\/2024\/03\/P2-FOTO-DE-PORTADA-min.jpg","contentUrl":"https:\/\/gabitel.net\/wp-content\/uploads\/2024\/03\/P2-FOTO-DE-PORTADA-min.jpg","width":972,"height":563},{"@type":"BreadcrumbList","@id":"https:\/\/gabitel.net\/de\/exito-en-la-contratacion-de-proyectos-renovables-para-la-division-de-ingenieria-integral-en-andalucia\/#breadcrumb","itemListElement":[{"@type":"ListItem","position":1,"name":"Portada","item":"https:\/\/gabitel.net\/de\/"},{"@type":"ListItem","position":2,"name":"Erfolg bei der Vergabe von Projekten f\u00fcr erneuerbare Energien an die Division f\u00fcr ganzheitliche Ingenieurleistungen in Andalusien"}]},{"@type":"WebSite","@id":"https:\/\/gabitel.net\/de\/#website","url":"https:\/\/gabitel.net\/de\/","name":"Gabitel","description":"","publisher":{"@id":"https:\/\/gabitel.net\/de\/#organization"},"potentialAction":[{"@type":"SearchAction","target":{"@type":"EntryPoint","urlTemplate":"https:\/\/gabitel.net\/de\/?s={search_term_string}"},"query-input":{"@type":"PropertyValueSpecification","valueRequired":true,"valueName":"search_term_string"}}],"inLanguage":"de"},{"@type":"Organization","@id":"https:\/\/gabitel.net\/de\/#organization","name":"Gabitel","url":"https:\/\/gabitel.net\/de\/","logo":{"@type":"ImageObject","inLanguage":"de","@id":"https:\/\/gabitel.net\/de\/#\/schema\/logo\/image\/","url":"https:\/\/gabitel.net\/wp-content\/uploads\/2025\/05\/logo_gabitel.jpg","contentUrl":"https:\/\/gabitel.net\/wp-content\/uploads\/2025\/05\/logo_gabitel.jpg","width":2560,"height":1330,"caption":"Gabitel"},"image":{"@id":"https:\/\/gabitel.net\/de\/#\/schema\/logo\/image\/"},"sameAs":["https:\/\/www.facebook.com\/gabitelingenieros\/","https:\/\/es.linkedin.com\/company\/gabitel-ingenieros"]},{"@type":"Person","@id":"https:\/\/gabitel.net\/de\/#\/schema\/person\/37ba53714c3fedb9c7d22f4bc781465c","name":"user.autor","url":"https:\/\/gabitel.net\/de\/author\/user-autor\/"}]}},"_links":{"self":[{"href":"https:\/\/gabitel.net\/de\/wp-json\/wp\/v2\/posts\/32562","targetHints":{"allow":["GET"]}}],"collection":[{"href":"https:\/\/gabitel.net\/de\/wp-json\/wp\/v2\/posts"}],"about":[{"href":"https:\/\/gabitel.net\/de\/wp-json\/wp\/v2\/types\/post"}],"author":[{"embeddable":true,"href":"https:\/\/gabitel.net\/de\/wp-json\/wp\/v2\/users\/3"}],"replies":[{"embeddable":true,"href":"https:\/\/gabitel.net\/de\/wp-json\/wp\/v2\/comments?post=32562"}],"version-history":[{"count":3,"href":"https:\/\/gabitel.net\/de\/wp-json\/wp\/v2\/posts\/32562\/revisions"}],"predecessor-version":[{"id":32599,"href":"https:\/\/gabitel.net\/de\/wp-json\/wp\/v2\/posts\/32562\/revisions\/32599"}],"wp:featuredmedia":[{"embeddable":true,"href":"https:\/\/gabitel.net\/de\/wp-json\/wp\/v2\/media\/32563"}],"wp:attachment":[{"href":"https:\/\/gabitel.net\/de\/wp-json\/wp\/v2\/media?parent=32562"}],"wp:term":[{"taxonomy":"category","embeddable":true,"href":"https:\/\/gabitel.net\/de\/wp-json\/wp\/v2\/categories?post=32562"},{"taxonomy":"post_tag","embeddable":true,"href":"https:\/\/gabitel.net\/de\/wp-json\/wp\/v2\/tags?post=32562"}],"curies":[{"name":"wp","href":"https:\/\/api.w.org\/{rel}","templated":true}]}}