{"id":32566,"date":"2024-01-17T12:32:38","date_gmt":"2024-01-17T11:32:38","guid":{"rendered":"https:\/\/gabitel.net\/gabitel_patrocina_el_i_congreso_nacional_de_hidrogeno_verde\/"},"modified":"2025-07-18T10:54:37","modified_gmt":"2025-07-18T08:54:37","slug":"gabitel_patrocina_el_i_congreso_nacional_de_hidrogeno_verde","status":"publish","type":"post","link":"https:\/\/gabitel.net\/de\/gabitel_patrocina_el_i_congreso_nacional_de_hidrogeno_verde\/","title":{"rendered":"Die C\u00e1tedra Gabitel sponsert den I. Nationalen Kongress f\u00fcr Gr\u00fcnen Wasserstoff"},"content":{"rendered":"<p><strong>Gabitel<\/strong> wird im Rahmen seines <strong>Gabitel-Lehrstuhls<\/strong> als Sponsor am <strong>I. Nationalen Kongress f\u00fcr Gr\u00fcnen Wasserstoff (Casa Col\u00f3n, 7.\u20139. Februar)<\/strong> teilnehmen, einer Pionierveranstaltung in der Branche, die Huelva zum weltweiten Epizentrum dieses Energietr\u00e4gers aus erneuerbaren Quellen machen wird.<\/p>\n<p>Dieser Kongress wird eine nationale und internationale Plattform sein, auf der mehr als <strong>500 Teilnehmer:innen<\/strong>, darunter Expert:innen, Fachleute und Branchenf\u00fchrer, Ideen, Projekte und Visionen austauschen, um die Entwicklung von gr\u00fcnem Wasserstoff voranzutreiben \u2013 ein Bereich, in dem die Provinz Huelva eine entscheidende Rolle spielt, da mehrere Projekte bereits im administrativen und umweltbezogenen Genehmigungsverfahren sind und Gabitel an deren Abwicklung beteiligt war.<\/p>\n<p><strong>Gabitel<\/strong> wird auf dem Kongress \u00fcber <strong>einen eigenen Stand<\/strong> im Ausstellungsbereich verf\u00fcgen, an dem Besucher:innen und Teilnehmende unsere Projekte und unseren Pionieransatz f\u00fcr diese saubere und transformative Technologie kennenlernen k\u00f6nnen, um die Energiewende voranzutreiben, die <strong>Dekarbonisierung<\/strong> zu f\u00f6rdern und so zu einer nachhaltigeren Zukunft beizutragen sowie den Klimawandel zu bek\u00e4mpfen.<\/p>\n<p>Nicht von ungef\u00e4hr hat <strong>Gabitel<\/strong> das Jahr 2024 damit begonnen, sich in der <strong>Karte des Netzwerks der Akteure f\u00fcr Gr\u00fcnen Wasserstoff in Andalusien<\/strong> zu positionieren, die von der <strong>Junta de Andaluc\u00eda<\/strong> erstellt wurde und rund f\u00fcnfzig Unternehmen identifiziert, die bereits im Energiesektor der Region t\u00e4tig sind, sowie etwa drei\u00dfig Unternehmensverb\u00e4nde und Cluster, F&#038;E-Zentren, Forschungsgruppen, Bildungseinrichtungen sowie wirtschaftliche und soziale Akteur:innen, die synergistisch zusammenarbeiten, um die Entwicklung und Nutzung dieser Technologie als Quelle der Dekarbonisierung zu f\u00f6rdern und zu beschleunigen.<\/p>\n<p>Gabitel ist Teil der <strong>Unternehmen aus F&#038;E+i, Ingenieurwesen, Produktdesign oder Produktkonzeption<\/strong>, in denen es seine mehr als 15-j\u00e4hrige Erfahrung im Bereich erneuerbarer Energien einbringt \u2013 insbesondere bei Photovoltaik- und Windkraftanlagen, die den Wasserstoff erg\u00e4nzen \u2013 untermauert durch mehr als 85 Projekte mit einer Gesamtleistung von 3 GWp in den letzten drei Jahren. Diese Aktivit\u00e4ten werden durch Dienstleistungen in den Bereichen Hochspannungs\u00adingenieurwesen, Umwelt und Genehmigungsmanagement (Permitting) erg\u00e4nzt.<\/p>\n<p>Tats\u00e4chlich initiierte Gabitel im Jahr 2021 den <strong>Gabitel-Lehrstuhl f\u00fcr Wasserstoff<\/strong> als Kooperationsinstrument mit der <strong>Universit\u00e4t Huelva<\/strong>, um die von der UHU organisierten Aktivit\u00e4ten zu b\u00fcndeln und den Einsatz von gr\u00fcnem Wasserstoff zu f\u00f6rdern.<\/p>\n<p>Seitdem hat der Lehrstuhl die Entwicklung von F&#038;E+i-Aktivit\u00e4ten, Aus- und Weiterbildungsma\u00dfnahmen sowie den Wissenstransfer gest\u00e4rkt, mit dem Ziel, Huelva und seine spezialisierten Unternehmen als Impulsgeber f\u00fcr die Schaffung eines Clusters zu etablieren, das Projekte rund um gr\u00fcnen Wasserstoff vorantreibt, wobei Gabitel die Rolle des Gew\u00e4hrtr\u00e4gers f\u00fcr qualitativ hochwertige und innovative Ingenieurleistungen \u00fcbernimmt.<\/p>\n<p>&nbsp;<\/p>\n","protected":false},"excerpt":{"rendered":"<p>Gabitel wird im Rahmen seines Lehrstuhls als Sponsor am I. Nationalen Kongress f\u00fcr Gr\u00fcnen Wasserstoff (Casa Col\u00f3n, 7.\u20139. Februar) teilnehmen \u2013 einer Pionierveranstaltung in der Branche, die Huelva zum weltweiten Epizentrum dieses aus erneuerbaren Quellen stammenden Energietr\u00e4gers machen wird.<\/p>\n","protected":false},"author":3,"featured_media":32567,"comment_status":"closed","ping_status":"closed","sticky":false,"template":"","format":"standard","meta":{"content-type":"","footnotes":""},"categories":[413,681,427,412,414],"tags":[442,641,720,415,416,467,428,422,635,468],"class_list":["post-32566","post","type-post","status-publish","format-standard","has-post-thumbnail","hentry","category-blog-de","category-gabitel-lehrstuhl","category-hidrogeno-de","category-news-de","category-newsletter-de","tag-catedra-gabitel-de","tag-dekarbonisierung","tag-descarbonizacion","tag-energie","tag-gabitel-de","tag-hidrogeno-de","tag-hidrogeno-verde-de","tag-huelva-de","tag-kongress","tag-renovables-de"],"yoast_head":"<!-- This site is optimized with the Yoast SEO plugin v27.5 - https:\/\/yoast.com\/product\/yoast-seo-wordpress\/ -->\n<title>Die C\u00e1tedra Gabitel sponsert den I. Nationalen Kongress f\u00fcr Gr\u00fcnen Wasserstoff - Gabitel<\/title>\n<meta name=\"robots\" content=\"index, follow, max-snippet:-1, max-image-preview:large, max-video-preview:-1\" \/>\n<link rel=\"canonical\" href=\"https:\/\/gabitel.net\/de\/gabitel_patrocina_el_i_congreso_nacional_de_hidrogeno_verde\/\" \/>\n<meta property=\"og:locale\" content=\"de_DE\" \/>\n<meta property=\"og:type\" content=\"article\" \/>\n<meta property=\"og:title\" content=\"Die C\u00e1tedra Gabitel sponsert den I. Nationalen Kongress f\u00fcr Gr\u00fcnen Wasserstoff - Gabitel\" \/>\n<meta property=\"og:description\" content=\"Gabitel wird im Rahmen seines Lehrstuhls als Sponsor am I. Nationalen Kongress f\u00fcr Gr\u00fcnen Wasserstoff (Casa Col\u00f3n, 7.\u20139. Februar) teilnehmen \u2013 einer Pionierveranstaltung in der Branche, die Huelva zum weltweiten Epizentrum dieses aus erneuerbaren Quellen stammenden Energietr\u00e4gers machen wird.\" \/>\n<meta property=\"og:url\" content=\"https:\/\/gabitel.net\/de\/gabitel_patrocina_el_i_congreso_nacional_de_hidrogeno_verde\/\" \/>\n<meta property=\"og:site_name\" content=\"Gabitel\" \/>\n<meta property=\"article:publisher\" content=\"https:\/\/www.facebook.com\/gabitelingenieros\/\" \/>\n<meta property=\"article:published_time\" content=\"2024-01-17T11:32:38+00:00\" \/>\n<meta property=\"article:modified_time\" content=\"2025-07-18T08:54:37+00:00\" \/>\n<meta property=\"og:image\" content=\"https:\/\/gabitel.net\/wp-content\/uploads\/2024\/01\/1705488045424.jpg\" \/>\n\t<meta property=\"og:image:width\" content=\"1600\" \/>\n\t<meta property=\"og:image:height\" content=\"658\" \/>\n\t<meta property=\"og:image:type\" content=\"image\/jpeg\" \/>\n<meta name=\"author\" content=\"user.autor\" \/>\n<meta name=\"twitter:card\" content=\"summary_large_image\" \/>\n<meta name=\"twitter:label1\" content=\"Verfasst von\" \/>\n\t<meta name=\"twitter:data1\" content=\"user.autor\" \/>\n\t<meta name=\"twitter:label2\" content=\"Gesch\u00e4tzte Lesezeit\" \/>\n\t<meta name=\"twitter:data2\" content=\"3\u00a0Minuten\" \/>\n<script type=\"application\/ld+json\" class=\"yoast-schema-graph\">{\"@context\":\"https:\\\/\\\/schema.org\",\"@graph\":[{\"@type\":[\"Article\",\"BlogPosting\"],\"@id\":\"https:\\\/\\\/gabitel.net\\\/de\\\/gabitel_patrocina_el_i_congreso_nacional_de_hidrogeno_verde\\\/#article\",\"isPartOf\":{\"@id\":\"https:\\\/\\\/gabitel.net\\\/de\\\/gabitel_patrocina_el_i_congreso_nacional_de_hidrogeno_verde\\\/\"},\"author\":{\"name\":\"user.autor\",\"@id\":\"https:\\\/\\\/gabitel.net\\\/de\\\/#\\\/schema\\\/person\\\/37ba53714c3fedb9c7d22f4bc781465c\"},\"headline\":\"Die C\u00e1tedra Gabitel sponsert den I. Nationalen Kongress f\u00fcr Gr\u00fcnen Wasserstoff\",\"datePublished\":\"2024-01-17T11:32:38+00:00\",\"dateModified\":\"2025-07-18T08:54:37+00:00\",\"mainEntityOfPage\":{\"@id\":\"https:\\\/\\\/gabitel.net\\\/de\\\/gabitel_patrocina_el_i_congreso_nacional_de_hidrogeno_verde\\\/\"},\"wordCount\":433,\"publisher\":{\"@id\":\"https:\\\/\\\/gabitel.net\\\/de\\\/#organization\"},\"image\":{\"@id\":\"https:\\\/\\\/gabitel.net\\\/de\\\/gabitel_patrocina_el_i_congreso_nacional_de_hidrogeno_verde\\\/#primaryimage\"},\"thumbnailUrl\":\"https:\\\/\\\/gabitel.net\\\/wp-content\\\/uploads\\\/2024\\\/01\\\/1705488045424.jpg\",\"keywords\":[\"C\u00e1tedra Gabitel\",\"Dekarbonisierung\",\"descarbonizaci\u00f3n\",\"Energie\",\"Gabitel\",\"Hidr\u00f3geno\",\"hidr\u00f3geno verde\",\"Huelva\",\"Kongress\",\"Renovables\"],\"articleSection\":[\"Blog\",\"Gabitel-Lehrstuhl\",\"Hidrogeno\",\"News\",\"Newsletter\"],\"inLanguage\":\"de\"},{\"@type\":\"WebPage\",\"@id\":\"https:\\\/\\\/gabitel.net\\\/de\\\/gabitel_patrocina_el_i_congreso_nacional_de_hidrogeno_verde\\\/\",\"url\":\"https:\\\/\\\/gabitel.net\\\/de\\\/gabitel_patrocina_el_i_congreso_nacional_de_hidrogeno_verde\\\/\",\"name\":\"Die C\u00e1tedra Gabitel sponsert den I. Nationalen Kongress f\u00fcr Gr\u00fcnen Wasserstoff - Gabitel\",\"isPartOf\":{\"@id\":\"https:\\\/\\\/gabitel.net\\\/de\\\/#website\"},\"primaryImageOfPage\":{\"@id\":\"https:\\\/\\\/gabitel.net\\\/de\\\/gabitel_patrocina_el_i_congreso_nacional_de_hidrogeno_verde\\\/#primaryimage\"},\"image\":{\"@id\":\"https:\\\/\\\/gabitel.net\\\/de\\\/gabitel_patrocina_el_i_congreso_nacional_de_hidrogeno_verde\\\/#primaryimage\"},\"thumbnailUrl\":\"https:\\\/\\\/gabitel.net\\\/wp-content\\\/uploads\\\/2024\\\/01\\\/1705488045424.jpg\",\"datePublished\":\"2024-01-17T11:32:38+00:00\",\"dateModified\":\"2025-07-18T08:54:37+00:00\",\"breadcrumb\":{\"@id\":\"https:\\\/\\\/gabitel.net\\\/de\\\/gabitel_patrocina_el_i_congreso_nacional_de_hidrogeno_verde\\\/#breadcrumb\"},\"inLanguage\":\"de\",\"potentialAction\":[{\"@type\":\"ReadAction\",\"target\":[\"https:\\\/\\\/gabitel.net\\\/de\\\/gabitel_patrocina_el_i_congreso_nacional_de_hidrogeno_verde\\\/\"]}]},{\"@type\":\"ImageObject\",\"inLanguage\":\"de\",\"@id\":\"https:\\\/\\\/gabitel.net\\\/de\\\/gabitel_patrocina_el_i_congreso_nacional_de_hidrogeno_verde\\\/#primaryimage\",\"url\":\"https:\\\/\\\/gabitel.net\\\/wp-content\\\/uploads\\\/2024\\\/01\\\/1705488045424.jpg\",\"contentUrl\":\"https:\\\/\\\/gabitel.net\\\/wp-content\\\/uploads\\\/2024\\\/01\\\/1705488045424.jpg\",\"width\":1600,\"height\":658,\"caption\":\"La C\u00e1tedra Gabitel patrocina el I Congreso Nacional de Hidr\u00f3geno Verde\"},{\"@type\":\"BreadcrumbList\",\"@id\":\"https:\\\/\\\/gabitel.net\\\/de\\\/gabitel_patrocina_el_i_congreso_nacional_de_hidrogeno_verde\\\/#breadcrumb\",\"itemListElement\":[{\"@type\":\"ListItem\",\"position\":1,\"name\":\"Portada\",\"item\":\"https:\\\/\\\/gabitel.net\\\/de\\\/\"},{\"@type\":\"ListItem\",\"position\":2,\"name\":\"Die C\u00e1tedra Gabitel sponsert den I. Nationalen Kongress f\u00fcr Gr\u00fcnen Wasserstoff\"}]},{\"@type\":\"WebSite\",\"@id\":\"https:\\\/\\\/gabitel.net\\\/de\\\/#website\",\"url\":\"https:\\\/\\\/gabitel.net\\\/de\\\/\",\"name\":\"Gabitel\",\"description\":\"\",\"publisher\":{\"@id\":\"https:\\\/\\\/gabitel.net\\\/de\\\/#organization\"},\"potentialAction\":[{\"@type\":\"SearchAction\",\"target\":{\"@type\":\"EntryPoint\",\"urlTemplate\":\"https:\\\/\\\/gabitel.net\\\/de\\\/?s={search_term_string}\"},\"query-input\":{\"@type\":\"PropertyValueSpecification\",\"valueRequired\":true,\"valueName\":\"search_term_string\"}}],\"inLanguage\":\"de\"},{\"@type\":\"Organization\",\"@id\":\"https:\\\/\\\/gabitel.net\\\/de\\\/#organization\",\"name\":\"Gabitel\",\"url\":\"https:\\\/\\\/gabitel.net\\\/de\\\/\",\"logo\":{\"@type\":\"ImageObject\",\"inLanguage\":\"de\",\"@id\":\"https:\\\/\\\/gabitel.net\\\/de\\\/#\\\/schema\\\/logo\\\/image\\\/\",\"url\":\"https:\\\/\\\/gabitel.net\\\/wp-content\\\/uploads\\\/2025\\\/05\\\/logo_gabitel.jpg\",\"contentUrl\":\"https:\\\/\\\/gabitel.net\\\/wp-content\\\/uploads\\\/2025\\\/05\\\/logo_gabitel.jpg\",\"width\":2560,\"height\":1330,\"caption\":\"Gabitel\"},\"image\":{\"@id\":\"https:\\\/\\\/gabitel.net\\\/de\\\/#\\\/schema\\\/logo\\\/image\\\/\"},\"sameAs\":[\"https:\\\/\\\/www.facebook.com\\\/gabitelingenieros\\\/\",\"https:\\\/\\\/es.linkedin.com\\\/company\\\/gabitel-ingenieros\"]},{\"@type\":\"Person\",\"@id\":\"https:\\\/\\\/gabitel.net\\\/de\\\/#\\\/schema\\\/person\\\/37ba53714c3fedb9c7d22f4bc781465c\",\"name\":\"user.autor\",\"url\":\"https:\\\/\\\/gabitel.net\\\/de\\\/author\\\/user-autor\\\/\"}]}<\/script>\n<!-- \/ Yoast SEO plugin. -->","yoast_head_json":{"title":"Die C\u00e1tedra Gabitel sponsert den I. Nationalen Kongress f\u00fcr Gr\u00fcnen Wasserstoff - Gabitel","robots":{"index":"index","follow":"follow","max-snippet":"max-snippet:-1","max-image-preview":"max-image-preview:large","max-video-preview":"max-video-preview:-1"},"canonical":"https:\/\/gabitel.net\/de\/gabitel_patrocina_el_i_congreso_nacional_de_hidrogeno_verde\/","og_locale":"de_DE","og_type":"article","og_title":"Die C\u00e1tedra Gabitel sponsert den I. Nationalen Kongress f\u00fcr Gr\u00fcnen Wasserstoff - Gabitel","og_description":"Gabitel wird im Rahmen seines Lehrstuhls als Sponsor am I. Nationalen Kongress f\u00fcr Gr\u00fcnen Wasserstoff (Casa Col\u00f3n, 7.\u20139. Februar) teilnehmen \u2013 einer Pionierveranstaltung in der Branche, die Huelva zum weltweiten Epizentrum dieses aus erneuerbaren Quellen stammenden Energietr\u00e4gers machen wird.","og_url":"https:\/\/gabitel.net\/de\/gabitel_patrocina_el_i_congreso_nacional_de_hidrogeno_verde\/","og_site_name":"Gabitel","article_publisher":"https:\/\/www.facebook.com\/gabitelingenieros\/","article_published_time":"2024-01-17T11:32:38+00:00","article_modified_time":"2025-07-18T08:54:37+00:00","og_image":[{"width":1600,"height":658,"url":"https:\/\/gabitel.net\/wp-content\/uploads\/2024\/01\/1705488045424.jpg","type":"image\/jpeg"}],"author":"user.autor","twitter_card":"summary_large_image","twitter_misc":{"Verfasst von":"user.autor","Gesch\u00e4tzte Lesezeit":"3\u00a0Minuten"},"schema":{"@context":"https:\/\/schema.org","@graph":[{"@type":["Article","BlogPosting"],"@id":"https:\/\/gabitel.net\/de\/gabitel_patrocina_el_i_congreso_nacional_de_hidrogeno_verde\/#article","isPartOf":{"@id":"https:\/\/gabitel.net\/de\/gabitel_patrocina_el_i_congreso_nacional_de_hidrogeno_verde\/"},"author":{"name":"user.autor","@id":"https:\/\/gabitel.net\/de\/#\/schema\/person\/37ba53714c3fedb9c7d22f4bc781465c"},"headline":"Die C\u00e1tedra Gabitel sponsert den I. Nationalen Kongress f\u00fcr Gr\u00fcnen Wasserstoff","datePublished":"2024-01-17T11:32:38+00:00","dateModified":"2025-07-18T08:54:37+00:00","mainEntityOfPage":{"@id":"https:\/\/gabitel.net\/de\/gabitel_patrocina_el_i_congreso_nacional_de_hidrogeno_verde\/"},"wordCount":433,"publisher":{"@id":"https:\/\/gabitel.net\/de\/#organization"},"image":{"@id":"https:\/\/gabitel.net\/de\/gabitel_patrocina_el_i_congreso_nacional_de_hidrogeno_verde\/#primaryimage"},"thumbnailUrl":"https:\/\/gabitel.net\/wp-content\/uploads\/2024\/01\/1705488045424.jpg","keywords":["C\u00e1tedra Gabitel","Dekarbonisierung","descarbonizaci\u00f3n","Energie","Gabitel","Hidr\u00f3geno","hidr\u00f3geno verde","Huelva","Kongress","Renovables"],"articleSection":["Blog","Gabitel-Lehrstuhl","Hidrogeno","News","Newsletter"],"inLanguage":"de"},{"@type":"WebPage","@id":"https:\/\/gabitel.net\/de\/gabitel_patrocina_el_i_congreso_nacional_de_hidrogeno_verde\/","url":"https:\/\/gabitel.net\/de\/gabitel_patrocina_el_i_congreso_nacional_de_hidrogeno_verde\/","name":"Die C\u00e1tedra Gabitel sponsert den I. Nationalen Kongress f\u00fcr Gr\u00fcnen Wasserstoff - Gabitel","isPartOf":{"@id":"https:\/\/gabitel.net\/de\/#website"},"primaryImageOfPage":{"@id":"https:\/\/gabitel.net\/de\/gabitel_patrocina_el_i_congreso_nacional_de_hidrogeno_verde\/#primaryimage"},"image":{"@id":"https:\/\/gabitel.net\/de\/gabitel_patrocina_el_i_congreso_nacional_de_hidrogeno_verde\/#primaryimage"},"thumbnailUrl":"https:\/\/gabitel.net\/wp-content\/uploads\/2024\/01\/1705488045424.jpg","datePublished":"2024-01-17T11:32:38+00:00","dateModified":"2025-07-18T08:54:37+00:00","breadcrumb":{"@id":"https:\/\/gabitel.net\/de\/gabitel_patrocina_el_i_congreso_nacional_de_hidrogeno_verde\/#breadcrumb"},"inLanguage":"de","potentialAction":[{"@type":"ReadAction","target":["https:\/\/gabitel.net\/de\/gabitel_patrocina_el_i_congreso_nacional_de_hidrogeno_verde\/"]}]},{"@type":"ImageObject","inLanguage":"de","@id":"https:\/\/gabitel.net\/de\/gabitel_patrocina_el_i_congreso_nacional_de_hidrogeno_verde\/#primaryimage","url":"https:\/\/gabitel.net\/wp-content\/uploads\/2024\/01\/1705488045424.jpg","contentUrl":"https:\/\/gabitel.net\/wp-content\/uploads\/2024\/01\/1705488045424.jpg","width":1600,"height":658,"caption":"La C\u00e1tedra Gabitel patrocina el I Congreso Nacional de Hidr\u00f3geno Verde"},{"@type":"BreadcrumbList","@id":"https:\/\/gabitel.net\/de\/gabitel_patrocina_el_i_congreso_nacional_de_hidrogeno_verde\/#breadcrumb","itemListElement":[{"@type":"ListItem","position":1,"name":"Portada","item":"https:\/\/gabitel.net\/de\/"},{"@type":"ListItem","position":2,"name":"Die C\u00e1tedra Gabitel sponsert den I. Nationalen Kongress f\u00fcr Gr\u00fcnen Wasserstoff"}]},{"@type":"WebSite","@id":"https:\/\/gabitel.net\/de\/#website","url":"https:\/\/gabitel.net\/de\/","name":"Gabitel","description":"","publisher":{"@id":"https:\/\/gabitel.net\/de\/#organization"},"potentialAction":[{"@type":"SearchAction","target":{"@type":"EntryPoint","urlTemplate":"https:\/\/gabitel.net\/de\/?s={search_term_string}"},"query-input":{"@type":"PropertyValueSpecification","valueRequired":true,"valueName":"search_term_string"}}],"inLanguage":"de"},{"@type":"Organization","@id":"https:\/\/gabitel.net\/de\/#organization","name":"Gabitel","url":"https:\/\/gabitel.net\/de\/","logo":{"@type":"ImageObject","inLanguage":"de","@id":"https:\/\/gabitel.net\/de\/#\/schema\/logo\/image\/","url":"https:\/\/gabitel.net\/wp-content\/uploads\/2025\/05\/logo_gabitel.jpg","contentUrl":"https:\/\/gabitel.net\/wp-content\/uploads\/2025\/05\/logo_gabitel.jpg","width":2560,"height":1330,"caption":"Gabitel"},"image":{"@id":"https:\/\/gabitel.net\/de\/#\/schema\/logo\/image\/"},"sameAs":["https:\/\/www.facebook.com\/gabitelingenieros\/","https:\/\/es.linkedin.com\/company\/gabitel-ingenieros"]},{"@type":"Person","@id":"https:\/\/gabitel.net\/de\/#\/schema\/person\/37ba53714c3fedb9c7d22f4bc781465c","name":"user.autor","url":"https:\/\/gabitel.net\/de\/author\/user-autor\/"}]}},"_links":{"self":[{"href":"https:\/\/gabitel.net\/de\/wp-json\/wp\/v2\/posts\/32566","targetHints":{"allow":["GET"]}}],"collection":[{"href":"https:\/\/gabitel.net\/de\/wp-json\/wp\/v2\/posts"}],"about":[{"href":"https:\/\/gabitel.net\/de\/wp-json\/wp\/v2\/types\/post"}],"author":[{"embeddable":true,"href":"https:\/\/gabitel.net\/de\/wp-json\/wp\/v2\/users\/3"}],"replies":[{"embeddable":true,"href":"https:\/\/gabitel.net\/de\/wp-json\/wp\/v2\/comments?post=32566"}],"version-history":[{"count":3,"href":"https:\/\/gabitel.net\/de\/wp-json\/wp\/v2\/posts\/32566\/revisions"}],"predecessor-version":[{"id":32605,"href":"https:\/\/gabitel.net\/de\/wp-json\/wp\/v2\/posts\/32566\/revisions\/32605"}],"wp:featuredmedia":[{"embeddable":true,"href":"https:\/\/gabitel.net\/de\/wp-json\/wp\/v2\/media\/32567"}],"wp:attachment":[{"href":"https:\/\/gabitel.net\/de\/wp-json\/wp\/v2\/media?parent=32566"}],"wp:term":[{"taxonomy":"category","embeddable":true,"href":"https:\/\/gabitel.net\/de\/wp-json\/wp\/v2\/categories?post=32566"},{"taxonomy":"post_tag","embeddable":true,"href":"https:\/\/gabitel.net\/de\/wp-json\/wp\/v2\/tags?post=32566"}],"curies":[{"name":"wp","href":"https:\/\/api.w.org\/{rel}","templated":true}]}}