{"id":32570,"date":"2023-12-19T11:30:38","date_gmt":"2023-12-19T10:30:38","guid":{"rendered":"https:\/\/gabitel.net\/catedra_gabitel_2023_abanderando_la_revolucion-del-hidrogeno_verde\/"},"modified":"2025-07-18T10:59:13","modified_gmt":"2025-07-18T08:59:13","slug":"catedra_gabitel_2023_abanderando_la_revolucion-del-hidrogeno_verde","status":"publish","type":"post","link":"https:\/\/gabitel.net\/de\/catedra_gabitel_2023_abanderando_la_revolucion-del-hidrogeno_verde\/","title":{"rendered":"Gabitel-Lehrstuhl 2023: Wegbereiter der gr\u00fcnen Wasserstoffrevolution"},"content":{"rendered":"<p>2023 war ein Jahr zahlreicher Erfolge und Aktivit\u00e4ten im Rahmen des <strong>Gabitel-Lehrstuhls f\u00fcr Wasserstoff<\/strong>. Wir haben an bedeutenden Forschungs- und Entwicklungs-, Aus- und Weiterbildungs- sowie Wissenstransfer-Veranstaltungen teilgenommen, die unser Engagement f\u00fcr die Erforschung und Verbreitung des Potenzials von <strong>gr\u00fcnem Wasserstoff<\/strong> im Rahmen unserer Verantwortung zur Transformation der aktuellen Energierealit\u00e4t gest\u00e4rkt haben.<\/p>\n<p>Zu den verschiedenen durchgef\u00fchrten Aktivit\u00e4ten z\u00e4hlt vor allem die erfolgreiche Ausrichtung der <strong>IV. Fachkonferenz \u201eWasserstofftechnologie. Power to Gas. Industrie und Herkunftsgarantien\u201c<\/strong>, das Epizentrum f\u00fcr den Austausch von Ideen und Wissen renommierter Expertinnen und Experten im Bereich nachhaltiger Energie. Diese Treffen haben als Katalysatoren f\u00fcr Wachstum und Innovation im Bereich des gr\u00fcnen Wasserstoffs gewirkt.<\/p>\n<p>Ein bemerkenswerter Meilenstein 2023 war der Ehrungsbesuch des Ministerpr\u00e4sidenten des Bundeslandes <strong>Baden-W\u00fcrttemberg<\/strong>, <strong>Winfried Kretschmann<\/strong>, in unserem Unternehmen, um die Grundlagen zu legen und Unternehmens- sowie institutionelle Kooperationen im Bereich erneuerbarer Energien allgemein und des gr\u00fcnen Wasserstoffs im Besonderen anzusto\u00dfen.<\/p>\n<p>Dieses Treffen ist eine Anerkennung f\u00fcr die Exzellenz und das Engagement des <strong>Gabitel-Lehrstuhls<\/strong> beim Fortschritt dieser sauberen und transformativen Technologie und verdeutlicht eindrucksvoll die internationale Bedeutung, die unsere Initiativen dank unseres Einsatzes f\u00fcr eine nachhaltigere Zukunft und die Bek\u00e4mpfung des Klimawandels erlangt haben.<\/p>\n<p>Zu den bereits f\u00fcr <strong>2024<\/strong> geplanten Aktivit\u00e4ten z\u00e4hlt unsere Mitwirkung als Komiteemitglieder beim <strong>I. Nationalen Kongress f\u00fcr Gr\u00fcnen Wasserstoff (7.\u20139. Februar)<\/strong>, einer wegweisenden und pionierhaften Veranstaltung, die in Huelva stattfinden wird. Dieser Kongress wird eine nationale und internationale Plattform sein, auf der Expertinnen und Experten, Fachleute und Branchenf\u00fchrer Ideen, Projekte und Visionen austauschen, um die Entwicklung des gr\u00fcnen Wasserstoffs voranzutreiben.<\/p>\n<p>Au\u00dferdem werden wir am 1. April 2024 die <strong>V. Fachkonferenz<\/strong> zum Thema \u201e<strong>Industrieller H\u2082-Verbrauch. Dekarbonisierungschancen\u201c<\/strong> durchf\u00fchren, w\u00e4hrend wir vom <strong>Gabitel-Lehrstuhl<\/strong> weiterhin an weiteren Veranstaltungen und Aktivit\u00e4ten arbeiten, um unser Engagement zu bekr\u00e4ftigen, den Weg in eine nachhaltigere Zukunft durch die F\u00f6rderung und Weiterentwicklung des gr\u00fcnen Wasserstoffs anzuf\u00fchren.<\/p>\n<p>&nbsp;<\/p>\n<p>&nbsp;<\/p>\n","protected":false},"excerpt":{"rendered":"<p>2023 war ein Jahr zahlreicher Erfolge und Aktivit\u00e4ten im Rahmen des Gabitel-Lehrstuhls f\u00fcr Wasserstoff.<\/p>\n","protected":false},"author":3,"featured_media":32571,"comment_status":"closed","ping_status":"closed","sticky":false,"template":"","format":"standard","meta":{"content-type":"","footnotes":""},"categories":[413,681,427,412,414],"tags":[495,625,442,415,416,467,428,581],"class_list":["post-32570","post","type-post","status-publish","format-standard","has-post-thumbnail","hentry","category-blog-de","category-gabitel-lehrstuhl","category-hidrogeno-de","category-news-de","category-newsletter-de","tag-2023-de","tag-bilanz","tag-catedra-gabitel-de","tag-energie","tag-gabitel-de","tag-hidrogeno-de","tag-hidrogeno-verde-de","tag-international-de"],"yoast_head":"<!-- This site is optimized with the Yoast SEO plugin v27.5 - https:\/\/yoast.com\/product\/yoast-seo-wordpress\/ -->\n<title>Gabitel-Lehrstuhl 2023: Wegbereiter der gr\u00fcnen Wasserstoffrevolution - Gabitel<\/title>\n<meta name=\"robots\" content=\"index, follow, max-snippet:-1, max-image-preview:large, max-video-preview:-1\" \/>\n<link rel=\"canonical\" href=\"https:\/\/gabitel.net\/de\/catedra_gabitel_2023_abanderando_la_revolucion-del-hidrogeno_verde\/\" \/>\n<meta property=\"og:locale\" content=\"de_DE\" \/>\n<meta property=\"og:type\" content=\"article\" \/>\n<meta property=\"og:title\" content=\"Gabitel-Lehrstuhl 2023: Wegbereiter der gr\u00fcnen Wasserstoffrevolution - Gabitel\" \/>\n<meta property=\"og:description\" content=\"2023 war ein Jahr zahlreicher Erfolge und Aktivit\u00e4ten im Rahmen des Gabitel-Lehrstuhls f\u00fcr Wasserstoff.\" \/>\n<meta property=\"og:url\" content=\"https:\/\/gabitel.net\/de\/catedra_gabitel_2023_abanderando_la_revolucion-del-hidrogeno_verde\/\" \/>\n<meta property=\"og:site_name\" content=\"Gabitel\" \/>\n<meta property=\"article:publisher\" content=\"https:\/\/www.facebook.com\/gabitelingenieros\/\" \/>\n<meta property=\"article:published_time\" content=\"2023-12-19T10:30:38+00:00\" \/>\n<meta property=\"article:modified_time\" content=\"2025-07-18T08:59:13+00:00\" \/>\n<meta property=\"og:image\" content=\"https:\/\/gabitel.net\/wp-content\/uploads\/2023\/12\/Post-03_BLOG.png\" \/>\n\t<meta property=\"og:image:width\" content=\"900\" \/>\n\t<meta property=\"og:image:height\" content=\"600\" \/>\n\t<meta property=\"og:image:type\" content=\"image\/png\" \/>\n<meta name=\"author\" content=\"user.autor\" \/>\n<meta name=\"twitter:card\" content=\"summary_large_image\" \/>\n<meta name=\"twitter:label1\" content=\"Verfasst von\" \/>\n\t<meta name=\"twitter:data1\" content=\"user.autor\" \/>\n\t<meta name=\"twitter:label2\" content=\"Gesch\u00e4tzte Lesezeit\" \/>\n\t<meta name=\"twitter:data2\" content=\"2\u00a0Minuten\" \/>\n<script type=\"application\/ld+json\" class=\"yoast-schema-graph\">{\"@context\":\"https:\\\/\\\/schema.org\",\"@graph\":[{\"@type\":[\"Article\",\"BlogPosting\"],\"@id\":\"https:\\\/\\\/gabitel.net\\\/de\\\/catedra_gabitel_2023_abanderando_la_revolucion-del-hidrogeno_verde\\\/#article\",\"isPartOf\":{\"@id\":\"https:\\\/\\\/gabitel.net\\\/de\\\/catedra_gabitel_2023_abanderando_la_revolucion-del-hidrogeno_verde\\\/\"},\"author\":{\"name\":\"user.autor\",\"@id\":\"https:\\\/\\\/gabitel.net\\\/de\\\/#\\\/schema\\\/person\\\/37ba53714c3fedb9c7d22f4bc781465c\"},\"headline\":\"Gabitel-Lehrstuhl 2023: Wegbereiter der gr\u00fcnen Wasserstoffrevolution\",\"datePublished\":\"2023-12-19T10:30:38+00:00\",\"dateModified\":\"2025-07-18T08:59:13+00:00\",\"mainEntityOfPage\":{\"@id\":\"https:\\\/\\\/gabitel.net\\\/de\\\/catedra_gabitel_2023_abanderando_la_revolucion-del-hidrogeno_verde\\\/\"},\"wordCount\":330,\"publisher\":{\"@id\":\"https:\\\/\\\/gabitel.net\\\/de\\\/#organization\"},\"image\":{\"@id\":\"https:\\\/\\\/gabitel.net\\\/de\\\/catedra_gabitel_2023_abanderando_la_revolucion-del-hidrogeno_verde\\\/#primaryimage\"},\"thumbnailUrl\":\"https:\\\/\\\/gabitel.net\\\/wp-content\\\/uploads\\\/2023\\\/12\\\/Post-03_BLOG.png\",\"keywords\":[\"2023\",\"Bilanz\",\"C\u00e1tedra Gabitel\",\"Energie\",\"Gabitel\",\"Hidr\u00f3geno\",\"hidr\u00f3geno verde\",\"International\"],\"articleSection\":[\"Blog\",\"Gabitel-Lehrstuhl\",\"Hidrogeno\",\"News\",\"Newsletter\"],\"inLanguage\":\"de\"},{\"@type\":\"WebPage\",\"@id\":\"https:\\\/\\\/gabitel.net\\\/de\\\/catedra_gabitel_2023_abanderando_la_revolucion-del-hidrogeno_verde\\\/\",\"url\":\"https:\\\/\\\/gabitel.net\\\/de\\\/catedra_gabitel_2023_abanderando_la_revolucion-del-hidrogeno_verde\\\/\",\"name\":\"Gabitel-Lehrstuhl 2023: Wegbereiter der gr\u00fcnen Wasserstoffrevolution - Gabitel\",\"isPartOf\":{\"@id\":\"https:\\\/\\\/gabitel.net\\\/de\\\/#website\"},\"primaryImageOfPage\":{\"@id\":\"https:\\\/\\\/gabitel.net\\\/de\\\/catedra_gabitel_2023_abanderando_la_revolucion-del-hidrogeno_verde\\\/#primaryimage\"},\"image\":{\"@id\":\"https:\\\/\\\/gabitel.net\\\/de\\\/catedra_gabitel_2023_abanderando_la_revolucion-del-hidrogeno_verde\\\/#primaryimage\"},\"thumbnailUrl\":\"https:\\\/\\\/gabitel.net\\\/wp-content\\\/uploads\\\/2023\\\/12\\\/Post-03_BLOG.png\",\"datePublished\":\"2023-12-19T10:30:38+00:00\",\"dateModified\":\"2025-07-18T08:59:13+00:00\",\"breadcrumb\":{\"@id\":\"https:\\\/\\\/gabitel.net\\\/de\\\/catedra_gabitel_2023_abanderando_la_revolucion-del-hidrogeno_verde\\\/#breadcrumb\"},\"inLanguage\":\"de\",\"potentialAction\":[{\"@type\":\"ReadAction\",\"target\":[\"https:\\\/\\\/gabitel.net\\\/de\\\/catedra_gabitel_2023_abanderando_la_revolucion-del-hidrogeno_verde\\\/\"]}]},{\"@type\":\"ImageObject\",\"inLanguage\":\"de\",\"@id\":\"https:\\\/\\\/gabitel.net\\\/de\\\/catedra_gabitel_2023_abanderando_la_revolucion-del-hidrogeno_verde\\\/#primaryimage\",\"url\":\"https:\\\/\\\/gabitel.net\\\/wp-content\\\/uploads\\\/2023\\\/12\\\/Post-03_BLOG.png\",\"contentUrl\":\"https:\\\/\\\/gabitel.net\\\/wp-content\\\/uploads\\\/2023\\\/12\\\/Post-03_BLOG.png\",\"width\":900,\"height\":600,\"caption\":\"C\u00e1tedra Gabitel 2023: Abanderando la revoluci\u00f3n del hidr\u00f3geno verde\"},{\"@type\":\"BreadcrumbList\",\"@id\":\"https:\\\/\\\/gabitel.net\\\/de\\\/catedra_gabitel_2023_abanderando_la_revolucion-del-hidrogeno_verde\\\/#breadcrumb\",\"itemListElement\":[{\"@type\":\"ListItem\",\"position\":1,\"name\":\"Portada\",\"item\":\"https:\\\/\\\/gabitel.net\\\/de\\\/\"},{\"@type\":\"ListItem\",\"position\":2,\"name\":\"Gabitel-Lehrstuhl 2023: Wegbereiter der gr\u00fcnen Wasserstoffrevolution\"}]},{\"@type\":\"WebSite\",\"@id\":\"https:\\\/\\\/gabitel.net\\\/de\\\/#website\",\"url\":\"https:\\\/\\\/gabitel.net\\\/de\\\/\",\"name\":\"Gabitel\",\"description\":\"\",\"publisher\":{\"@id\":\"https:\\\/\\\/gabitel.net\\\/de\\\/#organization\"},\"potentialAction\":[{\"@type\":\"SearchAction\",\"target\":{\"@type\":\"EntryPoint\",\"urlTemplate\":\"https:\\\/\\\/gabitel.net\\\/de\\\/?s={search_term_string}\"},\"query-input\":{\"@type\":\"PropertyValueSpecification\",\"valueRequired\":true,\"valueName\":\"search_term_string\"}}],\"inLanguage\":\"de\"},{\"@type\":\"Organization\",\"@id\":\"https:\\\/\\\/gabitel.net\\\/de\\\/#organization\",\"name\":\"Gabitel\",\"url\":\"https:\\\/\\\/gabitel.net\\\/de\\\/\",\"logo\":{\"@type\":\"ImageObject\",\"inLanguage\":\"de\",\"@id\":\"https:\\\/\\\/gabitel.net\\\/de\\\/#\\\/schema\\\/logo\\\/image\\\/\",\"url\":\"https:\\\/\\\/gabitel.net\\\/wp-content\\\/uploads\\\/2025\\\/05\\\/logo_gabitel.jpg\",\"contentUrl\":\"https:\\\/\\\/gabitel.net\\\/wp-content\\\/uploads\\\/2025\\\/05\\\/logo_gabitel.jpg\",\"width\":2560,\"height\":1330,\"caption\":\"Gabitel\"},\"image\":{\"@id\":\"https:\\\/\\\/gabitel.net\\\/de\\\/#\\\/schema\\\/logo\\\/image\\\/\"},\"sameAs\":[\"https:\\\/\\\/www.facebook.com\\\/gabitelingenieros\\\/\",\"https:\\\/\\\/es.linkedin.com\\\/company\\\/gabitel-ingenieros\"]},{\"@type\":\"Person\",\"@id\":\"https:\\\/\\\/gabitel.net\\\/de\\\/#\\\/schema\\\/person\\\/37ba53714c3fedb9c7d22f4bc781465c\",\"name\":\"user.autor\",\"url\":\"https:\\\/\\\/gabitel.net\\\/de\\\/author\\\/user-autor\\\/\"}]}<\/script>\n<!-- \/ Yoast SEO plugin. -->","yoast_head_json":{"title":"Gabitel-Lehrstuhl 2023: Wegbereiter der gr\u00fcnen Wasserstoffrevolution - Gabitel","robots":{"index":"index","follow":"follow","max-snippet":"max-snippet:-1","max-image-preview":"max-image-preview:large","max-video-preview":"max-video-preview:-1"},"canonical":"https:\/\/gabitel.net\/de\/catedra_gabitel_2023_abanderando_la_revolucion-del-hidrogeno_verde\/","og_locale":"de_DE","og_type":"article","og_title":"Gabitel-Lehrstuhl 2023: Wegbereiter der gr\u00fcnen Wasserstoffrevolution - Gabitel","og_description":"2023 war ein Jahr zahlreicher Erfolge und Aktivit\u00e4ten im Rahmen des Gabitel-Lehrstuhls f\u00fcr Wasserstoff.","og_url":"https:\/\/gabitel.net\/de\/catedra_gabitel_2023_abanderando_la_revolucion-del-hidrogeno_verde\/","og_site_name":"Gabitel","article_publisher":"https:\/\/www.facebook.com\/gabitelingenieros\/","article_published_time":"2023-12-19T10:30:38+00:00","article_modified_time":"2025-07-18T08:59:13+00:00","og_image":[{"width":900,"height":600,"url":"https:\/\/gabitel.net\/wp-content\/uploads\/2023\/12\/Post-03_BLOG.png","type":"image\/png"}],"author":"user.autor","twitter_card":"summary_large_image","twitter_misc":{"Verfasst von":"user.autor","Gesch\u00e4tzte Lesezeit":"2\u00a0Minuten"},"schema":{"@context":"https:\/\/schema.org","@graph":[{"@type":["Article","BlogPosting"],"@id":"https:\/\/gabitel.net\/de\/catedra_gabitel_2023_abanderando_la_revolucion-del-hidrogeno_verde\/#article","isPartOf":{"@id":"https:\/\/gabitel.net\/de\/catedra_gabitel_2023_abanderando_la_revolucion-del-hidrogeno_verde\/"},"author":{"name":"user.autor","@id":"https:\/\/gabitel.net\/de\/#\/schema\/person\/37ba53714c3fedb9c7d22f4bc781465c"},"headline":"Gabitel-Lehrstuhl 2023: Wegbereiter der gr\u00fcnen Wasserstoffrevolution","datePublished":"2023-12-19T10:30:38+00:00","dateModified":"2025-07-18T08:59:13+00:00","mainEntityOfPage":{"@id":"https:\/\/gabitel.net\/de\/catedra_gabitel_2023_abanderando_la_revolucion-del-hidrogeno_verde\/"},"wordCount":330,"publisher":{"@id":"https:\/\/gabitel.net\/de\/#organization"},"image":{"@id":"https:\/\/gabitel.net\/de\/catedra_gabitel_2023_abanderando_la_revolucion-del-hidrogeno_verde\/#primaryimage"},"thumbnailUrl":"https:\/\/gabitel.net\/wp-content\/uploads\/2023\/12\/Post-03_BLOG.png","keywords":["2023","Bilanz","C\u00e1tedra Gabitel","Energie","Gabitel","Hidr\u00f3geno","hidr\u00f3geno verde","International"],"articleSection":["Blog","Gabitel-Lehrstuhl","Hidrogeno","News","Newsletter"],"inLanguage":"de"},{"@type":"WebPage","@id":"https:\/\/gabitel.net\/de\/catedra_gabitel_2023_abanderando_la_revolucion-del-hidrogeno_verde\/","url":"https:\/\/gabitel.net\/de\/catedra_gabitel_2023_abanderando_la_revolucion-del-hidrogeno_verde\/","name":"Gabitel-Lehrstuhl 2023: Wegbereiter der gr\u00fcnen Wasserstoffrevolution - Gabitel","isPartOf":{"@id":"https:\/\/gabitel.net\/de\/#website"},"primaryImageOfPage":{"@id":"https:\/\/gabitel.net\/de\/catedra_gabitel_2023_abanderando_la_revolucion-del-hidrogeno_verde\/#primaryimage"},"image":{"@id":"https:\/\/gabitel.net\/de\/catedra_gabitel_2023_abanderando_la_revolucion-del-hidrogeno_verde\/#primaryimage"},"thumbnailUrl":"https:\/\/gabitel.net\/wp-content\/uploads\/2023\/12\/Post-03_BLOG.png","datePublished":"2023-12-19T10:30:38+00:00","dateModified":"2025-07-18T08:59:13+00:00","breadcrumb":{"@id":"https:\/\/gabitel.net\/de\/catedra_gabitel_2023_abanderando_la_revolucion-del-hidrogeno_verde\/#breadcrumb"},"inLanguage":"de","potentialAction":[{"@type":"ReadAction","target":["https:\/\/gabitel.net\/de\/catedra_gabitel_2023_abanderando_la_revolucion-del-hidrogeno_verde\/"]}]},{"@type":"ImageObject","inLanguage":"de","@id":"https:\/\/gabitel.net\/de\/catedra_gabitel_2023_abanderando_la_revolucion-del-hidrogeno_verde\/#primaryimage","url":"https:\/\/gabitel.net\/wp-content\/uploads\/2023\/12\/Post-03_BLOG.png","contentUrl":"https:\/\/gabitel.net\/wp-content\/uploads\/2023\/12\/Post-03_BLOG.png","width":900,"height":600,"caption":"C\u00e1tedra Gabitel 2023: Abanderando la revoluci\u00f3n del hidr\u00f3geno verde"},{"@type":"BreadcrumbList","@id":"https:\/\/gabitel.net\/de\/catedra_gabitel_2023_abanderando_la_revolucion-del-hidrogeno_verde\/#breadcrumb","itemListElement":[{"@type":"ListItem","position":1,"name":"Portada","item":"https:\/\/gabitel.net\/de\/"},{"@type":"ListItem","position":2,"name":"Gabitel-Lehrstuhl 2023: Wegbereiter der gr\u00fcnen Wasserstoffrevolution"}]},{"@type":"WebSite","@id":"https:\/\/gabitel.net\/de\/#website","url":"https:\/\/gabitel.net\/de\/","name":"Gabitel","description":"","publisher":{"@id":"https:\/\/gabitel.net\/de\/#organization"},"potentialAction":[{"@type":"SearchAction","target":{"@type":"EntryPoint","urlTemplate":"https:\/\/gabitel.net\/de\/?s={search_term_string}"},"query-input":{"@type":"PropertyValueSpecification","valueRequired":true,"valueName":"search_term_string"}}],"inLanguage":"de"},{"@type":"Organization","@id":"https:\/\/gabitel.net\/de\/#organization","name":"Gabitel","url":"https:\/\/gabitel.net\/de\/","logo":{"@type":"ImageObject","inLanguage":"de","@id":"https:\/\/gabitel.net\/de\/#\/schema\/logo\/image\/","url":"https:\/\/gabitel.net\/wp-content\/uploads\/2025\/05\/logo_gabitel.jpg","contentUrl":"https:\/\/gabitel.net\/wp-content\/uploads\/2025\/05\/logo_gabitel.jpg","width":2560,"height":1330,"caption":"Gabitel"},"image":{"@id":"https:\/\/gabitel.net\/de\/#\/schema\/logo\/image\/"},"sameAs":["https:\/\/www.facebook.com\/gabitelingenieros\/","https:\/\/es.linkedin.com\/company\/gabitel-ingenieros"]},{"@type":"Person","@id":"https:\/\/gabitel.net\/de\/#\/schema\/person\/37ba53714c3fedb9c7d22f4bc781465c","name":"user.autor","url":"https:\/\/gabitel.net\/de\/author\/user-autor\/"}]}},"_links":{"self":[{"href":"https:\/\/gabitel.net\/de\/wp-json\/wp\/v2\/posts\/32570","targetHints":{"allow":["GET"]}}],"collection":[{"href":"https:\/\/gabitel.net\/de\/wp-json\/wp\/v2\/posts"}],"about":[{"href":"https:\/\/gabitel.net\/de\/wp-json\/wp\/v2\/types\/post"}],"author":[{"embeddable":true,"href":"https:\/\/gabitel.net\/de\/wp-json\/wp\/v2\/users\/3"}],"replies":[{"embeddable":true,"href":"https:\/\/gabitel.net\/de\/wp-json\/wp\/v2\/comments?post=32570"}],"version-history":[{"count":3,"href":"https:\/\/gabitel.net\/de\/wp-json\/wp\/v2\/posts\/32570\/revisions"}],"predecessor-version":[{"id":32612,"href":"https:\/\/gabitel.net\/de\/wp-json\/wp\/v2\/posts\/32570\/revisions\/32612"}],"wp:featuredmedia":[{"embeddable":true,"href":"https:\/\/gabitel.net\/de\/wp-json\/wp\/v2\/media\/32571"}],"wp:attachment":[{"href":"https:\/\/gabitel.net\/de\/wp-json\/wp\/v2\/media?parent=32570"}],"wp:term":[{"taxonomy":"category","embeddable":true,"href":"https:\/\/gabitel.net\/de\/wp-json\/wp\/v2\/categories?post=32570"},{"taxonomy":"post_tag","embeddable":true,"href":"https:\/\/gabitel.net\/de\/wp-json\/wp\/v2\/tags?post=32570"}],"curies":[{"name":"wp","href":"https:\/\/api.w.org\/{rel}","templated":true}]}}