{"id":32648,"date":"2022-01-25T15:31:07","date_gmt":"2022-01-25T14:31:07","guid":{"rendered":"https:\/\/gabitel.net\/jornada-del-hidrogeno\/"},"modified":"2025-07-18T11:56:23","modified_gmt":"2025-07-18T09:56:23","slug":"jornada-del-hidrogeno","status":"publish","type":"post","link":"https:\/\/gabitel.net\/de\/jornada-del-hidrogeno\/","title":{"rendered":"Wasserstoff im Dienst des Transports"},"content":{"rendered":"<p style=\"text-align: justify;\">Am 30. November fand im H\u00f6rsaal der Escuela T\u00e9cnica Superior de Ingenier\u00eda der Universit\u00e4t Huelva das Transport-Seminar unter dem Titel \u201eWasserstofftechnologien im Dienst des Transportsektors: L\u00f6sungsans\u00e4tze und Marktanalyse\u201c statt, das von unserem Direktor Rodrigo Delgado abgeschlossen wurde.<\/p>\n<p style=\"text-align: justify;\">Diese von der Gabitel-Lehrstuhl f\u00fcr Wasserstoff initiierte Veranstaltung wurde von nahezu hundert Teilnehmern besucht, darunter Transportunternehmen aus der Provinz Huelva, Tankstellenverb\u00e4nde, die Hafenverwaltung Huelva, EMTUSA, ENDESA DISTRIBUCI\u00d3N, IBERDROLA, <a href=\"https:\/\/www.linkedin.com\/company\/gabitel-ingenieros\/\">GABITEL INGENIEROS, S.L.<\/a> sowie potenzielle Produzenten und Verbraucher dieses nachhaltigen und gr\u00fcnen Kraftstoffs.<\/p>\n<p style=\"text-align: justify;\">Die Veranstaltung wurde er\u00f6ffnet von Frau Isabel Mar\u00eda Rodr\u00edguez, Vize-Rektorin f\u00fcr Innovation und Besch\u00e4ftigungsf\u00e4higkeit der UHU, gemeinsam mit Herrn <a href=\"https:\/\/www.linkedin.com\/in\/ACoAAAITpvQBzQui26rAJt0vMZHiWNAHblX3uec\">Felipe Arias Palma<\/a>, Generaldirektor f\u00fcr Mobilit\u00e4t im Ministerium f\u00fcr Bau, Infrastruktur und Raumordnung der Regionalregierung Andalusiens, der sein pers\u00f6nliches Engagement f\u00fcr die F\u00f6rderung der Provinz Huelva und ihres Wasserstoffpotenzials hervorhob.<\/p>\n<p style=\"text-align: justify;\">Es gab drei herausragende Vortr\u00e4ge. Zun\u00e4chst pr\u00e4sentierte Herr Jos\u00e9 Manuel And\u00fajar, Professor an der Universit\u00e4t Huelva und Direktor des CITESI, der die begrenzte Reichweite von Elektroautos und die Zukunft des Wasserstoffs erl\u00e4uterte, gefolgt von Herrn <a href=\"https:\/\/www.linkedin.com\/in\/ACoAAAsk9sMBcLiaKBEQ6aHRZlMdIYGXIrxKopY\">Rafael Luque Berruezo<\/a>, Generaldirektor von ARIEMA, der betonte, dass angesichts der aktuellen Phase des Wasserstoffs Investitionen und Risikobereitschaft erforderlich sind. Den Abschluss bildete Herr <a href=\"https:\/\/www.linkedin.com\/in\/ACoAAAzvGJEB_9WtS1JuSuT_pBI-AtTOxGKKZlE\">Javier Ruesga<\/a>, Projektmanager bei ENAGAS, der eine brillante und anschauliche Demonstration verschiedener Energietr\u00e4ger und ihrer Anwendung in einem kleinen, aber intuitiven Modell vorf\u00fchrte.<\/p>\n<p style=\"text-align: justify;\">Nach dem Vortrag fand eine Podiumsdiskussion statt, an der namhafte Vertreter verschiedener Bereiche teilnahmen, darunter Herr Juan Antonio Mill\u00e1n, Ehrenpr\u00e4sident von FENADISMER, der das Konzept einer \u201eEnergiegemeinschaft\u201c vorschlug; Beatriz Laca\u00f1ina, Pr\u00e4sidentin des Tankstellenverbands von Sevilla; Dr. <a href=\"https:\/\/www.linkedin.com\/in\/ACoAAAW115UBSAM0BHTDtfYW-9o4VL0MgBJJsWY\">Fernando Isorna Llerena<\/a>, Leiter des Energietechnik-Labors beim INTA (Nationales Institut f\u00fcr Luft- und Raumfahrttechnik); und Frau <a href=\"https:\/\/www.linkedin.com\/in\/ACoAACj3FykBML8f1j75rVE7yScpTU8u117DPj4\">Paqui Segura<\/a>, Direktorin des Gabitel-Lehrstuhls.<\/p>\n","protected":false},"excerpt":{"rendered":"<p>Am 30. November fand im H\u00f6rsaal der Escuela T\u00e9cnica Superior de Ingenier\u00eda der Universit\u00e4t Huelva das Transport-Seminar unter dem Titel \u201eWasserstofftechnologien im Dienst des Transportsektors: L\u00f6sungsans\u00e4tze und Marktanalyse\u201c statt, das von unserem Direktor Rodrigo Delgado abgeschlossen wurde. Diese von der Gabitel-Lehrstuhl f\u00fcr Wasserstoff initiierte Veranstaltung wurde von nahezu hundert Teilnehmern besucht, darunter Transportunternehmen aus der [&hellip;]<\/p>\n","protected":false},"author":3,"featured_media":34326,"comment_status":"closed","ping_status":"closed","sticky":false,"template":"","format":"standard","meta":{"content-type":"","footnotes":""},"categories":[413,427,414],"tags":[],"class_list":["post-32648","post","type-post","status-publish","format-standard","has-post-thumbnail","hentry","category-blog-de","category-hidrogeno-de","category-newsletter-de"],"yoast_head":"<!-- This site is optimized with the Yoast SEO plugin v27.5 - https:\/\/yoast.com\/product\/yoast-seo-wordpress\/ -->\n<title>Wasserstoff im Dienst des Transports - Gabitel<\/title>\n<meta name=\"robots\" content=\"index, follow, max-snippet:-1, max-image-preview:large, max-video-preview:-1\" \/>\n<link rel=\"canonical\" href=\"https:\/\/gabitel.net\/de\/jornada-del-hidrogeno\/\" \/>\n<meta property=\"og:locale\" content=\"de_DE\" \/>\n<meta property=\"og:type\" content=\"article\" \/>\n<meta property=\"og:title\" content=\"Wasserstoff im Dienst des Transports - Gabitel\" \/>\n<meta property=\"og:description\" content=\"Am 30. November fand im H\u00f6rsaal der Escuela T\u00e9cnica Superior de Ingenier\u00eda der Universit\u00e4t Huelva das Transport-Seminar unter dem Titel \u201eWasserstofftechnologien im Dienst des Transportsektors: L\u00f6sungsans\u00e4tze und Marktanalyse\u201c statt, das von unserem Direktor Rodrigo Delgado abgeschlossen wurde. Diese von der Gabitel-Lehrstuhl f\u00fcr Wasserstoff initiierte Veranstaltung wurde von nahezu hundert Teilnehmern besucht, darunter Transportunternehmen aus der [&hellip;]\" \/>\n<meta property=\"og:url\" content=\"https:\/\/gabitel.net\/de\/jornada-del-hidrogeno\/\" \/>\n<meta property=\"og:site_name\" content=\"Gabitel\" \/>\n<meta property=\"article:publisher\" content=\"https:\/\/www.facebook.com\/gabitelingenieros\/\" \/>\n<meta property=\"article:published_time\" content=\"2022-01-25T14:31:07+00:00\" \/>\n<meta property=\"article:modified_time\" content=\"2025-07-18T09:56:23+00:00\" \/>\n<meta name=\"author\" content=\"user.autor\" \/>\n<meta name=\"twitter:card\" content=\"summary_large_image\" \/>\n<meta name=\"twitter:label1\" content=\"Verfasst von\" \/>\n\t<meta name=\"twitter:data1\" content=\"user.autor\" \/>\n\t<meta name=\"twitter:label2\" content=\"Gesch\u00e4tzte Lesezeit\" \/>\n\t<meta name=\"twitter:data2\" content=\"2\u00a0Minuten\" \/>\n<script type=\"application\/ld+json\" class=\"yoast-schema-graph\">{\"@context\":\"https:\\\/\\\/schema.org\",\"@graph\":[{\"@type\":[\"Article\",\"BlogPosting\"],\"@id\":\"https:\\\/\\\/gabitel.net\\\/de\\\/jornada-del-hidrogeno\\\/#article\",\"isPartOf\":{\"@id\":\"https:\\\/\\\/gabitel.net\\\/de\\\/jornada-del-hidrogeno\\\/\"},\"author\":{\"name\":\"user.autor\",\"@id\":\"https:\\\/\\\/gabitel.net\\\/de\\\/#\\\/schema\\\/person\\\/37ba53714c3fedb9c7d22f4bc781465c\"},\"headline\":\"Wasserstoff im Dienst des Transports\",\"datePublished\":\"2022-01-25T14:31:07+00:00\",\"dateModified\":\"2025-07-18T09:56:23+00:00\",\"mainEntityOfPage\":{\"@id\":\"https:\\\/\\\/gabitel.net\\\/de\\\/jornada-del-hidrogeno\\\/\"},\"wordCount\":306,\"publisher\":{\"@id\":\"https:\\\/\\\/gabitel.net\\\/de\\\/#organization\"},\"image\":{\"@id\":\"https:\\\/\\\/gabitel.net\\\/de\\\/jornada-del-hidrogeno\\\/#primaryimage\"},\"thumbnailUrl\":\"https:\\\/\\\/gabitel.net\\\/wp-content\\\/uploads\\\/2022\\\/01\\\/jornada-hidrogeno-transporte.jpg\",\"articleSection\":[\"Blog\",\"Hidrogeno\",\"Newsletter\"],\"inLanguage\":\"de\"},{\"@type\":\"WebPage\",\"@id\":\"https:\\\/\\\/gabitel.net\\\/de\\\/jornada-del-hidrogeno\\\/\",\"url\":\"https:\\\/\\\/gabitel.net\\\/de\\\/jornada-del-hidrogeno\\\/\",\"name\":\"Wasserstoff im Dienst des Transports - Gabitel\",\"isPartOf\":{\"@id\":\"https:\\\/\\\/gabitel.net\\\/de\\\/#website\"},\"primaryImageOfPage\":{\"@id\":\"https:\\\/\\\/gabitel.net\\\/de\\\/jornada-del-hidrogeno\\\/#primaryimage\"},\"image\":{\"@id\":\"https:\\\/\\\/gabitel.net\\\/de\\\/jornada-del-hidrogeno\\\/#primaryimage\"},\"thumbnailUrl\":\"https:\\\/\\\/gabitel.net\\\/wp-content\\\/uploads\\\/2022\\\/01\\\/jornada-hidrogeno-transporte.jpg\",\"datePublished\":\"2022-01-25T14:31:07+00:00\",\"dateModified\":\"2025-07-18T09:56:23+00:00\",\"breadcrumb\":{\"@id\":\"https:\\\/\\\/gabitel.net\\\/de\\\/jornada-del-hidrogeno\\\/#breadcrumb\"},\"inLanguage\":\"de\",\"potentialAction\":[{\"@type\":\"ReadAction\",\"target\":[\"https:\\\/\\\/gabitel.net\\\/de\\\/jornada-del-hidrogeno\\\/\"]}]},{\"@type\":\"ImageObject\",\"inLanguage\":\"de\",\"@id\":\"https:\\\/\\\/gabitel.net\\\/de\\\/jornada-del-hidrogeno\\\/#primaryimage\",\"url\":\"https:\\\/\\\/gabitel.net\\\/wp-content\\\/uploads\\\/2022\\\/01\\\/jornada-hidrogeno-transporte.jpg\",\"contentUrl\":\"https:\\\/\\\/gabitel.net\\\/wp-content\\\/uploads\\\/2022\\\/01\\\/jornada-hidrogeno-transporte.jpg\",\"width\":2000,\"height\":1500},{\"@type\":\"BreadcrumbList\",\"@id\":\"https:\\\/\\\/gabitel.net\\\/de\\\/jornada-del-hidrogeno\\\/#breadcrumb\",\"itemListElement\":[{\"@type\":\"ListItem\",\"position\":1,\"name\":\"Portada\",\"item\":\"https:\\\/\\\/gabitel.net\\\/de\\\/\"},{\"@type\":\"ListItem\",\"position\":2,\"name\":\"Wasserstoff im Dienst des Transports\"}]},{\"@type\":\"WebSite\",\"@id\":\"https:\\\/\\\/gabitel.net\\\/de\\\/#website\",\"url\":\"https:\\\/\\\/gabitel.net\\\/de\\\/\",\"name\":\"Gabitel\",\"description\":\"\",\"publisher\":{\"@id\":\"https:\\\/\\\/gabitel.net\\\/de\\\/#organization\"},\"potentialAction\":[{\"@type\":\"SearchAction\",\"target\":{\"@type\":\"EntryPoint\",\"urlTemplate\":\"https:\\\/\\\/gabitel.net\\\/de\\\/?s={search_term_string}\"},\"query-input\":{\"@type\":\"PropertyValueSpecification\",\"valueRequired\":true,\"valueName\":\"search_term_string\"}}],\"inLanguage\":\"de\"},{\"@type\":\"Organization\",\"@id\":\"https:\\\/\\\/gabitel.net\\\/de\\\/#organization\",\"name\":\"Gabitel\",\"url\":\"https:\\\/\\\/gabitel.net\\\/de\\\/\",\"logo\":{\"@type\":\"ImageObject\",\"inLanguage\":\"de\",\"@id\":\"https:\\\/\\\/gabitel.net\\\/de\\\/#\\\/schema\\\/logo\\\/image\\\/\",\"url\":\"https:\\\/\\\/gabitel.net\\\/wp-content\\\/uploads\\\/2025\\\/05\\\/logo_gabitel.jpg\",\"contentUrl\":\"https:\\\/\\\/gabitel.net\\\/wp-content\\\/uploads\\\/2025\\\/05\\\/logo_gabitel.jpg\",\"width\":2560,\"height\":1330,\"caption\":\"Gabitel\"},\"image\":{\"@id\":\"https:\\\/\\\/gabitel.net\\\/de\\\/#\\\/schema\\\/logo\\\/image\\\/\"},\"sameAs\":[\"https:\\\/\\\/www.facebook.com\\\/gabitelingenieros\\\/\",\"https:\\\/\\\/es.linkedin.com\\\/company\\\/gabitel-ingenieros\"]},{\"@type\":\"Person\",\"@id\":\"https:\\\/\\\/gabitel.net\\\/de\\\/#\\\/schema\\\/person\\\/37ba53714c3fedb9c7d22f4bc781465c\",\"name\":\"user.autor\",\"url\":\"https:\\\/\\\/gabitel.net\\\/de\\\/author\\\/user-autor\\\/\"}]}<\/script>\n<!-- \/ Yoast SEO plugin. -->","yoast_head_json":{"title":"Wasserstoff im Dienst des Transports - Gabitel","robots":{"index":"index","follow":"follow","max-snippet":"max-snippet:-1","max-image-preview":"max-image-preview:large","max-video-preview":"max-video-preview:-1"},"canonical":"https:\/\/gabitel.net\/de\/jornada-del-hidrogeno\/","og_locale":"de_DE","og_type":"article","og_title":"Wasserstoff im Dienst des Transports - Gabitel","og_description":"Am 30. November fand im H\u00f6rsaal der Escuela T\u00e9cnica Superior de Ingenier\u00eda der Universit\u00e4t Huelva das Transport-Seminar unter dem Titel \u201eWasserstofftechnologien im Dienst des Transportsektors: L\u00f6sungsans\u00e4tze und Marktanalyse\u201c statt, das von unserem Direktor Rodrigo Delgado abgeschlossen wurde. Diese von der Gabitel-Lehrstuhl f\u00fcr Wasserstoff initiierte Veranstaltung wurde von nahezu hundert Teilnehmern besucht, darunter Transportunternehmen aus der [&hellip;]","og_url":"https:\/\/gabitel.net\/de\/jornada-del-hidrogeno\/","og_site_name":"Gabitel","article_publisher":"https:\/\/www.facebook.com\/gabitelingenieros\/","article_published_time":"2022-01-25T14:31:07+00:00","article_modified_time":"2025-07-18T09:56:23+00:00","author":"user.autor","twitter_card":"summary_large_image","twitter_misc":{"Verfasst von":"user.autor","Gesch\u00e4tzte Lesezeit":"2\u00a0Minuten"},"schema":{"@context":"https:\/\/schema.org","@graph":[{"@type":["Article","BlogPosting"],"@id":"https:\/\/gabitel.net\/de\/jornada-del-hidrogeno\/#article","isPartOf":{"@id":"https:\/\/gabitel.net\/de\/jornada-del-hidrogeno\/"},"author":{"name":"user.autor","@id":"https:\/\/gabitel.net\/de\/#\/schema\/person\/37ba53714c3fedb9c7d22f4bc781465c"},"headline":"Wasserstoff im Dienst des Transports","datePublished":"2022-01-25T14:31:07+00:00","dateModified":"2025-07-18T09:56:23+00:00","mainEntityOfPage":{"@id":"https:\/\/gabitel.net\/de\/jornada-del-hidrogeno\/"},"wordCount":306,"publisher":{"@id":"https:\/\/gabitel.net\/de\/#organization"},"image":{"@id":"https:\/\/gabitel.net\/de\/jornada-del-hidrogeno\/#primaryimage"},"thumbnailUrl":"https:\/\/gabitel.net\/wp-content\/uploads\/2022\/01\/jornada-hidrogeno-transporte.jpg","articleSection":["Blog","Hidrogeno","Newsletter"],"inLanguage":"de"},{"@type":"WebPage","@id":"https:\/\/gabitel.net\/de\/jornada-del-hidrogeno\/","url":"https:\/\/gabitel.net\/de\/jornada-del-hidrogeno\/","name":"Wasserstoff im Dienst des Transports - Gabitel","isPartOf":{"@id":"https:\/\/gabitel.net\/de\/#website"},"primaryImageOfPage":{"@id":"https:\/\/gabitel.net\/de\/jornada-del-hidrogeno\/#primaryimage"},"image":{"@id":"https:\/\/gabitel.net\/de\/jornada-del-hidrogeno\/#primaryimage"},"thumbnailUrl":"https:\/\/gabitel.net\/wp-content\/uploads\/2022\/01\/jornada-hidrogeno-transporte.jpg","datePublished":"2022-01-25T14:31:07+00:00","dateModified":"2025-07-18T09:56:23+00:00","breadcrumb":{"@id":"https:\/\/gabitel.net\/de\/jornada-del-hidrogeno\/#breadcrumb"},"inLanguage":"de","potentialAction":[{"@type":"ReadAction","target":["https:\/\/gabitel.net\/de\/jornada-del-hidrogeno\/"]}]},{"@type":"ImageObject","inLanguage":"de","@id":"https:\/\/gabitel.net\/de\/jornada-del-hidrogeno\/#primaryimage","url":"https:\/\/gabitel.net\/wp-content\/uploads\/2022\/01\/jornada-hidrogeno-transporte.jpg","contentUrl":"https:\/\/gabitel.net\/wp-content\/uploads\/2022\/01\/jornada-hidrogeno-transporte.jpg","width":2000,"height":1500},{"@type":"BreadcrumbList","@id":"https:\/\/gabitel.net\/de\/jornada-del-hidrogeno\/#breadcrumb","itemListElement":[{"@type":"ListItem","position":1,"name":"Portada","item":"https:\/\/gabitel.net\/de\/"},{"@type":"ListItem","position":2,"name":"Wasserstoff im Dienst des Transports"}]},{"@type":"WebSite","@id":"https:\/\/gabitel.net\/de\/#website","url":"https:\/\/gabitel.net\/de\/","name":"Gabitel","description":"","publisher":{"@id":"https:\/\/gabitel.net\/de\/#organization"},"potentialAction":[{"@type":"SearchAction","target":{"@type":"EntryPoint","urlTemplate":"https:\/\/gabitel.net\/de\/?s={search_term_string}"},"query-input":{"@type":"PropertyValueSpecification","valueRequired":true,"valueName":"search_term_string"}}],"inLanguage":"de"},{"@type":"Organization","@id":"https:\/\/gabitel.net\/de\/#organization","name":"Gabitel","url":"https:\/\/gabitel.net\/de\/","logo":{"@type":"ImageObject","inLanguage":"de","@id":"https:\/\/gabitel.net\/de\/#\/schema\/logo\/image\/","url":"https:\/\/gabitel.net\/wp-content\/uploads\/2025\/05\/logo_gabitel.jpg","contentUrl":"https:\/\/gabitel.net\/wp-content\/uploads\/2025\/05\/logo_gabitel.jpg","width":2560,"height":1330,"caption":"Gabitel"},"image":{"@id":"https:\/\/gabitel.net\/de\/#\/schema\/logo\/image\/"},"sameAs":["https:\/\/www.facebook.com\/gabitelingenieros\/","https:\/\/es.linkedin.com\/company\/gabitel-ingenieros"]},{"@type":"Person","@id":"https:\/\/gabitel.net\/de\/#\/schema\/person\/37ba53714c3fedb9c7d22f4bc781465c","name":"user.autor","url":"https:\/\/gabitel.net\/de\/author\/user-autor\/"}]}},"_links":{"self":[{"href":"https:\/\/gabitel.net\/de\/wp-json\/wp\/v2\/posts\/32648","targetHints":{"allow":["GET"]}}],"collection":[{"href":"https:\/\/gabitel.net\/de\/wp-json\/wp\/v2\/posts"}],"about":[{"href":"https:\/\/gabitel.net\/de\/wp-json\/wp\/v2\/types\/post"}],"author":[{"embeddable":true,"href":"https:\/\/gabitel.net\/de\/wp-json\/wp\/v2\/users\/3"}],"replies":[{"embeddable":true,"href":"https:\/\/gabitel.net\/de\/wp-json\/wp\/v2\/comments?post=32648"}],"version-history":[{"count":3,"href":"https:\/\/gabitel.net\/de\/wp-json\/wp\/v2\/posts\/32648\/revisions"}],"predecessor-version":[{"id":32670,"href":"https:\/\/gabitel.net\/de\/wp-json\/wp\/v2\/posts\/32648\/revisions\/32670"}],"wp:featuredmedia":[{"embeddable":true,"href":"https:\/\/gabitel.net\/de\/wp-json\/wp\/v2\/media\/34326"}],"wp:attachment":[{"href":"https:\/\/gabitel.net\/de\/wp-json\/wp\/v2\/media?parent=32648"}],"wp:term":[{"taxonomy":"category","embeddable":true,"href":"https:\/\/gabitel.net\/de\/wp-json\/wp\/v2\/categories?post=32648"},{"taxonomy":"post_tag","embeddable":true,"href":"https:\/\/gabitel.net\/de\/wp-json\/wp\/v2\/tags?post=32648"}],"curies":[{"name":"wp","href":"https:\/\/api.w.org\/{rel}","templated":true}]}}