{"id":32651,"date":"2023-03-29T09:00:35","date_gmt":"2023-03-29T07:00:35","guid":{"rendered":"https:\/\/gabitel.net\/seminario-marzo-2023-catedra-gabitel\/"},"modified":"2025-07-18T11:54:33","modified_gmt":"2025-07-18T09:54:33","slug":"seminario-marzo-2023-catedra-gabitel","status":"publish","type":"post","link":"https:\/\/gabitel.net\/de\/seminario-marzo-2023-catedra-gabitel\/","title":{"rendered":"Seminar M\u00e4rz 2023. Gabitel-Lehrstuhl f\u00fcr Wasserstoff"},"content":{"rendered":"\t\t<div data-elementor-type=\"wp-post\" data-elementor-id=\"32651\" class=\"elementor elementor-32651 elementor-19560\" data-elementor-post-type=\"post\">\n\t\t\t\t<div class=\"elementor-element elementor-element-34809073 e-flex e-con-boxed e-con e-parent\" data-id=\"34809073\" data-element_type=\"container\" data-e-type=\"container\">\n\t\t\t\t\t<div class=\"e-con-inner\">\n\t\t\t\t<div class=\"elementor-element elementor-element-cb2edf3 elementor-widget elementor-widget-video\" data-id=\"cb2edf3\" data-element_type=\"widget\" data-e-type=\"widget\" data-settings=\"{&quot;youtube_url&quot;:&quot;https:\\\/\\\/www.youtube.com\\\/watch?v=YpVDZ4dIiN8&quot;,&quot;video_type&quot;:&quot;youtube&quot;,&quot;controls&quot;:&quot;yes&quot;}\" data-widget_type=\"video.default\">\n\t\t\t\t<div class=\"elementor-widget-container\">\n\t\t\t\t\t\t\t<div class=\"elementor-wrapper elementor-open-inline\">\n\t\t\t<div class=\"elementor-video\"><\/div>\t\t<\/div>\n\t\t\t\t\t\t<\/div>\n\t\t\t\t<\/div>\n\t\t\t\t<div class=\"elementor-element elementor-element-77397ae8 elementor-widget elementor-widget-text-editor\" data-id=\"77397ae8\" data-element_type=\"widget\" data-e-type=\"widget\" data-widget_type=\"text-editor.default\">\n\t\t\t\t<div class=\"elementor-widget-container\">\n\t\t\t\t\t\t\t\t\t<p style=\"text-align: justify;\"><strong>Gabitel hat am im M\u00e4rz 2023 stattgefundenen Seminar zum Thema Wasserstoff des Gabitel-UHU-Lehrstuhls teilgenommen<\/strong><\/p>\n<p style=\"text-align: justify;\">Am 28. M\u00e4rz 2023 fand in Zusammenarbeit mit der Universit\u00e4t Huelva ein Seminar statt, in dem erl\u00e4utert wurde, wie man die Entwicklung der Genehmigungsverfahren f\u00fcr Projekte im Bereich Wasserstofftechnologie aus der Perspektive der erforderlichen Dokumentation f\u00fcr die Abwicklung bei den Industrie- und Umweltbeh\u00f6rden angeht.<\/p>\n\t\t\t\t\t\t\t\t<\/div>\n\t\t\t\t<\/div>\n\t\t\t\t\t<\/div>\n\t\t\t\t<\/div>\n\t\t\t\t<\/div>\n\t\t","protected":false},"excerpt":{"rendered":"<p>https:\/\/www.youtube.com\/watch?v=YpVDZ4dIiN8 Gabitel hat am im M\u00e4rz 2023 stattgefundenen Seminar zum Thema Wasserstoff des Gabitel-UHU-Lehrstuhls teilgenommen Am 28. M\u00e4rz 2023 fand in Zusammenarbeit mit der Universit\u00e4t Huelva ein Seminar statt, in dem erl\u00e4utert wurde, wie man die Entwicklung der Genehmigungsverfahren f\u00fcr Projekte im Bereich Wasserstofftechnologie aus der Perspektive der erforderlichen Dokumentation f\u00fcr die Abwicklung bei den [&hellip;]<\/p>\n","protected":false},"author":3,"featured_media":32234,"comment_status":"closed","ping_status":"closed","sticky":false,"template":"","format":"standard","meta":{"content-type":"","footnotes":""},"categories":[413,427,412],"tags":[],"class_list":["post-32651","post","type-post","status-publish","format-standard","has-post-thumbnail","hentry","category-blog-de","category-hidrogeno-de","category-news-de"],"yoast_head":"<!-- This site is optimized with the Yoast SEO plugin v27.4 - https:\/\/yoast.com\/product\/yoast-seo-wordpress\/ -->\n<title>Seminar M\u00e4rz 2023. Gabitel-Lehrstuhl f\u00fcr Wasserstoff - Gabitel<\/title>\n<meta name=\"robots\" content=\"index, follow, max-snippet:-1, max-image-preview:large, max-video-preview:-1\" \/>\n<link rel=\"canonical\" href=\"https:\/\/gabitel.net\/de\/seminario-marzo-2023-catedra-gabitel\/\" \/>\n<meta property=\"og:locale\" content=\"de_DE\" \/>\n<meta property=\"og:type\" content=\"article\" \/>\n<meta property=\"og:title\" content=\"Seminar M\u00e4rz 2023. Gabitel-Lehrstuhl f\u00fcr Wasserstoff - Gabitel\" \/>\n<meta property=\"og:description\" content=\"https:\/\/www.youtube.com\/watch?v=YpVDZ4dIiN8 Gabitel hat am im M\u00e4rz 2023 stattgefundenen Seminar zum Thema Wasserstoff des Gabitel-UHU-Lehrstuhls teilgenommen Am 28. M\u00e4rz 2023 fand in Zusammenarbeit mit der Universit\u00e4t Huelva ein Seminar statt, in dem erl\u00e4utert wurde, wie man die Entwicklung der Genehmigungsverfahren f\u00fcr Projekte im Bereich Wasserstofftechnologie aus der Perspektive der erforderlichen Dokumentation f\u00fcr die Abwicklung bei den [&hellip;]\" \/>\n<meta property=\"og:url\" content=\"https:\/\/gabitel.net\/de\/seminario-marzo-2023-catedra-gabitel\/\" \/>\n<meta property=\"og:site_name\" content=\"Gabitel\" \/>\n<meta property=\"article:publisher\" content=\"https:\/\/www.facebook.com\/gabitelingenieros\/\" \/>\n<meta property=\"article:published_time\" content=\"2023-03-29T07:00:35+00:00\" \/>\n<meta property=\"article:modified_time\" content=\"2025-07-18T09:54:33+00:00\" \/>\n<meta property=\"og:image\" content=\"https:\/\/gabitel.net\/wp-content\/uploads\/2023\/04\/seminario-2023-min.jpg\" \/>\n\t<meta property=\"og:image:width\" content=\"700\" \/>\n\t<meta property=\"og:image:height\" content=\"365\" \/>\n\t<meta property=\"og:image:type\" content=\"image\/jpeg\" \/>\n<meta name=\"author\" content=\"user.autor\" \/>\n<meta name=\"twitter:card\" content=\"summary_large_image\" \/>\n<meta name=\"twitter:label1\" content=\"Verfasst von\" \/>\n\t<meta name=\"twitter:data1\" content=\"user.autor\" \/>\n\t<meta name=\"twitter:label2\" content=\"Gesch\u00e4tzte Lesezeit\" \/>\n\t<meta name=\"twitter:data2\" content=\"1\u00a0Minute\" \/>\n<script type=\"application\/ld+json\" class=\"yoast-schema-graph\">{\"@context\":\"https:\\\/\\\/schema.org\",\"@graph\":[{\"@type\":[\"Article\",\"BlogPosting\"],\"@id\":\"https:\\\/\\\/gabitel.net\\\/de\\\/seminario-marzo-2023-catedra-gabitel\\\/#article\",\"isPartOf\":{\"@id\":\"https:\\\/\\\/gabitel.net\\\/de\\\/seminario-marzo-2023-catedra-gabitel\\\/\"},\"author\":{\"name\":\"user.autor\",\"@id\":\"https:\\\/\\\/gabitel.net\\\/de\\\/#\\\/schema\\\/person\\\/37ba53714c3fedb9c7d22f4bc781465c\"},\"headline\":\"Seminar M\u00e4rz 2023. Gabitel-Lehrstuhl f\u00fcr Wasserstoff\",\"datePublished\":\"2023-03-29T07:00:35+00:00\",\"dateModified\":\"2025-07-18T09:54:33+00:00\",\"mainEntityOfPage\":{\"@id\":\"https:\\\/\\\/gabitel.net\\\/de\\\/seminario-marzo-2023-catedra-gabitel\\\/\"},\"wordCount\":77,\"publisher\":{\"@id\":\"https:\\\/\\\/gabitel.net\\\/de\\\/#organization\"},\"image\":{\"@id\":\"https:\\\/\\\/gabitel.net\\\/de\\\/seminario-marzo-2023-catedra-gabitel\\\/#primaryimage\"},\"thumbnailUrl\":\"https:\\\/\\\/gabitel.net\\\/wp-content\\\/uploads\\\/2023\\\/04\\\/seminario-2023-min.jpg\",\"articleSection\":[\"Blog\",\"Hidrogeno\",\"News\"],\"inLanguage\":\"de\"},{\"@type\":\"WebPage\",\"@id\":\"https:\\\/\\\/gabitel.net\\\/de\\\/seminario-marzo-2023-catedra-gabitel\\\/\",\"url\":\"https:\\\/\\\/gabitel.net\\\/de\\\/seminario-marzo-2023-catedra-gabitel\\\/\",\"name\":\"Seminar M\u00e4rz 2023. Gabitel-Lehrstuhl f\u00fcr Wasserstoff - Gabitel\",\"isPartOf\":{\"@id\":\"https:\\\/\\\/gabitel.net\\\/de\\\/#website\"},\"primaryImageOfPage\":{\"@id\":\"https:\\\/\\\/gabitel.net\\\/de\\\/seminario-marzo-2023-catedra-gabitel\\\/#primaryimage\"},\"image\":{\"@id\":\"https:\\\/\\\/gabitel.net\\\/de\\\/seminario-marzo-2023-catedra-gabitel\\\/#primaryimage\"},\"thumbnailUrl\":\"https:\\\/\\\/gabitel.net\\\/wp-content\\\/uploads\\\/2023\\\/04\\\/seminario-2023-min.jpg\",\"datePublished\":\"2023-03-29T07:00:35+00:00\",\"dateModified\":\"2025-07-18T09:54:33+00:00\",\"breadcrumb\":{\"@id\":\"https:\\\/\\\/gabitel.net\\\/de\\\/seminario-marzo-2023-catedra-gabitel\\\/#breadcrumb\"},\"inLanguage\":\"de\",\"potentialAction\":[{\"@type\":\"ReadAction\",\"target\":[\"https:\\\/\\\/gabitel.net\\\/de\\\/seminario-marzo-2023-catedra-gabitel\\\/\"]}]},{\"@type\":\"ImageObject\",\"inLanguage\":\"de\",\"@id\":\"https:\\\/\\\/gabitel.net\\\/de\\\/seminario-marzo-2023-catedra-gabitel\\\/#primaryimage\",\"url\":\"https:\\\/\\\/gabitel.net\\\/wp-content\\\/uploads\\\/2023\\\/04\\\/seminario-2023-min.jpg\",\"contentUrl\":\"https:\\\/\\\/gabitel.net\\\/wp-content\\\/uploads\\\/2023\\\/04\\\/seminario-2023-min.jpg\",\"width\":700,\"height\":365,\"caption\":\"seminario catedra 2023\"},{\"@type\":\"BreadcrumbList\",\"@id\":\"https:\\\/\\\/gabitel.net\\\/de\\\/seminario-marzo-2023-catedra-gabitel\\\/#breadcrumb\",\"itemListElement\":[{\"@type\":\"ListItem\",\"position\":1,\"name\":\"Portada\",\"item\":\"https:\\\/\\\/gabitel.net\\\/de\\\/\"},{\"@type\":\"ListItem\",\"position\":2,\"name\":\"Seminar M\u00e4rz 2023. Gabitel-Lehrstuhl f\u00fcr Wasserstoff\"}]},{\"@type\":\"WebSite\",\"@id\":\"https:\\\/\\\/gabitel.net\\\/de\\\/#website\",\"url\":\"https:\\\/\\\/gabitel.net\\\/de\\\/\",\"name\":\"Gabitel\",\"description\":\"\",\"publisher\":{\"@id\":\"https:\\\/\\\/gabitel.net\\\/de\\\/#organization\"},\"potentialAction\":[{\"@type\":\"SearchAction\",\"target\":{\"@type\":\"EntryPoint\",\"urlTemplate\":\"https:\\\/\\\/gabitel.net\\\/de\\\/?s={search_term_string}\"},\"query-input\":{\"@type\":\"PropertyValueSpecification\",\"valueRequired\":true,\"valueName\":\"search_term_string\"}}],\"inLanguage\":\"de\"},{\"@type\":\"Organization\",\"@id\":\"https:\\\/\\\/gabitel.net\\\/de\\\/#organization\",\"name\":\"Gabitel\",\"url\":\"https:\\\/\\\/gabitel.net\\\/de\\\/\",\"logo\":{\"@type\":\"ImageObject\",\"inLanguage\":\"de\",\"@id\":\"https:\\\/\\\/gabitel.net\\\/de\\\/#\\\/schema\\\/logo\\\/image\\\/\",\"url\":\"https:\\\/\\\/gabitel.net\\\/wp-content\\\/uploads\\\/2025\\\/05\\\/logo_gabitel.jpg\",\"contentUrl\":\"https:\\\/\\\/gabitel.net\\\/wp-content\\\/uploads\\\/2025\\\/05\\\/logo_gabitel.jpg\",\"width\":2560,\"height\":1330,\"caption\":\"Gabitel\"},\"image\":{\"@id\":\"https:\\\/\\\/gabitel.net\\\/de\\\/#\\\/schema\\\/logo\\\/image\\\/\"},\"sameAs\":[\"https:\\\/\\\/www.facebook.com\\\/gabitelingenieros\\\/\",\"https:\\\/\\\/es.linkedin.com\\\/company\\\/gabitel-ingenieros\"]},{\"@type\":\"Person\",\"@id\":\"https:\\\/\\\/gabitel.net\\\/de\\\/#\\\/schema\\\/person\\\/37ba53714c3fedb9c7d22f4bc781465c\",\"name\":\"user.autor\",\"url\":\"https:\\\/\\\/gabitel.net\\\/de\\\/author\\\/user-autor\\\/\"}]}<\/script>\n<!-- \/ Yoast SEO plugin. -->","yoast_head_json":{"title":"Seminar M\u00e4rz 2023. Gabitel-Lehrstuhl f\u00fcr Wasserstoff - Gabitel","robots":{"index":"index","follow":"follow","max-snippet":"max-snippet:-1","max-image-preview":"max-image-preview:large","max-video-preview":"max-video-preview:-1"},"canonical":"https:\/\/gabitel.net\/de\/seminario-marzo-2023-catedra-gabitel\/","og_locale":"de_DE","og_type":"article","og_title":"Seminar M\u00e4rz 2023. Gabitel-Lehrstuhl f\u00fcr Wasserstoff - Gabitel","og_description":"https:\/\/www.youtube.com\/watch?v=YpVDZ4dIiN8 Gabitel hat am im M\u00e4rz 2023 stattgefundenen Seminar zum Thema Wasserstoff des Gabitel-UHU-Lehrstuhls teilgenommen Am 28. M\u00e4rz 2023 fand in Zusammenarbeit mit der Universit\u00e4t Huelva ein Seminar statt, in dem erl\u00e4utert wurde, wie man die Entwicklung der Genehmigungsverfahren f\u00fcr Projekte im Bereich Wasserstofftechnologie aus der Perspektive der erforderlichen Dokumentation f\u00fcr die Abwicklung bei den [&hellip;]","og_url":"https:\/\/gabitel.net\/de\/seminario-marzo-2023-catedra-gabitel\/","og_site_name":"Gabitel","article_publisher":"https:\/\/www.facebook.com\/gabitelingenieros\/","article_published_time":"2023-03-29T07:00:35+00:00","article_modified_time":"2025-07-18T09:54:33+00:00","og_image":[{"width":700,"height":365,"url":"https:\/\/gabitel.net\/wp-content\/uploads\/2023\/04\/seminario-2023-min.jpg","type":"image\/jpeg"}],"author":"user.autor","twitter_card":"summary_large_image","twitter_misc":{"Verfasst von":"user.autor","Gesch\u00e4tzte Lesezeit":"1\u00a0Minute"},"schema":{"@context":"https:\/\/schema.org","@graph":[{"@type":["Article","BlogPosting"],"@id":"https:\/\/gabitel.net\/de\/seminario-marzo-2023-catedra-gabitel\/#article","isPartOf":{"@id":"https:\/\/gabitel.net\/de\/seminario-marzo-2023-catedra-gabitel\/"},"author":{"name":"user.autor","@id":"https:\/\/gabitel.net\/de\/#\/schema\/person\/37ba53714c3fedb9c7d22f4bc781465c"},"headline":"Seminar M\u00e4rz 2023. Gabitel-Lehrstuhl f\u00fcr Wasserstoff","datePublished":"2023-03-29T07:00:35+00:00","dateModified":"2025-07-18T09:54:33+00:00","mainEntityOfPage":{"@id":"https:\/\/gabitel.net\/de\/seminario-marzo-2023-catedra-gabitel\/"},"wordCount":77,"publisher":{"@id":"https:\/\/gabitel.net\/de\/#organization"},"image":{"@id":"https:\/\/gabitel.net\/de\/seminario-marzo-2023-catedra-gabitel\/#primaryimage"},"thumbnailUrl":"https:\/\/gabitel.net\/wp-content\/uploads\/2023\/04\/seminario-2023-min.jpg","articleSection":["Blog","Hidrogeno","News"],"inLanguage":"de"},{"@type":"WebPage","@id":"https:\/\/gabitel.net\/de\/seminario-marzo-2023-catedra-gabitel\/","url":"https:\/\/gabitel.net\/de\/seminario-marzo-2023-catedra-gabitel\/","name":"Seminar M\u00e4rz 2023. Gabitel-Lehrstuhl f\u00fcr Wasserstoff - Gabitel","isPartOf":{"@id":"https:\/\/gabitel.net\/de\/#website"},"primaryImageOfPage":{"@id":"https:\/\/gabitel.net\/de\/seminario-marzo-2023-catedra-gabitel\/#primaryimage"},"image":{"@id":"https:\/\/gabitel.net\/de\/seminario-marzo-2023-catedra-gabitel\/#primaryimage"},"thumbnailUrl":"https:\/\/gabitel.net\/wp-content\/uploads\/2023\/04\/seminario-2023-min.jpg","datePublished":"2023-03-29T07:00:35+00:00","dateModified":"2025-07-18T09:54:33+00:00","breadcrumb":{"@id":"https:\/\/gabitel.net\/de\/seminario-marzo-2023-catedra-gabitel\/#breadcrumb"},"inLanguage":"de","potentialAction":[{"@type":"ReadAction","target":["https:\/\/gabitel.net\/de\/seminario-marzo-2023-catedra-gabitel\/"]}]},{"@type":"ImageObject","inLanguage":"de","@id":"https:\/\/gabitel.net\/de\/seminario-marzo-2023-catedra-gabitel\/#primaryimage","url":"https:\/\/gabitel.net\/wp-content\/uploads\/2023\/04\/seminario-2023-min.jpg","contentUrl":"https:\/\/gabitel.net\/wp-content\/uploads\/2023\/04\/seminario-2023-min.jpg","width":700,"height":365,"caption":"seminario catedra 2023"},{"@type":"BreadcrumbList","@id":"https:\/\/gabitel.net\/de\/seminario-marzo-2023-catedra-gabitel\/#breadcrumb","itemListElement":[{"@type":"ListItem","position":1,"name":"Portada","item":"https:\/\/gabitel.net\/de\/"},{"@type":"ListItem","position":2,"name":"Seminar M\u00e4rz 2023. Gabitel-Lehrstuhl f\u00fcr Wasserstoff"}]},{"@type":"WebSite","@id":"https:\/\/gabitel.net\/de\/#website","url":"https:\/\/gabitel.net\/de\/","name":"Gabitel","description":"","publisher":{"@id":"https:\/\/gabitel.net\/de\/#organization"},"potentialAction":[{"@type":"SearchAction","target":{"@type":"EntryPoint","urlTemplate":"https:\/\/gabitel.net\/de\/?s={search_term_string}"},"query-input":{"@type":"PropertyValueSpecification","valueRequired":true,"valueName":"search_term_string"}}],"inLanguage":"de"},{"@type":"Organization","@id":"https:\/\/gabitel.net\/de\/#organization","name":"Gabitel","url":"https:\/\/gabitel.net\/de\/","logo":{"@type":"ImageObject","inLanguage":"de","@id":"https:\/\/gabitel.net\/de\/#\/schema\/logo\/image\/","url":"https:\/\/gabitel.net\/wp-content\/uploads\/2025\/05\/logo_gabitel.jpg","contentUrl":"https:\/\/gabitel.net\/wp-content\/uploads\/2025\/05\/logo_gabitel.jpg","width":2560,"height":1330,"caption":"Gabitel"},"image":{"@id":"https:\/\/gabitel.net\/de\/#\/schema\/logo\/image\/"},"sameAs":["https:\/\/www.facebook.com\/gabitelingenieros\/","https:\/\/es.linkedin.com\/company\/gabitel-ingenieros"]},{"@type":"Person","@id":"https:\/\/gabitel.net\/de\/#\/schema\/person\/37ba53714c3fedb9c7d22f4bc781465c","name":"user.autor","url":"https:\/\/gabitel.net\/de\/author\/user-autor\/"}]}},"_links":{"self":[{"href":"https:\/\/gabitel.net\/de\/wp-json\/wp\/v2\/posts\/32651","targetHints":{"allow":["GET"]}}],"collection":[{"href":"https:\/\/gabitel.net\/de\/wp-json\/wp\/v2\/posts"}],"about":[{"href":"https:\/\/gabitel.net\/de\/wp-json\/wp\/v2\/types\/post"}],"author":[{"embeddable":true,"href":"https:\/\/gabitel.net\/de\/wp-json\/wp\/v2\/users\/3"}],"replies":[{"embeddable":true,"href":"https:\/\/gabitel.net\/de\/wp-json\/wp\/v2\/comments?post=32651"}],"version-history":[{"count":4,"href":"https:\/\/gabitel.net\/de\/wp-json\/wp\/v2\/posts\/32651\/revisions"}],"predecessor-version":[{"id":32664,"href":"https:\/\/gabitel.net\/de\/wp-json\/wp\/v2\/posts\/32651\/revisions\/32664"}],"wp:featuredmedia":[{"embeddable":true,"href":"https:\/\/gabitel.net\/de\/wp-json\/wp\/v2\/media\/32234"}],"wp:attachment":[{"href":"https:\/\/gabitel.net\/de\/wp-json\/wp\/v2\/media?parent=32651"}],"wp:term":[{"taxonomy":"category","embeddable":true,"href":"https:\/\/gabitel.net\/de\/wp-json\/wp\/v2\/categories?post=32651"},{"taxonomy":"post_tag","embeddable":true,"href":"https:\/\/gabitel.net\/de\/wp-json\/wp\/v2\/tags?post=32651"}],"curies":[{"name":"wp","href":"https:\/\/api.w.org\/{rel}","templated":true}]}}