{"id":32723,"date":"2024-10-28T13:30:02","date_gmt":"2024-10-28T12:30:02","guid":{"rendered":"https:\/\/gabitel.net\/entrevista-antonio-silva\/"},"modified":"2026-04-17T08:50:20","modified_gmt":"2026-04-17T06:50:20","slug":"entrevista-antonio-silva","status":"publish","type":"post","link":"https:\/\/gabitel.net\/de\/entrevista-antonio-silva\/","title":{"rendered":"Entrevista: Antonio Silva"},"content":{"rendered":"<ol>\n<li><strong>\u00bfQu\u00e9 despert\u00f3 tu inter\u00e9s por trabajar en Gabitel?<\/strong><\/li>\n<\/ol>\n<p>Mi inter\u00e9s por Gabitel surgi\u00f3, en gran parte, gracias a varias personas que conozco y que han trabajado aqu\u00ed, que me hablaron muy bien de la empresa, del ambiente y del compa\u00f1erismo que hay en el equipo.<\/p>\n<p>Lo que m\u00e1s me llam\u00f3 la atenci\u00f3n fue conocer que Gabitel trabaja en proyectos completamente diferentes y variados, algo que me permitir\u00eda aprender algo nuevo cada d\u00eda. Esto fue, sin duda, algo que valor\u00e9 mucho, ya que, disfruto cuando me enfrento a distintos desaf\u00edos porque me permite adquirir conocimientos en nuevas \u00e1reas.<\/p>\n<p>&nbsp;<\/p>\n<ol start=\"2\">\n<li><strong>\u00bfQu\u00e9 tipolog\u00eda de trabajo vienes desarrollando en el Departamento de Industria Agroalimentaria y Civil?<\/strong><\/li>\n<\/ol>\n<p>Entre mis funciones, he formado parte de la Direcci\u00f3n de Obra de varios proyectos junto a mi compa\u00f1ero Jos\u00e9 Manuel M\u00e1rquez, de quien he aprendido un mont\u00f3n. Tambi\u00e9n he trabajado en estudios de viabilidad y he participado en la redacci\u00f3n de proyectos de plantas fotovoltaicas y balsas de agua, entre otros. Adem\u00e1s, he estado involucrado en la creaci\u00f3n de planos, c\u00e1lculos el\u00e9ctricos y especificaciones t\u00e9cnicas, lo que me ha ayudado a entender mejor los aspectos t\u00e9cnicos y normativos.<\/p>\n<p>Quisiera destacar especialmente el proyecto de una planta solar flotante en la que hemos trabajado, tanto en el dise\u00f1o como en la direcci\u00f3n de obra. Ha sido un gran reto, pero me enorgullece decir que hemos logrado convertirlo en una realidad.<\/p>\n<p>&nbsp;<\/p>\n<ol start=\"3\">\n<li><strong>Despu\u00e9s de alg\u00fan tiempo ya en nuestro equipo, \u00bfqu\u00e9 es lo que m\u00e1s valoras de trabajar en Gabitel?<\/strong><\/li>\n<\/ol>\n<p>Lo que m\u00e1s valoro de trabajar en Gabitel es el compa\u00f1erismo que hay, que hace que trabajar sea mucho m\u00e1s agradable y c\u00f3modo.<\/p>\n<p>Adem\u00e1s, valoro que aqu\u00ed se me da la oportunidad de opinar y compartir mis ideas. Saber que tus opiniones cuentan y que puedes aportar algo en los proyectos me motiva bastante.<\/p>\n<p>&nbsp;<\/p>\n<ol start=\"4\">\n<li><strong>Para saber algo m\u00e1s de ti, \u00bfQu\u00e9 cosas o tipo de actividades te gusta hacer en tu vida personal?<\/strong><\/li>\n<\/ol>\n<p>Me encanta leer y hacer deporte. Siempre tengo un libro entre manos; el \u00faltimo que estoy leyendo es <em>Hoy caviar; ma\u00f1ana sardinas, <\/em>de Carmen y Gervasio Posadas.<\/p>\n<p>Adem\u00e1s, hace unos a\u00f1os descubr\u00ed una de mis pasiones, el running. Entreno a diario, combinando el entrenamiento funcional y el running. Hace tres a\u00f1os comenc\u00e9 en el mundo de las carreras y he participado en diferentes pruebas de Trail, medias maratones y maratones. El pr\u00f3ximo a\u00f1o tengo en mente hacer mi tercera marat\u00f3n y mi primer HYROX. Siempre estoy buscando nuevos retos.<\/p>\n<ol start=\"5\">\n<li><strong>Ah\u00ed va la pregunta enviada por nuestro compa\u00f1ero Silvano: \u00bfCrees que tu yo infantil estar\u00eda orgulloso de la persona que eres hoy en d\u00eda<\/strong>?<\/li>\n<\/ol>\n<p>Definitivamente, S\u00cd. He podido cumplir muchos de los sue\u00f1os que ten\u00eda de peque\u00f1o, y he alcanzado todas las metas que me he propuesto. Y, aunque muchas veces no ha sido f\u00e1cil, nunca me he rendido y siempre he conseguido superar todos los desaf\u00edos que han ido surgiendo por el camino, tanto en mi vida personal como profesional.<\/p>\n<p>&nbsp;<\/p>\n<p><strong>Env\u00edale una pregunta al pr\u00f3ximo compa\u00f1ero que ser\u00e1 entrevistado.<\/strong><\/p>\n<ol start=\"6\">\n<li>\u00bfQui\u00e9n ha sido la persona que m\u00e1s ha influido en tu vida y por qu\u00e9?<\/li>\n<\/ol>\n","protected":false},"excerpt":{"rendered":"<p>\u00bfQu\u00e9 despert\u00f3 tu inter\u00e9s por trabajar en Gabitel?<\/p>\n<p>Mi inter\u00e9s por Gabitel surgi\u00f3, en gran parte, gracias a varias personas que conozco y que han trabajado aqu\u00ed, que me hablaron muy bien de la empresa, del ambiente y del compa\u00f1erismo que hay en el equipo.<\/p>\n","protected":false},"author":3,"featured_media":35404,"comment_status":"closed","ping_status":"closed","sticky":false,"template":"","format":"standard","meta":{"content-type":"","footnotes":""},"categories":[600],"tags":[],"class_list":["post-32723","post","type-post","status-publish","format-standard","has-post-thumbnail","hentry","category-off-topic-de"],"yoast_head":"<!-- This site is optimized with the Yoast SEO plugin v27.5 - https:\/\/yoast.com\/product\/yoast-seo-wordpress\/ -->\n<title>Entrevista: Antonio Silva - Gabitel<\/title>\n<meta name=\"robots\" content=\"noindex, nofollow\" \/>\n<meta property=\"og:locale\" content=\"de_DE\" \/>\n<meta property=\"og:type\" content=\"article\" \/>\n<meta property=\"og:title\" content=\"Entrevista: Antonio Silva - Gabitel\" \/>\n<meta property=\"og:description\" content=\"\u00bfQu\u00e9 despert\u00f3 tu inter\u00e9s por trabajar en Gabitel? Mi inter\u00e9s por Gabitel surgi\u00f3, en gran parte, gracias a varias personas que conozco y que han trabajado aqu\u00ed, que me hablaron muy bien de la empresa, del ambiente y del compa\u00f1erismo que hay en el equipo.\" \/>\n<meta property=\"og:url\" content=\"https:\/\/gabitel.net\/de\/entrevista-antonio-silva\/\" \/>\n<meta property=\"og:site_name\" content=\"Gabitel\" \/>\n<meta property=\"article:publisher\" content=\"https:\/\/www.facebook.com\/gabitelingenieros\/\" \/>\n<meta property=\"article:published_time\" content=\"2024-10-28T12:30:02+00:00\" \/>\n<meta property=\"article:modified_time\" content=\"2026-04-17T06:50:20+00:00\" \/>\n<meta property=\"og:image\" content=\"https:\/\/gabitel.net\/wp-content\/uploads\/2024\/09\/N5-FOTO-PORTADA-ENTREVISTA.jpg\" \/>\n\t<meta property=\"og:image:width\" content=\"787\" \/>\n\t<meta property=\"og:image:height\" content=\"600\" \/>\n\t<meta property=\"og:image:type\" content=\"image\/jpeg\" \/>\n<meta name=\"author\" content=\"user.autor\" \/>\n<meta name=\"twitter:card\" content=\"summary_large_image\" \/>\n<meta name=\"twitter:label1\" content=\"Verfasst von\" \/>\n\t<meta name=\"twitter:data1\" content=\"user.autor\" \/>\n\t<meta name=\"twitter:label2\" content=\"Gesch\u00e4tzte Lesezeit\" \/>\n\t<meta name=\"twitter:data2\" content=\"3\u00a0Minuten\" \/>\n<script type=\"application\/ld+json\" class=\"yoast-schema-graph\">{\"@context\":\"https:\\\/\\\/schema.org\",\"@graph\":[{\"@type\":[\"Article\",\"BlogPosting\"],\"@id\":\"https:\\\/\\\/gabitel.net\\\/de\\\/entrevista-antonio-silva\\\/#article\",\"isPartOf\":{\"@id\":\"https:\\\/\\\/gabitel.net\\\/de\\\/entrevista-antonio-silva\\\/\"},\"author\":{\"name\":\"user.autor\",\"@id\":\"https:\\\/\\\/gabitel.net\\\/de\\\/#\\\/schema\\\/person\\\/37ba53714c3fedb9c7d22f4bc781465c\"},\"headline\":\"Entrevista: Antonio Silva\",\"datePublished\":\"2024-10-28T12:30:02+00:00\",\"dateModified\":\"2026-04-17T06:50:20+00:00\",\"mainEntityOfPage\":{\"@id\":\"https:\\\/\\\/gabitel.net\\\/de\\\/entrevista-antonio-silva\\\/\"},\"wordCount\":574,\"publisher\":{\"@id\":\"https:\\\/\\\/gabitel.net\\\/de\\\/#organization\"},\"image\":{\"@id\":\"https:\\\/\\\/gabitel.net\\\/de\\\/entrevista-antonio-silva\\\/#primaryimage\"},\"thumbnailUrl\":\"https:\\\/\\\/gabitel.net\\\/wp-content\\\/uploads\\\/2024\\\/09\\\/N5-FOTO-PORTADA-ENTREVISTA.jpg\",\"articleSection\":[\"Off-topic\"],\"inLanguage\":\"de\"},{\"@type\":\"WebPage\",\"@id\":\"https:\\\/\\\/gabitel.net\\\/de\\\/entrevista-antonio-silva\\\/\",\"url\":\"https:\\\/\\\/gabitel.net\\\/de\\\/entrevista-antonio-silva\\\/\",\"name\":\"Entrevista: Antonio Silva - Gabitel\",\"isPartOf\":{\"@id\":\"https:\\\/\\\/gabitel.net\\\/de\\\/#website\"},\"primaryImageOfPage\":{\"@id\":\"https:\\\/\\\/gabitel.net\\\/de\\\/entrevista-antonio-silva\\\/#primaryimage\"},\"image\":{\"@id\":\"https:\\\/\\\/gabitel.net\\\/de\\\/entrevista-antonio-silva\\\/#primaryimage\"},\"thumbnailUrl\":\"https:\\\/\\\/gabitel.net\\\/wp-content\\\/uploads\\\/2024\\\/09\\\/N5-FOTO-PORTADA-ENTREVISTA.jpg\",\"datePublished\":\"2024-10-28T12:30:02+00:00\",\"dateModified\":\"2026-04-17T06:50:20+00:00\",\"breadcrumb\":{\"@id\":\"https:\\\/\\\/gabitel.net\\\/de\\\/entrevista-antonio-silva\\\/#breadcrumb\"},\"inLanguage\":\"de\",\"potentialAction\":[{\"@type\":\"ReadAction\",\"target\":[\"https:\\\/\\\/gabitel.net\\\/de\\\/entrevista-antonio-silva\\\/\"]}]},{\"@type\":\"ImageObject\",\"inLanguage\":\"de\",\"@id\":\"https:\\\/\\\/gabitel.net\\\/de\\\/entrevista-antonio-silva\\\/#primaryimage\",\"url\":\"https:\\\/\\\/gabitel.net\\\/wp-content\\\/uploads\\\/2024\\\/09\\\/N5-FOTO-PORTADA-ENTREVISTA.jpg\",\"contentUrl\":\"https:\\\/\\\/gabitel.net\\\/wp-content\\\/uploads\\\/2024\\\/09\\\/N5-FOTO-PORTADA-ENTREVISTA.jpg\",\"width\":787,\"height\":600},{\"@type\":\"BreadcrumbList\",\"@id\":\"https:\\\/\\\/gabitel.net\\\/de\\\/entrevista-antonio-silva\\\/#breadcrumb\",\"itemListElement\":[{\"@type\":\"ListItem\",\"position\":1,\"name\":\"Portada\",\"item\":\"https:\\\/\\\/gabitel.net\\\/de\\\/\"},{\"@type\":\"ListItem\",\"position\":2,\"name\":\"Entrevista: Antonio Silva\"}]},{\"@type\":\"WebSite\",\"@id\":\"https:\\\/\\\/gabitel.net\\\/de\\\/#website\",\"url\":\"https:\\\/\\\/gabitel.net\\\/de\\\/\",\"name\":\"Gabitel\",\"description\":\"\",\"publisher\":{\"@id\":\"https:\\\/\\\/gabitel.net\\\/de\\\/#organization\"},\"potentialAction\":[{\"@type\":\"SearchAction\",\"target\":{\"@type\":\"EntryPoint\",\"urlTemplate\":\"https:\\\/\\\/gabitel.net\\\/de\\\/?s={search_term_string}\"},\"query-input\":{\"@type\":\"PropertyValueSpecification\",\"valueRequired\":true,\"valueName\":\"search_term_string\"}}],\"inLanguage\":\"de\"},{\"@type\":\"Organization\",\"@id\":\"https:\\\/\\\/gabitel.net\\\/de\\\/#organization\",\"name\":\"Gabitel\",\"url\":\"https:\\\/\\\/gabitel.net\\\/de\\\/\",\"logo\":{\"@type\":\"ImageObject\",\"inLanguage\":\"de\",\"@id\":\"https:\\\/\\\/gabitel.net\\\/de\\\/#\\\/schema\\\/logo\\\/image\\\/\",\"url\":\"https:\\\/\\\/gabitel.net\\\/wp-content\\\/uploads\\\/2025\\\/05\\\/logo_gabitel.jpg\",\"contentUrl\":\"https:\\\/\\\/gabitel.net\\\/wp-content\\\/uploads\\\/2025\\\/05\\\/logo_gabitel.jpg\",\"width\":2560,\"height\":1330,\"caption\":\"Gabitel\"},\"image\":{\"@id\":\"https:\\\/\\\/gabitel.net\\\/de\\\/#\\\/schema\\\/logo\\\/image\\\/\"},\"sameAs\":[\"https:\\\/\\\/www.facebook.com\\\/gabitelingenieros\\\/\",\"https:\\\/\\\/es.linkedin.com\\\/company\\\/gabitel-ingenieros\"]},{\"@type\":\"Person\",\"@id\":\"https:\\\/\\\/gabitel.net\\\/de\\\/#\\\/schema\\\/person\\\/37ba53714c3fedb9c7d22f4bc781465c\",\"name\":\"user.autor\",\"url\":\"https:\\\/\\\/gabitel.net\\\/de\\\/author\\\/user-autor\\\/\"}]}<\/script>\n<!-- \/ Yoast SEO plugin. -->","yoast_head_json":{"title":"Entrevista: Antonio Silva - Gabitel","robots":{"index":"noindex","follow":"nofollow"},"og_locale":"de_DE","og_type":"article","og_title":"Entrevista: Antonio Silva - Gabitel","og_description":"\u00bfQu\u00e9 despert\u00f3 tu inter\u00e9s por trabajar en Gabitel? Mi inter\u00e9s por Gabitel surgi\u00f3, en gran parte, gracias a varias personas que conozco y que han trabajado aqu\u00ed, que me hablaron muy bien de la empresa, del ambiente y del compa\u00f1erismo que hay en el equipo.","og_url":"https:\/\/gabitel.net\/de\/entrevista-antonio-silva\/","og_site_name":"Gabitel","article_publisher":"https:\/\/www.facebook.com\/gabitelingenieros\/","article_published_time":"2024-10-28T12:30:02+00:00","article_modified_time":"2026-04-17T06:50:20+00:00","og_image":[{"width":787,"height":600,"url":"https:\/\/gabitel.net\/wp-content\/uploads\/2024\/09\/N5-FOTO-PORTADA-ENTREVISTA.jpg","type":"image\/jpeg"}],"author":"user.autor","twitter_card":"summary_large_image","twitter_misc":{"Verfasst von":"user.autor","Gesch\u00e4tzte Lesezeit":"3\u00a0Minuten"},"schema":{"@context":"https:\/\/schema.org","@graph":[{"@type":["Article","BlogPosting"],"@id":"https:\/\/gabitel.net\/de\/entrevista-antonio-silva\/#article","isPartOf":{"@id":"https:\/\/gabitel.net\/de\/entrevista-antonio-silva\/"},"author":{"name":"user.autor","@id":"https:\/\/gabitel.net\/de\/#\/schema\/person\/37ba53714c3fedb9c7d22f4bc781465c"},"headline":"Entrevista: Antonio Silva","datePublished":"2024-10-28T12:30:02+00:00","dateModified":"2026-04-17T06:50:20+00:00","mainEntityOfPage":{"@id":"https:\/\/gabitel.net\/de\/entrevista-antonio-silva\/"},"wordCount":574,"publisher":{"@id":"https:\/\/gabitel.net\/de\/#organization"},"image":{"@id":"https:\/\/gabitel.net\/de\/entrevista-antonio-silva\/#primaryimage"},"thumbnailUrl":"https:\/\/gabitel.net\/wp-content\/uploads\/2024\/09\/N5-FOTO-PORTADA-ENTREVISTA.jpg","articleSection":["Off-topic"],"inLanguage":"de"},{"@type":"WebPage","@id":"https:\/\/gabitel.net\/de\/entrevista-antonio-silva\/","url":"https:\/\/gabitel.net\/de\/entrevista-antonio-silva\/","name":"Entrevista: Antonio Silva - Gabitel","isPartOf":{"@id":"https:\/\/gabitel.net\/de\/#website"},"primaryImageOfPage":{"@id":"https:\/\/gabitel.net\/de\/entrevista-antonio-silva\/#primaryimage"},"image":{"@id":"https:\/\/gabitel.net\/de\/entrevista-antonio-silva\/#primaryimage"},"thumbnailUrl":"https:\/\/gabitel.net\/wp-content\/uploads\/2024\/09\/N5-FOTO-PORTADA-ENTREVISTA.jpg","datePublished":"2024-10-28T12:30:02+00:00","dateModified":"2026-04-17T06:50:20+00:00","breadcrumb":{"@id":"https:\/\/gabitel.net\/de\/entrevista-antonio-silva\/#breadcrumb"},"inLanguage":"de","potentialAction":[{"@type":"ReadAction","target":["https:\/\/gabitel.net\/de\/entrevista-antonio-silva\/"]}]},{"@type":"ImageObject","inLanguage":"de","@id":"https:\/\/gabitel.net\/de\/entrevista-antonio-silva\/#primaryimage","url":"https:\/\/gabitel.net\/wp-content\/uploads\/2024\/09\/N5-FOTO-PORTADA-ENTREVISTA.jpg","contentUrl":"https:\/\/gabitel.net\/wp-content\/uploads\/2024\/09\/N5-FOTO-PORTADA-ENTREVISTA.jpg","width":787,"height":600},{"@type":"BreadcrumbList","@id":"https:\/\/gabitel.net\/de\/entrevista-antonio-silva\/#breadcrumb","itemListElement":[{"@type":"ListItem","position":1,"name":"Portada","item":"https:\/\/gabitel.net\/de\/"},{"@type":"ListItem","position":2,"name":"Entrevista: Antonio Silva"}]},{"@type":"WebSite","@id":"https:\/\/gabitel.net\/de\/#website","url":"https:\/\/gabitel.net\/de\/","name":"Gabitel","description":"","publisher":{"@id":"https:\/\/gabitel.net\/de\/#organization"},"potentialAction":[{"@type":"SearchAction","target":{"@type":"EntryPoint","urlTemplate":"https:\/\/gabitel.net\/de\/?s={search_term_string}"},"query-input":{"@type":"PropertyValueSpecification","valueRequired":true,"valueName":"search_term_string"}}],"inLanguage":"de"},{"@type":"Organization","@id":"https:\/\/gabitel.net\/de\/#organization","name":"Gabitel","url":"https:\/\/gabitel.net\/de\/","logo":{"@type":"ImageObject","inLanguage":"de","@id":"https:\/\/gabitel.net\/de\/#\/schema\/logo\/image\/","url":"https:\/\/gabitel.net\/wp-content\/uploads\/2025\/05\/logo_gabitel.jpg","contentUrl":"https:\/\/gabitel.net\/wp-content\/uploads\/2025\/05\/logo_gabitel.jpg","width":2560,"height":1330,"caption":"Gabitel"},"image":{"@id":"https:\/\/gabitel.net\/de\/#\/schema\/logo\/image\/"},"sameAs":["https:\/\/www.facebook.com\/gabitelingenieros\/","https:\/\/es.linkedin.com\/company\/gabitel-ingenieros"]},{"@type":"Person","@id":"https:\/\/gabitel.net\/de\/#\/schema\/person\/37ba53714c3fedb9c7d22f4bc781465c","name":"user.autor","url":"https:\/\/gabitel.net\/de\/author\/user-autor\/"}]}},"_links":{"self":[{"href":"https:\/\/gabitel.net\/de\/wp-json\/wp\/v2\/posts\/32723","targetHints":{"allow":["GET"]}}],"collection":[{"href":"https:\/\/gabitel.net\/de\/wp-json\/wp\/v2\/posts"}],"about":[{"href":"https:\/\/gabitel.net\/de\/wp-json\/wp\/v2\/types\/post"}],"author":[{"embeddable":true,"href":"https:\/\/gabitel.net\/de\/wp-json\/wp\/v2\/users\/3"}],"replies":[{"embeddable":true,"href":"https:\/\/gabitel.net\/de\/wp-json\/wp\/v2\/comments?post=32723"}],"version-history":[{"count":1,"href":"https:\/\/gabitel.net\/de\/wp-json\/wp\/v2\/posts\/32723\/revisions"}],"predecessor-version":[{"id":33262,"href":"https:\/\/gabitel.net\/de\/wp-json\/wp\/v2\/posts\/32723\/revisions\/33262"}],"wp:featuredmedia":[{"embeddable":true,"href":"https:\/\/gabitel.net\/de\/wp-json\/wp\/v2\/media\/35404"}],"wp:attachment":[{"href":"https:\/\/gabitel.net\/de\/wp-json\/wp\/v2\/media?parent=32723"}],"wp:term":[{"taxonomy":"category","embeddable":true,"href":"https:\/\/gabitel.net\/de\/wp-json\/wp\/v2\/categories?post=32723"},{"taxonomy":"post_tag","embeddable":true,"href":"https:\/\/gabitel.net\/de\/wp-json\/wp\/v2\/tags?post=32723"}],"curies":[{"name":"wp","href":"https:\/\/api.w.org\/{rel}","templated":true}]}}