{"id":32729,"date":"2024-09-03T13:30:07","date_gmt":"2024-09-03T11:30:07","guid":{"rendered":"https:\/\/gabitel.net\/en-gabitel-reciclamos\/"},"modified":"2026-04-17T08:50:21","modified_gmt":"2026-04-17T06:50:21","slug":"en-gabitel-reciclamos","status":"publish","type":"post","link":"https:\/\/gabitel.net\/de\/en-gabitel-reciclamos\/","title":{"rendered":"En Gabitel reciclamos"},"content":{"rendered":"<p>El reciclaje es una gran herramienta para establecer modelos productivos sostenibles y, desde el <strong>Sistema Integrado de Gesti\u00f3n de Gabitel<\/strong> insistimos en la importancia que tiene ese peque\u00f1o gesto de reciclar en nuestro d\u00eda a d\u00eda. De esta forma, evitamos que los productos y materiales se conviertan en residuos, transform\u00e1ndolos en otros completamente nuevos, alargando su vida \u00fatil y ayudando a la preservaci\u00f3n de los recursos naturales del planeta.<\/p>\n<p>No en vano, en 2023, gracias al reciclaje de las m\u00e1s de 1,6 millones de toneladas de envases, se ahorraron 15,53 millones de m3 de agua y 9,84 millones de Mhw de energ\u00eda, adem\u00e1s de evitar la emisi\u00f3n de 1,69 millones de toneladas de CO2 a la atm\u00f3sfera.<\/p>\n<p>Por eso, en <strong>Gabitel<\/strong> disponemos de zonas habilitadas como puntos de reciclaje para que nuestros compa\u00f1eros hagan uso de ellos siguiendo las indicaciones seg\u00fan el tipo de residuos. Siempre debemos tener presente la importancia del uso de estos contenedores respetando las indicaciones del etiquetado y tipo de residuos.<\/p>\n<p>&nbsp;<\/p>\n<p><a href=\"https:\/\/gabitelingenieros.com\/wp-content\/uploads\/2024\/06\/N1.4-FOTO-INTERIOR-min.jpg\"><img decoding=\"async\" src=\"https:\/\/gabitelingenieros.com\/wp-content\/uploads\/2024\/06\/N1.4-FOTO-INTERIOR-min.jpg\" alt=\"En Gabitel reciclamos | Gabitel Ingenieros\" \/><\/a><\/p>\n<p>&nbsp;<\/p>\n<p>M\u00e1s que una obligaci\u00f3n. Reciclar es una necesidad, no es solo una acci\u00f3n, es la preservaci\u00f3n del mundo y sus recursos. \u00a1Gracias, compa\u00f1eros por ayudarnos a construir un mundo mejor!<\/p>\n","protected":false},"excerpt":{"rendered":"<p>El reciclaje es una gran herramienta para establecer modelos productivos sostenibles y, desde el Sistema Integrado de Gesti\u00f3n de Gabitel insistimos en la importancia que tiene ese peque\u00f1o gesto de reciclar en nuestro d\u00eda a d\u00eda. De esta forma, evitamos que los productos y materiales se conviertan en residuos, transform\u00e1ndolos en otros completamente nuevos, alargando [&hellip;]<\/p>\n","protected":false},"author":3,"featured_media":35349,"comment_status":"closed","ping_status":"closed","sticky":false,"template":"","format":"standard","meta":{"content-type":"","footnotes":""},"categories":[600],"tags":[],"class_list":["post-32729","post","type-post","status-publish","format-standard","has-post-thumbnail","hentry","category-off-topic-de"],"yoast_head":"<!-- This site is optimized with the Yoast SEO plugin v27.5 - https:\/\/yoast.com\/product\/yoast-seo-wordpress\/ -->\n<title>En Gabitel reciclamos - Gabitel<\/title>\n<meta name=\"robots\" content=\"noindex, nofollow\" \/>\n<meta property=\"og:locale\" content=\"de_DE\" \/>\n<meta property=\"og:type\" content=\"article\" \/>\n<meta property=\"og:title\" content=\"En Gabitel reciclamos - Gabitel\" \/>\n<meta property=\"og:description\" content=\"El reciclaje es una gran herramienta para establecer modelos productivos sostenibles y, desde el Sistema Integrado de Gesti\u00f3n de Gabitel insistimos en la importancia que tiene ese peque\u00f1o gesto de reciclar en nuestro d\u00eda a d\u00eda. De esta forma, evitamos que los productos y materiales se conviertan en residuos, transform\u00e1ndolos en otros completamente nuevos, alargando [&hellip;]\" \/>\n<meta property=\"og:url\" content=\"https:\/\/gabitel.net\/de\/en-gabitel-reciclamos\/\" \/>\n<meta property=\"og:site_name\" content=\"Gabitel\" \/>\n<meta property=\"article:publisher\" content=\"https:\/\/www.facebook.com\/gabitelingenieros\/\" \/>\n<meta property=\"article:published_time\" content=\"2024-09-03T11:30:07+00:00\" \/>\n<meta property=\"article:modified_time\" content=\"2026-04-17T06:50:21+00:00\" \/>\n<meta property=\"og:image\" content=\"https:\/\/gabitel.net\/wp-content\/uploads\/2024\/06\/N1.4-FOTO-DE-PORTADA-min.jpg\" \/>\n\t<meta property=\"og:image:width\" content=\"768\" \/>\n\t<meta property=\"og:image:height\" content=\"576\" \/>\n\t<meta property=\"og:image:type\" content=\"image\/jpeg\" \/>\n<meta name=\"author\" content=\"user.autor\" \/>\n<meta name=\"twitter:card\" content=\"summary_large_image\" \/>\n<meta name=\"twitter:label1\" content=\"Verfasst von\" \/>\n\t<meta name=\"twitter:data1\" content=\"user.autor\" \/>\n\t<meta name=\"twitter:label2\" content=\"Gesch\u00e4tzte Lesezeit\" \/>\n\t<meta name=\"twitter:data2\" content=\"1\u00a0Minute\" \/>\n<script type=\"application\/ld+json\" class=\"yoast-schema-graph\">{\"@context\":\"https:\\\/\\\/schema.org\",\"@graph\":[{\"@type\":[\"Article\",\"BlogPosting\"],\"@id\":\"https:\\\/\\\/gabitel.net\\\/de\\\/en-gabitel-reciclamos\\\/#article\",\"isPartOf\":{\"@id\":\"https:\\\/\\\/gabitel.net\\\/de\\\/en-gabitel-reciclamos\\\/\"},\"author\":{\"name\":\"user.autor\",\"@id\":\"https:\\\/\\\/gabitel.net\\\/de\\\/#\\\/schema\\\/person\\\/37ba53714c3fedb9c7d22f4bc781465c\"},\"headline\":\"En Gabitel reciclamos\",\"datePublished\":\"2024-09-03T11:30:07+00:00\",\"dateModified\":\"2026-04-17T06:50:21+00:00\",\"mainEntityOfPage\":{\"@id\":\"https:\\\/\\\/gabitel.net\\\/de\\\/en-gabitel-reciclamos\\\/\"},\"wordCount\":213,\"publisher\":{\"@id\":\"https:\\\/\\\/gabitel.net\\\/de\\\/#organization\"},\"image\":{\"@id\":\"https:\\\/\\\/gabitel.net\\\/de\\\/en-gabitel-reciclamos\\\/#primaryimage\"},\"thumbnailUrl\":\"https:\\\/\\\/gabitel.net\\\/wp-content\\\/uploads\\\/2024\\\/06\\\/N1.4-FOTO-DE-PORTADA-min.jpg\",\"articleSection\":[\"Off-topic\"],\"inLanguage\":\"de\"},{\"@type\":\"WebPage\",\"@id\":\"https:\\\/\\\/gabitel.net\\\/de\\\/en-gabitel-reciclamos\\\/\",\"url\":\"https:\\\/\\\/gabitel.net\\\/de\\\/en-gabitel-reciclamos\\\/\",\"name\":\"En Gabitel reciclamos - Gabitel\",\"isPartOf\":{\"@id\":\"https:\\\/\\\/gabitel.net\\\/de\\\/#website\"},\"primaryImageOfPage\":{\"@id\":\"https:\\\/\\\/gabitel.net\\\/de\\\/en-gabitel-reciclamos\\\/#primaryimage\"},\"image\":{\"@id\":\"https:\\\/\\\/gabitel.net\\\/de\\\/en-gabitel-reciclamos\\\/#primaryimage\"},\"thumbnailUrl\":\"https:\\\/\\\/gabitel.net\\\/wp-content\\\/uploads\\\/2024\\\/06\\\/N1.4-FOTO-DE-PORTADA-min.jpg\",\"datePublished\":\"2024-09-03T11:30:07+00:00\",\"dateModified\":\"2026-04-17T06:50:21+00:00\",\"breadcrumb\":{\"@id\":\"https:\\\/\\\/gabitel.net\\\/de\\\/en-gabitel-reciclamos\\\/#breadcrumb\"},\"inLanguage\":\"de\",\"potentialAction\":[{\"@type\":\"ReadAction\",\"target\":[\"https:\\\/\\\/gabitel.net\\\/de\\\/en-gabitel-reciclamos\\\/\"]}]},{\"@type\":\"ImageObject\",\"inLanguage\":\"de\",\"@id\":\"https:\\\/\\\/gabitel.net\\\/de\\\/en-gabitel-reciclamos\\\/#primaryimage\",\"url\":\"https:\\\/\\\/gabitel.net\\\/wp-content\\\/uploads\\\/2024\\\/06\\\/N1.4-FOTO-DE-PORTADA-min.jpg\",\"contentUrl\":\"https:\\\/\\\/gabitel.net\\\/wp-content\\\/uploads\\\/2024\\\/06\\\/N1.4-FOTO-DE-PORTADA-min.jpg\",\"width\":768,\"height\":576,\"caption\":\"Reciclar\"},{\"@type\":\"BreadcrumbList\",\"@id\":\"https:\\\/\\\/gabitel.net\\\/de\\\/en-gabitel-reciclamos\\\/#breadcrumb\",\"itemListElement\":[{\"@type\":\"ListItem\",\"position\":1,\"name\":\"Portada\",\"item\":\"https:\\\/\\\/gabitel.net\\\/de\\\/\"},{\"@type\":\"ListItem\",\"position\":2,\"name\":\"En Gabitel reciclamos\"}]},{\"@type\":\"WebSite\",\"@id\":\"https:\\\/\\\/gabitel.net\\\/de\\\/#website\",\"url\":\"https:\\\/\\\/gabitel.net\\\/de\\\/\",\"name\":\"Gabitel\",\"description\":\"\",\"publisher\":{\"@id\":\"https:\\\/\\\/gabitel.net\\\/de\\\/#organization\"},\"potentialAction\":[{\"@type\":\"SearchAction\",\"target\":{\"@type\":\"EntryPoint\",\"urlTemplate\":\"https:\\\/\\\/gabitel.net\\\/de\\\/?s={search_term_string}\"},\"query-input\":{\"@type\":\"PropertyValueSpecification\",\"valueRequired\":true,\"valueName\":\"search_term_string\"}}],\"inLanguage\":\"de\"},{\"@type\":\"Organization\",\"@id\":\"https:\\\/\\\/gabitel.net\\\/de\\\/#organization\",\"name\":\"Gabitel\",\"url\":\"https:\\\/\\\/gabitel.net\\\/de\\\/\",\"logo\":{\"@type\":\"ImageObject\",\"inLanguage\":\"de\",\"@id\":\"https:\\\/\\\/gabitel.net\\\/de\\\/#\\\/schema\\\/logo\\\/image\\\/\",\"url\":\"https:\\\/\\\/gabitel.net\\\/wp-content\\\/uploads\\\/2025\\\/05\\\/logo_gabitel.jpg\",\"contentUrl\":\"https:\\\/\\\/gabitel.net\\\/wp-content\\\/uploads\\\/2025\\\/05\\\/logo_gabitel.jpg\",\"width\":2560,\"height\":1330,\"caption\":\"Gabitel\"},\"image\":{\"@id\":\"https:\\\/\\\/gabitel.net\\\/de\\\/#\\\/schema\\\/logo\\\/image\\\/\"},\"sameAs\":[\"https:\\\/\\\/www.facebook.com\\\/gabitelingenieros\\\/\",\"https:\\\/\\\/es.linkedin.com\\\/company\\\/gabitel-ingenieros\"]},{\"@type\":\"Person\",\"@id\":\"https:\\\/\\\/gabitel.net\\\/de\\\/#\\\/schema\\\/person\\\/37ba53714c3fedb9c7d22f4bc781465c\",\"name\":\"user.autor\",\"url\":\"https:\\\/\\\/gabitel.net\\\/de\\\/author\\\/user-autor\\\/\"}]}<\/script>\n<!-- \/ Yoast SEO plugin. -->","yoast_head_json":{"title":"En Gabitel reciclamos - Gabitel","robots":{"index":"noindex","follow":"nofollow"},"og_locale":"de_DE","og_type":"article","og_title":"En Gabitel reciclamos - Gabitel","og_description":"El reciclaje es una gran herramienta para establecer modelos productivos sostenibles y, desde el Sistema Integrado de Gesti\u00f3n de Gabitel insistimos en la importancia que tiene ese peque\u00f1o gesto de reciclar en nuestro d\u00eda a d\u00eda. De esta forma, evitamos que los productos y materiales se conviertan en residuos, transform\u00e1ndolos en otros completamente nuevos, alargando [&hellip;]","og_url":"https:\/\/gabitel.net\/de\/en-gabitel-reciclamos\/","og_site_name":"Gabitel","article_publisher":"https:\/\/www.facebook.com\/gabitelingenieros\/","article_published_time":"2024-09-03T11:30:07+00:00","article_modified_time":"2026-04-17T06:50:21+00:00","og_image":[{"width":768,"height":576,"url":"https:\/\/gabitel.net\/wp-content\/uploads\/2024\/06\/N1.4-FOTO-DE-PORTADA-min.jpg","type":"image\/jpeg"}],"author":"user.autor","twitter_card":"summary_large_image","twitter_misc":{"Verfasst von":"user.autor","Gesch\u00e4tzte Lesezeit":"1\u00a0Minute"},"schema":{"@context":"https:\/\/schema.org","@graph":[{"@type":["Article","BlogPosting"],"@id":"https:\/\/gabitel.net\/de\/en-gabitel-reciclamos\/#article","isPartOf":{"@id":"https:\/\/gabitel.net\/de\/en-gabitel-reciclamos\/"},"author":{"name":"user.autor","@id":"https:\/\/gabitel.net\/de\/#\/schema\/person\/37ba53714c3fedb9c7d22f4bc781465c"},"headline":"En Gabitel reciclamos","datePublished":"2024-09-03T11:30:07+00:00","dateModified":"2026-04-17T06:50:21+00:00","mainEntityOfPage":{"@id":"https:\/\/gabitel.net\/de\/en-gabitel-reciclamos\/"},"wordCount":213,"publisher":{"@id":"https:\/\/gabitel.net\/de\/#organization"},"image":{"@id":"https:\/\/gabitel.net\/de\/en-gabitel-reciclamos\/#primaryimage"},"thumbnailUrl":"https:\/\/gabitel.net\/wp-content\/uploads\/2024\/06\/N1.4-FOTO-DE-PORTADA-min.jpg","articleSection":["Off-topic"],"inLanguage":"de"},{"@type":"WebPage","@id":"https:\/\/gabitel.net\/de\/en-gabitel-reciclamos\/","url":"https:\/\/gabitel.net\/de\/en-gabitel-reciclamos\/","name":"En Gabitel reciclamos - Gabitel","isPartOf":{"@id":"https:\/\/gabitel.net\/de\/#website"},"primaryImageOfPage":{"@id":"https:\/\/gabitel.net\/de\/en-gabitel-reciclamos\/#primaryimage"},"image":{"@id":"https:\/\/gabitel.net\/de\/en-gabitel-reciclamos\/#primaryimage"},"thumbnailUrl":"https:\/\/gabitel.net\/wp-content\/uploads\/2024\/06\/N1.4-FOTO-DE-PORTADA-min.jpg","datePublished":"2024-09-03T11:30:07+00:00","dateModified":"2026-04-17T06:50:21+00:00","breadcrumb":{"@id":"https:\/\/gabitel.net\/de\/en-gabitel-reciclamos\/#breadcrumb"},"inLanguage":"de","potentialAction":[{"@type":"ReadAction","target":["https:\/\/gabitel.net\/de\/en-gabitel-reciclamos\/"]}]},{"@type":"ImageObject","inLanguage":"de","@id":"https:\/\/gabitel.net\/de\/en-gabitel-reciclamos\/#primaryimage","url":"https:\/\/gabitel.net\/wp-content\/uploads\/2024\/06\/N1.4-FOTO-DE-PORTADA-min.jpg","contentUrl":"https:\/\/gabitel.net\/wp-content\/uploads\/2024\/06\/N1.4-FOTO-DE-PORTADA-min.jpg","width":768,"height":576,"caption":"Reciclar"},{"@type":"BreadcrumbList","@id":"https:\/\/gabitel.net\/de\/en-gabitel-reciclamos\/#breadcrumb","itemListElement":[{"@type":"ListItem","position":1,"name":"Portada","item":"https:\/\/gabitel.net\/de\/"},{"@type":"ListItem","position":2,"name":"En Gabitel reciclamos"}]},{"@type":"WebSite","@id":"https:\/\/gabitel.net\/de\/#website","url":"https:\/\/gabitel.net\/de\/","name":"Gabitel","description":"","publisher":{"@id":"https:\/\/gabitel.net\/de\/#organization"},"potentialAction":[{"@type":"SearchAction","target":{"@type":"EntryPoint","urlTemplate":"https:\/\/gabitel.net\/de\/?s={search_term_string}"},"query-input":{"@type":"PropertyValueSpecification","valueRequired":true,"valueName":"search_term_string"}}],"inLanguage":"de"},{"@type":"Organization","@id":"https:\/\/gabitel.net\/de\/#organization","name":"Gabitel","url":"https:\/\/gabitel.net\/de\/","logo":{"@type":"ImageObject","inLanguage":"de","@id":"https:\/\/gabitel.net\/de\/#\/schema\/logo\/image\/","url":"https:\/\/gabitel.net\/wp-content\/uploads\/2025\/05\/logo_gabitel.jpg","contentUrl":"https:\/\/gabitel.net\/wp-content\/uploads\/2025\/05\/logo_gabitel.jpg","width":2560,"height":1330,"caption":"Gabitel"},"image":{"@id":"https:\/\/gabitel.net\/de\/#\/schema\/logo\/image\/"},"sameAs":["https:\/\/www.facebook.com\/gabitelingenieros\/","https:\/\/es.linkedin.com\/company\/gabitel-ingenieros"]},{"@type":"Person","@id":"https:\/\/gabitel.net\/de\/#\/schema\/person\/37ba53714c3fedb9c7d22f4bc781465c","name":"user.autor","url":"https:\/\/gabitel.net\/de\/author\/user-autor\/"}]}},"_links":{"self":[{"href":"https:\/\/gabitel.net\/de\/wp-json\/wp\/v2\/posts\/32729","targetHints":{"allow":["GET"]}}],"collection":[{"href":"https:\/\/gabitel.net\/de\/wp-json\/wp\/v2\/posts"}],"about":[{"href":"https:\/\/gabitel.net\/de\/wp-json\/wp\/v2\/types\/post"}],"author":[{"embeddable":true,"href":"https:\/\/gabitel.net\/de\/wp-json\/wp\/v2\/users\/3"}],"replies":[{"embeddable":true,"href":"https:\/\/gabitel.net\/de\/wp-json\/wp\/v2\/comments?post=32729"}],"version-history":[{"count":1,"href":"https:\/\/gabitel.net\/de\/wp-json\/wp\/v2\/posts\/32729\/revisions"}],"predecessor-version":[{"id":33268,"href":"https:\/\/gabitel.net\/de\/wp-json\/wp\/v2\/posts\/32729\/revisions\/33268"}],"wp:featuredmedia":[{"embeddable":true,"href":"https:\/\/gabitel.net\/de\/wp-json\/wp\/v2\/media\/35349"}],"wp:attachment":[{"href":"https:\/\/gabitel.net\/de\/wp-json\/wp\/v2\/media?parent=32729"}],"wp:term":[{"taxonomy":"category","embeddable":true,"href":"https:\/\/gabitel.net\/de\/wp-json\/wp\/v2\/categories?post=32729"},{"taxonomy":"post_tag","embeddable":true,"href":"https:\/\/gabitel.net\/de\/wp-json\/wp\/v2\/tags?post=32729"}],"curies":[{"name":"wp","href":"https:\/\/api.w.org\/{rel}","templated":true}]}}