{"id":32735,"date":"2024-09-03T13:30:02","date_gmt":"2024-09-03T11:30:02","guid":{"rendered":"https:\/\/gabitel.net\/entrevista-silvano-siber\/"},"modified":"2026-04-17T08:50:22","modified_gmt":"2026-04-17T06:50:22","slug":"entrevista-silvano-siber","status":"publish","type":"post","link":"https:\/\/gabitel.net\/de\/entrevista-silvano-siber\/","title":{"rendered":"Entrevista: Silvano Siber"},"content":{"rendered":"<ol>\n<li><strong> Para que el resto de los compa\u00f1eros te sit\u00faen, eres el primer trabajador que fue contratado por Gabitel GmbH. \u00bfQu\u00e9 te motiv\u00f3 a ir de la mano de Gabitel a trabajar a Alemania?<\/strong><\/li>\n<\/ol>\n<p>La verdad es que llevaba tiempo buscando la oportunidad de volver a mis ra\u00edces en Alemania. Aunque soy alem\u00e1n, he pasado la mayor parte de mi vida en Espa\u00f1a, y siempre quise experimentar c\u00f3mo ser\u00eda vivir y trabajar en el pa\u00eds en el que nac\u00ed. As\u00ed que cuando surgi\u00f3 la oportunidad con Gabitel, fue como si todo encajara a la perfecci\u00f3n.<\/p>\n<p><strong>\u00a0<\/strong><\/p>\n<ol start=\"2\">\n<li><strong> \u00bfQu\u00e9 tipo de trabajo es el que realizas en Alemania?<\/strong><\/li>\n<\/ol>\n<p>Hemos realizado varios tipos de trabajo, dir\u00eda que principalmente lo que he hecho m\u00e1s es \u201csurvey\u201d que b\u00e1sicamente es ser la persona en el terreno del equipo de dise\u00f1adores. Como las redes de fibra \u00f3ptica que dise\u00f1amos se hacen desde Espa\u00f1a, a veces es necesario tener una visi\u00f3n m\u00e1s cercana para confirmar que el dise\u00f1o se ajuste perfectamente a la realidad del lugar y asegurar la calidad del dise\u00f1o.<\/p>\n<p><strong>\u00a0<\/strong><\/p>\n<ol start=\"3\">\n<li><strong> \u00bfCu\u00e1l ha sido tu mayor reto a nivel profesional durante todo este tiempo?<\/strong><\/li>\n<\/ol>\n<p>Dir\u00eda que el mayor reto, sobre todo al principio, fue el idioma. Aunque nac\u00ed en Alemania, he hablado espa\u00f1ol toda mi vida y el alem\u00e1n siempre tuvo un rol secundario. Los primeros meses fueron especialmente duros porque ten\u00edamos que comunicarnos directamente con el cliente adem\u00e1s de leer documentaci\u00f3n en alem\u00e1n, y al principio, eso se hizo bastante dif\u00edcil. Fue un aprendizaje complicado, pero tambien me ayudo a conectar de nuevo con mi idioma natal.<\/p>\n<p>&nbsp;<\/p>\n<ol start=\"4\">\n<li><strong> Me imagino, que nos podr\u00e1s contar alguna an\u00e9cdota graciosa o curiosa que te haya pasado en este tiempo trabajando en Alemania.<\/strong><\/li>\n<\/ol>\n<p>Una an\u00e9cdota bastante graciosa ocurri\u00f3 cuando, sin darme cuenta, termin\u00e9 siendo el &#8217;sospechoso&#8216; del barrio. Estaba trabajando, tomando fotos y apuntando direcciones, cuando de repente estaba rodeado por una asociaci\u00f3n de vecinos muy enfadados y listos para enfrentarse a m\u00ed como si fuera un criminal. Viendo la situaci\u00f3n con perspectiva, puedo entender por qu\u00e9 los alemanes, siendo tan cautelosos, se preocuparon al ver a alguien pase\u00e1ndose por su vecindario con una c\u00e1mara. Aunque bueno tambi\u00e9n hay que decir que llevaba mi acreditaci\u00f3n y un chaleco reflectante, pero nada es suficiente para que no sospechen. \u00a1Afortunadamente, despu\u00e9s de una buena explicaci\u00f3n, todo termin\u00f3 bien!<\/p>\n<p><strong>\u00a0<\/strong><\/p>\n<ol start=\"5\">\n<li><strong> Por conocerte un poco m\u00e1s, \u00bfnos podr\u00edas contar algunos de tus hobbies o cosas que te gusten hacer en tu tiempo libre?<\/strong><\/li>\n<\/ol>\n<p>Lo que m\u00e1s me gusta hacer en mis ratos libres es trastear con la inform\u00e1tica, me considero un entusiasta, me encanta montar ordenadores para m\u00ed y mis amigos. Tambi\u00e9n me encanta hacer peque\u00f1os proyectos con los ordenadores, ahora mismo por ejemplo estoy construyendo una m\u00e1quina recreativa cl\u00e1sica. En general soy la persona a la que llaman mis amigos si tienen un problema con su ordenador.<\/p>\n<p>&nbsp;<\/p>\n<ol start=\"6\">\n<li><strong> Ah\u00ed va la pregunta enviada por nuestra compa\u00f1era Nuria: \u00bfQu\u00e9 es m\u00e1s eficaz el trabajo en grupo o individual? \u00bfPiensas que has alcanzado todo tu potencial en tu puesto de trabajo?<\/strong><\/li>\n<\/ol>\n<p>Me parecen preguntas muy interesantes por parte de Nuria.<\/p>\n<p>A la primera tengo que responder que siempre va a ser mejor un grupo que un individuo ya que una persona sola puede encerrarse en un punto de vista y que esto le cree una visi\u00f3n de t\u00fanel, mientras m\u00e1s cabezas pensantes mejor dir\u00eda yo. Sin embargo, esto solo es as\u00ed si las personas pueden realmente cooperar y trabajar en equipo si no puede llegar a ser contraproducente.<\/p>\n<p>Respecto a la segunda pregunta opino que no, puesto que nunca vamos a poder alcanzar nuestro m\u00e1ximo potencial, eso es imposible. El ser humano es un ser que por naturaleza tiende a exigirse siempre m\u00e1s y por ello considero que el concepto de m\u00e1ximo potencial es ponerse un techo innecesario, siempre podemos seguir creciendo y mejorando.<\/p>\n<p>&nbsp;<\/p>\n<ol start=\"7\">\n<li><strong> Env\u00edale una pregunta al pr\u00f3ximo compa\u00f1ero que ser\u00e1 entrevistado.<\/strong><\/li>\n<\/ol>\n<p>\u00bfCrees que tu yo infantil estar\u00eda orgulloso de la persona que eres hoy en d\u00eda?<\/p>\n","protected":false},"excerpt":{"rendered":"<p>Para que el resto de los compa\u00f1eros te sit\u00faen, eres el primer trabajador que fue contratado por Gabitel GmbH. \u00bfQu\u00e9 te motiv\u00f3 a ir de la mano de Gabitel a trabajar a Alemania? La verdad es que llevaba tiempo buscando la oportunidad de volver a mis ra\u00edces en Alemania. Aunque soy alem\u00e1n, he pasado la [&hellip;]<\/p>\n","protected":false},"author":3,"featured_media":35342,"comment_status":"closed","ping_status":"closed","sticky":false,"template":"","format":"standard","meta":{"content-type":"","footnotes":""},"categories":[600],"tags":[],"class_list":["post-32735","post","type-post","status-publish","format-standard","has-post-thumbnail","hentry","category-off-topic-de"],"yoast_head":"<!-- This site is optimized with the Yoast SEO plugin v27.5 - https:\/\/yoast.com\/product\/yoast-seo-wordpress\/ -->\n<title>Entrevista: Silvano Siber - Gabitel<\/title>\n<meta name=\"robots\" content=\"noindex, nofollow\" \/>\n<meta property=\"og:locale\" content=\"de_DE\" \/>\n<meta property=\"og:type\" content=\"article\" \/>\n<meta property=\"og:title\" content=\"Entrevista: Silvano Siber - Gabitel\" \/>\n<meta property=\"og:description\" content=\"Para que el resto de los compa\u00f1eros te sit\u00faen, eres el primer trabajador que fue contratado por Gabitel GmbH. \u00bfQu\u00e9 te motiv\u00f3 a ir de la mano de Gabitel a trabajar a Alemania? La verdad es que llevaba tiempo buscando la oportunidad de volver a mis ra\u00edces en Alemania. Aunque soy alem\u00e1n, he pasado la [&hellip;]\" \/>\n<meta property=\"og:url\" content=\"https:\/\/gabitel.net\/de\/entrevista-silvano-siber\/\" \/>\n<meta property=\"og:site_name\" content=\"Gabitel\" \/>\n<meta property=\"article:publisher\" content=\"https:\/\/www.facebook.com\/gabitelingenieros\/\" \/>\n<meta property=\"article:published_time\" content=\"2024-09-03T11:30:02+00:00\" \/>\n<meta property=\"article:modified_time\" content=\"2026-04-17T06:50:22+00:00\" \/>\n<meta property=\"og:image\" content=\"https:\/\/gabitel.net\/wp-content\/uploads\/2024\/06\/N4.1-FOTO-SILVANO-min.jpg\" \/>\n\t<meta property=\"og:image:width\" content=\"518\" \/>\n\t<meta property=\"og:image:height\" content=\"667\" \/>\n\t<meta property=\"og:image:type\" content=\"image\/jpeg\" \/>\n<meta name=\"author\" content=\"user.autor\" \/>\n<meta name=\"twitter:card\" content=\"summary_large_image\" \/>\n<meta name=\"twitter:label1\" content=\"Verfasst von\" \/>\n\t<meta name=\"twitter:data1\" content=\"user.autor\" \/>\n\t<meta name=\"twitter:label2\" content=\"Gesch\u00e4tzte Lesezeit\" \/>\n\t<meta name=\"twitter:data2\" content=\"4\u00a0Minuten\" \/>\n<script type=\"application\/ld+json\" class=\"yoast-schema-graph\">{\"@context\":\"https:\\\/\\\/schema.org\",\"@graph\":[{\"@type\":[\"Article\",\"BlogPosting\"],\"@id\":\"https:\\\/\\\/gabitel.net\\\/de\\\/entrevista-silvano-siber\\\/#article\",\"isPartOf\":{\"@id\":\"https:\\\/\\\/gabitel.net\\\/de\\\/entrevista-silvano-siber\\\/\"},\"author\":{\"name\":\"user.autor\",\"@id\":\"https:\\\/\\\/gabitel.net\\\/de\\\/#\\\/schema\\\/person\\\/37ba53714c3fedb9c7d22f4bc781465c\"},\"headline\":\"Entrevista: Silvano Siber\",\"datePublished\":\"2024-09-03T11:30:02+00:00\",\"dateModified\":\"2026-04-17T06:50:22+00:00\",\"mainEntityOfPage\":{\"@id\":\"https:\\\/\\\/gabitel.net\\\/de\\\/entrevista-silvano-siber\\\/\"},\"wordCount\":726,\"publisher\":{\"@id\":\"https:\\\/\\\/gabitel.net\\\/de\\\/#organization\"},\"image\":{\"@id\":\"https:\\\/\\\/gabitel.net\\\/de\\\/entrevista-silvano-siber\\\/#primaryimage\"},\"thumbnailUrl\":\"https:\\\/\\\/gabitel.net\\\/wp-content\\\/uploads\\\/2024\\\/06\\\/N4.1-FOTO-SILVANO-min.jpg\",\"articleSection\":[\"Off-topic\"],\"inLanguage\":\"de\"},{\"@type\":\"WebPage\",\"@id\":\"https:\\\/\\\/gabitel.net\\\/de\\\/entrevista-silvano-siber\\\/\",\"url\":\"https:\\\/\\\/gabitel.net\\\/de\\\/entrevista-silvano-siber\\\/\",\"name\":\"Entrevista: Silvano Siber - Gabitel\",\"isPartOf\":{\"@id\":\"https:\\\/\\\/gabitel.net\\\/de\\\/#website\"},\"primaryImageOfPage\":{\"@id\":\"https:\\\/\\\/gabitel.net\\\/de\\\/entrevista-silvano-siber\\\/#primaryimage\"},\"image\":{\"@id\":\"https:\\\/\\\/gabitel.net\\\/de\\\/entrevista-silvano-siber\\\/#primaryimage\"},\"thumbnailUrl\":\"https:\\\/\\\/gabitel.net\\\/wp-content\\\/uploads\\\/2024\\\/06\\\/N4.1-FOTO-SILVANO-min.jpg\",\"datePublished\":\"2024-09-03T11:30:02+00:00\",\"dateModified\":\"2026-04-17T06:50:22+00:00\",\"breadcrumb\":{\"@id\":\"https:\\\/\\\/gabitel.net\\\/de\\\/entrevista-silvano-siber\\\/#breadcrumb\"},\"inLanguage\":\"de\",\"potentialAction\":[{\"@type\":\"ReadAction\",\"target\":[\"https:\\\/\\\/gabitel.net\\\/de\\\/entrevista-silvano-siber\\\/\"]}]},{\"@type\":\"ImageObject\",\"inLanguage\":\"de\",\"@id\":\"https:\\\/\\\/gabitel.net\\\/de\\\/entrevista-silvano-siber\\\/#primaryimage\",\"url\":\"https:\\\/\\\/gabitel.net\\\/wp-content\\\/uploads\\\/2024\\\/06\\\/N4.1-FOTO-SILVANO-min.jpg\",\"contentUrl\":\"https:\\\/\\\/gabitel.net\\\/wp-content\\\/uploads\\\/2024\\\/06\\\/N4.1-FOTO-SILVANO-min.jpg\",\"width\":518,\"height\":667,\"caption\":\"Silvano Siber\"},{\"@type\":\"BreadcrumbList\",\"@id\":\"https:\\\/\\\/gabitel.net\\\/de\\\/entrevista-silvano-siber\\\/#breadcrumb\",\"itemListElement\":[{\"@type\":\"ListItem\",\"position\":1,\"name\":\"Portada\",\"item\":\"https:\\\/\\\/gabitel.net\\\/de\\\/\"},{\"@type\":\"ListItem\",\"position\":2,\"name\":\"Entrevista: Silvano Siber\"}]},{\"@type\":\"WebSite\",\"@id\":\"https:\\\/\\\/gabitel.net\\\/de\\\/#website\",\"url\":\"https:\\\/\\\/gabitel.net\\\/de\\\/\",\"name\":\"Gabitel\",\"description\":\"\",\"publisher\":{\"@id\":\"https:\\\/\\\/gabitel.net\\\/de\\\/#organization\"},\"potentialAction\":[{\"@type\":\"SearchAction\",\"target\":{\"@type\":\"EntryPoint\",\"urlTemplate\":\"https:\\\/\\\/gabitel.net\\\/de\\\/?s={search_term_string}\"},\"query-input\":{\"@type\":\"PropertyValueSpecification\",\"valueRequired\":true,\"valueName\":\"search_term_string\"}}],\"inLanguage\":\"de\"},{\"@type\":\"Organization\",\"@id\":\"https:\\\/\\\/gabitel.net\\\/de\\\/#organization\",\"name\":\"Gabitel\",\"url\":\"https:\\\/\\\/gabitel.net\\\/de\\\/\",\"logo\":{\"@type\":\"ImageObject\",\"inLanguage\":\"de\",\"@id\":\"https:\\\/\\\/gabitel.net\\\/de\\\/#\\\/schema\\\/logo\\\/image\\\/\",\"url\":\"https:\\\/\\\/gabitel.net\\\/wp-content\\\/uploads\\\/2025\\\/05\\\/logo_gabitel.jpg\",\"contentUrl\":\"https:\\\/\\\/gabitel.net\\\/wp-content\\\/uploads\\\/2025\\\/05\\\/logo_gabitel.jpg\",\"width\":2560,\"height\":1330,\"caption\":\"Gabitel\"},\"image\":{\"@id\":\"https:\\\/\\\/gabitel.net\\\/de\\\/#\\\/schema\\\/logo\\\/image\\\/\"},\"sameAs\":[\"https:\\\/\\\/www.facebook.com\\\/gabitelingenieros\\\/\",\"https:\\\/\\\/es.linkedin.com\\\/company\\\/gabitel-ingenieros\"]},{\"@type\":\"Person\",\"@id\":\"https:\\\/\\\/gabitel.net\\\/de\\\/#\\\/schema\\\/person\\\/37ba53714c3fedb9c7d22f4bc781465c\",\"name\":\"user.autor\",\"url\":\"https:\\\/\\\/gabitel.net\\\/de\\\/author\\\/user-autor\\\/\"}]}<\/script>\n<!-- \/ Yoast SEO plugin. -->","yoast_head_json":{"title":"Entrevista: Silvano Siber - Gabitel","robots":{"index":"noindex","follow":"nofollow"},"og_locale":"de_DE","og_type":"article","og_title":"Entrevista: Silvano Siber - Gabitel","og_description":"Para que el resto de los compa\u00f1eros te sit\u00faen, eres el primer trabajador que fue contratado por Gabitel GmbH. \u00bfQu\u00e9 te motiv\u00f3 a ir de la mano de Gabitel a trabajar a Alemania? La verdad es que llevaba tiempo buscando la oportunidad de volver a mis ra\u00edces en Alemania. Aunque soy alem\u00e1n, he pasado la [&hellip;]","og_url":"https:\/\/gabitel.net\/de\/entrevista-silvano-siber\/","og_site_name":"Gabitel","article_publisher":"https:\/\/www.facebook.com\/gabitelingenieros\/","article_published_time":"2024-09-03T11:30:02+00:00","article_modified_time":"2026-04-17T06:50:22+00:00","og_image":[{"width":518,"height":667,"url":"https:\/\/gabitel.net\/wp-content\/uploads\/2024\/06\/N4.1-FOTO-SILVANO-min.jpg","type":"image\/jpeg"}],"author":"user.autor","twitter_card":"summary_large_image","twitter_misc":{"Verfasst von":"user.autor","Gesch\u00e4tzte Lesezeit":"4\u00a0Minuten"},"schema":{"@context":"https:\/\/schema.org","@graph":[{"@type":["Article","BlogPosting"],"@id":"https:\/\/gabitel.net\/de\/entrevista-silvano-siber\/#article","isPartOf":{"@id":"https:\/\/gabitel.net\/de\/entrevista-silvano-siber\/"},"author":{"name":"user.autor","@id":"https:\/\/gabitel.net\/de\/#\/schema\/person\/37ba53714c3fedb9c7d22f4bc781465c"},"headline":"Entrevista: Silvano Siber","datePublished":"2024-09-03T11:30:02+00:00","dateModified":"2026-04-17T06:50:22+00:00","mainEntityOfPage":{"@id":"https:\/\/gabitel.net\/de\/entrevista-silvano-siber\/"},"wordCount":726,"publisher":{"@id":"https:\/\/gabitel.net\/de\/#organization"},"image":{"@id":"https:\/\/gabitel.net\/de\/entrevista-silvano-siber\/#primaryimage"},"thumbnailUrl":"https:\/\/gabitel.net\/wp-content\/uploads\/2024\/06\/N4.1-FOTO-SILVANO-min.jpg","articleSection":["Off-topic"],"inLanguage":"de"},{"@type":"WebPage","@id":"https:\/\/gabitel.net\/de\/entrevista-silvano-siber\/","url":"https:\/\/gabitel.net\/de\/entrevista-silvano-siber\/","name":"Entrevista: Silvano Siber - Gabitel","isPartOf":{"@id":"https:\/\/gabitel.net\/de\/#website"},"primaryImageOfPage":{"@id":"https:\/\/gabitel.net\/de\/entrevista-silvano-siber\/#primaryimage"},"image":{"@id":"https:\/\/gabitel.net\/de\/entrevista-silvano-siber\/#primaryimage"},"thumbnailUrl":"https:\/\/gabitel.net\/wp-content\/uploads\/2024\/06\/N4.1-FOTO-SILVANO-min.jpg","datePublished":"2024-09-03T11:30:02+00:00","dateModified":"2026-04-17T06:50:22+00:00","breadcrumb":{"@id":"https:\/\/gabitel.net\/de\/entrevista-silvano-siber\/#breadcrumb"},"inLanguage":"de","potentialAction":[{"@type":"ReadAction","target":["https:\/\/gabitel.net\/de\/entrevista-silvano-siber\/"]}]},{"@type":"ImageObject","inLanguage":"de","@id":"https:\/\/gabitel.net\/de\/entrevista-silvano-siber\/#primaryimage","url":"https:\/\/gabitel.net\/wp-content\/uploads\/2024\/06\/N4.1-FOTO-SILVANO-min.jpg","contentUrl":"https:\/\/gabitel.net\/wp-content\/uploads\/2024\/06\/N4.1-FOTO-SILVANO-min.jpg","width":518,"height":667,"caption":"Silvano Siber"},{"@type":"BreadcrumbList","@id":"https:\/\/gabitel.net\/de\/entrevista-silvano-siber\/#breadcrumb","itemListElement":[{"@type":"ListItem","position":1,"name":"Portada","item":"https:\/\/gabitel.net\/de\/"},{"@type":"ListItem","position":2,"name":"Entrevista: Silvano Siber"}]},{"@type":"WebSite","@id":"https:\/\/gabitel.net\/de\/#website","url":"https:\/\/gabitel.net\/de\/","name":"Gabitel","description":"","publisher":{"@id":"https:\/\/gabitel.net\/de\/#organization"},"potentialAction":[{"@type":"SearchAction","target":{"@type":"EntryPoint","urlTemplate":"https:\/\/gabitel.net\/de\/?s={search_term_string}"},"query-input":{"@type":"PropertyValueSpecification","valueRequired":true,"valueName":"search_term_string"}}],"inLanguage":"de"},{"@type":"Organization","@id":"https:\/\/gabitel.net\/de\/#organization","name":"Gabitel","url":"https:\/\/gabitel.net\/de\/","logo":{"@type":"ImageObject","inLanguage":"de","@id":"https:\/\/gabitel.net\/de\/#\/schema\/logo\/image\/","url":"https:\/\/gabitel.net\/wp-content\/uploads\/2025\/05\/logo_gabitel.jpg","contentUrl":"https:\/\/gabitel.net\/wp-content\/uploads\/2025\/05\/logo_gabitel.jpg","width":2560,"height":1330,"caption":"Gabitel"},"image":{"@id":"https:\/\/gabitel.net\/de\/#\/schema\/logo\/image\/"},"sameAs":["https:\/\/www.facebook.com\/gabitelingenieros\/","https:\/\/es.linkedin.com\/company\/gabitel-ingenieros"]},{"@type":"Person","@id":"https:\/\/gabitel.net\/de\/#\/schema\/person\/37ba53714c3fedb9c7d22f4bc781465c","name":"user.autor","url":"https:\/\/gabitel.net\/de\/author\/user-autor\/"}]}},"_links":{"self":[{"href":"https:\/\/gabitel.net\/de\/wp-json\/wp\/v2\/posts\/32735","targetHints":{"allow":["GET"]}}],"collection":[{"href":"https:\/\/gabitel.net\/de\/wp-json\/wp\/v2\/posts"}],"about":[{"href":"https:\/\/gabitel.net\/de\/wp-json\/wp\/v2\/types\/post"}],"author":[{"embeddable":true,"href":"https:\/\/gabitel.net\/de\/wp-json\/wp\/v2\/users\/3"}],"replies":[{"embeddable":true,"href":"https:\/\/gabitel.net\/de\/wp-json\/wp\/v2\/comments?post=32735"}],"version-history":[{"count":1,"href":"https:\/\/gabitel.net\/de\/wp-json\/wp\/v2\/posts\/32735\/revisions"}],"predecessor-version":[{"id":33274,"href":"https:\/\/gabitel.net\/de\/wp-json\/wp\/v2\/posts\/32735\/revisions\/33274"}],"wp:featuredmedia":[{"embeddable":true,"href":"https:\/\/gabitel.net\/de\/wp-json\/wp\/v2\/media\/35342"}],"wp:attachment":[{"href":"https:\/\/gabitel.net\/de\/wp-json\/wp\/v2\/media?parent=32735"}],"wp:term":[{"taxonomy":"category","embeddable":true,"href":"https:\/\/gabitel.net\/de\/wp-json\/wp\/v2\/categories?post=32735"},{"taxonomy":"post_tag","embeddable":true,"href":"https:\/\/gabitel.net\/de\/wp-json\/wp\/v2\/tags?post=32735"}],"curies":[{"name":"wp","href":"https:\/\/api.w.org\/{rel}","templated":true}]}}