{"id":32739,"date":"2024-06-24T13:30:07","date_gmt":"2024-06-24T11:30:07","guid":{"rendered":"https:\/\/gabitel.net\/tu-salud-es-lo-primero-fototipos-de-piel-cual-es-el-tuyo\/"},"modified":"2026-04-17T08:50:23","modified_gmt":"2026-04-17T06:50:23","slug":"tu-salud-es-lo-primero-fototipos-de-piel-cual-es-el-tuyo","status":"publish","type":"post","link":"https:\/\/gabitel.net\/de\/tu-salud-es-lo-primero-fototipos-de-piel-cual-es-el-tuyo\/","title":{"rendered":"Tu salud es lo primero: Fototipos de piel \u00bfCu\u00e1l es el tuyo?"},"content":{"rendered":"<p>El c\u00e1ncer de piel es uno de los m\u00e1s prevalentes en el mundo, pero tambi\u00e9n uno de los m\u00e1s prevenibles pues, la gran mayor\u00eda, se debe a una exposici\u00f3n a la radiaci\u00f3n ultravioleta sin protecci\u00f3n. Sin embargo, es cierto que la radiaci\u00f3n ultravioleta va a afectar de manera distinta a cada persona pues cada tipo de piel es diferente, esto es lo que tambi\u00e9n se denomina \u201cfototipos de piel\u201d. Si quieres saber cu\u00e1l es el tuyo y c\u00f3mo puedes protegerte adecuadamente, en este art\u00edculo te compartimos un test para que lo descubras.<\/p>\n<p><strong><em>\u00bfQu\u00e9 tipos de fototipos de piel existen?<\/em><\/strong><\/p>\n<p>Los fototipos de piel son una clasificaci\u00f3n creada para conocer la capacidad que tiene la piel de reaccionar ante las radiaciones ultravioletas y es clave para saber qu\u00e9 protector solar utilizar. As\u00ed pues, son 6 los fototipos que existen en funci\u00f3n de la acci\u00f3n del sol sobre la piel y las caracter\u00edsticas de la persona.<\/p>\n<p><strong><em>\u00bfC\u00f3mo puedo saber mi fototipo de piel?<\/em><\/strong><\/p>\n<p>El dermat\u00f3logo Fitzpatrick fue el creador de esta clasificaci\u00f3n en 1975 y lo hizo a trav\u00e9s del cuestionario que te mostramos aqu\u00ed. \u00a1Descubre qu\u00e9 fototipo de piel tienes para poder protegerte adecuadamente!<\/p>\n<p>Contesta al test y suma los puntos. Al finalizar encontrar\u00e1s el fototipo de piel que se corresponde con la puntuaci\u00f3n obtenida y la recomendaci\u00f3n sobre el protector m\u00e1s aconsejable para ti.<\/p>\n<p>&nbsp;<\/p>\n<p><strong><u>TEST<\/u><\/strong><\/p>\n<ol>\n<li>\u00bf<em>Cu\u00e1l es el color natural de tu piel cuando no est\u00e1 bronceada? Puedes mirar alguna zona de tu cuerpo que nunca le d\u00e9 el sol, as\u00ed ser\u00e1 m\u00e1s f\u00e1cil saberlo<\/em>.<\/li>\n<\/ol>\n<table width=\"198\">\n<tbody>\n<tr>\n<td width=\"33\">0<\/td>\n<td width=\"165\">Muy blanca<\/td>\n<\/tr>\n<tr>\n<td width=\"33\">1<\/td>\n<td width=\"165\">Blanca-beige<\/td>\n<\/tr>\n<tr>\n<td width=\"33\">2<\/td>\n<td width=\"165\">Beige-dorada<\/td>\n<\/tr>\n<tr>\n<td width=\"33\">3<\/td>\n<td width=\"165\">Marr\u00f3n claro<\/td>\n<\/tr>\n<tr>\n<td width=\"33\">4<\/td>\n<td width=\"165\">Marr\u00f3n oscuro<\/td>\n<\/tr>\n<tr>\n<td width=\"33\">5<\/td>\n<td width=\"165\">Muy oscuro-negro<\/td>\n<\/tr>\n<\/tbody>\n<\/table>\n<p>&nbsp;<\/p>\n<ol start=\"2\">\n<li><em>\u00bfDe qu\u00e9 color natural es tu pelo?<\/em><\/li>\n<\/ol>\n<table width=\"222\">\n<tbody>\n<tr>\n<td width=\"33\">0<\/td>\n<td width=\"188\">Rubio muy claro o pelirrojo<\/td>\n<\/tr>\n<tr>\n<td width=\"33\">1<\/td>\n<td width=\"188\">Rubio oscuro o casta\u00f1o claro<\/td>\n<\/tr>\n<tr>\n<td width=\"33\">2<\/td>\n<td width=\"188\">Casta\u00f1o<\/td>\n<\/tr>\n<tr>\n<td width=\"33\">3<\/td>\n<td width=\"188\">Casta\u00f1o oscuro<\/td>\n<\/tr>\n<tr>\n<td width=\"33\">4<\/td>\n<td width=\"188\">Casta\u00f1o oscuro \u2013 negro<\/td>\n<\/tr>\n<tr>\n<td width=\"33\">5<\/td>\n<td width=\"188\">Negro<\/td>\n<\/tr>\n<\/tbody>\n<\/table>\n<p><em>\u00a0<\/em><\/p>\n<p><em>\u00a0<\/em><\/p>\n<ol start=\"3\">\n<li><em>\u00bfDe qu\u00e9 color tienes los ojos?<\/em><\/li>\n<\/ol>\n<table width=\"211\">\n<tbody>\n<tr>\n<td width=\"33\">0<\/td>\n<td width=\"177\">Azul, verde o gris muy claro<\/td>\n<\/tr>\n<tr>\n<td width=\"33\">1<\/td>\n<td width=\"177\">Azul, verde o gris<\/td>\n<\/tr>\n<tr>\n<td width=\"33\">2<\/td>\n<td width=\"177\">Marr\u00f3n claro<\/td>\n<\/tr>\n<tr>\n<td width=\"33\">3<\/td>\n<td width=\"177\">Marr\u00f3n<\/td>\n<\/tr>\n<tr>\n<td width=\"33\">4<\/td>\n<td width=\"177\">Marr\u00f3n oscuro<\/td>\n<\/tr>\n<tr>\n<td width=\"33\">5<\/td>\n<td width=\"177\">Negros<\/td>\n<\/tr>\n<\/tbody>\n<\/table>\n<p><em>\u00a0<\/em><\/p>\n<ol start=\"4\">\n<li><em>\u00bfCu\u00e1ntas pecas tienes de manera natural en tu cuerpo cuando no est\u00e1 bronceado?<\/em><\/li>\n<\/ol>\n<table width=\"211\">\n<tbody>\n<tr>\n<td width=\"33\">0<\/td>\n<td width=\"177\">Muchas<\/td>\n<\/tr>\n<tr>\n<td width=\"33\">1<\/td>\n<td width=\"177\">Varias<\/td>\n<\/tr>\n<tr>\n<td width=\"33\">2<\/td>\n<td width=\"177\">Algunas<\/td>\n<\/tr>\n<tr>\n<td width=\"33\">3<\/td>\n<td width=\"177\">Muy pocas<\/td>\n<\/tr>\n<tr>\n<td width=\"33\">4<\/td>\n<td width=\"177\">Ninguna<\/td>\n<\/tr>\n<\/tbody>\n<\/table>\n<p><em>\u00a0<\/em><\/p>\n<p><em>\u00a0<\/em><\/p>\n<ol start=\"5\">\n<li><em>\u00bfC\u00f3mo responde tu piel al sol sin protector solar?<\/em><\/li>\n<\/ol>\n<table width=\"283\">\n<tbody>\n<tr>\n<td width=\"33\">0<\/td>\n<td width=\"249\">Siempre se quema y se descama<\/td>\n<\/tr>\n<tr>\n<td width=\"33\">1<\/td>\n<td width=\"249\">Casi siempre se quema y se descama<\/td>\n<\/tr>\n<tr>\n<td width=\"33\">2<\/td>\n<td width=\"249\">Se quema moderadamente<\/td>\n<\/tr>\n<tr>\n<td width=\"33\">3<\/td>\n<td width=\"249\">Rara vez se quema<\/td>\n<\/tr>\n<tr>\n<td width=\"33\">4<\/td>\n<td width=\"249\">No se suele quemar<\/td>\n<\/tr>\n<\/tbody>\n<\/table>\n<p><em>\u00a0<\/em><\/p>\n<p><em>\u00a0<\/em><\/p>\n<ol start=\"6\">\n<li><em>\u00bfC\u00f3mo responde tu piel en cuanto al bronceado?<\/em><\/li>\n<\/ol>\n<table width=\"260\">\n<tbody>\n<tr>\n<td width=\"33\">0<\/td>\n<td width=\"227\">Nunca se broncea<\/td>\n<\/tr>\n<tr>\n<td width=\"33\">1<\/td>\n<td width=\"227\">Rara vez se broncea<\/td>\n<\/tr>\n<tr>\n<td width=\"33\">2<\/td>\n<td width=\"227\">A veces se broncea<\/td>\n<\/tr>\n<tr>\n<td width=\"33\">3<\/td>\n<td width=\"227\">A menudo se broncea<\/td>\n<\/tr>\n<tr>\n<td width=\"33\">4<\/td>\n<td width=\"227\">Siempre se broncea<\/td>\n<\/tr>\n<\/tbody>\n<\/table>\n<p><em>\u00a0<\/em><\/p>\n<p><em>\u00a0<\/em><\/p>\n<ol start=\"7\">\n<li><em>\u00bfCu\u00e1nto se broncea tu piel?<\/em><\/li>\n<\/ol>\n<table width=\"260\">\n<tbody>\n<tr>\n<td width=\"33\">0<\/td>\n<td width=\"227\">Nada<\/td>\n<\/tr>\n<tr>\n<td width=\"33\">1<\/td>\n<td width=\"227\">Ligeramente<\/td>\n<\/tr>\n<tr>\n<td width=\"33\">2<\/td>\n<td width=\"227\">Moderadamente<\/td>\n<\/tr>\n<tr>\n<td width=\"33\">3<\/td>\n<td width=\"227\">Profundamente<\/td>\n<\/tr>\n<tr>\n<td width=\"33\">4<\/td>\n<td width=\"227\">Muy profundamente<\/td>\n<\/tr>\n<\/tbody>\n<\/table>\n<p>&nbsp;<\/p>\n<p>Suma todos los puntos y conoce tu fototipo de piel.<\/p>\n<p>&nbsp;<\/p>\n<p><a href=\"https:\/\/gabitelingenieros.com\/wp-content\/uploads\/2024\/06\/N2.1-FOTO-INTERIOR.png\"><img decoding=\"async\" src=\"https:\/\/gabitelingenieros.com\/wp-content\/uploads\/2024\/06\/N2.1-FOTO-INTERIOR.png\" alt=\"Tu salud es lo | Gabitel Ingenieros\" \/><\/a><\/p>\n","protected":false},"excerpt":{"rendered":"<p>El c\u00e1ncer de piel es uno de los m\u00e1s prevalentes en el mundo, pero tambi\u00e9n uno de los m\u00e1s prevenibles pues, la gran mayor\u00eda, se debe a una exposici\u00f3n a la radiaci\u00f3n ultravioleta sin protecci\u00f3n. Sin embargo, es cierto que la radiaci\u00f3n ultravioleta va a afectar de manera distinta a cada persona pues cada tipo [&hellip;]<\/p>\n","protected":false},"author":3,"featured_media":35320,"comment_status":"closed","ping_status":"closed","sticky":false,"template":"","format":"standard","meta":{"content-type":"","footnotes":""},"categories":[600],"tags":[],"class_list":["post-32739","post","type-post","status-publish","format-standard","has-post-thumbnail","hentry","category-off-topic-de"],"yoast_head":"<!-- This site is optimized with the Yoast SEO plugin v27.5 - https:\/\/yoast.com\/product\/yoast-seo-wordpress\/ -->\n<title>Tu salud es lo primero: Fototipos de piel \u00bfCu\u00e1l es el tuyo? - Gabitel<\/title>\n<meta name=\"robots\" content=\"noindex, nofollow\" \/>\n<meta property=\"og:locale\" content=\"de_DE\" \/>\n<meta property=\"og:type\" content=\"article\" \/>\n<meta property=\"og:title\" content=\"Tu salud es lo primero: Fototipos de piel \u00bfCu\u00e1l es el tuyo? - Gabitel\" \/>\n<meta property=\"og:description\" content=\"El c\u00e1ncer de piel es uno de los m\u00e1s prevalentes en el mundo, pero tambi\u00e9n uno de los m\u00e1s prevenibles pues, la gran mayor\u00eda, se debe a una exposici\u00f3n a la radiaci\u00f3n ultravioleta sin protecci\u00f3n. Sin embargo, es cierto que la radiaci\u00f3n ultravioleta va a afectar de manera distinta a cada persona pues cada tipo [&hellip;]\" \/>\n<meta property=\"og:url\" content=\"https:\/\/gabitel.net\/de\/tu-salud-es-lo-primero-fototipos-de-piel-cual-es-el-tuyo\/\" \/>\n<meta property=\"og:site_name\" content=\"Gabitel\" \/>\n<meta property=\"article:publisher\" content=\"https:\/\/www.facebook.com\/gabitelingenieros\/\" \/>\n<meta property=\"article:published_time\" content=\"2024-06-24T11:30:07+00:00\" \/>\n<meta property=\"article:modified_time\" content=\"2026-04-17T06:50:23+00:00\" \/>\n<meta property=\"og:image\" content=\"https:\/\/gabitel.net\/wp-content\/uploads\/2024\/06\/N2.1-FOTO-PORTADA.jpg\" \/>\n\t<meta property=\"og:image:width\" content=\"1000\" \/>\n\t<meta property=\"og:image:height\" content=\"667\" \/>\n\t<meta property=\"og:image:type\" content=\"image\/jpeg\" \/>\n<meta name=\"author\" content=\"user.autor\" \/>\n<meta name=\"twitter:card\" content=\"summary_large_image\" \/>\n<meta name=\"twitter:label1\" content=\"Verfasst von\" \/>\n\t<meta name=\"twitter:data1\" content=\"user.autor\" \/>\n\t<meta name=\"twitter:label2\" content=\"Gesch\u00e4tzte Lesezeit\" \/>\n\t<meta name=\"twitter:data2\" content=\"2\u00a0Minuten\" \/>\n<script type=\"application\/ld+json\" class=\"yoast-schema-graph\">{\"@context\":\"https:\\\/\\\/schema.org\",\"@graph\":[{\"@type\":[\"Article\",\"BlogPosting\"],\"@id\":\"https:\\\/\\\/gabitel.net\\\/de\\\/tu-salud-es-lo-primero-fototipos-de-piel-cual-es-el-tuyo\\\/#article\",\"isPartOf\":{\"@id\":\"https:\\\/\\\/gabitel.net\\\/de\\\/tu-salud-es-lo-primero-fototipos-de-piel-cual-es-el-tuyo\\\/\"},\"author\":{\"name\":\"user.autor\",\"@id\":\"https:\\\/\\\/gabitel.net\\\/de\\\/#\\\/schema\\\/person\\\/37ba53714c3fedb9c7d22f4bc781465c\"},\"headline\":\"Tu salud es lo primero: Fototipos de piel \u00bfCu\u00e1l es el tuyo?\",\"datePublished\":\"2024-06-24T11:30:07+00:00\",\"dateModified\":\"2026-04-17T06:50:23+00:00\",\"mainEntityOfPage\":{\"@id\":\"https:\\\/\\\/gabitel.net\\\/de\\\/tu-salud-es-lo-primero-fototipos-de-piel-cual-es-el-tuyo\\\/\"},\"wordCount\":466,\"publisher\":{\"@id\":\"https:\\\/\\\/gabitel.net\\\/de\\\/#organization\"},\"image\":{\"@id\":\"https:\\\/\\\/gabitel.net\\\/de\\\/tu-salud-es-lo-primero-fototipos-de-piel-cual-es-el-tuyo\\\/#primaryimage\"},\"thumbnailUrl\":\"https:\\\/\\\/gabitel.net\\\/wp-content\\\/uploads\\\/2024\\\/06\\\/N2.1-FOTO-PORTADA.jpg\",\"articleSection\":[\"Off-topic\"],\"inLanguage\":\"de\"},{\"@type\":\"WebPage\",\"@id\":\"https:\\\/\\\/gabitel.net\\\/de\\\/tu-salud-es-lo-primero-fototipos-de-piel-cual-es-el-tuyo\\\/\",\"url\":\"https:\\\/\\\/gabitel.net\\\/de\\\/tu-salud-es-lo-primero-fototipos-de-piel-cual-es-el-tuyo\\\/\",\"name\":\"Tu salud es lo primero: Fototipos de piel \u00bfCu\u00e1l es el tuyo? - Gabitel\",\"isPartOf\":{\"@id\":\"https:\\\/\\\/gabitel.net\\\/de\\\/#website\"},\"primaryImageOfPage\":{\"@id\":\"https:\\\/\\\/gabitel.net\\\/de\\\/tu-salud-es-lo-primero-fototipos-de-piel-cual-es-el-tuyo\\\/#primaryimage\"},\"image\":{\"@id\":\"https:\\\/\\\/gabitel.net\\\/de\\\/tu-salud-es-lo-primero-fototipos-de-piel-cual-es-el-tuyo\\\/#primaryimage\"},\"thumbnailUrl\":\"https:\\\/\\\/gabitel.net\\\/wp-content\\\/uploads\\\/2024\\\/06\\\/N2.1-FOTO-PORTADA.jpg\",\"datePublished\":\"2024-06-24T11:30:07+00:00\",\"dateModified\":\"2026-04-17T06:50:23+00:00\",\"breadcrumb\":{\"@id\":\"https:\\\/\\\/gabitel.net\\\/de\\\/tu-salud-es-lo-primero-fototipos-de-piel-cual-es-el-tuyo\\\/#breadcrumb\"},\"inLanguage\":\"de\",\"potentialAction\":[{\"@type\":\"ReadAction\",\"target\":[\"https:\\\/\\\/gabitel.net\\\/de\\\/tu-salud-es-lo-primero-fototipos-de-piel-cual-es-el-tuyo\\\/\"]}]},{\"@type\":\"ImageObject\",\"inLanguage\":\"de\",\"@id\":\"https:\\\/\\\/gabitel.net\\\/de\\\/tu-salud-es-lo-primero-fototipos-de-piel-cual-es-el-tuyo\\\/#primaryimage\",\"url\":\"https:\\\/\\\/gabitel.net\\\/wp-content\\\/uploads\\\/2024\\\/06\\\/N2.1-FOTO-PORTADA.jpg\",\"contentUrl\":\"https:\\\/\\\/gabitel.net\\\/wp-content\\\/uploads\\\/2024\\\/06\\\/N2.1-FOTO-PORTADA.jpg\",\"width\":1000,\"height\":667},{\"@type\":\"BreadcrumbList\",\"@id\":\"https:\\\/\\\/gabitel.net\\\/de\\\/tu-salud-es-lo-primero-fototipos-de-piel-cual-es-el-tuyo\\\/#breadcrumb\",\"itemListElement\":[{\"@type\":\"ListItem\",\"position\":1,\"name\":\"Portada\",\"item\":\"https:\\\/\\\/gabitel.net\\\/de\\\/\"},{\"@type\":\"ListItem\",\"position\":2,\"name\":\"Tu salud es lo primero: Fototipos de piel \u00bfCu\u00e1l es el tuyo?\"}]},{\"@type\":\"WebSite\",\"@id\":\"https:\\\/\\\/gabitel.net\\\/de\\\/#website\",\"url\":\"https:\\\/\\\/gabitel.net\\\/de\\\/\",\"name\":\"Gabitel\",\"description\":\"\",\"publisher\":{\"@id\":\"https:\\\/\\\/gabitel.net\\\/de\\\/#organization\"},\"potentialAction\":[{\"@type\":\"SearchAction\",\"target\":{\"@type\":\"EntryPoint\",\"urlTemplate\":\"https:\\\/\\\/gabitel.net\\\/de\\\/?s={search_term_string}\"},\"query-input\":{\"@type\":\"PropertyValueSpecification\",\"valueRequired\":true,\"valueName\":\"search_term_string\"}}],\"inLanguage\":\"de\"},{\"@type\":\"Organization\",\"@id\":\"https:\\\/\\\/gabitel.net\\\/de\\\/#organization\",\"name\":\"Gabitel\",\"url\":\"https:\\\/\\\/gabitel.net\\\/de\\\/\",\"logo\":{\"@type\":\"ImageObject\",\"inLanguage\":\"de\",\"@id\":\"https:\\\/\\\/gabitel.net\\\/de\\\/#\\\/schema\\\/logo\\\/image\\\/\",\"url\":\"https:\\\/\\\/gabitel.net\\\/wp-content\\\/uploads\\\/2025\\\/05\\\/logo_gabitel.jpg\",\"contentUrl\":\"https:\\\/\\\/gabitel.net\\\/wp-content\\\/uploads\\\/2025\\\/05\\\/logo_gabitel.jpg\",\"width\":2560,\"height\":1330,\"caption\":\"Gabitel\"},\"image\":{\"@id\":\"https:\\\/\\\/gabitel.net\\\/de\\\/#\\\/schema\\\/logo\\\/image\\\/\"},\"sameAs\":[\"https:\\\/\\\/www.facebook.com\\\/gabitelingenieros\\\/\",\"https:\\\/\\\/es.linkedin.com\\\/company\\\/gabitel-ingenieros\"]},{\"@type\":\"Person\",\"@id\":\"https:\\\/\\\/gabitel.net\\\/de\\\/#\\\/schema\\\/person\\\/37ba53714c3fedb9c7d22f4bc781465c\",\"name\":\"user.autor\",\"url\":\"https:\\\/\\\/gabitel.net\\\/de\\\/author\\\/user-autor\\\/\"}]}<\/script>\n<!-- \/ Yoast SEO plugin. -->","yoast_head_json":{"title":"Tu salud es lo primero: Fototipos de piel \u00bfCu\u00e1l es el tuyo? - Gabitel","robots":{"index":"noindex","follow":"nofollow"},"og_locale":"de_DE","og_type":"article","og_title":"Tu salud es lo primero: Fototipos de piel \u00bfCu\u00e1l es el tuyo? - Gabitel","og_description":"El c\u00e1ncer de piel es uno de los m\u00e1s prevalentes en el mundo, pero tambi\u00e9n uno de los m\u00e1s prevenibles pues, la gran mayor\u00eda, se debe a una exposici\u00f3n a la radiaci\u00f3n ultravioleta sin protecci\u00f3n. Sin embargo, es cierto que la radiaci\u00f3n ultravioleta va a afectar de manera distinta a cada persona pues cada tipo [&hellip;]","og_url":"https:\/\/gabitel.net\/de\/tu-salud-es-lo-primero-fototipos-de-piel-cual-es-el-tuyo\/","og_site_name":"Gabitel","article_publisher":"https:\/\/www.facebook.com\/gabitelingenieros\/","article_published_time":"2024-06-24T11:30:07+00:00","article_modified_time":"2026-04-17T06:50:23+00:00","og_image":[{"width":1000,"height":667,"url":"https:\/\/gabitel.net\/wp-content\/uploads\/2024\/06\/N2.1-FOTO-PORTADA.jpg","type":"image\/jpeg"}],"author":"user.autor","twitter_card":"summary_large_image","twitter_misc":{"Verfasst von":"user.autor","Gesch\u00e4tzte Lesezeit":"2\u00a0Minuten"},"schema":{"@context":"https:\/\/schema.org","@graph":[{"@type":["Article","BlogPosting"],"@id":"https:\/\/gabitel.net\/de\/tu-salud-es-lo-primero-fototipos-de-piel-cual-es-el-tuyo\/#article","isPartOf":{"@id":"https:\/\/gabitel.net\/de\/tu-salud-es-lo-primero-fototipos-de-piel-cual-es-el-tuyo\/"},"author":{"name":"user.autor","@id":"https:\/\/gabitel.net\/de\/#\/schema\/person\/37ba53714c3fedb9c7d22f4bc781465c"},"headline":"Tu salud es lo primero: Fototipos de piel \u00bfCu\u00e1l es el tuyo?","datePublished":"2024-06-24T11:30:07+00:00","dateModified":"2026-04-17T06:50:23+00:00","mainEntityOfPage":{"@id":"https:\/\/gabitel.net\/de\/tu-salud-es-lo-primero-fototipos-de-piel-cual-es-el-tuyo\/"},"wordCount":466,"publisher":{"@id":"https:\/\/gabitel.net\/de\/#organization"},"image":{"@id":"https:\/\/gabitel.net\/de\/tu-salud-es-lo-primero-fototipos-de-piel-cual-es-el-tuyo\/#primaryimage"},"thumbnailUrl":"https:\/\/gabitel.net\/wp-content\/uploads\/2024\/06\/N2.1-FOTO-PORTADA.jpg","articleSection":["Off-topic"],"inLanguage":"de"},{"@type":"WebPage","@id":"https:\/\/gabitel.net\/de\/tu-salud-es-lo-primero-fototipos-de-piel-cual-es-el-tuyo\/","url":"https:\/\/gabitel.net\/de\/tu-salud-es-lo-primero-fototipos-de-piel-cual-es-el-tuyo\/","name":"Tu salud es lo primero: Fototipos de piel \u00bfCu\u00e1l es el tuyo? - Gabitel","isPartOf":{"@id":"https:\/\/gabitel.net\/de\/#website"},"primaryImageOfPage":{"@id":"https:\/\/gabitel.net\/de\/tu-salud-es-lo-primero-fototipos-de-piel-cual-es-el-tuyo\/#primaryimage"},"image":{"@id":"https:\/\/gabitel.net\/de\/tu-salud-es-lo-primero-fototipos-de-piel-cual-es-el-tuyo\/#primaryimage"},"thumbnailUrl":"https:\/\/gabitel.net\/wp-content\/uploads\/2024\/06\/N2.1-FOTO-PORTADA.jpg","datePublished":"2024-06-24T11:30:07+00:00","dateModified":"2026-04-17T06:50:23+00:00","breadcrumb":{"@id":"https:\/\/gabitel.net\/de\/tu-salud-es-lo-primero-fototipos-de-piel-cual-es-el-tuyo\/#breadcrumb"},"inLanguage":"de","potentialAction":[{"@type":"ReadAction","target":["https:\/\/gabitel.net\/de\/tu-salud-es-lo-primero-fototipos-de-piel-cual-es-el-tuyo\/"]}]},{"@type":"ImageObject","inLanguage":"de","@id":"https:\/\/gabitel.net\/de\/tu-salud-es-lo-primero-fototipos-de-piel-cual-es-el-tuyo\/#primaryimage","url":"https:\/\/gabitel.net\/wp-content\/uploads\/2024\/06\/N2.1-FOTO-PORTADA.jpg","contentUrl":"https:\/\/gabitel.net\/wp-content\/uploads\/2024\/06\/N2.1-FOTO-PORTADA.jpg","width":1000,"height":667},{"@type":"BreadcrumbList","@id":"https:\/\/gabitel.net\/de\/tu-salud-es-lo-primero-fototipos-de-piel-cual-es-el-tuyo\/#breadcrumb","itemListElement":[{"@type":"ListItem","position":1,"name":"Portada","item":"https:\/\/gabitel.net\/de\/"},{"@type":"ListItem","position":2,"name":"Tu salud es lo primero: Fototipos de piel \u00bfCu\u00e1l es el tuyo?"}]},{"@type":"WebSite","@id":"https:\/\/gabitel.net\/de\/#website","url":"https:\/\/gabitel.net\/de\/","name":"Gabitel","description":"","publisher":{"@id":"https:\/\/gabitel.net\/de\/#organization"},"potentialAction":[{"@type":"SearchAction","target":{"@type":"EntryPoint","urlTemplate":"https:\/\/gabitel.net\/de\/?s={search_term_string}"},"query-input":{"@type":"PropertyValueSpecification","valueRequired":true,"valueName":"search_term_string"}}],"inLanguage":"de"},{"@type":"Organization","@id":"https:\/\/gabitel.net\/de\/#organization","name":"Gabitel","url":"https:\/\/gabitel.net\/de\/","logo":{"@type":"ImageObject","inLanguage":"de","@id":"https:\/\/gabitel.net\/de\/#\/schema\/logo\/image\/","url":"https:\/\/gabitel.net\/wp-content\/uploads\/2025\/05\/logo_gabitel.jpg","contentUrl":"https:\/\/gabitel.net\/wp-content\/uploads\/2025\/05\/logo_gabitel.jpg","width":2560,"height":1330,"caption":"Gabitel"},"image":{"@id":"https:\/\/gabitel.net\/de\/#\/schema\/logo\/image\/"},"sameAs":["https:\/\/www.facebook.com\/gabitelingenieros\/","https:\/\/es.linkedin.com\/company\/gabitel-ingenieros"]},{"@type":"Person","@id":"https:\/\/gabitel.net\/de\/#\/schema\/person\/37ba53714c3fedb9c7d22f4bc781465c","name":"user.autor","url":"https:\/\/gabitel.net\/de\/author\/user-autor\/"}]}},"_links":{"self":[{"href":"https:\/\/gabitel.net\/de\/wp-json\/wp\/v2\/posts\/32739","targetHints":{"allow":["GET"]}}],"collection":[{"href":"https:\/\/gabitel.net\/de\/wp-json\/wp\/v2\/posts"}],"about":[{"href":"https:\/\/gabitel.net\/de\/wp-json\/wp\/v2\/types\/post"}],"author":[{"embeddable":true,"href":"https:\/\/gabitel.net\/de\/wp-json\/wp\/v2\/users\/3"}],"replies":[{"embeddable":true,"href":"https:\/\/gabitel.net\/de\/wp-json\/wp\/v2\/comments?post=32739"}],"version-history":[{"count":1,"href":"https:\/\/gabitel.net\/de\/wp-json\/wp\/v2\/posts\/32739\/revisions"}],"predecessor-version":[{"id":33278,"href":"https:\/\/gabitel.net\/de\/wp-json\/wp\/v2\/posts\/32739\/revisions\/33278"}],"wp:featuredmedia":[{"embeddable":true,"href":"https:\/\/gabitel.net\/de\/wp-json\/wp\/v2\/media\/35320"}],"wp:attachment":[{"href":"https:\/\/gabitel.net\/de\/wp-json\/wp\/v2\/media?parent=32739"}],"wp:term":[{"taxonomy":"category","embeddable":true,"href":"https:\/\/gabitel.net\/de\/wp-json\/wp\/v2\/categories?post=32739"},{"taxonomy":"post_tag","embeddable":true,"href":"https:\/\/gabitel.net\/de\/wp-json\/wp\/v2\/tags?post=32739"}],"curies":[{"name":"wp","href":"https:\/\/api.w.org\/{rel}","templated":true}]}}