{"id":32743,"date":"2024-06-24T13:30:02","date_gmt":"2024-06-24T11:30:02","guid":{"rendered":"https:\/\/gabitel.net\/entrevista-nuria-perez\/"},"modified":"2026-04-17T08:50:24","modified_gmt":"2026-04-17T06:50:24","slug":"entrevista-nuria-perez","status":"publish","type":"post","link":"https:\/\/gabitel.net\/de\/entrevista-nuria-perez\/","title":{"rendered":"Entrevista: Nuria P\u00e9rez"},"content":{"rendered":"<ol>\n<li><strong>\u00bfC\u00f3mo conociste Gabitel y por qu\u00e9 te interesaste en trabajar con nosotros?<\/strong><\/li>\n<\/ol>\n<p>Gabitel es una empresa conocida en mi pueblo, por los trabajadores que tenemos de mi pueblo y todos lo que han pasado por ella. Un familiar m\u00edo inici\u00f3 unas pr\u00e1cticas en Gabitel un verano entonces fue cuando o\u00ed hablar de la empresa m\u00e1s a fondo, los diferentes departamentos, a qu\u00e9 se dedicaban cada uno de ellos, etc y fue ah\u00ed cuando me creo curiosidad en saber m\u00e1s de ella.<\/p>\n<p>&nbsp;<\/p>\n<ol start=\"2\">\n<li><strong>\u00bfCu\u00e1l es el trabajo que actualmente te encentras realizando en el Departamento de Redes de Distribuci\u00f3n?<\/strong><\/li>\n<\/ol>\n<p>Trabajo en el departamento de Administraci\u00f3n de Redes, entre mis tareas esta gestionar las visitas de campo, facturaci\u00f3n, certificaciones, control del programa que usamos y muchas m\u00e1s, tirando del carro junto con mis compa\u00f1eros &#x1f60a;<\/p>\n<p>&nbsp;<\/p>\n<ol start=\"3\">\n<li><strong>Durante toda trayectoria profesional en Gabitel, \u00bfpodr\u00edas contarnos alguna an\u00e9cdota graciosa o que recuerdes especialmente?<\/strong><\/li>\n<\/ol>\n<p>Me dirig\u00eda al ba\u00f1o de la primera planta cuando me encontr\u00e9 con la limpiadora, al ver que ella estaba limpiando me pidi\u00f3 por favor que subiera al ba\u00f1o de la segunda planta (el cual no sab\u00eda ni donde estaba ubicado), cerr\u00e9 la puerta con el cerrojo. Cuando fui a salir algo iba mal y la puerta no habr\u00eda por m\u00e1s que lo intentaba, no sab\u00eda que hacer toque en la puerta por si alguien estaba esperando o me o\u00eda, sin respuesta ninguna (ella rubia lista fue al ba\u00f1o sin m\u00f3vil). Me puse a observar el aseo de arriba abajo, pulse un bot\u00f3n que hab\u00eda, tire de un cord\u00f3n que colgaba de la pared\u2026desesperada.<\/p>\n<p>No pod\u00eda parar de re\u00edrme porque no ten\u00eda ni idea de c\u00f3mo iba a salir de ah\u00ed, pero alguien vendr\u00eda digo yo, de repente tocaron en la puerta y era el conserje al rescate.<\/p>\n<p>&nbsp;<\/p>\n<ol start=\"4\">\n<li><strong>Para saber algo m\u00e1s de ti, \u00bfQu\u00e9 cosas o tipo de actividades te gusta hacer en tu vida personal?<\/strong><\/li>\n<\/ol>\n<p>Dedico bastante tiempo a la lectura, amante de los atardeceres y de la playa, por lo que una de mis actividades favoritas es Paddle surf. Ir de compras, salir con amigos y dedicar tiempo a los m\u00edos como terap\u00eda.<\/p>\n<p>&nbsp;<\/p>\n<ol start=\"5\">\n<li><strong>Ah\u00ed va la pregunta enviada por nuestra compa\u00f1era Gretchen: \u00bfCu\u00e1l consideras que ha sido tu mayor logro profesional hasta el momento y c\u00f3mo crees que has contribuido al crecimiento de la empresa?<\/strong><\/li>\n<\/ol>\n<p>Pienso que todos los objetivos que consiga una persona con trabajo y esfuerzo ya es un gran logro, para m\u00ed un gran logro ha sido que mis responsables contaran conmigo para unas de las ultimas tareas que me encomendaron como por ejemplo gestionar las visitas ya que es importante para que prosiga el curso de los expedientes.<\/p>\n<p>&nbsp;<\/p>\n<ol start=\"6\">\n<li><strong>Env\u00edale una pregunta para el pr\u00f3ximo compa\u00f1ero que ser\u00e1 entrevistado<\/strong><\/li>\n<\/ol>\n<p>\u00bfQu\u00e9 es m\u00e1s eficaz el trabajo en grupo o individual? \u00bfPiensas que has alcanzado todo tu potencial en tu puesto de trabajo?<\/p>\n","protected":false},"excerpt":{"rendered":"<p>\u00bfC\u00f3mo conociste Gabitel y por qu\u00e9 te interesaste en trabajar con nosotros? Gabitel es una empresa conocida en mi pueblo, por los trabajadores que tenemos de mi pueblo y todos lo que han pasado por ella. Un familiar m\u00edo inici\u00f3 unas pr\u00e1cticas en Gabitel un verano entonces fue cuando o\u00ed hablar de la empresa m\u00e1s [&hellip;]<\/p>\n","protected":false},"author":3,"featured_media":35322,"comment_status":"closed","ping_status":"closed","sticky":false,"template":"","format":"standard","meta":{"content-type":"","footnotes":""},"categories":[600],"tags":[],"class_list":["post-32743","post","type-post","status-publish","format-standard","has-post-thumbnail","hentry","category-off-topic-de"],"yoast_head":"<!-- This site is optimized with the Yoast SEO plugin v27.5 - https:\/\/yoast.com\/product\/yoast-seo-wordpress\/ -->\n<title>Entrevista: Nuria P\u00e9rez - Gabitel<\/title>\n<meta name=\"robots\" content=\"noindex, nofollow\" \/>\n<meta property=\"og:locale\" content=\"de_DE\" \/>\n<meta property=\"og:type\" content=\"article\" \/>\n<meta property=\"og:title\" content=\"Entrevista: Nuria P\u00e9rez - Gabitel\" \/>\n<meta property=\"og:description\" content=\"\u00bfC\u00f3mo conociste Gabitel y por qu\u00e9 te interesaste en trabajar con nosotros? Gabitel es una empresa conocida en mi pueblo, por los trabajadores que tenemos de mi pueblo y todos lo que han pasado por ella. Un familiar m\u00edo inici\u00f3 unas pr\u00e1cticas en Gabitel un verano entonces fue cuando o\u00ed hablar de la empresa m\u00e1s [&hellip;]\" \/>\n<meta property=\"og:url\" content=\"https:\/\/gabitel.net\/de\/entrevista-nuria-perez\/\" \/>\n<meta property=\"og:site_name\" content=\"Gabitel\" \/>\n<meta property=\"article:publisher\" content=\"https:\/\/www.facebook.com\/gabitelingenieros\/\" \/>\n<meta property=\"article:published_time\" content=\"2024-06-24T11:30:02+00:00\" \/>\n<meta property=\"article:modified_time\" content=\"2026-04-17T06:50:24+00:00\" \/>\n<meta property=\"og:image\" content=\"https:\/\/gabitel.net\/wp-content\/uploads\/2024\/04\/N4.1-FOTO-ENTREVISTA-PORTADA-NURIA-PEREZ.png\" \/>\n\t<meta property=\"og:image:width\" content=\"671\" \/>\n\t<meta property=\"og:image:height\" content=\"632\" \/>\n\t<meta property=\"og:image:type\" content=\"image\/png\" \/>\n<meta name=\"author\" content=\"user.autor\" \/>\n<meta name=\"twitter:card\" content=\"summary_large_image\" \/>\n<meta name=\"twitter:label1\" content=\"Verfasst von\" \/>\n\t<meta name=\"twitter:data1\" content=\"user.autor\" \/>\n\t<meta name=\"twitter:label2\" content=\"Gesch\u00e4tzte Lesezeit\" \/>\n\t<meta name=\"twitter:data2\" content=\"3\u00a0Minuten\" \/>\n<script type=\"application\/ld+json\" class=\"yoast-schema-graph\">{\"@context\":\"https:\\\/\\\/schema.org\",\"@graph\":[{\"@type\":[\"Article\",\"BlogPosting\"],\"@id\":\"https:\\\/\\\/gabitel.net\\\/de\\\/entrevista-nuria-perez\\\/#article\",\"isPartOf\":{\"@id\":\"https:\\\/\\\/gabitel.net\\\/de\\\/entrevista-nuria-perez\\\/\"},\"author\":{\"name\":\"user.autor\",\"@id\":\"https:\\\/\\\/gabitel.net\\\/de\\\/#\\\/schema\\\/person\\\/37ba53714c3fedb9c7d22f4bc781465c\"},\"headline\":\"Entrevista: Nuria P\u00e9rez\",\"datePublished\":\"2024-06-24T11:30:02+00:00\",\"dateModified\":\"2026-04-17T06:50:24+00:00\",\"mainEntityOfPage\":{\"@id\":\"https:\\\/\\\/gabitel.net\\\/de\\\/entrevista-nuria-perez\\\/\"},\"wordCount\":526,\"publisher\":{\"@id\":\"https:\\\/\\\/gabitel.net\\\/de\\\/#organization\"},\"image\":{\"@id\":\"https:\\\/\\\/gabitel.net\\\/de\\\/entrevista-nuria-perez\\\/#primaryimage\"},\"thumbnailUrl\":\"https:\\\/\\\/gabitel.net\\\/wp-content\\\/uploads\\\/2024\\\/04\\\/N4.1-FOTO-ENTREVISTA-PORTADA-NURIA-PEREZ.png\",\"articleSection\":[\"Off-topic\"],\"inLanguage\":\"de\"},{\"@type\":\"WebPage\",\"@id\":\"https:\\\/\\\/gabitel.net\\\/de\\\/entrevista-nuria-perez\\\/\",\"url\":\"https:\\\/\\\/gabitel.net\\\/de\\\/entrevista-nuria-perez\\\/\",\"name\":\"Entrevista: Nuria P\u00e9rez - Gabitel\",\"isPartOf\":{\"@id\":\"https:\\\/\\\/gabitel.net\\\/de\\\/#website\"},\"primaryImageOfPage\":{\"@id\":\"https:\\\/\\\/gabitel.net\\\/de\\\/entrevista-nuria-perez\\\/#primaryimage\"},\"image\":{\"@id\":\"https:\\\/\\\/gabitel.net\\\/de\\\/entrevista-nuria-perez\\\/#primaryimage\"},\"thumbnailUrl\":\"https:\\\/\\\/gabitel.net\\\/wp-content\\\/uploads\\\/2024\\\/04\\\/N4.1-FOTO-ENTREVISTA-PORTADA-NURIA-PEREZ.png\",\"datePublished\":\"2024-06-24T11:30:02+00:00\",\"dateModified\":\"2026-04-17T06:50:24+00:00\",\"breadcrumb\":{\"@id\":\"https:\\\/\\\/gabitel.net\\\/de\\\/entrevista-nuria-perez\\\/#breadcrumb\"},\"inLanguage\":\"de\",\"potentialAction\":[{\"@type\":\"ReadAction\",\"target\":[\"https:\\\/\\\/gabitel.net\\\/de\\\/entrevista-nuria-perez\\\/\"]}]},{\"@type\":\"ImageObject\",\"inLanguage\":\"de\",\"@id\":\"https:\\\/\\\/gabitel.net\\\/de\\\/entrevista-nuria-perez\\\/#primaryimage\",\"url\":\"https:\\\/\\\/gabitel.net\\\/wp-content\\\/uploads\\\/2024\\\/04\\\/N4.1-FOTO-ENTREVISTA-PORTADA-NURIA-PEREZ.png\",\"contentUrl\":\"https:\\\/\\\/gabitel.net\\\/wp-content\\\/uploads\\\/2024\\\/04\\\/N4.1-FOTO-ENTREVISTA-PORTADA-NURIA-PEREZ.png\",\"width\":671,\"height\":632},{\"@type\":\"BreadcrumbList\",\"@id\":\"https:\\\/\\\/gabitel.net\\\/de\\\/entrevista-nuria-perez\\\/#breadcrumb\",\"itemListElement\":[{\"@type\":\"ListItem\",\"position\":1,\"name\":\"Portada\",\"item\":\"https:\\\/\\\/gabitel.net\\\/de\\\/\"},{\"@type\":\"ListItem\",\"position\":2,\"name\":\"Entrevista: Nuria P\u00e9rez\"}]},{\"@type\":\"WebSite\",\"@id\":\"https:\\\/\\\/gabitel.net\\\/de\\\/#website\",\"url\":\"https:\\\/\\\/gabitel.net\\\/de\\\/\",\"name\":\"Gabitel\",\"description\":\"\",\"publisher\":{\"@id\":\"https:\\\/\\\/gabitel.net\\\/de\\\/#organization\"},\"potentialAction\":[{\"@type\":\"SearchAction\",\"target\":{\"@type\":\"EntryPoint\",\"urlTemplate\":\"https:\\\/\\\/gabitel.net\\\/de\\\/?s={search_term_string}\"},\"query-input\":{\"@type\":\"PropertyValueSpecification\",\"valueRequired\":true,\"valueName\":\"search_term_string\"}}],\"inLanguage\":\"de\"},{\"@type\":\"Organization\",\"@id\":\"https:\\\/\\\/gabitel.net\\\/de\\\/#organization\",\"name\":\"Gabitel\",\"url\":\"https:\\\/\\\/gabitel.net\\\/de\\\/\",\"logo\":{\"@type\":\"ImageObject\",\"inLanguage\":\"de\",\"@id\":\"https:\\\/\\\/gabitel.net\\\/de\\\/#\\\/schema\\\/logo\\\/image\\\/\",\"url\":\"https:\\\/\\\/gabitel.net\\\/wp-content\\\/uploads\\\/2025\\\/05\\\/logo_gabitel.jpg\",\"contentUrl\":\"https:\\\/\\\/gabitel.net\\\/wp-content\\\/uploads\\\/2025\\\/05\\\/logo_gabitel.jpg\",\"width\":2560,\"height\":1330,\"caption\":\"Gabitel\"},\"image\":{\"@id\":\"https:\\\/\\\/gabitel.net\\\/de\\\/#\\\/schema\\\/logo\\\/image\\\/\"},\"sameAs\":[\"https:\\\/\\\/www.facebook.com\\\/gabitelingenieros\\\/\",\"https:\\\/\\\/es.linkedin.com\\\/company\\\/gabitel-ingenieros\"]},{\"@type\":\"Person\",\"@id\":\"https:\\\/\\\/gabitel.net\\\/de\\\/#\\\/schema\\\/person\\\/37ba53714c3fedb9c7d22f4bc781465c\",\"name\":\"user.autor\",\"url\":\"https:\\\/\\\/gabitel.net\\\/de\\\/author\\\/user-autor\\\/\"}]}<\/script>\n<!-- \/ Yoast SEO plugin. -->","yoast_head_json":{"title":"Entrevista: Nuria P\u00e9rez - Gabitel","robots":{"index":"noindex","follow":"nofollow"},"og_locale":"de_DE","og_type":"article","og_title":"Entrevista: Nuria P\u00e9rez - Gabitel","og_description":"\u00bfC\u00f3mo conociste Gabitel y por qu\u00e9 te interesaste en trabajar con nosotros? Gabitel es una empresa conocida en mi pueblo, por los trabajadores que tenemos de mi pueblo y todos lo que han pasado por ella. Un familiar m\u00edo inici\u00f3 unas pr\u00e1cticas en Gabitel un verano entonces fue cuando o\u00ed hablar de la empresa m\u00e1s [&hellip;]","og_url":"https:\/\/gabitel.net\/de\/entrevista-nuria-perez\/","og_site_name":"Gabitel","article_publisher":"https:\/\/www.facebook.com\/gabitelingenieros\/","article_published_time":"2024-06-24T11:30:02+00:00","article_modified_time":"2026-04-17T06:50:24+00:00","og_image":[{"width":671,"height":632,"url":"https:\/\/gabitel.net\/wp-content\/uploads\/2024\/04\/N4.1-FOTO-ENTREVISTA-PORTADA-NURIA-PEREZ.png","type":"image\/png"}],"author":"user.autor","twitter_card":"summary_large_image","twitter_misc":{"Verfasst von":"user.autor","Gesch\u00e4tzte Lesezeit":"3\u00a0Minuten"},"schema":{"@context":"https:\/\/schema.org","@graph":[{"@type":["Article","BlogPosting"],"@id":"https:\/\/gabitel.net\/de\/entrevista-nuria-perez\/#article","isPartOf":{"@id":"https:\/\/gabitel.net\/de\/entrevista-nuria-perez\/"},"author":{"name":"user.autor","@id":"https:\/\/gabitel.net\/de\/#\/schema\/person\/37ba53714c3fedb9c7d22f4bc781465c"},"headline":"Entrevista: Nuria P\u00e9rez","datePublished":"2024-06-24T11:30:02+00:00","dateModified":"2026-04-17T06:50:24+00:00","mainEntityOfPage":{"@id":"https:\/\/gabitel.net\/de\/entrevista-nuria-perez\/"},"wordCount":526,"publisher":{"@id":"https:\/\/gabitel.net\/de\/#organization"},"image":{"@id":"https:\/\/gabitel.net\/de\/entrevista-nuria-perez\/#primaryimage"},"thumbnailUrl":"https:\/\/gabitel.net\/wp-content\/uploads\/2024\/04\/N4.1-FOTO-ENTREVISTA-PORTADA-NURIA-PEREZ.png","articleSection":["Off-topic"],"inLanguage":"de"},{"@type":"WebPage","@id":"https:\/\/gabitel.net\/de\/entrevista-nuria-perez\/","url":"https:\/\/gabitel.net\/de\/entrevista-nuria-perez\/","name":"Entrevista: Nuria P\u00e9rez - Gabitel","isPartOf":{"@id":"https:\/\/gabitel.net\/de\/#website"},"primaryImageOfPage":{"@id":"https:\/\/gabitel.net\/de\/entrevista-nuria-perez\/#primaryimage"},"image":{"@id":"https:\/\/gabitel.net\/de\/entrevista-nuria-perez\/#primaryimage"},"thumbnailUrl":"https:\/\/gabitel.net\/wp-content\/uploads\/2024\/04\/N4.1-FOTO-ENTREVISTA-PORTADA-NURIA-PEREZ.png","datePublished":"2024-06-24T11:30:02+00:00","dateModified":"2026-04-17T06:50:24+00:00","breadcrumb":{"@id":"https:\/\/gabitel.net\/de\/entrevista-nuria-perez\/#breadcrumb"},"inLanguage":"de","potentialAction":[{"@type":"ReadAction","target":["https:\/\/gabitel.net\/de\/entrevista-nuria-perez\/"]}]},{"@type":"ImageObject","inLanguage":"de","@id":"https:\/\/gabitel.net\/de\/entrevista-nuria-perez\/#primaryimage","url":"https:\/\/gabitel.net\/wp-content\/uploads\/2024\/04\/N4.1-FOTO-ENTREVISTA-PORTADA-NURIA-PEREZ.png","contentUrl":"https:\/\/gabitel.net\/wp-content\/uploads\/2024\/04\/N4.1-FOTO-ENTREVISTA-PORTADA-NURIA-PEREZ.png","width":671,"height":632},{"@type":"BreadcrumbList","@id":"https:\/\/gabitel.net\/de\/entrevista-nuria-perez\/#breadcrumb","itemListElement":[{"@type":"ListItem","position":1,"name":"Portada","item":"https:\/\/gabitel.net\/de\/"},{"@type":"ListItem","position":2,"name":"Entrevista: Nuria P\u00e9rez"}]},{"@type":"WebSite","@id":"https:\/\/gabitel.net\/de\/#website","url":"https:\/\/gabitel.net\/de\/","name":"Gabitel","description":"","publisher":{"@id":"https:\/\/gabitel.net\/de\/#organization"},"potentialAction":[{"@type":"SearchAction","target":{"@type":"EntryPoint","urlTemplate":"https:\/\/gabitel.net\/de\/?s={search_term_string}"},"query-input":{"@type":"PropertyValueSpecification","valueRequired":true,"valueName":"search_term_string"}}],"inLanguage":"de"},{"@type":"Organization","@id":"https:\/\/gabitel.net\/de\/#organization","name":"Gabitel","url":"https:\/\/gabitel.net\/de\/","logo":{"@type":"ImageObject","inLanguage":"de","@id":"https:\/\/gabitel.net\/de\/#\/schema\/logo\/image\/","url":"https:\/\/gabitel.net\/wp-content\/uploads\/2025\/05\/logo_gabitel.jpg","contentUrl":"https:\/\/gabitel.net\/wp-content\/uploads\/2025\/05\/logo_gabitel.jpg","width":2560,"height":1330,"caption":"Gabitel"},"image":{"@id":"https:\/\/gabitel.net\/de\/#\/schema\/logo\/image\/"},"sameAs":["https:\/\/www.facebook.com\/gabitelingenieros\/","https:\/\/es.linkedin.com\/company\/gabitel-ingenieros"]},{"@type":"Person","@id":"https:\/\/gabitel.net\/de\/#\/schema\/person\/37ba53714c3fedb9c7d22f4bc781465c","name":"user.autor","url":"https:\/\/gabitel.net\/de\/author\/user-autor\/"}]}},"_links":{"self":[{"href":"https:\/\/gabitel.net\/de\/wp-json\/wp\/v2\/posts\/32743","targetHints":{"allow":["GET"]}}],"collection":[{"href":"https:\/\/gabitel.net\/de\/wp-json\/wp\/v2\/posts"}],"about":[{"href":"https:\/\/gabitel.net\/de\/wp-json\/wp\/v2\/types\/post"}],"author":[{"embeddable":true,"href":"https:\/\/gabitel.net\/de\/wp-json\/wp\/v2\/users\/3"}],"replies":[{"embeddable":true,"href":"https:\/\/gabitel.net\/de\/wp-json\/wp\/v2\/comments?post=32743"}],"version-history":[{"count":1,"href":"https:\/\/gabitel.net\/de\/wp-json\/wp\/v2\/posts\/32743\/revisions"}],"predecessor-version":[{"id":33282,"href":"https:\/\/gabitel.net\/de\/wp-json\/wp\/v2\/posts\/32743\/revisions\/33282"}],"wp:featuredmedia":[{"embeddable":true,"href":"https:\/\/gabitel.net\/de\/wp-json\/wp\/v2\/media\/35322"}],"wp:attachment":[{"href":"https:\/\/gabitel.net\/de\/wp-json\/wp\/v2\/media?parent=32743"}],"wp:term":[{"taxonomy":"category","embeddable":true,"href":"https:\/\/gabitel.net\/de\/wp-json\/wp\/v2\/categories?post=32743"},{"taxonomy":"post_tag","embeddable":true,"href":"https:\/\/gabitel.net\/de\/wp-json\/wp\/v2\/tags?post=32743"}],"curies":[{"name":"wp","href":"https:\/\/api.w.org\/{rel}","templated":true}]}}