{"id":32757,"date":"2024-03-04T13:30:45","date_gmt":"2024-03-04T12:30:45","guid":{"rendered":"https:\/\/gabitel.net\/cumpleanos-de-los-meses-de-enero-y-febrero-de-2024\/"},"modified":"2026-04-17T08:50:46","modified_gmt":"2026-04-17T06:50:46","slug":"cumpleanos-de-los-meses-de-enero-y-febrero-de-2024","status":"publish","type":"post","link":"https:\/\/gabitel.net\/de\/cumpleanos-de-los-meses-de-enero-y-febrero-de-2024\/","title":{"rendered":"Cumplea\u00f1os de los meses de Enero y Febrero 2024"},"content":{"rendered":"<p style=\"text-align: center;\"><strong>\u00a1FELIZ CUMPLEA\u00d1OS, COMPA\u00d1ER@S<\/strong><\/p>\n<p>&nbsp;<\/p>\n<p>Iniciamos este a\u00f1o 2024 felicitando a nuestros compa\u00f1eros que han celebrado sus cumplea\u00f1os en estos meses de enero y febrero.<\/p>\n<p>&nbsp;<\/p>\n<p style=\"text-align: center;\">\u00a1<strong><em>Muchas felicidades<\/em><\/strong>!<\/p>\n<p>&nbsp;<\/p>\n<p>Esperamos que todos vuestros deseos y prop\u00f3sitos para este a\u00f1o que os suma en vuestras vidas se hagan realidad.<\/p>\n<p>&nbsp;<\/p>\n<p style=\"text-align: center;\"><strong>ENERO<\/strong><\/p>\n<p>&nbsp;<\/p>\n<p><img decoding=\"async\" src=\"https:\/\/gabitelingenieros.com\/wp-content\/uploads\/2023\/12\/Jesus-Cuesta.jpg\" alt=\"Cumplea\u00f1os de los meses | Gabitel Ingenieros\" \/><\/p>\n<p style=\"text-align: center;\">Jes\u00fas Cuesta<\/p>\n<p style=\"text-align: center;\"><strong>4 de enero<\/strong><\/p>\n<p><img decoding=\"async\" src=\"https:\/\/gabitelingenieros.com\/wp-content\/uploads\/2023\/12\/Claudia-Orozco.jpg\" alt=\"Cumplea\u00f1os de los meses | Gabitel Ingenieros\" \/><\/p>\n<p style=\"text-align: center;\">Claudia Orozco<\/p>\n<p style=\"text-align: center;\"><strong>4 de enero<\/strong><\/p>\n<p><img decoding=\"async\" src=\"https:\/\/gabitelingenieros.com\/wp-content\/uploads\/2023\/12\/Antonio-Medina.jpg\" alt=\"Cumplea\u00f1os de los meses | Gabitel Ingenieros\" \/><\/p>\n<p style=\"text-align: center;\">Antonio Medina<\/p>\n<p style=\"text-align: center;\"><strong>6 de enero<\/strong><\/p>\n<p><img decoding=\"async\" src=\"https:\/\/gabitelingenieros.com\/wp-content\/uploads\/2023\/12\/Kendy-Salas.jpg\" alt=\"Cumplea\u00f1os de los meses | Gabitel Ingenieros\" \/><\/p>\n<p style=\"text-align: center;\">Kendy Salas<\/p>\n<p style=\"text-align: center;\"><strong>9 de enero<\/strong><\/p>\n<p><img decoding=\"async\" src=\"https:\/\/gabitelingenieros.com\/wp-content\/uploads\/2023\/12\/Demetrio-Cid.jpg\" alt=\"Cumplea\u00f1os de los meses | Gabitel Ingenieros\" \/><\/p>\n<p style=\"text-align: center;\">Demetrio Cid<\/p>\n<p style=\"text-align: center;\"><strong>11 de enero<\/strong><\/p>\n<p><img decoding=\"async\" src=\"https:\/\/gabitelingenieros.com\/wp-content\/uploads\/2023\/12\/Marta-Flores.jpg\" alt=\"Cumplea\u00f1os de los meses | Gabitel Ingenieros\" \/><\/p>\n<p style=\"text-align: center;\">Marta Flores<\/p>\n<p style=\"text-align: center;\"><strong>12 de enero<\/strong><\/p>\n<p><img decoding=\"async\" src=\"https:\/\/gabitelingenieros.com\/wp-content\/uploads\/2023\/12\/Luis-Portero.jpg\" alt=\"Cumplea\u00f1os de los meses | Gabitel Ingenieros\" \/><\/p>\n<p style=\"text-align: center;\">Luis portero<\/p>\n<p style=\"text-align: center;\"><strong>13 de enero<\/strong><\/p>\n<p><img decoding=\"async\" src=\"https:\/\/gabitelingenieros.com\/wp-content\/uploads\/2023\/12\/Vanesa-Delgado.jpg\" alt=\"Cumplea\u00f1os de los meses | Gabitel Ingenieros\" \/><\/p>\n<p style=\"text-align: center;\">Vanesa Delgado<\/p>\n<p style=\"text-align: center;\"><strong>15 de enero<\/strong><\/p>\n<p>&nbsp;<\/p>\n<p style=\"text-align: center;\"><strong>FEBRERO<\/strong><\/p>\n<p><img decoding=\"async\" src=\"https:\/\/gabitelingenieros.com\/wp-content\/uploads\/2023\/12\/Cristina-Sanchez.jpg\" alt=\"Cumplea\u00f1os de los meses | Gabitel Ingenieros\" \/><\/p>\n<p style=\"text-align: center;\">Cristina S\u00e1nchez<\/p>\n<p style=\"text-align: center;\"><strong>18 de enero<\/strong><\/p>\n<p><img decoding=\"async\" src=\"https:\/\/gabitelingenieros.com\/wp-content\/uploads\/2023\/12\/Pedro-Prieto.jpg\" alt=\"Cumplea\u00f1os de los meses | Gabitel Ingenieros\" \/><\/p>\n<p style=\"text-align: center;\">Pedro Prieto<\/p>\n<p style=\"text-align: center;\"><strong>25 de enero<\/strong><\/p>\n<p><img decoding=\"async\" src=\"https:\/\/gabitelingenieros.com\/wp-content\/uploads\/2023\/12\/Antonio-Perez.jpg\" alt=\"Cumplea\u00f1os de los meses | Gabitel Ingenieros\" \/><\/p>\n<p style=\"text-align: center;\">Antonio P\u00e9rez<\/p>\n<p style=\"text-align: center;\"><strong>26 de enero<\/strong><\/p>\n<p><img decoding=\"async\" src=\"https:\/\/gabitelingenieros.com\/wp-content\/uploads\/2023\/12\/Daniel-Cruces.jpg\" alt=\"Cumplea\u00f1os de los meses | Gabitel Ingenieros\" \/><\/p>\n<p style=\"text-align: center;\">Daniel Cruces<\/p>\n<p style=\"text-align: center;\"><strong>29 de enero<\/strong><\/p>\n<p><img decoding=\"async\" src=\"https:\/\/gabitelingenieros.com\/wp-content\/uploads\/2023\/12\/Rosa-Leal.jpg\" alt=\"Cumplea\u00f1os de los meses | Gabitel Ingenieros\" \/><\/p>\n<p style=\"text-align: center;\">Rosa Leal<\/p>\n<p style=\"text-align: center;\"><strong>4 de febrero<\/strong><\/p>\n<p><img decoding=\"async\" src=\"https:\/\/gabitelingenieros.com\/wp-content\/uploads\/2023\/12\/Jaime-Mayol.jpg\" alt=\"Cumplea\u00f1os de los meses | Gabitel Ingenieros\" \/><\/p>\n<p style=\"text-align: center;\">Jaime Mayol<\/p>\n<p style=\"text-align: center;\"><strong>5 de febrero<\/strong><\/p>\n<p><img decoding=\"async\" src=\"https:\/\/gabitelingenieros.com\/wp-content\/uploads\/2023\/12\/Javier-Alvarez.jpg\" alt=\"Cumplea\u00f1os de los meses | Gabitel Ingenieros\" \/><\/p>\n<p style=\"text-align: center;\">Javier \u00c1lvarez<\/p>\n<p style=\"text-align: center;\"><strong>10 de febrero<\/strong><\/p>\n<p><img decoding=\"async\" src=\"https:\/\/gabitelingenieros.com\/wp-content\/uploads\/2023\/12\/Marta-Alcantara.jpg\" alt=\"Cumplea\u00f1os de los meses | Gabitel Ingenieros\" \/><\/p>\n<p style=\"text-align: center;\">Marta \u00c1lcantara<\/p>\n<p style=\"text-align: center;\"><strong>14 de febrero<\/strong><\/p>\n<p><img decoding=\"async\" src=\"https:\/\/gabitelingenieros.com\/wp-content\/uploads\/2023\/12\/Rafael-Roman.jpg\" alt=\"Cumplea\u00f1os de los meses | Gabitel Ingenieros\" \/><\/p>\n<p style=\"text-align: center;\">Rafael Rom\u00e1n<\/p>\n<p style=\"text-align: center;\"><strong>16 de febrero<\/strong><\/p>\n<p><img decoding=\"async\" src=\"https:\/\/gabitelingenieros.com\/wp-content\/uploads\/2023\/12\/Marcos-Gomez.jpg\" alt=\"Cumplea\u00f1os de los meses | Gabitel Ingenieros\" \/><\/p>\n<p style=\"text-align: center;\">Marcos G\u00f3mez<\/p>\n<p style=\"text-align: center;\"><strong>24 de febrero<\/strong><\/p>\n<p><strong>Celebremos seguir compartiendo con nosotros grandes momentos de vuestras vidas y crucemos los dedos para que todos vuestros deseos puestos en este nuevo a\u00f1o que cumpl\u00eds se hagan realidad <\/strong><strong>&#x1f60a;<\/strong>.<\/p>\n","protected":false},"excerpt":{"rendered":"<p>\u00a1FELIZ CUMPLEA\u00d1OS, COMPA\u00d1ER@S &nbsp; Iniciamos este a\u00f1o 2024 felicitando a nuestros compa\u00f1eros que han celebrado sus cumplea\u00f1os en estos meses de enero y febrero. &nbsp; \u00a1Muchas felicidades! &nbsp; Esperamos que todos vuestros deseos y prop\u00f3sitos para este a\u00f1o que os suma en vuestras vidas se hagan realidad. &nbsp; ENERO &nbsp; Jes\u00fas Cuesta 4 de enero [&hellip;]<\/p>\n","protected":false},"author":3,"featured_media":35236,"comment_status":"closed","ping_status":"closed","sticky":false,"template":"","format":"standard","meta":{"content-type":"","footnotes":""},"categories":[600],"tags":[],"class_list":["post-32757","post","type-post","status-publish","format-standard","has-post-thumbnail","hentry","category-off-topic-de"],"yoast_head":"<!-- This site is optimized with the Yoast SEO plugin v27.5 - https:\/\/yoast.com\/product\/yoast-seo-wordpress\/ -->\n<title>Cumplea\u00f1os de los meses de Enero y Febrero 2024 - Gabitel<\/title>\n<meta name=\"robots\" content=\"noindex, nofollow\" \/>\n<meta property=\"og:locale\" content=\"de_DE\" \/>\n<meta property=\"og:type\" content=\"article\" \/>\n<meta property=\"og:title\" content=\"Cumplea\u00f1os de los meses de Enero y Febrero 2024 - Gabitel\" \/>\n<meta property=\"og:description\" content=\"\u00a1FELIZ CUMPLEA\u00d1OS, COMPA\u00d1ER@S &nbsp; Iniciamos este a\u00f1o 2024 felicitando a nuestros compa\u00f1eros que han celebrado sus cumplea\u00f1os en estos meses de enero y febrero. &nbsp; \u00a1Muchas felicidades! &nbsp; Esperamos que todos vuestros deseos y prop\u00f3sitos para este a\u00f1o que os suma en vuestras vidas se hagan realidad. &nbsp; ENERO &nbsp; Jes\u00fas Cuesta 4 de enero [&hellip;]\" \/>\n<meta property=\"og:url\" content=\"https:\/\/gabitel.net\/de\/cumpleanos-de-los-meses-de-enero-y-febrero-de-2024\/\" \/>\n<meta property=\"og:site_name\" content=\"Gabitel\" \/>\n<meta property=\"article:publisher\" content=\"https:\/\/www.facebook.com\/gabitelingenieros\/\" \/>\n<meta property=\"article:published_time\" content=\"2024-03-04T12:30:45+00:00\" \/>\n<meta property=\"article:modified_time\" content=\"2026-04-17T06:50:46+00:00\" \/>\n<meta property=\"og:image\" content=\"https:\/\/gabitel.net\/wp-content\/uploads\/2023\/12\/Felicitacion-min.jpg\" \/>\n\t<meta property=\"og:image:width\" content=\"896\" \/>\n\t<meta property=\"og:image:height\" content=\"504\" \/>\n\t<meta property=\"og:image:type\" content=\"image\/jpeg\" \/>\n<meta name=\"author\" content=\"user.autor\" \/>\n<meta name=\"twitter:card\" content=\"summary_large_image\" \/>\n<meta name=\"twitter:label1\" content=\"Verfasst von\" \/>\n\t<meta name=\"twitter:data1\" content=\"user.autor\" \/>\n\t<meta name=\"twitter:label2\" content=\"Gesch\u00e4tzte Lesezeit\" \/>\n\t<meta name=\"twitter:data2\" content=\"1\u00a0Minute\" \/>\n<script type=\"application\/ld+json\" class=\"yoast-schema-graph\">{\"@context\":\"https:\\\/\\\/schema.org\",\"@graph\":[{\"@type\":[\"Article\",\"BlogPosting\"],\"@id\":\"https:\\\/\\\/gabitel.net\\\/de\\\/cumpleanos-de-los-meses-de-enero-y-febrero-de-2024\\\/#article\",\"isPartOf\":{\"@id\":\"https:\\\/\\\/gabitel.net\\\/de\\\/cumpleanos-de-los-meses-de-enero-y-febrero-de-2024\\\/\"},\"author\":{\"name\":\"user.autor\",\"@id\":\"https:\\\/\\\/gabitel.net\\\/de\\\/#\\\/schema\\\/person\\\/37ba53714c3fedb9c7d22f4bc781465c\"},\"headline\":\"Cumplea\u00f1os de los meses de Enero y Febrero 2024\",\"datePublished\":\"2024-03-04T12:30:45+00:00\",\"dateModified\":\"2026-04-17T06:50:46+00:00\",\"mainEntityOfPage\":{\"@id\":\"https:\\\/\\\/gabitel.net\\\/de\\\/cumpleanos-de-los-meses-de-enero-y-febrero-de-2024\\\/\"},\"wordCount\":179,\"publisher\":{\"@id\":\"https:\\\/\\\/gabitel.net\\\/de\\\/#organization\"},\"image\":{\"@id\":\"https:\\\/\\\/gabitel.net\\\/de\\\/cumpleanos-de-los-meses-de-enero-y-febrero-de-2024\\\/#primaryimage\"},\"thumbnailUrl\":\"https:\\\/\\\/gabitel.net\\\/wp-content\\\/uploads\\\/2023\\\/12\\\/Felicitacion-min.jpg\",\"articleSection\":[\"Off-topic\"],\"inLanguage\":\"de\"},{\"@type\":\"WebPage\",\"@id\":\"https:\\\/\\\/gabitel.net\\\/de\\\/cumpleanos-de-los-meses-de-enero-y-febrero-de-2024\\\/\",\"url\":\"https:\\\/\\\/gabitel.net\\\/de\\\/cumpleanos-de-los-meses-de-enero-y-febrero-de-2024\\\/\",\"name\":\"Cumplea\u00f1os de los meses de Enero y Febrero 2024 - Gabitel\",\"isPartOf\":{\"@id\":\"https:\\\/\\\/gabitel.net\\\/de\\\/#website\"},\"primaryImageOfPage\":{\"@id\":\"https:\\\/\\\/gabitel.net\\\/de\\\/cumpleanos-de-los-meses-de-enero-y-febrero-de-2024\\\/#primaryimage\"},\"image\":{\"@id\":\"https:\\\/\\\/gabitel.net\\\/de\\\/cumpleanos-de-los-meses-de-enero-y-febrero-de-2024\\\/#primaryimage\"},\"thumbnailUrl\":\"https:\\\/\\\/gabitel.net\\\/wp-content\\\/uploads\\\/2023\\\/12\\\/Felicitacion-min.jpg\",\"datePublished\":\"2024-03-04T12:30:45+00:00\",\"dateModified\":\"2026-04-17T06:50:46+00:00\",\"breadcrumb\":{\"@id\":\"https:\\\/\\\/gabitel.net\\\/de\\\/cumpleanos-de-los-meses-de-enero-y-febrero-de-2024\\\/#breadcrumb\"},\"inLanguage\":\"de\",\"potentialAction\":[{\"@type\":\"ReadAction\",\"target\":[\"https:\\\/\\\/gabitel.net\\\/de\\\/cumpleanos-de-los-meses-de-enero-y-febrero-de-2024\\\/\"]}]},{\"@type\":\"ImageObject\",\"inLanguage\":\"de\",\"@id\":\"https:\\\/\\\/gabitel.net\\\/de\\\/cumpleanos-de-los-meses-de-enero-y-febrero-de-2024\\\/#primaryimage\",\"url\":\"https:\\\/\\\/gabitel.net\\\/wp-content\\\/uploads\\\/2023\\\/12\\\/Felicitacion-min.jpg\",\"contentUrl\":\"https:\\\/\\\/gabitel.net\\\/wp-content\\\/uploads\\\/2023\\\/12\\\/Felicitacion-min.jpg\",\"width\":896,\"height\":504},{\"@type\":\"BreadcrumbList\",\"@id\":\"https:\\\/\\\/gabitel.net\\\/de\\\/cumpleanos-de-los-meses-de-enero-y-febrero-de-2024\\\/#breadcrumb\",\"itemListElement\":[{\"@type\":\"ListItem\",\"position\":1,\"name\":\"Portada\",\"item\":\"https:\\\/\\\/gabitel.net\\\/de\\\/\"},{\"@type\":\"ListItem\",\"position\":2,\"name\":\"Cumplea\u00f1os de los meses de Enero y Febrero 2024\"}]},{\"@type\":\"WebSite\",\"@id\":\"https:\\\/\\\/gabitel.net\\\/de\\\/#website\",\"url\":\"https:\\\/\\\/gabitel.net\\\/de\\\/\",\"name\":\"Gabitel\",\"description\":\"\",\"publisher\":{\"@id\":\"https:\\\/\\\/gabitel.net\\\/de\\\/#organization\"},\"potentialAction\":[{\"@type\":\"SearchAction\",\"target\":{\"@type\":\"EntryPoint\",\"urlTemplate\":\"https:\\\/\\\/gabitel.net\\\/de\\\/?s={search_term_string}\"},\"query-input\":{\"@type\":\"PropertyValueSpecification\",\"valueRequired\":true,\"valueName\":\"search_term_string\"}}],\"inLanguage\":\"de\"},{\"@type\":\"Organization\",\"@id\":\"https:\\\/\\\/gabitel.net\\\/de\\\/#organization\",\"name\":\"Gabitel\",\"url\":\"https:\\\/\\\/gabitel.net\\\/de\\\/\",\"logo\":{\"@type\":\"ImageObject\",\"inLanguage\":\"de\",\"@id\":\"https:\\\/\\\/gabitel.net\\\/de\\\/#\\\/schema\\\/logo\\\/image\\\/\",\"url\":\"https:\\\/\\\/gabitel.net\\\/wp-content\\\/uploads\\\/2025\\\/05\\\/logo_gabitel.jpg\",\"contentUrl\":\"https:\\\/\\\/gabitel.net\\\/wp-content\\\/uploads\\\/2025\\\/05\\\/logo_gabitel.jpg\",\"width\":2560,\"height\":1330,\"caption\":\"Gabitel\"},\"image\":{\"@id\":\"https:\\\/\\\/gabitel.net\\\/de\\\/#\\\/schema\\\/logo\\\/image\\\/\"},\"sameAs\":[\"https:\\\/\\\/www.facebook.com\\\/gabitelingenieros\\\/\",\"https:\\\/\\\/es.linkedin.com\\\/company\\\/gabitel-ingenieros\"]},{\"@type\":\"Person\",\"@id\":\"https:\\\/\\\/gabitel.net\\\/de\\\/#\\\/schema\\\/person\\\/37ba53714c3fedb9c7d22f4bc781465c\",\"name\":\"user.autor\",\"url\":\"https:\\\/\\\/gabitel.net\\\/de\\\/author\\\/user-autor\\\/\"}]}<\/script>\n<!-- \/ Yoast SEO plugin. -->","yoast_head_json":{"title":"Cumplea\u00f1os de los meses de Enero y Febrero 2024 - Gabitel","robots":{"index":"noindex","follow":"nofollow"},"og_locale":"de_DE","og_type":"article","og_title":"Cumplea\u00f1os de los meses de Enero y Febrero 2024 - Gabitel","og_description":"\u00a1FELIZ CUMPLEA\u00d1OS, COMPA\u00d1ER@S &nbsp; Iniciamos este a\u00f1o 2024 felicitando a nuestros compa\u00f1eros que han celebrado sus cumplea\u00f1os en estos meses de enero y febrero. &nbsp; \u00a1Muchas felicidades! &nbsp; Esperamos que todos vuestros deseos y prop\u00f3sitos para este a\u00f1o que os suma en vuestras vidas se hagan realidad. &nbsp; ENERO &nbsp; Jes\u00fas Cuesta 4 de enero [&hellip;]","og_url":"https:\/\/gabitel.net\/de\/cumpleanos-de-los-meses-de-enero-y-febrero-de-2024\/","og_site_name":"Gabitel","article_publisher":"https:\/\/www.facebook.com\/gabitelingenieros\/","article_published_time":"2024-03-04T12:30:45+00:00","article_modified_time":"2026-04-17T06:50:46+00:00","og_image":[{"width":896,"height":504,"url":"https:\/\/gabitel.net\/wp-content\/uploads\/2023\/12\/Felicitacion-min.jpg","type":"image\/jpeg"}],"author":"user.autor","twitter_card":"summary_large_image","twitter_misc":{"Verfasst von":"user.autor","Gesch\u00e4tzte Lesezeit":"1\u00a0Minute"},"schema":{"@context":"https:\/\/schema.org","@graph":[{"@type":["Article","BlogPosting"],"@id":"https:\/\/gabitel.net\/de\/cumpleanos-de-los-meses-de-enero-y-febrero-de-2024\/#article","isPartOf":{"@id":"https:\/\/gabitel.net\/de\/cumpleanos-de-los-meses-de-enero-y-febrero-de-2024\/"},"author":{"name":"user.autor","@id":"https:\/\/gabitel.net\/de\/#\/schema\/person\/37ba53714c3fedb9c7d22f4bc781465c"},"headline":"Cumplea\u00f1os de los meses de Enero y Febrero 2024","datePublished":"2024-03-04T12:30:45+00:00","dateModified":"2026-04-17T06:50:46+00:00","mainEntityOfPage":{"@id":"https:\/\/gabitel.net\/de\/cumpleanos-de-los-meses-de-enero-y-febrero-de-2024\/"},"wordCount":179,"publisher":{"@id":"https:\/\/gabitel.net\/de\/#organization"},"image":{"@id":"https:\/\/gabitel.net\/de\/cumpleanos-de-los-meses-de-enero-y-febrero-de-2024\/#primaryimage"},"thumbnailUrl":"https:\/\/gabitel.net\/wp-content\/uploads\/2023\/12\/Felicitacion-min.jpg","articleSection":["Off-topic"],"inLanguage":"de"},{"@type":"WebPage","@id":"https:\/\/gabitel.net\/de\/cumpleanos-de-los-meses-de-enero-y-febrero-de-2024\/","url":"https:\/\/gabitel.net\/de\/cumpleanos-de-los-meses-de-enero-y-febrero-de-2024\/","name":"Cumplea\u00f1os de los meses de Enero y Febrero 2024 - Gabitel","isPartOf":{"@id":"https:\/\/gabitel.net\/de\/#website"},"primaryImageOfPage":{"@id":"https:\/\/gabitel.net\/de\/cumpleanos-de-los-meses-de-enero-y-febrero-de-2024\/#primaryimage"},"image":{"@id":"https:\/\/gabitel.net\/de\/cumpleanos-de-los-meses-de-enero-y-febrero-de-2024\/#primaryimage"},"thumbnailUrl":"https:\/\/gabitel.net\/wp-content\/uploads\/2023\/12\/Felicitacion-min.jpg","datePublished":"2024-03-04T12:30:45+00:00","dateModified":"2026-04-17T06:50:46+00:00","breadcrumb":{"@id":"https:\/\/gabitel.net\/de\/cumpleanos-de-los-meses-de-enero-y-febrero-de-2024\/#breadcrumb"},"inLanguage":"de","potentialAction":[{"@type":"ReadAction","target":["https:\/\/gabitel.net\/de\/cumpleanos-de-los-meses-de-enero-y-febrero-de-2024\/"]}]},{"@type":"ImageObject","inLanguage":"de","@id":"https:\/\/gabitel.net\/de\/cumpleanos-de-los-meses-de-enero-y-febrero-de-2024\/#primaryimage","url":"https:\/\/gabitel.net\/wp-content\/uploads\/2023\/12\/Felicitacion-min.jpg","contentUrl":"https:\/\/gabitel.net\/wp-content\/uploads\/2023\/12\/Felicitacion-min.jpg","width":896,"height":504},{"@type":"BreadcrumbList","@id":"https:\/\/gabitel.net\/de\/cumpleanos-de-los-meses-de-enero-y-febrero-de-2024\/#breadcrumb","itemListElement":[{"@type":"ListItem","position":1,"name":"Portada","item":"https:\/\/gabitel.net\/de\/"},{"@type":"ListItem","position":2,"name":"Cumplea\u00f1os de los meses de Enero y Febrero 2024"}]},{"@type":"WebSite","@id":"https:\/\/gabitel.net\/de\/#website","url":"https:\/\/gabitel.net\/de\/","name":"Gabitel","description":"","publisher":{"@id":"https:\/\/gabitel.net\/de\/#organization"},"potentialAction":[{"@type":"SearchAction","target":{"@type":"EntryPoint","urlTemplate":"https:\/\/gabitel.net\/de\/?s={search_term_string}"},"query-input":{"@type":"PropertyValueSpecification","valueRequired":true,"valueName":"search_term_string"}}],"inLanguage":"de"},{"@type":"Organization","@id":"https:\/\/gabitel.net\/de\/#organization","name":"Gabitel","url":"https:\/\/gabitel.net\/de\/","logo":{"@type":"ImageObject","inLanguage":"de","@id":"https:\/\/gabitel.net\/de\/#\/schema\/logo\/image\/","url":"https:\/\/gabitel.net\/wp-content\/uploads\/2025\/05\/logo_gabitel.jpg","contentUrl":"https:\/\/gabitel.net\/wp-content\/uploads\/2025\/05\/logo_gabitel.jpg","width":2560,"height":1330,"caption":"Gabitel"},"image":{"@id":"https:\/\/gabitel.net\/de\/#\/schema\/logo\/image\/"},"sameAs":["https:\/\/www.facebook.com\/gabitelingenieros\/","https:\/\/es.linkedin.com\/company\/gabitel-ingenieros"]},{"@type":"Person","@id":"https:\/\/gabitel.net\/de\/#\/schema\/person\/37ba53714c3fedb9c7d22f4bc781465c","name":"user.autor","url":"https:\/\/gabitel.net\/de\/author\/user-autor\/"}]}},"_links":{"self":[{"href":"https:\/\/gabitel.net\/de\/wp-json\/wp\/v2\/posts\/32757","targetHints":{"allow":["GET"]}}],"collection":[{"href":"https:\/\/gabitel.net\/de\/wp-json\/wp\/v2\/posts"}],"about":[{"href":"https:\/\/gabitel.net\/de\/wp-json\/wp\/v2\/types\/post"}],"author":[{"embeddable":true,"href":"https:\/\/gabitel.net\/de\/wp-json\/wp\/v2\/users\/3"}],"replies":[{"embeddable":true,"href":"https:\/\/gabitel.net\/de\/wp-json\/wp\/v2\/comments?post=32757"}],"version-history":[{"count":1,"href":"https:\/\/gabitel.net\/de\/wp-json\/wp\/v2\/posts\/32757\/revisions"}],"predecessor-version":[{"id":37481,"href":"https:\/\/gabitel.net\/de\/wp-json\/wp\/v2\/posts\/32757\/revisions\/37481"}],"wp:featuredmedia":[{"embeddable":true,"href":"https:\/\/gabitel.net\/de\/wp-json\/wp\/v2\/media\/35236"}],"wp:attachment":[{"href":"https:\/\/gabitel.net\/de\/wp-json\/wp\/v2\/media?parent=32757"}],"wp:term":[{"taxonomy":"category","embeddable":true,"href":"https:\/\/gabitel.net\/de\/wp-json\/wp\/v2\/categories?post=32757"},{"taxonomy":"post_tag","embeddable":true,"href":"https:\/\/gabitel.net\/de\/wp-json\/wp\/v2\/tags?post=32757"}],"curies":[{"name":"wp","href":"https:\/\/api.w.org\/{rel}","templated":true}]}}