{"id":32759,"date":"2024-03-04T13:30:38","date_gmt":"2024-03-04T12:30:38","guid":{"rendered":"https:\/\/gabitel.net\/tu-salud-es-lo-primero-como-incorporar-la-actividad-fisica-en-tu-estilo-de-vida-diario\/"},"modified":"2026-04-17T08:50:46","modified_gmt":"2026-04-17T06:50:46","slug":"tu-salud-es-lo-primero-como-incorporar-la-actividad-fisica-en-tu-estilo-de-vida-diario","status":"publish","type":"post","link":"https:\/\/gabitel.net\/de\/tu-salud-es-lo-primero-como-incorporar-la-actividad-fisica-en-tu-estilo-de-vida-diario\/","title":{"rendered":"Tu salud es lo primero:  C\u00f3mo incorporar la actividad f\u00edsica en tu estilo de vida diario"},"content":{"rendered":"<p>Como es de costumbre al iniciar un nuevo a\u00f1o son muchos los prop\u00f3sitos que nos planteamos como objetivo. Entre los m\u00e1s comunes, es establecer una rutina de ejercicio, para contribuir, en primera persona, a mejorar nuestro estado f\u00edsico y mental.<\/p>\n<p>&nbsp;<\/p>\n<p>Mantenerse activo f\u00edsicamente disminuye directamente el riesgo de padecer muchas enfermedades de tipo cardiovasculares, diferentes tipos de c\u00e1ncer y otras asociadas con la obesidad y el sobrepeso. As\u00ed, tambi\u00e9n, como enfermedades a nivel psicol\u00f3gico, entre las m\u00e1s comunes el estr\u00e9s, la ansiedad, depresi\u00f3n, entre otras muchas.<\/p>\n<p>&nbsp;<\/p>\n<p>Por este motivo, desde la Organizaci\u00f3n Mundial de la Salud se recomiendo que la poblaci\u00f3n adulta dedique al menos un total de 150 minutos semanales de deporte moderado. L\u00f3gicamente, cuanto m\u00e1s tiempo destinemos a la realizaci\u00f3n de ejercicio f\u00edsico, mayor benefici\u00f3 obtendremos. Nuestro objetivo principal, dejar a un lado el sedentarismo.<\/p>\n<p>&nbsp;<\/p>\n<p><strong><em>\u00bfC\u00f3mo incorporar ciertas rutinas de actividad f\u00edsica en mi d\u00eda a d\u00eda?<\/em><\/strong><\/p>\n<p>&nbsp;<\/p>\n<p>El ritmo laboral y de vida que llevamos, en numerosas ocasiones, hace que dediquemos poco o nada de tiempo a la pr\u00e1ctica de actividad f\u00edsica. Hay diversos modos de incorporar actividad f\u00edsica en nuestra vida cotidiana.<\/p>\n<p>&nbsp;<\/p>\n<p>Nuestro primer paso, <em>es <u>movernos<\/u>, <\/em>es una manera sencilla de iniciarnos. Para ello, debemos intentar desplazarnos a los sitios en bicicleta o caminando, como, por ejemplo, al trabajo, para realizar alguna compra, traer o llevar los ni\u00f1os al cole. Otra buena alternativa, y para todos accesible, es evitar usar el ascensor o escaleras mec\u00e1nicas, subir y bajar escaleras resulta especialmente saludable. Si nuestro trabajo implica pasar muchas horas sentados, es recomendable levantarse y caminar unos 5 minutos cada dos horas, este tiempo podemos aprovechar para ir al ba\u00f1o, rellenar nuestra botella de agua o aprovechar para resolver alguna duda con otro compa\u00f1ero que no est\u00e1 a nuestro lado.<\/p>\n<p>&nbsp;<\/p>\n<p>El siguiente paso, ser\u00eda realizar un <em><u>Plan de Ejercicio<\/u><\/em>. Si nunca has realizado deporte, es conveniente planificar una serie de ejercicios, inicialmente, moderados con una duraci\u00f3n total de 15 minutos al d\u00eda. Este tiempo se deber\u00e1 ir ampliando, a 30 minutos conforme pasen las semanas. Las sesiones programadas, pueden ir desde estiramientos o movimientos musculares hasta caminatas r\u00e1pidas. No te olvides, de calentar, es muy importante, especialmente si no has tenido h\u00e1bito anteriormente o llevas mucho tiempo sin practicarlo. Si se te empieza hacer mon\u00f3tono, puedes variando el tipo de actividades e intercalar con ejercicio aer\u00f3bico o ejercitar el equilibro y la postura corporal a trav\u00e9s del yoga y el pilates.<\/p>\n<p>&nbsp;<\/p>\n<p>Y el \u00faltimo paso, <em><u>seguir adelante<\/u><\/em>, no busques excusas ni tires la toalla, si has llegado hasta aqu\u00ed habr\u00e1s conseguido que la actividad f\u00edsica haya empezado a formar parte de tu rutina diaria y un estilo de vida m\u00e1s saludable que tu cuerpo y mente te agradecer\u00e1n continuamente.<\/p>\n","protected":false},"excerpt":{"rendered":"<p>La C\u00e1tedra Gabitel sobre el Hidr\u00f3geno ha reforzado su papel de impulsor del uso del hidr\u00f3geno renovable durante la celebraci\u00f3n del I Congreso Nacional de Hidr\u00f3geno Verde, que del 7 al 9 de febrero ha acogido la Casa Col\u00f3n de Huelva, donde ha participado de forma activa poniendo en valor su apuesta pionera por esta tecnolog\u00eda limpia y transformadora que consolida a Huelva como la capital verde del sur de Europa como l\u00edder en la transformaci\u00f3n energ\u00e9tica hacia un mundo m\u00e1s sostenible.  <\/p>\n","protected":false},"author":3,"featured_media":35238,"comment_status":"closed","ping_status":"closed","sticky":false,"template":"","format":"standard","meta":{"content-type":"","footnotes":""},"categories":[600],"tags":[],"class_list":["post-32759","post","type-post","status-publish","format-standard","has-post-thumbnail","hentry","category-off-topic-de"],"yoast_head":"<!-- This site is optimized with the Yoast SEO plugin v27.5 - https:\/\/yoast.com\/product\/yoast-seo-wordpress\/ -->\n<title>Tu salud es lo primero: C\u00f3mo incorporar la actividad f\u00edsica en tu estilo de vida diario - Gabitel<\/title>\n<meta name=\"robots\" content=\"noindex, nofollow\" \/>\n<meta property=\"og:locale\" content=\"de_DE\" \/>\n<meta property=\"og:type\" content=\"article\" \/>\n<meta property=\"og:title\" content=\"Tu salud es lo primero: C\u00f3mo incorporar la actividad f\u00edsica en tu estilo de vida diario - Gabitel\" \/>\n<meta property=\"og:description\" content=\"La C\u00e1tedra Gabitel sobre el Hidr\u00f3geno ha reforzado su papel de impulsor del uso del hidr\u00f3geno renovable durante la celebraci\u00f3n del I Congreso Nacional de Hidr\u00f3geno Verde, que del 7 al 9 de febrero ha acogido la Casa Col\u00f3n de Huelva, donde ha participado de forma activa poniendo en valor su apuesta pionera por esta tecnolog\u00eda limpia y transformadora que consolida a Huelva como la capital verde del sur de Europa como l\u00edder en la transformaci\u00f3n energ\u00e9tica hacia un mundo m\u00e1s sostenible.\" \/>\n<meta property=\"og:url\" content=\"https:\/\/gabitel.net\/de\/tu-salud-es-lo-primero-como-incorporar-la-actividad-fisica-en-tu-estilo-de-vida-diario\/\" \/>\n<meta property=\"og:site_name\" content=\"Gabitel\" \/>\n<meta property=\"article:publisher\" content=\"https:\/\/www.facebook.com\/gabitelingenieros\/\" \/>\n<meta property=\"article:published_time\" content=\"2024-03-04T12:30:38+00:00\" \/>\n<meta property=\"article:modified_time\" content=\"2026-04-17T06:50:46+00:00\" \/>\n<meta property=\"og:image\" content=\"https:\/\/gabitel.net\/wp-content\/uploads\/2024\/03\/N4-FOTO-DE-PORTADA-min.jpg\" \/>\n\t<meta property=\"og:image:width\" content=\"928\" \/>\n\t<meta property=\"og:image:height\" content=\"616\" \/>\n\t<meta property=\"og:image:type\" content=\"image\/jpeg\" \/>\n<meta name=\"author\" content=\"user.autor\" \/>\n<meta name=\"twitter:card\" content=\"summary_large_image\" \/>\n<meta name=\"twitter:label1\" content=\"Verfasst von\" \/>\n\t<meta name=\"twitter:data1\" content=\"user.autor\" \/>\n\t<meta name=\"twitter:label2\" content=\"Gesch\u00e4tzte Lesezeit\" \/>\n\t<meta name=\"twitter:data2\" content=\"2\u00a0Minuten\" \/>\n<script type=\"application\/ld+json\" class=\"yoast-schema-graph\">{\"@context\":\"https:\\\/\\\/schema.org\",\"@graph\":[{\"@type\":[\"Article\",\"BlogPosting\"],\"@id\":\"https:\\\/\\\/gabitel.net\\\/de\\\/tu-salud-es-lo-primero-como-incorporar-la-actividad-fisica-en-tu-estilo-de-vida-diario\\\/#article\",\"isPartOf\":{\"@id\":\"https:\\\/\\\/gabitel.net\\\/de\\\/tu-salud-es-lo-primero-como-incorporar-la-actividad-fisica-en-tu-estilo-de-vida-diario\\\/\"},\"author\":{\"name\":\"user.autor\",\"@id\":\"https:\\\/\\\/gabitel.net\\\/de\\\/#\\\/schema\\\/person\\\/37ba53714c3fedb9c7d22f4bc781465c\"},\"headline\":\"Tu salud es lo primero: C\u00f3mo incorporar la actividad f\u00edsica en tu estilo de vida diario\",\"datePublished\":\"2024-03-04T12:30:38+00:00\",\"dateModified\":\"2026-04-17T06:50:46+00:00\",\"mainEntityOfPage\":{\"@id\":\"https:\\\/\\\/gabitel.net\\\/de\\\/tu-salud-es-lo-primero-como-incorporar-la-actividad-fisica-en-tu-estilo-de-vida-diario\\\/\"},\"wordCount\":513,\"publisher\":{\"@id\":\"https:\\\/\\\/gabitel.net\\\/de\\\/#organization\"},\"image\":{\"@id\":\"https:\\\/\\\/gabitel.net\\\/de\\\/tu-salud-es-lo-primero-como-incorporar-la-actividad-fisica-en-tu-estilo-de-vida-diario\\\/#primaryimage\"},\"thumbnailUrl\":\"https:\\\/\\\/gabitel.net\\\/wp-content\\\/uploads\\\/2024\\\/03\\\/N4-FOTO-DE-PORTADA-min.jpg\",\"articleSection\":[\"Off-topic\"],\"inLanguage\":\"de\"},{\"@type\":\"WebPage\",\"@id\":\"https:\\\/\\\/gabitel.net\\\/de\\\/tu-salud-es-lo-primero-como-incorporar-la-actividad-fisica-en-tu-estilo-de-vida-diario\\\/\",\"url\":\"https:\\\/\\\/gabitel.net\\\/de\\\/tu-salud-es-lo-primero-como-incorporar-la-actividad-fisica-en-tu-estilo-de-vida-diario\\\/\",\"name\":\"Tu salud es lo primero: C\u00f3mo incorporar la actividad f\u00edsica en tu estilo de vida diario - Gabitel\",\"isPartOf\":{\"@id\":\"https:\\\/\\\/gabitel.net\\\/de\\\/#website\"},\"primaryImageOfPage\":{\"@id\":\"https:\\\/\\\/gabitel.net\\\/de\\\/tu-salud-es-lo-primero-como-incorporar-la-actividad-fisica-en-tu-estilo-de-vida-diario\\\/#primaryimage\"},\"image\":{\"@id\":\"https:\\\/\\\/gabitel.net\\\/de\\\/tu-salud-es-lo-primero-como-incorporar-la-actividad-fisica-en-tu-estilo-de-vida-diario\\\/#primaryimage\"},\"thumbnailUrl\":\"https:\\\/\\\/gabitel.net\\\/wp-content\\\/uploads\\\/2024\\\/03\\\/N4-FOTO-DE-PORTADA-min.jpg\",\"datePublished\":\"2024-03-04T12:30:38+00:00\",\"dateModified\":\"2026-04-17T06:50:46+00:00\",\"breadcrumb\":{\"@id\":\"https:\\\/\\\/gabitel.net\\\/de\\\/tu-salud-es-lo-primero-como-incorporar-la-actividad-fisica-en-tu-estilo-de-vida-diario\\\/#breadcrumb\"},\"inLanguage\":\"de\",\"potentialAction\":[{\"@type\":\"ReadAction\",\"target\":[\"https:\\\/\\\/gabitel.net\\\/de\\\/tu-salud-es-lo-primero-como-incorporar-la-actividad-fisica-en-tu-estilo-de-vida-diario\\\/\"]}]},{\"@type\":\"ImageObject\",\"inLanguage\":\"de\",\"@id\":\"https:\\\/\\\/gabitel.net\\\/de\\\/tu-salud-es-lo-primero-como-incorporar-la-actividad-fisica-en-tu-estilo-de-vida-diario\\\/#primaryimage\",\"url\":\"https:\\\/\\\/gabitel.net\\\/wp-content\\\/uploads\\\/2024\\\/03\\\/N4-FOTO-DE-PORTADA-min.jpg\",\"contentUrl\":\"https:\\\/\\\/gabitel.net\\\/wp-content\\\/uploads\\\/2024\\\/03\\\/N4-FOTO-DE-PORTADA-min.jpg\",\"width\":928,\"height\":616},{\"@type\":\"BreadcrumbList\",\"@id\":\"https:\\\/\\\/gabitel.net\\\/de\\\/tu-salud-es-lo-primero-como-incorporar-la-actividad-fisica-en-tu-estilo-de-vida-diario\\\/#breadcrumb\",\"itemListElement\":[{\"@type\":\"ListItem\",\"position\":1,\"name\":\"Portada\",\"item\":\"https:\\\/\\\/gabitel.net\\\/de\\\/\"},{\"@type\":\"ListItem\",\"position\":2,\"name\":\"Tu salud es lo primero: C\u00f3mo incorporar la actividad f\u00edsica en tu estilo de vida diario\"}]},{\"@type\":\"WebSite\",\"@id\":\"https:\\\/\\\/gabitel.net\\\/de\\\/#website\",\"url\":\"https:\\\/\\\/gabitel.net\\\/de\\\/\",\"name\":\"Gabitel\",\"description\":\"\",\"publisher\":{\"@id\":\"https:\\\/\\\/gabitel.net\\\/de\\\/#organization\"},\"potentialAction\":[{\"@type\":\"SearchAction\",\"target\":{\"@type\":\"EntryPoint\",\"urlTemplate\":\"https:\\\/\\\/gabitel.net\\\/de\\\/?s={search_term_string}\"},\"query-input\":{\"@type\":\"PropertyValueSpecification\",\"valueRequired\":true,\"valueName\":\"search_term_string\"}}],\"inLanguage\":\"de\"},{\"@type\":\"Organization\",\"@id\":\"https:\\\/\\\/gabitel.net\\\/de\\\/#organization\",\"name\":\"Gabitel\",\"url\":\"https:\\\/\\\/gabitel.net\\\/de\\\/\",\"logo\":{\"@type\":\"ImageObject\",\"inLanguage\":\"de\",\"@id\":\"https:\\\/\\\/gabitel.net\\\/de\\\/#\\\/schema\\\/logo\\\/image\\\/\",\"url\":\"https:\\\/\\\/gabitel.net\\\/wp-content\\\/uploads\\\/2025\\\/05\\\/logo_gabitel.jpg\",\"contentUrl\":\"https:\\\/\\\/gabitel.net\\\/wp-content\\\/uploads\\\/2025\\\/05\\\/logo_gabitel.jpg\",\"width\":2560,\"height\":1330,\"caption\":\"Gabitel\"},\"image\":{\"@id\":\"https:\\\/\\\/gabitel.net\\\/de\\\/#\\\/schema\\\/logo\\\/image\\\/\"},\"sameAs\":[\"https:\\\/\\\/www.facebook.com\\\/gabitelingenieros\\\/\",\"https:\\\/\\\/es.linkedin.com\\\/company\\\/gabitel-ingenieros\"]},{\"@type\":\"Person\",\"@id\":\"https:\\\/\\\/gabitel.net\\\/de\\\/#\\\/schema\\\/person\\\/37ba53714c3fedb9c7d22f4bc781465c\",\"name\":\"user.autor\",\"url\":\"https:\\\/\\\/gabitel.net\\\/de\\\/author\\\/user-autor\\\/\"}]}<\/script>\n<!-- \/ Yoast SEO plugin. -->","yoast_head_json":{"title":"Tu salud es lo primero: C\u00f3mo incorporar la actividad f\u00edsica en tu estilo de vida diario - Gabitel","robots":{"index":"noindex","follow":"nofollow"},"og_locale":"de_DE","og_type":"article","og_title":"Tu salud es lo primero: C\u00f3mo incorporar la actividad f\u00edsica en tu estilo de vida diario - Gabitel","og_description":"La C\u00e1tedra Gabitel sobre el Hidr\u00f3geno ha reforzado su papel de impulsor del uso del hidr\u00f3geno renovable durante la celebraci\u00f3n del I Congreso Nacional de Hidr\u00f3geno Verde, que del 7 al 9 de febrero ha acogido la Casa Col\u00f3n de Huelva, donde ha participado de forma activa poniendo en valor su apuesta pionera por esta tecnolog\u00eda limpia y transformadora que consolida a Huelva como la capital verde del sur de Europa como l\u00edder en la transformaci\u00f3n energ\u00e9tica hacia un mundo m\u00e1s sostenible.","og_url":"https:\/\/gabitel.net\/de\/tu-salud-es-lo-primero-como-incorporar-la-actividad-fisica-en-tu-estilo-de-vida-diario\/","og_site_name":"Gabitel","article_publisher":"https:\/\/www.facebook.com\/gabitelingenieros\/","article_published_time":"2024-03-04T12:30:38+00:00","article_modified_time":"2026-04-17T06:50:46+00:00","og_image":[{"width":928,"height":616,"url":"https:\/\/gabitel.net\/wp-content\/uploads\/2024\/03\/N4-FOTO-DE-PORTADA-min.jpg","type":"image\/jpeg"}],"author":"user.autor","twitter_card":"summary_large_image","twitter_misc":{"Verfasst von":"user.autor","Gesch\u00e4tzte Lesezeit":"2\u00a0Minuten"},"schema":{"@context":"https:\/\/schema.org","@graph":[{"@type":["Article","BlogPosting"],"@id":"https:\/\/gabitel.net\/de\/tu-salud-es-lo-primero-como-incorporar-la-actividad-fisica-en-tu-estilo-de-vida-diario\/#article","isPartOf":{"@id":"https:\/\/gabitel.net\/de\/tu-salud-es-lo-primero-como-incorporar-la-actividad-fisica-en-tu-estilo-de-vida-diario\/"},"author":{"name":"user.autor","@id":"https:\/\/gabitel.net\/de\/#\/schema\/person\/37ba53714c3fedb9c7d22f4bc781465c"},"headline":"Tu salud es lo primero: C\u00f3mo incorporar la actividad f\u00edsica en tu estilo de vida diario","datePublished":"2024-03-04T12:30:38+00:00","dateModified":"2026-04-17T06:50:46+00:00","mainEntityOfPage":{"@id":"https:\/\/gabitel.net\/de\/tu-salud-es-lo-primero-como-incorporar-la-actividad-fisica-en-tu-estilo-de-vida-diario\/"},"wordCount":513,"publisher":{"@id":"https:\/\/gabitel.net\/de\/#organization"},"image":{"@id":"https:\/\/gabitel.net\/de\/tu-salud-es-lo-primero-como-incorporar-la-actividad-fisica-en-tu-estilo-de-vida-diario\/#primaryimage"},"thumbnailUrl":"https:\/\/gabitel.net\/wp-content\/uploads\/2024\/03\/N4-FOTO-DE-PORTADA-min.jpg","articleSection":["Off-topic"],"inLanguage":"de"},{"@type":"WebPage","@id":"https:\/\/gabitel.net\/de\/tu-salud-es-lo-primero-como-incorporar-la-actividad-fisica-en-tu-estilo-de-vida-diario\/","url":"https:\/\/gabitel.net\/de\/tu-salud-es-lo-primero-como-incorporar-la-actividad-fisica-en-tu-estilo-de-vida-diario\/","name":"Tu salud es lo primero: C\u00f3mo incorporar la actividad f\u00edsica en tu estilo de vida diario - Gabitel","isPartOf":{"@id":"https:\/\/gabitel.net\/de\/#website"},"primaryImageOfPage":{"@id":"https:\/\/gabitel.net\/de\/tu-salud-es-lo-primero-como-incorporar-la-actividad-fisica-en-tu-estilo-de-vida-diario\/#primaryimage"},"image":{"@id":"https:\/\/gabitel.net\/de\/tu-salud-es-lo-primero-como-incorporar-la-actividad-fisica-en-tu-estilo-de-vida-diario\/#primaryimage"},"thumbnailUrl":"https:\/\/gabitel.net\/wp-content\/uploads\/2024\/03\/N4-FOTO-DE-PORTADA-min.jpg","datePublished":"2024-03-04T12:30:38+00:00","dateModified":"2026-04-17T06:50:46+00:00","breadcrumb":{"@id":"https:\/\/gabitel.net\/de\/tu-salud-es-lo-primero-como-incorporar-la-actividad-fisica-en-tu-estilo-de-vida-diario\/#breadcrumb"},"inLanguage":"de","potentialAction":[{"@type":"ReadAction","target":["https:\/\/gabitel.net\/de\/tu-salud-es-lo-primero-como-incorporar-la-actividad-fisica-en-tu-estilo-de-vida-diario\/"]}]},{"@type":"ImageObject","inLanguage":"de","@id":"https:\/\/gabitel.net\/de\/tu-salud-es-lo-primero-como-incorporar-la-actividad-fisica-en-tu-estilo-de-vida-diario\/#primaryimage","url":"https:\/\/gabitel.net\/wp-content\/uploads\/2024\/03\/N4-FOTO-DE-PORTADA-min.jpg","contentUrl":"https:\/\/gabitel.net\/wp-content\/uploads\/2024\/03\/N4-FOTO-DE-PORTADA-min.jpg","width":928,"height":616},{"@type":"BreadcrumbList","@id":"https:\/\/gabitel.net\/de\/tu-salud-es-lo-primero-como-incorporar-la-actividad-fisica-en-tu-estilo-de-vida-diario\/#breadcrumb","itemListElement":[{"@type":"ListItem","position":1,"name":"Portada","item":"https:\/\/gabitel.net\/de\/"},{"@type":"ListItem","position":2,"name":"Tu salud es lo primero: C\u00f3mo incorporar la actividad f\u00edsica en tu estilo de vida diario"}]},{"@type":"WebSite","@id":"https:\/\/gabitel.net\/de\/#website","url":"https:\/\/gabitel.net\/de\/","name":"Gabitel","description":"","publisher":{"@id":"https:\/\/gabitel.net\/de\/#organization"},"potentialAction":[{"@type":"SearchAction","target":{"@type":"EntryPoint","urlTemplate":"https:\/\/gabitel.net\/de\/?s={search_term_string}"},"query-input":{"@type":"PropertyValueSpecification","valueRequired":true,"valueName":"search_term_string"}}],"inLanguage":"de"},{"@type":"Organization","@id":"https:\/\/gabitel.net\/de\/#organization","name":"Gabitel","url":"https:\/\/gabitel.net\/de\/","logo":{"@type":"ImageObject","inLanguage":"de","@id":"https:\/\/gabitel.net\/de\/#\/schema\/logo\/image\/","url":"https:\/\/gabitel.net\/wp-content\/uploads\/2025\/05\/logo_gabitel.jpg","contentUrl":"https:\/\/gabitel.net\/wp-content\/uploads\/2025\/05\/logo_gabitel.jpg","width":2560,"height":1330,"caption":"Gabitel"},"image":{"@id":"https:\/\/gabitel.net\/de\/#\/schema\/logo\/image\/"},"sameAs":["https:\/\/www.facebook.com\/gabitelingenieros\/","https:\/\/es.linkedin.com\/company\/gabitel-ingenieros"]},{"@type":"Person","@id":"https:\/\/gabitel.net\/de\/#\/schema\/person\/37ba53714c3fedb9c7d22f4bc781465c","name":"user.autor","url":"https:\/\/gabitel.net\/de\/author\/user-autor\/"}]}},"_links":{"self":[{"href":"https:\/\/gabitel.net\/de\/wp-json\/wp\/v2\/posts\/32759","targetHints":{"allow":["GET"]}}],"collection":[{"href":"https:\/\/gabitel.net\/de\/wp-json\/wp\/v2\/posts"}],"about":[{"href":"https:\/\/gabitel.net\/de\/wp-json\/wp\/v2\/types\/post"}],"author":[{"embeddable":true,"href":"https:\/\/gabitel.net\/de\/wp-json\/wp\/v2\/users\/3"}],"replies":[{"embeddable":true,"href":"https:\/\/gabitel.net\/de\/wp-json\/wp\/v2\/comments?post=32759"}],"version-history":[{"count":1,"href":"https:\/\/gabitel.net\/de\/wp-json\/wp\/v2\/posts\/32759\/revisions"}],"predecessor-version":[{"id":37484,"href":"https:\/\/gabitel.net\/de\/wp-json\/wp\/v2\/posts\/32759\/revisions\/37484"}],"wp:featuredmedia":[{"embeddable":true,"href":"https:\/\/gabitel.net\/de\/wp-json\/wp\/v2\/media\/35238"}],"wp:attachment":[{"href":"https:\/\/gabitel.net\/de\/wp-json\/wp\/v2\/media?parent=32759"}],"wp:term":[{"taxonomy":"category","embeddable":true,"href":"https:\/\/gabitel.net\/de\/wp-json\/wp\/v2\/categories?post=32759"},{"taxonomy":"post_tag","embeddable":true,"href":"https:\/\/gabitel.net\/de\/wp-json\/wp\/v2\/tags?post=32759"}],"curies":[{"name":"wp","href":"https:\/\/api.w.org\/{rel}","templated":true}]}}