{"id":32763,"date":"2024-03-04T13:30:02","date_gmt":"2024-03-04T12:30:02","guid":{"rendered":"https:\/\/gabitel.net\/entrevista-marta-flores\/"},"modified":"2026-04-17T08:50:47","modified_gmt":"2026-04-17T06:50:47","slug":"entrevista-marta-flores","status":"publish","type":"post","link":"https:\/\/gabitel.net\/de\/entrevista-marta-flores\/","title":{"rendered":"Entrevista: Marta Flores"},"content":{"rendered":"<p><strong>En enero de este a\u00f1o, justo hizo dos a\u00f1os que iniciaste tu andadura profesional con nosotros, \u00bfqu\u00e9 recuerdos tienes de tu primer d\u00eda?<\/strong><\/p>\n<p>Mi primer d\u00eda lo recuerdo con sensaciones varias, una mezcla entre ilusi\u00f3n, dudas, miedo, para que negarlo. Todo y a todos, lo nuevo nos da miedo, pero a la vez personalmente ese miedo me atrae, me gusta comenzar algo nuevo y ponerme a prueba.<\/p>\n<p>Entrar en una gran empresa impone, pero me entusiasmaba por otro lado, \u00bfc\u00f3mo ser\u00e1n mis nuevos compa\u00f1eros y compa\u00f1eras?, \u00bfC\u00f3mo ser\u00e1 mi trabajo que tendr\u00e9 que desarrollar?, \u00bfEncajar\u00eda en mi nuevo equipo de trabajo?, \u00bfC\u00f3mo me acoger\u00edan?&#8230;&#8230;<\/p>\n<p>Quien me conoce un poquito, sabe de mi capacidad de adaptaci\u00f3n y de mi facilidad para socializar y relacionarme, me gusta conocer a gente nueva, que no piensen ni sientan lo que yo, eso siempre me permite descubrir lo extremadamente especiales y genuinos que podemos llegar a ser las personas, as\u00ed como me permite aprender de ellos y conocerme a m\u00ed misma a la vez; y m\u00e1s estas nuevas personas con las cuales convivir\u00eda gran parte de mis d\u00edas, convirti\u00e9ndose en confidentes, he incluso amigos y amigas.<\/p>\n<p>&nbsp;<\/p>\n<p><strong>Actualmente, perteneces al Departamento de Redes de Distribuci\u00f3n y junto con otros compa\u00f1eros, est\u00e1s en Tramitaciones Especiales \u00bfnos pod\u00edas contar un poco m\u00e1s sobre tu trabajo?<\/strong><\/p>\n<p>El trabajo que desarrollamos es muy alternativo, vivo y sobre todo lo definir\u00eda como polivalente, a la vez de emocionante; realizamos las gestiones necesarias con todos los organismos y propietarios para poder realizar una obra, generalmente para una l\u00ednea el\u00e9ctrica de media\/alta tensi\u00f3n. Dichas l\u00edneas tienen su transcurso entre propiedades p\u00fablicas y propiedades privadas, y he aqu\u00ed el punto en el que nuestra labor nos permite conocer y tratar de forma presencial y directa con los propietarios privados afectados.<\/p>\n<p>El desarrollo de las negociaciones que realizamos conlleva a crear a los clientes cierta familiaridad con nuestra empresa, terminan confiando en nuestro criterio y afianzamos de este modo nuestra credibilidad cuando les informamos de los pros y contras. El negociar es algo muy din\u00e1mico que me encanta de este trabajo; por deformaci\u00f3n profesional, necesito la interacci\u00f3n con las personas, o\u00edrles, que se expresen y poder conversar, en ocasiones rebatir, de nuestra parte siempre de forma argumentada el objeto de consolidar una punto y\/o propuesta que beneficie a todas las partes.<\/p>\n<p>Nuestras funciones comienzan por contactarles con una llamada inicial donde se presenta el proyecto de forma general y se les cita posteriormente en los ayuntamientos de la localidad o provincia donde se desarrollar\u00e1 el proyecto.<\/p>\n<p>Cuando los propietarios acuden a su cita, se les atiende de forma privada y con total confidencialidad, dado que cada propietario puede presentar diferentes circunstancias o casu\u00edsticas para formalizar el Acuerdo de Servidumbre, que este es nuestro objetivo principal.<\/p>\n<p>Previamente a todo esto, se realizan investigaciones y corroboramos datos, preparamos documentaci\u00f3n como fichas de campo, planos adaptados, entre otros.<\/p>\n<p>A grandes rasgos, nuestras tareas se centran en las tramitaciones que llevan consigo procedimientos expropiatorios en l\u00edneas de evacuaci\u00f3n de plantas fotovoltaicas, comenzando desde la negociaci\u00f3n con propietarios, tramitaci\u00f3n de Declaraci\u00f3n de Utilidad P\u00fablica, gesti\u00f3n y realizaci\u00f3n de convocatoria de Actas Previas y de Ocupaci\u00f3n y gestiones del procedimiento expropiatorio hasta la resoluci\u00f3n de justiprecio. Estas gestiones, son procesos que duran a\u00f1os, por ello se necesita mucha paciencia, organizaci\u00f3n y dedicaci\u00f3n hasta ver su culminaci\u00f3n.<\/p>\n<p><strong>\u00a0<\/strong><\/p>\n<p><strong>Teniendo en cuenta la actividad que desarrollas y con la cantidad de personas que tratas, \u00bfnos podr\u00edas contar alguna an\u00e9cdota que recuerdes especialmente?<\/strong><\/p>\n<p>Tendr\u00eda muchas, un tanto inquietantes a la vez de graciosas, pero sin lugar a duda me quedo con las conversaciones de \u201cvida\u201d que muchos de los propietarios de \u201cedades consagradas\u201d se prestan a contarnos con todo lujo de detalles, sus vivencias, sus contratiempos familiares o sus desavenencias con vecinos colindantes; otros emplean nuestras reuniones como terapias de desahogo, otros como nexo de uni\u00f3n para reunirse con familiares a los cuales no trataban por motivos ajenos a nuestra labor; algunos nos han invitado a \u201cnunca\u201d aparecer por sus fincas, y por otro lado hemos coincidido con propietarios que nos han mandado sus recetas de remedios caseros infalibles, incluso sus t\u00e9cnicas de c\u00f3mo ser felices en la vida y darle importancia a lo importante, que muchas veces se nos olvida.<\/p>\n<p>Pero en general, con cada una de las personas que hemos coincidido nos han dejado un recuerdo y aprendizaje valioso.<\/p>\n<p><strong>\u00a0<\/strong><\/p>\n<p><strong>\u00bfQu\u00e9 es lo que m\u00e1s valoras de Gabitel?<\/strong><\/p>\n<p>Para m\u00ed es fundamental la energ\u00eda en el clima laboral, el ambiente entre compa\u00f1eros; tengo la suerte o privilegio de poder tratar con muchos compa\u00f1eros, que incluso no son de m\u00ed mismo departamento o que pertenecen a la sede en Sevilla.<\/p>\n<p>Y valoro mucho la flexibilidad ante la conciliaci\u00f3n que Gabitel brinda, es algo que he podido apreciar a diferencia de otras empresas en las que he trabajado anteriormente.<\/p>\n<p>No todos tenemos d\u00edas buenos, ni todos conocemos las circunstancias personales de todas las personas que nos acompa\u00f1an en nuestro entorno laboral, es totalmente l\u00f3gico, pero a pesar de ello puedo decir, que he tenido la gran suerte de sentirme acogida cuando he tenido momentos de flaqueo personal, y sentir el inter\u00e9s y apoyo de mis compa\u00f1eros y compa\u00f1eras, para mi es un lujo. Contar con buenas personas en tu d\u00eda a d\u00eda, un apoyo, un abrazo, escucharte, eso lo agradezco mucho.<\/p>\n<p><strong>\u00a0<\/strong><\/p>\n<p><strong>Nos podr\u00edas contar algo de ti, que nos permita conocerte mejor a nivel personal.<\/strong><\/p>\n<p>Soy una persona muy inquieta, algo en lo que estoy trabajando dado que muchas veces quienes m\u00e1s tiempo comparten conmigo sufren de esa \u201cintensidad\u201d en quererlo todo para ayer, que me caracteriza. Por ende, ello me lleva a ser muy emocional, cabezota, sentida y cari\u00f1osa, con un instinto de cuidar a quien tengo cerca como buena e indiscutible capricornio que soy.<\/p>\n<p>Tengo claro que no todo puede salir perfecto, ni todo el mundo puede hacer las cosas tal como uno idealiza, y eso a la vez que me da \u201cmucho coraje\u201d me permite reflexionar y aprender que hay muchas formas de llegar a los objetivos, y por supuesto aprender a pedir ayuda y remar en equipo y por el equipo de trabajo.<\/p>\n<p>Trabajar en conjunto es fundamental para m\u00ed, cuando se unas todas las piezas se forma un puzle perfecto y por ello todos y cada uno de mis compa\u00f1eros y compa\u00f1eras son esenciales para que tambi\u00e9n crezca personal y laboralmente.<\/p>\n<p>La vida ya se ha encargado de frenarme en seco en varias ocasiones en mi vida, sin pedir permiso y de forma fortuita y bastante dolorosa, pero a pesar de ello siempre he intentado sacar fuerzas, y mi sonrisa, y ver que algo positivo es posible extraer y transformar de las malas rachas.<\/p>\n<p>Casi siempre me ver\u00e9is con una sonrisa, o una gracia o chiste malo que os suelte sin verg\u00fcenza; es algo que he aprendido que no sirve de mucho guard\u00e1rsela, la verg\u00fcenza; pero desde el respeto y la educaci\u00f3n siempre est\u00e1 bien tener un punto de inflexi\u00f3n y tomarnos la vida con varios sentidos.<\/p>\n<p><strong>\u00a0<\/strong><\/p>\n<p><strong>Ah\u00ed va la pregunta de nuestra compa\u00f1era, Rosa Leal, entrevistada en el bolet\u00edn anterior: \u00bfQu\u00e9 te ha parecido la comida de empresa de Gabitel de este a\u00f1o 2023?<\/strong><\/p>\n<p>La comida fue correcta, un picoteo diverso para compartir un rato con los compa\u00f1eros y nuestros responsables. Creo que probe casi todo, pero mi parte preferida fue la mesa de los dulces y caf\u00e9s, y sobre todo el momento de los animadores me encanto. Aunque no puede quedarme hasta el final del evento, s\u00e9 de buena tinta que mis compa\u00f1eros disfrutaron mucho.<\/p>\n<p>&nbsp;<\/p>\n<p><strong>Env\u00edale una pregunta para el pr\u00f3ximo compa\u00f1ero que ser\u00e1 entrevistado<\/strong><\/p>\n<p>\u00bfCu\u00e1l es la forma de mantenerte activo\/a durante tu jornada laboral, cuando llevas bastantes horas realizando un trabajo o tarea que exige mucha concentraci\u00f3n?<\/p>\n","protected":false},"excerpt":{"rendered":"<p>En enero de este a\u00f1o, justo hizo dos a\u00f1os que iniciaste tu andadura profesional con nosotros, \u00bfqu\u00e9 recuerdos tienes de tu primer d\u00eda? Mi primer d\u00eda lo recuerdo con sensaciones varias, una mezcla entre ilusi\u00f3n, dudas, miedo, para que negarlo. Todo y a todos, lo nuevo nos da miedo, pero a la vez personalmente ese [&hellip;]<\/p>\n","protected":false},"author":3,"featured_media":35240,"comment_status":"closed","ping_status":"closed","sticky":false,"template":"","format":"standard","meta":{"content-type":"","footnotes":""},"categories":[600],"tags":[],"class_list":["post-32763","post","type-post","status-publish","format-standard","has-post-thumbnail","hentry","category-off-topic-de"],"yoast_head":"<!-- This site is optimized with the Yoast SEO plugin v27.5 - https:\/\/yoast.com\/product\/yoast-seo-wordpress\/ -->\n<title>Entrevista: Marta Flores - Gabitel<\/title>\n<meta name=\"robots\" content=\"noindex, nofollow\" \/>\n<meta property=\"og:locale\" content=\"de_DE\" \/>\n<meta property=\"og:type\" content=\"article\" \/>\n<meta property=\"og:title\" content=\"Entrevista: Marta Flores - Gabitel\" \/>\n<meta property=\"og:description\" content=\"En enero de este a\u00f1o, justo hizo dos a\u00f1os que iniciaste tu andadura profesional con nosotros, \u00bfqu\u00e9 recuerdos tienes de tu primer d\u00eda? Mi primer d\u00eda lo recuerdo con sensaciones varias, una mezcla entre ilusi\u00f3n, dudas, miedo, para que negarlo. Todo y a todos, lo nuevo nos da miedo, pero a la vez personalmente ese [&hellip;]\" \/>\n<meta property=\"og:url\" content=\"https:\/\/gabitel.net\/de\/entrevista-marta-flores\/\" \/>\n<meta property=\"og:site_name\" content=\"Gabitel\" \/>\n<meta property=\"article:publisher\" content=\"https:\/\/www.facebook.com\/gabitelingenieros\/\" \/>\n<meta property=\"article:published_time\" content=\"2024-03-04T12:30:02+00:00\" \/>\n<meta property=\"article:modified_time\" content=\"2026-04-17T06:50:47+00:00\" \/>\n<meta property=\"og:image\" content=\"https:\/\/gabitel.net\/wp-content\/uploads\/2024\/03\/Marta1-min.jpg\" \/>\n\t<meta property=\"og:image:width\" content=\"718\" \/>\n\t<meta property=\"og:image:height\" content=\"539\" \/>\n\t<meta property=\"og:image:type\" content=\"image\/jpeg\" \/>\n<meta name=\"author\" content=\"user.autor\" \/>\n<meta name=\"twitter:card\" content=\"summary_large_image\" \/>\n<meta name=\"twitter:label1\" content=\"Verfasst von\" \/>\n\t<meta name=\"twitter:data1\" content=\"user.autor\" \/>\n\t<meta name=\"twitter:label2\" content=\"Gesch\u00e4tzte Lesezeit\" \/>\n\t<meta name=\"twitter:data2\" content=\"7\u00a0Minuten\" \/>\n<script type=\"application\/ld+json\" class=\"yoast-schema-graph\">{\"@context\":\"https:\\\/\\\/schema.org\",\"@graph\":[{\"@type\":[\"Article\",\"BlogPosting\"],\"@id\":\"https:\\\/\\\/gabitel.net\\\/de\\\/entrevista-marta-flores\\\/#article\",\"isPartOf\":{\"@id\":\"https:\\\/\\\/gabitel.net\\\/de\\\/entrevista-marta-flores\\\/\"},\"author\":{\"name\":\"user.autor\",\"@id\":\"https:\\\/\\\/gabitel.net\\\/de\\\/#\\\/schema\\\/person\\\/37ba53714c3fedb9c7d22f4bc781465c\"},\"headline\":\"Entrevista: Marta Flores\",\"datePublished\":\"2024-03-04T12:30:02+00:00\",\"dateModified\":\"2026-04-17T06:50:47+00:00\",\"mainEntityOfPage\":{\"@id\":\"https:\\\/\\\/gabitel.net\\\/de\\\/entrevista-marta-flores\\\/\"},\"wordCount\":1388,\"publisher\":{\"@id\":\"https:\\\/\\\/gabitel.net\\\/de\\\/#organization\"},\"image\":{\"@id\":\"https:\\\/\\\/gabitel.net\\\/de\\\/entrevista-marta-flores\\\/#primaryimage\"},\"thumbnailUrl\":\"https:\\\/\\\/gabitel.net\\\/wp-content\\\/uploads\\\/2024\\\/03\\\/Marta1-min.jpg\",\"articleSection\":[\"Off-topic\"],\"inLanguage\":\"de\"},{\"@type\":\"WebPage\",\"@id\":\"https:\\\/\\\/gabitel.net\\\/de\\\/entrevista-marta-flores\\\/\",\"url\":\"https:\\\/\\\/gabitel.net\\\/de\\\/entrevista-marta-flores\\\/\",\"name\":\"Entrevista: Marta Flores - Gabitel\",\"isPartOf\":{\"@id\":\"https:\\\/\\\/gabitel.net\\\/de\\\/#website\"},\"primaryImageOfPage\":{\"@id\":\"https:\\\/\\\/gabitel.net\\\/de\\\/entrevista-marta-flores\\\/#primaryimage\"},\"image\":{\"@id\":\"https:\\\/\\\/gabitel.net\\\/de\\\/entrevista-marta-flores\\\/#primaryimage\"},\"thumbnailUrl\":\"https:\\\/\\\/gabitel.net\\\/wp-content\\\/uploads\\\/2024\\\/03\\\/Marta1-min.jpg\",\"datePublished\":\"2024-03-04T12:30:02+00:00\",\"dateModified\":\"2026-04-17T06:50:47+00:00\",\"breadcrumb\":{\"@id\":\"https:\\\/\\\/gabitel.net\\\/de\\\/entrevista-marta-flores\\\/#breadcrumb\"},\"inLanguage\":\"de\",\"potentialAction\":[{\"@type\":\"ReadAction\",\"target\":[\"https:\\\/\\\/gabitel.net\\\/de\\\/entrevista-marta-flores\\\/\"]}]},{\"@type\":\"ImageObject\",\"inLanguage\":\"de\",\"@id\":\"https:\\\/\\\/gabitel.net\\\/de\\\/entrevista-marta-flores\\\/#primaryimage\",\"url\":\"https:\\\/\\\/gabitel.net\\\/wp-content\\\/uploads\\\/2024\\\/03\\\/Marta1-min.jpg\",\"contentUrl\":\"https:\\\/\\\/gabitel.net\\\/wp-content\\\/uploads\\\/2024\\\/03\\\/Marta1-min.jpg\",\"width\":718,\"height\":539},{\"@type\":\"BreadcrumbList\",\"@id\":\"https:\\\/\\\/gabitel.net\\\/de\\\/entrevista-marta-flores\\\/#breadcrumb\",\"itemListElement\":[{\"@type\":\"ListItem\",\"position\":1,\"name\":\"Portada\",\"item\":\"https:\\\/\\\/gabitel.net\\\/de\\\/\"},{\"@type\":\"ListItem\",\"position\":2,\"name\":\"Entrevista: Marta Flores\"}]},{\"@type\":\"WebSite\",\"@id\":\"https:\\\/\\\/gabitel.net\\\/de\\\/#website\",\"url\":\"https:\\\/\\\/gabitel.net\\\/de\\\/\",\"name\":\"Gabitel\",\"description\":\"\",\"publisher\":{\"@id\":\"https:\\\/\\\/gabitel.net\\\/de\\\/#organization\"},\"potentialAction\":[{\"@type\":\"SearchAction\",\"target\":{\"@type\":\"EntryPoint\",\"urlTemplate\":\"https:\\\/\\\/gabitel.net\\\/de\\\/?s={search_term_string}\"},\"query-input\":{\"@type\":\"PropertyValueSpecification\",\"valueRequired\":true,\"valueName\":\"search_term_string\"}}],\"inLanguage\":\"de\"},{\"@type\":\"Organization\",\"@id\":\"https:\\\/\\\/gabitel.net\\\/de\\\/#organization\",\"name\":\"Gabitel\",\"url\":\"https:\\\/\\\/gabitel.net\\\/de\\\/\",\"logo\":{\"@type\":\"ImageObject\",\"inLanguage\":\"de\",\"@id\":\"https:\\\/\\\/gabitel.net\\\/de\\\/#\\\/schema\\\/logo\\\/image\\\/\",\"url\":\"https:\\\/\\\/gabitel.net\\\/wp-content\\\/uploads\\\/2025\\\/05\\\/logo_gabitel.jpg\",\"contentUrl\":\"https:\\\/\\\/gabitel.net\\\/wp-content\\\/uploads\\\/2025\\\/05\\\/logo_gabitel.jpg\",\"width\":2560,\"height\":1330,\"caption\":\"Gabitel\"},\"image\":{\"@id\":\"https:\\\/\\\/gabitel.net\\\/de\\\/#\\\/schema\\\/logo\\\/image\\\/\"},\"sameAs\":[\"https:\\\/\\\/www.facebook.com\\\/gabitelingenieros\\\/\",\"https:\\\/\\\/es.linkedin.com\\\/company\\\/gabitel-ingenieros\"]},{\"@type\":\"Person\",\"@id\":\"https:\\\/\\\/gabitel.net\\\/de\\\/#\\\/schema\\\/person\\\/37ba53714c3fedb9c7d22f4bc781465c\",\"name\":\"user.autor\",\"url\":\"https:\\\/\\\/gabitel.net\\\/de\\\/author\\\/user-autor\\\/\"}]}<\/script>\n<!-- \/ Yoast SEO plugin. -->","yoast_head_json":{"title":"Entrevista: Marta Flores - Gabitel","robots":{"index":"noindex","follow":"nofollow"},"og_locale":"de_DE","og_type":"article","og_title":"Entrevista: Marta Flores - Gabitel","og_description":"En enero de este a\u00f1o, justo hizo dos a\u00f1os que iniciaste tu andadura profesional con nosotros, \u00bfqu\u00e9 recuerdos tienes de tu primer d\u00eda? Mi primer d\u00eda lo recuerdo con sensaciones varias, una mezcla entre ilusi\u00f3n, dudas, miedo, para que negarlo. Todo y a todos, lo nuevo nos da miedo, pero a la vez personalmente ese [&hellip;]","og_url":"https:\/\/gabitel.net\/de\/entrevista-marta-flores\/","og_site_name":"Gabitel","article_publisher":"https:\/\/www.facebook.com\/gabitelingenieros\/","article_published_time":"2024-03-04T12:30:02+00:00","article_modified_time":"2026-04-17T06:50:47+00:00","og_image":[{"width":718,"height":539,"url":"https:\/\/gabitel.net\/wp-content\/uploads\/2024\/03\/Marta1-min.jpg","type":"image\/jpeg"}],"author":"user.autor","twitter_card":"summary_large_image","twitter_misc":{"Verfasst von":"user.autor","Gesch\u00e4tzte Lesezeit":"7\u00a0Minuten"},"schema":{"@context":"https:\/\/schema.org","@graph":[{"@type":["Article","BlogPosting"],"@id":"https:\/\/gabitel.net\/de\/entrevista-marta-flores\/#article","isPartOf":{"@id":"https:\/\/gabitel.net\/de\/entrevista-marta-flores\/"},"author":{"name":"user.autor","@id":"https:\/\/gabitel.net\/de\/#\/schema\/person\/37ba53714c3fedb9c7d22f4bc781465c"},"headline":"Entrevista: Marta Flores","datePublished":"2024-03-04T12:30:02+00:00","dateModified":"2026-04-17T06:50:47+00:00","mainEntityOfPage":{"@id":"https:\/\/gabitel.net\/de\/entrevista-marta-flores\/"},"wordCount":1388,"publisher":{"@id":"https:\/\/gabitel.net\/de\/#organization"},"image":{"@id":"https:\/\/gabitel.net\/de\/entrevista-marta-flores\/#primaryimage"},"thumbnailUrl":"https:\/\/gabitel.net\/wp-content\/uploads\/2024\/03\/Marta1-min.jpg","articleSection":["Off-topic"],"inLanguage":"de"},{"@type":"WebPage","@id":"https:\/\/gabitel.net\/de\/entrevista-marta-flores\/","url":"https:\/\/gabitel.net\/de\/entrevista-marta-flores\/","name":"Entrevista: Marta Flores - Gabitel","isPartOf":{"@id":"https:\/\/gabitel.net\/de\/#website"},"primaryImageOfPage":{"@id":"https:\/\/gabitel.net\/de\/entrevista-marta-flores\/#primaryimage"},"image":{"@id":"https:\/\/gabitel.net\/de\/entrevista-marta-flores\/#primaryimage"},"thumbnailUrl":"https:\/\/gabitel.net\/wp-content\/uploads\/2024\/03\/Marta1-min.jpg","datePublished":"2024-03-04T12:30:02+00:00","dateModified":"2026-04-17T06:50:47+00:00","breadcrumb":{"@id":"https:\/\/gabitel.net\/de\/entrevista-marta-flores\/#breadcrumb"},"inLanguage":"de","potentialAction":[{"@type":"ReadAction","target":["https:\/\/gabitel.net\/de\/entrevista-marta-flores\/"]}]},{"@type":"ImageObject","inLanguage":"de","@id":"https:\/\/gabitel.net\/de\/entrevista-marta-flores\/#primaryimage","url":"https:\/\/gabitel.net\/wp-content\/uploads\/2024\/03\/Marta1-min.jpg","contentUrl":"https:\/\/gabitel.net\/wp-content\/uploads\/2024\/03\/Marta1-min.jpg","width":718,"height":539},{"@type":"BreadcrumbList","@id":"https:\/\/gabitel.net\/de\/entrevista-marta-flores\/#breadcrumb","itemListElement":[{"@type":"ListItem","position":1,"name":"Portada","item":"https:\/\/gabitel.net\/de\/"},{"@type":"ListItem","position":2,"name":"Entrevista: Marta Flores"}]},{"@type":"WebSite","@id":"https:\/\/gabitel.net\/de\/#website","url":"https:\/\/gabitel.net\/de\/","name":"Gabitel","description":"","publisher":{"@id":"https:\/\/gabitel.net\/de\/#organization"},"potentialAction":[{"@type":"SearchAction","target":{"@type":"EntryPoint","urlTemplate":"https:\/\/gabitel.net\/de\/?s={search_term_string}"},"query-input":{"@type":"PropertyValueSpecification","valueRequired":true,"valueName":"search_term_string"}}],"inLanguage":"de"},{"@type":"Organization","@id":"https:\/\/gabitel.net\/de\/#organization","name":"Gabitel","url":"https:\/\/gabitel.net\/de\/","logo":{"@type":"ImageObject","inLanguage":"de","@id":"https:\/\/gabitel.net\/de\/#\/schema\/logo\/image\/","url":"https:\/\/gabitel.net\/wp-content\/uploads\/2025\/05\/logo_gabitel.jpg","contentUrl":"https:\/\/gabitel.net\/wp-content\/uploads\/2025\/05\/logo_gabitel.jpg","width":2560,"height":1330,"caption":"Gabitel"},"image":{"@id":"https:\/\/gabitel.net\/de\/#\/schema\/logo\/image\/"},"sameAs":["https:\/\/www.facebook.com\/gabitelingenieros\/","https:\/\/es.linkedin.com\/company\/gabitel-ingenieros"]},{"@type":"Person","@id":"https:\/\/gabitel.net\/de\/#\/schema\/person\/37ba53714c3fedb9c7d22f4bc781465c","name":"user.autor","url":"https:\/\/gabitel.net\/de\/author\/user-autor\/"}]}},"_links":{"self":[{"href":"https:\/\/gabitel.net\/de\/wp-json\/wp\/v2\/posts\/32763","targetHints":{"allow":["GET"]}}],"collection":[{"href":"https:\/\/gabitel.net\/de\/wp-json\/wp\/v2\/posts"}],"about":[{"href":"https:\/\/gabitel.net\/de\/wp-json\/wp\/v2\/types\/post"}],"author":[{"embeddable":true,"href":"https:\/\/gabitel.net\/de\/wp-json\/wp\/v2\/users\/3"}],"replies":[{"embeddable":true,"href":"https:\/\/gabitel.net\/de\/wp-json\/wp\/v2\/comments?post=32763"}],"version-history":[{"count":1,"href":"https:\/\/gabitel.net\/de\/wp-json\/wp\/v2\/posts\/32763\/revisions"}],"predecessor-version":[{"id":37490,"href":"https:\/\/gabitel.net\/de\/wp-json\/wp\/v2\/posts\/32763\/revisions\/37490"}],"wp:featuredmedia":[{"embeddable":true,"href":"https:\/\/gabitel.net\/de\/wp-json\/wp\/v2\/media\/35240"}],"wp:attachment":[{"href":"https:\/\/gabitel.net\/de\/wp-json\/wp\/v2\/media?parent=32763"}],"wp:term":[{"taxonomy":"category","embeddable":true,"href":"https:\/\/gabitel.net\/de\/wp-json\/wp\/v2\/categories?post=32763"},{"taxonomy":"post_tag","embeddable":true,"href":"https:\/\/gabitel.net\/de\/wp-json\/wp\/v2\/tags?post=32763"}],"curies":[{"name":"wp","href":"https:\/\/api.w.org\/{rel}","templated":true}]}}