{"id":32767,"date":"2023-12-27T13:30:45","date_gmt":"2023-12-27T12:30:45","guid":{"rendered":"https:\/\/gabitel.net\/iii-concurso-de-christmas-de-gabitel\/"},"modified":"2026-04-17T08:50:47","modified_gmt":"2026-04-17T06:50:47","slug":"iii-concurso-de-christmas-de-gabitel","status":"publish","type":"post","link":"https:\/\/gabitel.net\/de\/iii-concurso-de-christmas-de-gabitel\/","title":{"rendered":"III Concurso de christmas de Gabitel"},"content":{"rendered":"<p style=\"text-align: left;\">Como viene siendo tradici\u00f3n en estas fechas, un a\u00f1o m\u00e1s hemos se ha realizado nuestro concurso de Christmas, este a\u00f1o con la novedad que de tener el concurso de Adultos para todos los empleados de Gabitel, y aqu\u00ed est\u00e1n nuestros granadores:<\/p>\n<p style=\"text-align: center;\"><strong>Ganador concurso de adulto<\/strong><\/p>\n<p style=\"text-align: center;\">Javier \u00c1lvarez<\/p>\n<p><img decoding=\"async\" src=\"https:\/\/gabitelingenieros.com\/wp-content\/uploads\/2023\/12\/N3-FOTO-01-DE-CABECERA-DE-LA-NOTICIA-Y-FOTO-1-DE-INTERIOR-min.jpg\" alt=\"III Concurso de | Gabitel Ingenieros\" \/><\/p>\n<p style=\"text-align: center;\"><strong>Ganador concurso infantil<\/strong><\/p>\n<p style=\"text-align: center;\">Laura Beltr\u00e1n<\/p>\n<p><img decoding=\"async\" src=\"https:\/\/gabitelingenieros.com\/wp-content\/uploads\/2023\/12\/N3-FOTO-DE-INTERIOR-02-min.jpg\" alt=\"III Concurso de | Gabitel Ingenieros\" \/><\/p>\n<p style=\"text-align: center;\"><strong>Finalistas concurso infantli<\/strong><\/p>\n<p style=\"text-align: center;\">Juan Jerez<\/p>\n<p><img decoding=\"async\" src=\"https:\/\/gabitelingenieros.com\/wp-content\/uploads\/2023\/12\/N3-FOTO-DE-INTERIOR-03-min.jpg\" alt=\"III Concurso de | Gabitel Ingenieros\" \/><\/p>\n<p style=\"text-align: center;\">Paula Bellido<\/p>\n<p><img decoding=\"async\" src=\"https:\/\/gabitelingenieros.com\/wp-content\/uploads\/2023\/12\/N3-FOTO-DE-INTERIOR-04-min.jpg\" alt=\"III Concurso de | Gabitel Ingenieros\" \/><\/p>\n<p style=\"text-align: center;\"><strong>\u00a1ENHORABUENA A LOS GANADORES!<\/strong><\/p>\n<p>Pero no queremos dejar de compartir con todos vosotros, todos los Christmas recibidos tanto de compa\u00f1eros como de los m\u00e1s peque\u00f1os de nuestra casa.<\/p>\n<p><img decoding=\"async\" src=\"https:\/\/gabitelingenieros.com\/wp-content\/uploads\/2023\/12\/N3-FOTO-DE-INTERIOR-05-min.jpg\" alt=\"III Concurso de | Gabitel Ingenieros\" \/><\/p>\n","protected":false},"excerpt":{"rendered":"<p>Como viene siendo tradici\u00f3n en estas fechas, un a\u00f1o m\u00e1s hemos se ha realizado nuestro concurso de Christmas, este a\u00f1o con la novedad que de tener el concurso de Adultos para todos los empleados de Gabitel, y aqu\u00ed est\u00e1n nuestros granadores: Ganador concurso de adulto Javier \u00c1lvarez Ganador concurso infantil Laura Beltr\u00e1n Finalistas concurso infantli [&hellip;]<\/p>\n","protected":false},"author":3,"featured_media":0,"comment_status":"closed","ping_status":"closed","sticky":false,"template":"","format":"standard","meta":{"content-type":"","footnotes":""},"categories":[600],"tags":[],"class_list":["post-32767","post","type-post","status-publish","format-standard","hentry","category-off-topic-de"],"yoast_head":"<!-- This site is optimized with the Yoast SEO plugin v27.5 - https:\/\/yoast.com\/product\/yoast-seo-wordpress\/ -->\n<title>III Concurso de christmas de Gabitel - Gabitel<\/title>\n<meta name=\"robots\" content=\"noindex, nofollow\" \/>\n<meta property=\"og:locale\" content=\"de_DE\" \/>\n<meta property=\"og:type\" content=\"article\" \/>\n<meta property=\"og:title\" content=\"III Concurso de christmas de Gabitel - Gabitel\" \/>\n<meta property=\"og:description\" content=\"Como viene siendo tradici\u00f3n en estas fechas, un a\u00f1o m\u00e1s hemos se ha realizado nuestro concurso de Christmas, este a\u00f1o con la novedad que de tener el concurso de Adultos para todos los empleados de Gabitel, y aqu\u00ed est\u00e1n nuestros granadores: Ganador concurso de adulto Javier \u00c1lvarez Ganador concurso infantil Laura Beltr\u00e1n Finalistas concurso infantli [&hellip;]\" \/>\n<meta property=\"og:url\" content=\"https:\/\/gabitel.net\/de\/iii-concurso-de-christmas-de-gabitel\/\" \/>\n<meta property=\"og:site_name\" content=\"Gabitel\" \/>\n<meta property=\"article:publisher\" content=\"https:\/\/www.facebook.com\/gabitelingenieros\/\" \/>\n<meta property=\"article:published_time\" content=\"2023-12-27T12:30:45+00:00\" \/>\n<meta property=\"article:modified_time\" content=\"2026-04-17T06:50:47+00:00\" \/>\n<meta property=\"og:image\" content=\"https:\/\/gabitelingenieros.com\/wp-content\/uploads\/2023\/12\/N3-FOTO-01-DE-CABECERA-DE-LA-NOTICIA-Y-FOTO-1-DE-INTERIOR-min.jpg\" \/>\n<meta name=\"author\" content=\"user.autor\" \/>\n<meta name=\"twitter:card\" content=\"summary_large_image\" \/>\n<meta name=\"twitter:label1\" content=\"Verfasst von\" \/>\n\t<meta name=\"twitter:data1\" content=\"user.autor\" \/>\n<script type=\"application\/ld+json\" class=\"yoast-schema-graph\">{\"@context\":\"https:\\\/\\\/schema.org\",\"@graph\":[{\"@type\":[\"Article\",\"BlogPosting\"],\"@id\":\"https:\\\/\\\/gabitel.net\\\/de\\\/iii-concurso-de-christmas-de-gabitel\\\/#article\",\"isPartOf\":{\"@id\":\"https:\\\/\\\/gabitel.net\\\/de\\\/iii-concurso-de-christmas-de-gabitel\\\/\"},\"author\":{\"name\":\"user.autor\",\"@id\":\"https:\\\/\\\/gabitel.net\\\/de\\\/#\\\/schema\\\/person\\\/37ba53714c3fedb9c7d22f4bc781465c\"},\"headline\":\"III Concurso de christmas de Gabitel\",\"datePublished\":\"2023-12-27T12:30:45+00:00\",\"dateModified\":\"2026-04-17T06:50:47+00:00\",\"mainEntityOfPage\":{\"@id\":\"https:\\\/\\\/gabitel.net\\\/de\\\/iii-concurso-de-christmas-de-gabitel\\\/\"},\"wordCount\":102,\"publisher\":{\"@id\":\"https:\\\/\\\/gabitel.net\\\/de\\\/#organization\"},\"image\":{\"@id\":\"https:\\\/\\\/gabitel.net\\\/de\\\/iii-concurso-de-christmas-de-gabitel\\\/#primaryimage\"},\"thumbnailUrl\":\"https:\\\/\\\/gabitelingenieros.com\\\/wp-content\\\/uploads\\\/2023\\\/12\\\/N3-FOTO-01-DE-CABECERA-DE-LA-NOTICIA-Y-FOTO-1-DE-INTERIOR-min.jpg\",\"articleSection\":[\"Off-topic\"],\"inLanguage\":\"de\"},{\"@type\":\"WebPage\",\"@id\":\"https:\\\/\\\/gabitel.net\\\/de\\\/iii-concurso-de-christmas-de-gabitel\\\/\",\"url\":\"https:\\\/\\\/gabitel.net\\\/de\\\/iii-concurso-de-christmas-de-gabitel\\\/\",\"name\":\"III Concurso de christmas de Gabitel - Gabitel\",\"isPartOf\":{\"@id\":\"https:\\\/\\\/gabitel.net\\\/de\\\/#website\"},\"primaryImageOfPage\":{\"@id\":\"https:\\\/\\\/gabitel.net\\\/de\\\/iii-concurso-de-christmas-de-gabitel\\\/#primaryimage\"},\"image\":{\"@id\":\"https:\\\/\\\/gabitel.net\\\/de\\\/iii-concurso-de-christmas-de-gabitel\\\/#primaryimage\"},\"thumbnailUrl\":\"https:\\\/\\\/gabitelingenieros.com\\\/wp-content\\\/uploads\\\/2023\\\/12\\\/N3-FOTO-01-DE-CABECERA-DE-LA-NOTICIA-Y-FOTO-1-DE-INTERIOR-min.jpg\",\"datePublished\":\"2023-12-27T12:30:45+00:00\",\"dateModified\":\"2026-04-17T06:50:47+00:00\",\"breadcrumb\":{\"@id\":\"https:\\\/\\\/gabitel.net\\\/de\\\/iii-concurso-de-christmas-de-gabitel\\\/#breadcrumb\"},\"inLanguage\":\"de\",\"potentialAction\":[{\"@type\":\"ReadAction\",\"target\":[\"https:\\\/\\\/gabitel.net\\\/de\\\/iii-concurso-de-christmas-de-gabitel\\\/\"]}]},{\"@type\":\"ImageObject\",\"inLanguage\":\"de\",\"@id\":\"https:\\\/\\\/gabitel.net\\\/de\\\/iii-concurso-de-christmas-de-gabitel\\\/#primaryimage\",\"url\":\"https:\\\/\\\/gabitelingenieros.com\\\/wp-content\\\/uploads\\\/2023\\\/12\\\/N3-FOTO-01-DE-CABECERA-DE-LA-NOTICIA-Y-FOTO-1-DE-INTERIOR-min.jpg\",\"contentUrl\":\"https:\\\/\\\/gabitelingenieros.com\\\/wp-content\\\/uploads\\\/2023\\\/12\\\/N3-FOTO-01-DE-CABECERA-DE-LA-NOTICIA-Y-FOTO-1-DE-INTERIOR-min.jpg\"},{\"@type\":\"BreadcrumbList\",\"@id\":\"https:\\\/\\\/gabitel.net\\\/de\\\/iii-concurso-de-christmas-de-gabitel\\\/#breadcrumb\",\"itemListElement\":[{\"@type\":\"ListItem\",\"position\":1,\"name\":\"Portada\",\"item\":\"https:\\\/\\\/gabitel.net\\\/de\\\/\"},{\"@type\":\"ListItem\",\"position\":2,\"name\":\"III Concurso de christmas de Gabitel\"}]},{\"@type\":\"WebSite\",\"@id\":\"https:\\\/\\\/gabitel.net\\\/de\\\/#website\",\"url\":\"https:\\\/\\\/gabitel.net\\\/de\\\/\",\"name\":\"Gabitel\",\"description\":\"\",\"publisher\":{\"@id\":\"https:\\\/\\\/gabitel.net\\\/de\\\/#organization\"},\"potentialAction\":[{\"@type\":\"SearchAction\",\"target\":{\"@type\":\"EntryPoint\",\"urlTemplate\":\"https:\\\/\\\/gabitel.net\\\/de\\\/?s={search_term_string}\"},\"query-input\":{\"@type\":\"PropertyValueSpecification\",\"valueRequired\":true,\"valueName\":\"search_term_string\"}}],\"inLanguage\":\"de\"},{\"@type\":\"Organization\",\"@id\":\"https:\\\/\\\/gabitel.net\\\/de\\\/#organization\",\"name\":\"Gabitel\",\"url\":\"https:\\\/\\\/gabitel.net\\\/de\\\/\",\"logo\":{\"@type\":\"ImageObject\",\"inLanguage\":\"de\",\"@id\":\"https:\\\/\\\/gabitel.net\\\/de\\\/#\\\/schema\\\/logo\\\/image\\\/\",\"url\":\"https:\\\/\\\/gabitel.net\\\/wp-content\\\/uploads\\\/2025\\\/05\\\/logo_gabitel.jpg\",\"contentUrl\":\"https:\\\/\\\/gabitel.net\\\/wp-content\\\/uploads\\\/2025\\\/05\\\/logo_gabitel.jpg\",\"width\":2560,\"height\":1330,\"caption\":\"Gabitel\"},\"image\":{\"@id\":\"https:\\\/\\\/gabitel.net\\\/de\\\/#\\\/schema\\\/logo\\\/image\\\/\"},\"sameAs\":[\"https:\\\/\\\/www.facebook.com\\\/gabitelingenieros\\\/\",\"https:\\\/\\\/es.linkedin.com\\\/company\\\/gabitel-ingenieros\"]},{\"@type\":\"Person\",\"@id\":\"https:\\\/\\\/gabitel.net\\\/de\\\/#\\\/schema\\\/person\\\/37ba53714c3fedb9c7d22f4bc781465c\",\"name\":\"user.autor\",\"url\":\"https:\\\/\\\/gabitel.net\\\/de\\\/author\\\/user-autor\\\/\"}]}<\/script>\n<!-- \/ Yoast SEO plugin. -->","yoast_head_json":{"title":"III Concurso de christmas de Gabitel - Gabitel","robots":{"index":"noindex","follow":"nofollow"},"og_locale":"de_DE","og_type":"article","og_title":"III Concurso de christmas de Gabitel - Gabitel","og_description":"Como viene siendo tradici\u00f3n en estas fechas, un a\u00f1o m\u00e1s hemos se ha realizado nuestro concurso de Christmas, este a\u00f1o con la novedad que de tener el concurso de Adultos para todos los empleados de Gabitel, y aqu\u00ed est\u00e1n nuestros granadores: Ganador concurso de adulto Javier \u00c1lvarez Ganador concurso infantil Laura Beltr\u00e1n Finalistas concurso infantli [&hellip;]","og_url":"https:\/\/gabitel.net\/de\/iii-concurso-de-christmas-de-gabitel\/","og_site_name":"Gabitel","article_publisher":"https:\/\/www.facebook.com\/gabitelingenieros\/","article_published_time":"2023-12-27T12:30:45+00:00","article_modified_time":"2026-04-17T06:50:47+00:00","og_image":[{"url":"https:\/\/gabitelingenieros.com\/wp-content\/uploads\/2023\/12\/N3-FOTO-01-DE-CABECERA-DE-LA-NOTICIA-Y-FOTO-1-DE-INTERIOR-min.jpg","type":"","width":"","height":""}],"author":"user.autor","twitter_card":"summary_large_image","twitter_misc":{"Verfasst von":"user.autor"},"schema":{"@context":"https:\/\/schema.org","@graph":[{"@type":["Article","BlogPosting"],"@id":"https:\/\/gabitel.net\/de\/iii-concurso-de-christmas-de-gabitel\/#article","isPartOf":{"@id":"https:\/\/gabitel.net\/de\/iii-concurso-de-christmas-de-gabitel\/"},"author":{"name":"user.autor","@id":"https:\/\/gabitel.net\/de\/#\/schema\/person\/37ba53714c3fedb9c7d22f4bc781465c"},"headline":"III Concurso de christmas de Gabitel","datePublished":"2023-12-27T12:30:45+00:00","dateModified":"2026-04-17T06:50:47+00:00","mainEntityOfPage":{"@id":"https:\/\/gabitel.net\/de\/iii-concurso-de-christmas-de-gabitel\/"},"wordCount":102,"publisher":{"@id":"https:\/\/gabitel.net\/de\/#organization"},"image":{"@id":"https:\/\/gabitel.net\/de\/iii-concurso-de-christmas-de-gabitel\/#primaryimage"},"thumbnailUrl":"https:\/\/gabitelingenieros.com\/wp-content\/uploads\/2023\/12\/N3-FOTO-01-DE-CABECERA-DE-LA-NOTICIA-Y-FOTO-1-DE-INTERIOR-min.jpg","articleSection":["Off-topic"],"inLanguage":"de"},{"@type":"WebPage","@id":"https:\/\/gabitel.net\/de\/iii-concurso-de-christmas-de-gabitel\/","url":"https:\/\/gabitel.net\/de\/iii-concurso-de-christmas-de-gabitel\/","name":"III Concurso de christmas de Gabitel - Gabitel","isPartOf":{"@id":"https:\/\/gabitel.net\/de\/#website"},"primaryImageOfPage":{"@id":"https:\/\/gabitel.net\/de\/iii-concurso-de-christmas-de-gabitel\/#primaryimage"},"image":{"@id":"https:\/\/gabitel.net\/de\/iii-concurso-de-christmas-de-gabitel\/#primaryimage"},"thumbnailUrl":"https:\/\/gabitelingenieros.com\/wp-content\/uploads\/2023\/12\/N3-FOTO-01-DE-CABECERA-DE-LA-NOTICIA-Y-FOTO-1-DE-INTERIOR-min.jpg","datePublished":"2023-12-27T12:30:45+00:00","dateModified":"2026-04-17T06:50:47+00:00","breadcrumb":{"@id":"https:\/\/gabitel.net\/de\/iii-concurso-de-christmas-de-gabitel\/#breadcrumb"},"inLanguage":"de","potentialAction":[{"@type":"ReadAction","target":["https:\/\/gabitel.net\/de\/iii-concurso-de-christmas-de-gabitel\/"]}]},{"@type":"ImageObject","inLanguage":"de","@id":"https:\/\/gabitel.net\/de\/iii-concurso-de-christmas-de-gabitel\/#primaryimage","url":"https:\/\/gabitelingenieros.com\/wp-content\/uploads\/2023\/12\/N3-FOTO-01-DE-CABECERA-DE-LA-NOTICIA-Y-FOTO-1-DE-INTERIOR-min.jpg","contentUrl":"https:\/\/gabitelingenieros.com\/wp-content\/uploads\/2023\/12\/N3-FOTO-01-DE-CABECERA-DE-LA-NOTICIA-Y-FOTO-1-DE-INTERIOR-min.jpg"},{"@type":"BreadcrumbList","@id":"https:\/\/gabitel.net\/de\/iii-concurso-de-christmas-de-gabitel\/#breadcrumb","itemListElement":[{"@type":"ListItem","position":1,"name":"Portada","item":"https:\/\/gabitel.net\/de\/"},{"@type":"ListItem","position":2,"name":"III Concurso de christmas de Gabitel"}]},{"@type":"WebSite","@id":"https:\/\/gabitel.net\/de\/#website","url":"https:\/\/gabitel.net\/de\/","name":"Gabitel","description":"","publisher":{"@id":"https:\/\/gabitel.net\/de\/#organization"},"potentialAction":[{"@type":"SearchAction","target":{"@type":"EntryPoint","urlTemplate":"https:\/\/gabitel.net\/de\/?s={search_term_string}"},"query-input":{"@type":"PropertyValueSpecification","valueRequired":true,"valueName":"search_term_string"}}],"inLanguage":"de"},{"@type":"Organization","@id":"https:\/\/gabitel.net\/de\/#organization","name":"Gabitel","url":"https:\/\/gabitel.net\/de\/","logo":{"@type":"ImageObject","inLanguage":"de","@id":"https:\/\/gabitel.net\/de\/#\/schema\/logo\/image\/","url":"https:\/\/gabitel.net\/wp-content\/uploads\/2025\/05\/logo_gabitel.jpg","contentUrl":"https:\/\/gabitel.net\/wp-content\/uploads\/2025\/05\/logo_gabitel.jpg","width":2560,"height":1330,"caption":"Gabitel"},"image":{"@id":"https:\/\/gabitel.net\/de\/#\/schema\/logo\/image\/"},"sameAs":["https:\/\/www.facebook.com\/gabitelingenieros\/","https:\/\/es.linkedin.com\/company\/gabitel-ingenieros"]},{"@type":"Person","@id":"https:\/\/gabitel.net\/de\/#\/schema\/person\/37ba53714c3fedb9c7d22f4bc781465c","name":"user.autor","url":"https:\/\/gabitel.net\/de\/author\/user-autor\/"}]}},"_links":{"self":[{"href":"https:\/\/gabitel.net\/de\/wp-json\/wp\/v2\/posts\/32767","targetHints":{"allow":["GET"]}}],"collection":[{"href":"https:\/\/gabitel.net\/de\/wp-json\/wp\/v2\/posts"}],"about":[{"href":"https:\/\/gabitel.net\/de\/wp-json\/wp\/v2\/types\/post"}],"author":[{"embeddable":true,"href":"https:\/\/gabitel.net\/de\/wp-json\/wp\/v2\/users\/3"}],"replies":[{"embeddable":true,"href":"https:\/\/gabitel.net\/de\/wp-json\/wp\/v2\/comments?post=32767"}],"version-history":[{"count":1,"href":"https:\/\/gabitel.net\/de\/wp-json\/wp\/v2\/posts\/32767\/revisions"}],"predecessor-version":[{"id":37441,"href":"https:\/\/gabitel.net\/de\/wp-json\/wp\/v2\/posts\/32767\/revisions\/37441"}],"wp:attachment":[{"href":"https:\/\/gabitel.net\/de\/wp-json\/wp\/v2\/media?parent=32767"}],"wp:term":[{"taxonomy":"category","embeddable":true,"href":"https:\/\/gabitel.net\/de\/wp-json\/wp\/v2\/categories?post=32767"},{"taxonomy":"post_tag","embeddable":true,"href":"https:\/\/gabitel.net\/de\/wp-json\/wp\/v2\/tags?post=32767"}],"curies":[{"name":"wp","href":"https:\/\/api.w.org\/{rel}","templated":true}]}}