{"id":32779,"date":"2023-12-13T13:41:38","date_gmt":"2023-12-13T12:41:38","guid":{"rendered":"https:\/\/gabitel.net\/telecomunicaciones-2023-impulso-a-la-internacionalizacion-de-gabitel\/"},"modified":"2026-04-17T08:50:49","modified_gmt":"2026-04-17T06:50:49","slug":"telecomunicaciones-2023-impulso-a-la-internacionalizacion-de-gabitel","status":"publish","type":"post","link":"https:\/\/gabitel.net\/de\/telecomunicaciones-2023-impulso-a-la-internacionalizacion-de-gabitel\/","title":{"rendered":"Telecomunicaciones 2023: Impulso a la internacionalizaci\u00f3n de Gabitel"},"content":{"rendered":"<p>El <strong>a\u00f1o 2023<\/strong> ha sido un a\u00f1o de impulso de nuestra divisi\u00f3n internacional de <strong>Telecomunicaciones<\/strong>, con la consolidaci\u00f3n de nuestra presencia en <strong>Reino Unido<\/strong> y un r\u00e1pido crecimiento en <strong>Alemania,<\/strong> adem\u00e1s de fortalecer nuestra red nacional. Hitos que se enmarcan dentro de los objetivos marcados dentro de nuestro proceso de internacionalizaci\u00f3n para la captaci\u00f3n de nuevas ventanas de comercializaci\u00f3n a trav\u00e9s de proyectos y acuerdos de colaboraci\u00f3n.<\/p>\n<p>Durante 2023 experimentamos un gran impulso en el mercado alem\u00e1n, en el que, adem\u00e1s de afianzar proyectos ya en marcha, hemos iniciado otros nuevos que nos permiten encarar 2024 con perspectivas muy halag\u00fce\u00f1as.<\/p>\n<p>Desde el verano estamos trabajando junto con la constructora espa\u00f1ola <strong>ACL Projekt<\/strong> para el dise\u00f1o de la red de fibra \u00f3ptica de<strong> G\u00f6tel<\/strong>, empresa con sedes en G\u00f6ttingen, Kassel y Reiskirchen, que comenz\u00f3 su andadura en 1986 con la fundaci\u00f3n de OR Network (ORN) y ahora aborda la expansi\u00f3n de FTTH en zonas rurales desatendidas.<\/p>\n<p>G\u00f6tel representa una de las principales apuestas de Gabitel en Alemania. Es responsable del despliegue y explotaci\u00f3n de una red de fibra \u00f3ptica hasta el hogar de acceso abierto en zonas rurales de Alemania. Dispone de m\u00e1s de 200 empleados dedicados a la fibra \u00f3ptica en Baja Sajonia y Hesse, m\u00e1s de 4.000 kil\u00f3metros de fibra \u00f3ptica en los municipios, m\u00e1s de 40.000 clientes en los \u00faltimos a\u00f1os y con una financiaci\u00f3n garantizada, ya que cuenta con 1.000 millones de euros de volumen financiero para la expansi\u00f3n de la fibra \u00f3ptica hasta 2025.<\/p>\n<p>Durante estos \u00faltimos meses, Gabitel ha desarrollado el dise\u00f1o de m\u00e1s de 9.000 viviendas en el Estado Federado de Hessen, con varios proyectos ya en su fase de construcci\u00f3n y otros que lo har\u00e1n de forma inminente.<\/p>\n<p>Asimismo, dentro de nuestra expansi\u00f3n internacional, Gabitel ha participado en numerosas actividades comerciales y asistido a eventos de referencia en el sector en el mercado germano, que han empezado a traducirse en la consecuci\u00f3n de acuerdos y contratos.<\/p>\n<p>En esta l\u00ednea, formalizamos un acuerdo con <strong>FOL (Fibra \u00d3ptica del Levante),<\/strong> gestor integral de proyectos en ingenier\u00eda de telecomunicaciones y sistemas para grandes empresas, operadoras, administraciones y particulares, para el dise\u00f1o de la red de fibra \u00f3ptica de GlasfaserPlus, empresa de <strong>Deutsche Telekom,<\/strong> el <strong>mayor operador de telecomunicaciones de Europa. <\/strong><\/p>\n<p><strong>GlasfaserPlus<\/strong> es responsable del despliegue y explotaci\u00f3n de una red de fibra \u00f3ptica hasta el hogar de acceso abierto en zonas rurales de Alemania, teniendo entre sus objetivos para 2028 haber desplegado fibra a unos <strong>cuatro millones de hogares<\/strong> en zonas rurales.<\/p>\n<p>La primera fase, con el dise\u00f1o integral unas 5.000 viviendas en las poblaciones de Schmallberg y Hilchebach, ser\u00e1 el pistoletazo de salida de un proyecto que prev\u00e9 el dise\u00f1o de miles de hogares m\u00e1s en fases sucesivas.<\/p>\n<p>Adem\u00e1s de estos dos proyectos ya consolidados, hemos arrancado recientemente otro para <strong>Meridiam<\/strong>, que mantendremos abierto durante 2024 con perspectivas de que incluso aumente la asignaci\u00f3n.<\/p>\n<p>Nuestra presencia en este pa\u00eds est\u00e1 consolidada pese a que 2023 no ha sido un buen a\u00f1o para el mercado brit\u00e1nico. Si bien a mitad de a\u00f1o finalizamos proyecto con un cliente importante como es <strong>Cityfibre<\/strong>, durante 2023 tambi\u00e9n se han comenzado otros proyectos con <strong>SWS y Viperoptix,<\/strong> en los que seguimos trabajando.<\/p>\n<p>Proyectos que se cierran y otros nuevos que iniciamos con optimismo, ya que nos ayudan a adaptarnos a un pa\u00eds complejo como es el Reino Unido.<\/p>\n<p>Como muestra de nuestro inter\u00e9s en este mercado,\u00a0hemos participado en los congresos<strong> Connected North y Connected Britain,<\/strong> celebrados en abril y septiembre, respectivamente, que son foros de referencia del pa\u00eds en temas de conectividad orientados a mejorar la calidad de vida de las comunidades locales, crear oportunidades para las empresas y aumentar la competitividad global a trav\u00e9s de la mejora de la infraestructura digital.<\/p>\n<p>En el mercado nacional mantenemos nuestro proyecto de <strong>Red El\u00e9ctrica Espa\u00f1a,<\/strong> con la que renovamos nuestro contrato de ingenier\u00eda de telecomunicaciones para el per\u00edodo 2023-2026.<\/p>\n<p>Asimismo, seguimos colaborando con <strong>Orange<\/strong> en el desarrollo de trabajos de ingenier\u00eda de infraestructura en centros de comunicaciones. Dentro del acuerdo, se han realizado trabajos de mantenimiento y mejoras en centros ya existentes, as\u00ed como el despliegue de otros nuevos.<\/p>\n","protected":false},"excerpt":{"rendered":"<p>El a\u00f1o 2023 ha sido un a\u00f1o de impulso de nuestra divisi\u00f3n internacional de Telecomunicaciones, con la consolidaci\u00f3n de nuestra presencia en Reino Unido y un r\u00e1pido crecimiento en Alemania, adem\u00e1s de fortalecer nuestra red nacional. <\/p>\n","protected":false},"author":3,"featured_media":35140,"comment_status":"closed","ping_status":"closed","sticky":false,"template":"","format":"standard","meta":{"content-type":"","footnotes":""},"categories":[600],"tags":[],"class_list":["post-32779","post","type-post","status-publish","format-standard","has-post-thumbnail","hentry","category-off-topic-de"],"yoast_head":"<!-- This site is optimized with the Yoast SEO plugin v27.5 - https:\/\/yoast.com\/product\/yoast-seo-wordpress\/ -->\n<title>Telecomunicaciones 2023: Impulso a la internacionalizaci\u00f3n de Gabitel - Gabitel<\/title>\n<meta name=\"robots\" content=\"noindex, nofollow\" \/>\n<meta property=\"og:locale\" content=\"de_DE\" \/>\n<meta property=\"og:type\" content=\"article\" \/>\n<meta property=\"og:title\" content=\"Telecomunicaciones 2023: Impulso a la internacionalizaci\u00f3n de Gabitel - Gabitel\" \/>\n<meta property=\"og:description\" content=\"El a\u00f1o 2023 ha sido un a\u00f1o de impulso de nuestra divisi\u00f3n internacional de Telecomunicaciones, con la consolidaci\u00f3n de nuestra presencia en Reino Unido y un r\u00e1pido crecimiento en Alemania, adem\u00e1s de fortalecer nuestra red nacional.\" \/>\n<meta property=\"og:url\" content=\"https:\/\/gabitel.net\/de\/telecomunicaciones-2023-impulso-a-la-internacionalizacion-de-gabitel\/\" \/>\n<meta property=\"og:site_name\" content=\"Gabitel\" \/>\n<meta property=\"article:publisher\" content=\"https:\/\/www.facebook.com\/gabitelingenieros\/\" \/>\n<meta property=\"article:published_time\" content=\"2023-12-13T12:41:38+00:00\" \/>\n<meta property=\"article:modified_time\" content=\"2026-04-17T06:50:49+00:00\" \/>\n<meta property=\"og:image\" content=\"https:\/\/gabitel.net\/wp-content\/uploads\/2023\/12\/WEB-01_900x600.png\" \/>\n\t<meta property=\"og:image:width\" content=\"900\" \/>\n\t<meta property=\"og:image:height\" content=\"600\" \/>\n\t<meta property=\"og:image:type\" content=\"image\/png\" \/>\n<meta name=\"author\" content=\"user.autor\" \/>\n<meta name=\"twitter:card\" content=\"summary_large_image\" \/>\n<meta name=\"twitter:label1\" content=\"Verfasst von\" \/>\n\t<meta name=\"twitter:data1\" content=\"user.autor\" \/>\n\t<meta name=\"twitter:label2\" content=\"Gesch\u00e4tzte Lesezeit\" \/>\n\t<meta name=\"twitter:data2\" content=\"4\u00a0Minuten\" \/>\n<script type=\"application\/ld+json\" class=\"yoast-schema-graph\">{\"@context\":\"https:\\\/\\\/schema.org\",\"@graph\":[{\"@type\":[\"Article\",\"BlogPosting\"],\"@id\":\"https:\\\/\\\/gabitel.net\\\/de\\\/telecomunicaciones-2023-impulso-a-la-internacionalizacion-de-gabitel\\\/#article\",\"isPartOf\":{\"@id\":\"https:\\\/\\\/gabitel.net\\\/de\\\/telecomunicaciones-2023-impulso-a-la-internacionalizacion-de-gabitel\\\/\"},\"author\":{\"name\":\"user.autor\",\"@id\":\"https:\\\/\\\/gabitel.net\\\/de\\\/#\\\/schema\\\/person\\\/37ba53714c3fedb9c7d22f4bc781465c\"},\"headline\":\"Telecomunicaciones 2023: Impulso a la internacionalizaci\u00f3n de Gabitel\",\"datePublished\":\"2023-12-13T12:41:38+00:00\",\"dateModified\":\"2026-04-17T06:50:49+00:00\",\"mainEntityOfPage\":{\"@id\":\"https:\\\/\\\/gabitel.net\\\/de\\\/telecomunicaciones-2023-impulso-a-la-internacionalizacion-de-gabitel\\\/\"},\"wordCount\":740,\"publisher\":{\"@id\":\"https:\\\/\\\/gabitel.net\\\/de\\\/#organization\"},\"image\":{\"@id\":\"https:\\\/\\\/gabitel.net\\\/de\\\/telecomunicaciones-2023-impulso-a-la-internacionalizacion-de-gabitel\\\/#primaryimage\"},\"thumbnailUrl\":\"https:\\\/\\\/gabitel.net\\\/wp-content\\\/uploads\\\/2023\\\/12\\\/WEB-01_900x600.png\",\"articleSection\":[\"Off-topic\"],\"inLanguage\":\"de\"},{\"@type\":\"WebPage\",\"@id\":\"https:\\\/\\\/gabitel.net\\\/de\\\/telecomunicaciones-2023-impulso-a-la-internacionalizacion-de-gabitel\\\/\",\"url\":\"https:\\\/\\\/gabitel.net\\\/de\\\/telecomunicaciones-2023-impulso-a-la-internacionalizacion-de-gabitel\\\/\",\"name\":\"Telecomunicaciones 2023: Impulso a la internacionalizaci\u00f3n de Gabitel - Gabitel\",\"isPartOf\":{\"@id\":\"https:\\\/\\\/gabitel.net\\\/de\\\/#website\"},\"primaryImageOfPage\":{\"@id\":\"https:\\\/\\\/gabitel.net\\\/de\\\/telecomunicaciones-2023-impulso-a-la-internacionalizacion-de-gabitel\\\/#primaryimage\"},\"image\":{\"@id\":\"https:\\\/\\\/gabitel.net\\\/de\\\/telecomunicaciones-2023-impulso-a-la-internacionalizacion-de-gabitel\\\/#primaryimage\"},\"thumbnailUrl\":\"https:\\\/\\\/gabitel.net\\\/wp-content\\\/uploads\\\/2023\\\/12\\\/WEB-01_900x600.png\",\"datePublished\":\"2023-12-13T12:41:38+00:00\",\"dateModified\":\"2026-04-17T06:50:49+00:00\",\"breadcrumb\":{\"@id\":\"https:\\\/\\\/gabitel.net\\\/de\\\/telecomunicaciones-2023-impulso-a-la-internacionalizacion-de-gabitel\\\/#breadcrumb\"},\"inLanguage\":\"de\",\"potentialAction\":[{\"@type\":\"ReadAction\",\"target\":[\"https:\\\/\\\/gabitel.net\\\/de\\\/telecomunicaciones-2023-impulso-a-la-internacionalizacion-de-gabitel\\\/\"]}]},{\"@type\":\"ImageObject\",\"inLanguage\":\"de\",\"@id\":\"https:\\\/\\\/gabitel.net\\\/de\\\/telecomunicaciones-2023-impulso-a-la-internacionalizacion-de-gabitel\\\/#primaryimage\",\"url\":\"https:\\\/\\\/gabitel.net\\\/wp-content\\\/uploads\\\/2023\\\/12\\\/WEB-01_900x600.png\",\"contentUrl\":\"https:\\\/\\\/gabitel.net\\\/wp-content\\\/uploads\\\/2023\\\/12\\\/WEB-01_900x600.png\",\"width\":900,\"height\":600,\"caption\":\"Telecomunicaciones 2023: Impulso a la internacionalizaci\u00f3n de Gabitel\"},{\"@type\":\"BreadcrumbList\",\"@id\":\"https:\\\/\\\/gabitel.net\\\/de\\\/telecomunicaciones-2023-impulso-a-la-internacionalizacion-de-gabitel\\\/#breadcrumb\",\"itemListElement\":[{\"@type\":\"ListItem\",\"position\":1,\"name\":\"Portada\",\"item\":\"https:\\\/\\\/gabitel.net\\\/de\\\/\"},{\"@type\":\"ListItem\",\"position\":2,\"name\":\"Telecomunicaciones 2023: Impulso a la internacionalizaci\u00f3n de Gabitel\"}]},{\"@type\":\"WebSite\",\"@id\":\"https:\\\/\\\/gabitel.net\\\/de\\\/#website\",\"url\":\"https:\\\/\\\/gabitel.net\\\/de\\\/\",\"name\":\"Gabitel\",\"description\":\"\",\"publisher\":{\"@id\":\"https:\\\/\\\/gabitel.net\\\/de\\\/#organization\"},\"potentialAction\":[{\"@type\":\"SearchAction\",\"target\":{\"@type\":\"EntryPoint\",\"urlTemplate\":\"https:\\\/\\\/gabitel.net\\\/de\\\/?s={search_term_string}\"},\"query-input\":{\"@type\":\"PropertyValueSpecification\",\"valueRequired\":true,\"valueName\":\"search_term_string\"}}],\"inLanguage\":\"de\"},{\"@type\":\"Organization\",\"@id\":\"https:\\\/\\\/gabitel.net\\\/de\\\/#organization\",\"name\":\"Gabitel\",\"url\":\"https:\\\/\\\/gabitel.net\\\/de\\\/\",\"logo\":{\"@type\":\"ImageObject\",\"inLanguage\":\"de\",\"@id\":\"https:\\\/\\\/gabitel.net\\\/de\\\/#\\\/schema\\\/logo\\\/image\\\/\",\"url\":\"https:\\\/\\\/gabitel.net\\\/wp-content\\\/uploads\\\/2025\\\/05\\\/logo_gabitel.jpg\",\"contentUrl\":\"https:\\\/\\\/gabitel.net\\\/wp-content\\\/uploads\\\/2025\\\/05\\\/logo_gabitel.jpg\",\"width\":2560,\"height\":1330,\"caption\":\"Gabitel\"},\"image\":{\"@id\":\"https:\\\/\\\/gabitel.net\\\/de\\\/#\\\/schema\\\/logo\\\/image\\\/\"},\"sameAs\":[\"https:\\\/\\\/www.facebook.com\\\/gabitelingenieros\\\/\",\"https:\\\/\\\/es.linkedin.com\\\/company\\\/gabitel-ingenieros\"]},{\"@type\":\"Person\",\"@id\":\"https:\\\/\\\/gabitel.net\\\/de\\\/#\\\/schema\\\/person\\\/37ba53714c3fedb9c7d22f4bc781465c\",\"name\":\"user.autor\",\"url\":\"https:\\\/\\\/gabitel.net\\\/de\\\/author\\\/user-autor\\\/\"}]}<\/script>\n<!-- \/ Yoast SEO plugin. -->","yoast_head_json":{"title":"Telecomunicaciones 2023: Impulso a la internacionalizaci\u00f3n de Gabitel - Gabitel","robots":{"index":"noindex","follow":"nofollow"},"og_locale":"de_DE","og_type":"article","og_title":"Telecomunicaciones 2023: Impulso a la internacionalizaci\u00f3n de Gabitel - Gabitel","og_description":"El a\u00f1o 2023 ha sido un a\u00f1o de impulso de nuestra divisi\u00f3n internacional de Telecomunicaciones, con la consolidaci\u00f3n de nuestra presencia en Reino Unido y un r\u00e1pido crecimiento en Alemania, adem\u00e1s de fortalecer nuestra red nacional.","og_url":"https:\/\/gabitel.net\/de\/telecomunicaciones-2023-impulso-a-la-internacionalizacion-de-gabitel\/","og_site_name":"Gabitel","article_publisher":"https:\/\/www.facebook.com\/gabitelingenieros\/","article_published_time":"2023-12-13T12:41:38+00:00","article_modified_time":"2026-04-17T06:50:49+00:00","og_image":[{"width":900,"height":600,"url":"https:\/\/gabitel.net\/wp-content\/uploads\/2023\/12\/WEB-01_900x600.png","type":"image\/png"}],"author":"user.autor","twitter_card":"summary_large_image","twitter_misc":{"Verfasst von":"user.autor","Gesch\u00e4tzte Lesezeit":"4\u00a0Minuten"},"schema":{"@context":"https:\/\/schema.org","@graph":[{"@type":["Article","BlogPosting"],"@id":"https:\/\/gabitel.net\/de\/telecomunicaciones-2023-impulso-a-la-internacionalizacion-de-gabitel\/#article","isPartOf":{"@id":"https:\/\/gabitel.net\/de\/telecomunicaciones-2023-impulso-a-la-internacionalizacion-de-gabitel\/"},"author":{"name":"user.autor","@id":"https:\/\/gabitel.net\/de\/#\/schema\/person\/37ba53714c3fedb9c7d22f4bc781465c"},"headline":"Telecomunicaciones 2023: Impulso a la internacionalizaci\u00f3n de Gabitel","datePublished":"2023-12-13T12:41:38+00:00","dateModified":"2026-04-17T06:50:49+00:00","mainEntityOfPage":{"@id":"https:\/\/gabitel.net\/de\/telecomunicaciones-2023-impulso-a-la-internacionalizacion-de-gabitel\/"},"wordCount":740,"publisher":{"@id":"https:\/\/gabitel.net\/de\/#organization"},"image":{"@id":"https:\/\/gabitel.net\/de\/telecomunicaciones-2023-impulso-a-la-internacionalizacion-de-gabitel\/#primaryimage"},"thumbnailUrl":"https:\/\/gabitel.net\/wp-content\/uploads\/2023\/12\/WEB-01_900x600.png","articleSection":["Off-topic"],"inLanguage":"de"},{"@type":"WebPage","@id":"https:\/\/gabitel.net\/de\/telecomunicaciones-2023-impulso-a-la-internacionalizacion-de-gabitel\/","url":"https:\/\/gabitel.net\/de\/telecomunicaciones-2023-impulso-a-la-internacionalizacion-de-gabitel\/","name":"Telecomunicaciones 2023: Impulso a la internacionalizaci\u00f3n de Gabitel - Gabitel","isPartOf":{"@id":"https:\/\/gabitel.net\/de\/#website"},"primaryImageOfPage":{"@id":"https:\/\/gabitel.net\/de\/telecomunicaciones-2023-impulso-a-la-internacionalizacion-de-gabitel\/#primaryimage"},"image":{"@id":"https:\/\/gabitel.net\/de\/telecomunicaciones-2023-impulso-a-la-internacionalizacion-de-gabitel\/#primaryimage"},"thumbnailUrl":"https:\/\/gabitel.net\/wp-content\/uploads\/2023\/12\/WEB-01_900x600.png","datePublished":"2023-12-13T12:41:38+00:00","dateModified":"2026-04-17T06:50:49+00:00","breadcrumb":{"@id":"https:\/\/gabitel.net\/de\/telecomunicaciones-2023-impulso-a-la-internacionalizacion-de-gabitel\/#breadcrumb"},"inLanguage":"de","potentialAction":[{"@type":"ReadAction","target":["https:\/\/gabitel.net\/de\/telecomunicaciones-2023-impulso-a-la-internacionalizacion-de-gabitel\/"]}]},{"@type":"ImageObject","inLanguage":"de","@id":"https:\/\/gabitel.net\/de\/telecomunicaciones-2023-impulso-a-la-internacionalizacion-de-gabitel\/#primaryimage","url":"https:\/\/gabitel.net\/wp-content\/uploads\/2023\/12\/WEB-01_900x600.png","contentUrl":"https:\/\/gabitel.net\/wp-content\/uploads\/2023\/12\/WEB-01_900x600.png","width":900,"height":600,"caption":"Telecomunicaciones 2023: Impulso a la internacionalizaci\u00f3n de Gabitel"},{"@type":"BreadcrumbList","@id":"https:\/\/gabitel.net\/de\/telecomunicaciones-2023-impulso-a-la-internacionalizacion-de-gabitel\/#breadcrumb","itemListElement":[{"@type":"ListItem","position":1,"name":"Portada","item":"https:\/\/gabitel.net\/de\/"},{"@type":"ListItem","position":2,"name":"Telecomunicaciones 2023: Impulso a la internacionalizaci\u00f3n de Gabitel"}]},{"@type":"WebSite","@id":"https:\/\/gabitel.net\/de\/#website","url":"https:\/\/gabitel.net\/de\/","name":"Gabitel","description":"","publisher":{"@id":"https:\/\/gabitel.net\/de\/#organization"},"potentialAction":[{"@type":"SearchAction","target":{"@type":"EntryPoint","urlTemplate":"https:\/\/gabitel.net\/de\/?s={search_term_string}"},"query-input":{"@type":"PropertyValueSpecification","valueRequired":true,"valueName":"search_term_string"}}],"inLanguage":"de"},{"@type":"Organization","@id":"https:\/\/gabitel.net\/de\/#organization","name":"Gabitel","url":"https:\/\/gabitel.net\/de\/","logo":{"@type":"ImageObject","inLanguage":"de","@id":"https:\/\/gabitel.net\/de\/#\/schema\/logo\/image\/","url":"https:\/\/gabitel.net\/wp-content\/uploads\/2025\/05\/logo_gabitel.jpg","contentUrl":"https:\/\/gabitel.net\/wp-content\/uploads\/2025\/05\/logo_gabitel.jpg","width":2560,"height":1330,"caption":"Gabitel"},"image":{"@id":"https:\/\/gabitel.net\/de\/#\/schema\/logo\/image\/"},"sameAs":["https:\/\/www.facebook.com\/gabitelingenieros\/","https:\/\/es.linkedin.com\/company\/gabitel-ingenieros"]},{"@type":"Person","@id":"https:\/\/gabitel.net\/de\/#\/schema\/person\/37ba53714c3fedb9c7d22f4bc781465c","name":"user.autor","url":"https:\/\/gabitel.net\/de\/author\/user-autor\/"}]}},"_links":{"self":[{"href":"https:\/\/gabitel.net\/de\/wp-json\/wp\/v2\/posts\/32779","targetHints":{"allow":["GET"]}}],"collection":[{"href":"https:\/\/gabitel.net\/de\/wp-json\/wp\/v2\/posts"}],"about":[{"href":"https:\/\/gabitel.net\/de\/wp-json\/wp\/v2\/types\/post"}],"author":[{"embeddable":true,"href":"https:\/\/gabitel.net\/de\/wp-json\/wp\/v2\/users\/3"}],"replies":[{"embeddable":true,"href":"https:\/\/gabitel.net\/de\/wp-json\/wp\/v2\/comments?post=32779"}],"version-history":[{"count":1,"href":"https:\/\/gabitel.net\/de\/wp-json\/wp\/v2\/posts\/32779\/revisions"}],"predecessor-version":[{"id":37464,"href":"https:\/\/gabitel.net\/de\/wp-json\/wp\/v2\/posts\/32779\/revisions\/37464"}],"wp:featuredmedia":[{"embeddable":true,"href":"https:\/\/gabitel.net\/de\/wp-json\/wp\/v2\/media\/35140"}],"wp:attachment":[{"href":"https:\/\/gabitel.net\/de\/wp-json\/wp\/v2\/media?parent=32779"}],"wp:term":[{"taxonomy":"category","embeddable":true,"href":"https:\/\/gabitel.net\/de\/wp-json\/wp\/v2\/categories?post=32779"},{"taxonomy":"post_tag","embeddable":true,"href":"https:\/\/gabitel.net\/de\/wp-json\/wp\/v2\/tags?post=32779"}],"curies":[{"name":"wp","href":"https:\/\/api.w.org\/{rel}","templated":true}]}}