{"id":32781,"date":"2023-10-20T13:30:45","date_gmt":"2023-10-20T11:30:45","guid":{"rendered":"https:\/\/gabitel.net\/cumpleanos-de-los-mes-de-septiembre-y-octubre-de-2023\/"},"modified":"2026-04-17T08:50:49","modified_gmt":"2026-04-17T06:50:49","slug":"cumpleanos-de-los-mes-de-septiembre-y-octubre-de-2023","status":"publish","type":"post","link":"https:\/\/gabitel.net\/de\/cumpleanos-de-los-mes-de-septiembre-y-octubre-de-2023\/","title":{"rendered":"Cumplea\u00f1os de los meses de Septiembre y Octubre 2023"},"content":{"rendered":"<p style=\"text-align: center;\"><strong>\u00a1FELIZ CUMPLEA\u00d1OS, COMPA\u00d1ER@S<\/strong><\/p>\n<p>&nbsp;<\/p>\n<p>Durante estos meses de septiembre y octubre estos son nuestros compa\u00f1eros que celebran su cumplea\u00f1os.<\/p>\n<p>&nbsp;<\/p>\n<p style=\"text-align: center;\">\u00a1<strong><em>Muchas felicidades<\/em><\/strong>!<\/p>\n<p>&nbsp;<\/p>\n<p>Esperamos que todos vuestros deseos y prop\u00f3sitos para este a\u00f1o que os suma en vuestras vidas se hagan realidad.<\/p>\n<p>&nbsp;<\/p>\n<p style=\"text-align: center;\"><strong>SEPTIEMBRE<\/strong><\/p>\n<p>&nbsp;<\/p>\n<p><img decoding=\"async\" src=\"https:\/\/gabitelingenieros.com\/wp-content\/uploads\/2023\/07\/Gabriel-Gonzalez.jpg\" alt=\"Cumplea\u00f1os de los | Gabitel Ingenieros\" \/><\/p>\n<p style=\"text-align: center;\">Gabriel Gonz\u00e1lez<\/p>\n<p style=\"text-align: center;\"><strong>5 de septiembre<\/strong><\/p>\n<p><img decoding=\"async\" src=\"https:\/\/gabitelingenieros.com\/wp-content\/uploads\/2023\/07\/Chema-Diaz-Cano.jpg\" alt=\"Cumplea\u00f1os de los | Gabitel Ingenieros\" \/><\/p>\n<p style=\"text-align: center;\">Chema D\u00edaz &#8211; Cano<\/p>\n<p style=\"text-align: center;\"><strong>7 de septiembre<\/strong><\/p>\n<p><img decoding=\"async\" src=\"https:\/\/gabitelingenieros.com\/wp-content\/uploads\/2023\/07\/Diego-Romero.jpg\" alt=\"Cumplea\u00f1os de los | Gabitel Ingenieros\" \/><\/p>\n<p style=\"text-align: center;\">Diego Romero<\/p>\n<p style=\"text-align: center;\"><strong>18 de septiembre<\/strong><\/p>\n<p><img decoding=\"async\" src=\"https:\/\/gabitelingenieros.com\/wp-content\/uploads\/2023\/07\/Francisco-Pomares.jpg\" alt=\"Cumplea\u00f1os de los | Gabitel Ingenieros\" \/><\/p>\n<p style=\"text-align: center;\">Francisco Pomares<\/p>\n<p style=\"text-align: center;\"><strong>24 de septiembre<\/strong><\/p>\n<p><img decoding=\"async\" src=\"https:\/\/gabitelingenieros.com\/wp-content\/uploads\/2023\/07\/Juan-Miguel-Gonzalez.jpg\" alt=\"Cumplea\u00f1os de los | Gabitel Ingenieros\" \/><\/p>\n<p style=\"text-align: center;\">Juan Miguel Gonz\u00e1lez<\/p>\n<p style=\"text-align: center;\"><strong>24 de septiembre<\/strong><\/p>\n<p><img decoding=\"async\" src=\"https:\/\/gabitelingenieros.com\/wp-content\/uploads\/2023\/07\/Genoveva-Sanchez.jpg\" alt=\"Cumplea\u00f1os de los | Gabitel Ingenieros\" \/><\/p>\n<p style=\"text-align: center;\">Genoveva S\u00e1nchez<\/p>\n<p style=\"text-align: center;\"><strong>26 de septiembre<\/strong><\/p>\n<p><img decoding=\"async\" src=\"https:\/\/gabitelingenieros.com\/wp-content\/uploads\/2023\/07\/Javier-Lopez-Mora.jpg\" alt=\"Cumplea\u00f1os de los | Gabitel Ingenieros\" \/><\/p>\n<p style=\"text-align: center;\">Javier L\u00f3pez -Mora<\/p>\n<p style=\"text-align: center;\"><strong>28 de septiembre<\/strong><\/p>\n<p>&nbsp;<\/p>\n<p style=\"text-align: center;\"><strong>OCTUBRE<\/strong><\/p>\n<p><img decoding=\"async\" src=\"https:\/\/gabitelingenieros.com\/wp-content\/uploads\/2023\/07\/German-Rodriguez.jpg\" alt=\"Cumplea\u00f1os de los | Gabitel Ingenieros\" \/><\/p>\n<p style=\"text-align: center;\">German Rodr\u00edguez<\/p>\n<p style=\"text-align: center;\"><strong>2 de octubre<\/strong><\/p>\n<p><img decoding=\"async\" src=\"https:\/\/gabitelingenieros.com\/wp-content\/uploads\/2023\/07\/Alicia-Benavides.jpg\" alt=\"Cumplea\u00f1os de los | Gabitel Ingenieros\" \/><\/p>\n<p style=\"text-align: center;\">Alicia Benavides<\/p>\n<p style=\"text-align: center;\"><strong>7 de octubre<\/strong><\/p>\n<p><img decoding=\"async\" src=\"https:\/\/gabitelingenieros.com\/wp-content\/uploads\/2023\/07\/Francisco-Diaz.jpg\" alt=\"Cumplea\u00f1os de los | Gabitel Ingenieros\" \/><\/p>\n<p style=\"text-align: center;\">Francisco D\u00edaz<\/p>\n<p style=\"text-align: center;\"><strong>8 de octubre<\/strong><\/p>\n<p><img decoding=\"async\" src=\"https:\/\/gabitelingenieros.com\/wp-content\/uploads\/2023\/07\/Angel-Franco.jpg\" alt=\"Cumplea\u00f1os de los | Gabitel Ingenieros\" \/><\/p>\n<p style=\"text-align: center;\">Angel Franco<\/p>\n<p style=\"text-align: center;\"><strong>9 de octubre<\/strong><\/p>\n<p><img decoding=\"async\" src=\"https:\/\/gabitelingenieros.com\/wp-content\/uploads\/2023\/07\/Nuria-Perez.jpg\" alt=\"Cumplea\u00f1os de los | Gabitel Ingenieros\" \/><\/p>\n<p style=\"text-align: center;\">Nuria P\u00e9rez<\/p>\n<p style=\"text-align: center;\"><strong>20 de octubre<\/strong><\/p>\n<p><strong>Celebremos seguir compartiendo con nosotros grandes momentos de vuestras vidas y crucemos los dedos para que todos vuestros deseos puestos en este nuevo a\u00f1o que cumpl\u00eds se hagan realidad <\/strong><strong>&#x1f60a;<\/strong>.<\/p>\n<p><img decoding=\"async\" src=\"https:\/\/gabitelingenieros.com\/wp-content\/uploads\/2023\/07\/Genoveva-Sanchez.jpg\" alt=\"Cumplea\u00f1os de los | Gabitel Ingenieros\" \/><\/p>\n","protected":false},"excerpt":{"rendered":"<p>\u00a1FELIZ CUMPLEA\u00d1OS, COMPA\u00d1ER@S &nbsp; Durante estos meses de septiembre y octubre estos son nuestros compa\u00f1eros que celebran su cumplea\u00f1os. &nbsp; \u00a1Muchas felicidades! &nbsp; Esperamos que todos vuestros deseos y prop\u00f3sitos para este a\u00f1o que os suma en vuestras vidas se hagan realidad. &nbsp; SEPTIEMBRE &nbsp; Gabriel Gonz\u00e1lez 5 de septiembre Chema D\u00edaz &#8211; Cano 7 [&hellip;]<\/p>\n","protected":false},"author":3,"featured_media":35138,"comment_status":"closed","ping_status":"closed","sticky":false,"template":"","format":"standard","meta":{"content-type":"","footnotes":""},"categories":[600],"tags":[],"class_list":["post-32781","post","type-post","status-publish","format-standard","has-post-thumbnail","hentry","category-off-topic-de"],"yoast_head":"<!-- This site is optimized with the Yoast SEO plugin v27.5 - https:\/\/yoast.com\/product\/yoast-seo-wordpress\/ -->\n<title>Cumplea\u00f1os de los meses de Septiembre y Octubre 2023 - Gabitel<\/title>\n<meta name=\"robots\" content=\"noindex, nofollow\" \/>\n<meta property=\"og:locale\" content=\"de_DE\" \/>\n<meta property=\"og:type\" content=\"article\" \/>\n<meta property=\"og:title\" content=\"Cumplea\u00f1os de los meses de Septiembre y Octubre 2023 - Gabitel\" \/>\n<meta property=\"og:description\" content=\"\u00a1FELIZ CUMPLEA\u00d1OS, COMPA\u00d1ER@S &nbsp; Durante estos meses de septiembre y octubre estos son nuestros compa\u00f1eros que celebran su cumplea\u00f1os. &nbsp; \u00a1Muchas felicidades! &nbsp; Esperamos que todos vuestros deseos y prop\u00f3sitos para este a\u00f1o que os suma en vuestras vidas se hagan realidad. &nbsp; SEPTIEMBRE &nbsp; Gabriel Gonz\u00e1lez 5 de septiembre Chema D\u00edaz &#8211; Cano 7 [&hellip;]\" \/>\n<meta property=\"og:url\" content=\"https:\/\/gabitel.net\/de\/cumpleanos-de-los-mes-de-septiembre-y-octubre-de-2023\/\" \/>\n<meta property=\"og:site_name\" content=\"Gabitel\" \/>\n<meta property=\"article:publisher\" content=\"https:\/\/www.facebook.com\/gabitelingenieros\/\" \/>\n<meta property=\"article:published_time\" content=\"2023-10-20T11:30:45+00:00\" \/>\n<meta property=\"article:modified_time\" content=\"2026-04-17T06:50:49+00:00\" \/>\n<meta property=\"og:image\" content=\"https:\/\/gabitel.net\/wp-content\/uploads\/2023\/07\/CumpleaniosSO2023.jpg\" \/>\n\t<meta property=\"og:image:width\" content=\"548\" \/>\n\t<meta property=\"og:image:height\" content=\"356\" \/>\n\t<meta property=\"og:image:type\" content=\"image\/jpeg\" \/>\n<meta name=\"author\" content=\"user.autor\" \/>\n<meta name=\"twitter:card\" content=\"summary_large_image\" \/>\n<meta name=\"twitter:label1\" content=\"Verfasst von\" \/>\n\t<meta name=\"twitter:data1\" content=\"user.autor\" \/>\n\t<meta name=\"twitter:label2\" content=\"Gesch\u00e4tzte Lesezeit\" \/>\n\t<meta name=\"twitter:data2\" content=\"1\u00a0Minute\" \/>\n<script type=\"application\/ld+json\" class=\"yoast-schema-graph\">{\"@context\":\"https:\\\/\\\/schema.org\",\"@graph\":[{\"@type\":[\"Article\",\"BlogPosting\"],\"@id\":\"https:\\\/\\\/gabitel.net\\\/de\\\/cumpleanos-de-los-mes-de-septiembre-y-octubre-de-2023\\\/#article\",\"isPartOf\":{\"@id\":\"https:\\\/\\\/gabitel.net\\\/de\\\/cumpleanos-de-los-mes-de-septiembre-y-octubre-de-2023\\\/\"},\"author\":{\"name\":\"user.autor\",\"@id\":\"https:\\\/\\\/gabitel.net\\\/de\\\/#\\\/schema\\\/person\\\/37ba53714c3fedb9c7d22f4bc781465c\"},\"headline\":\"Cumplea\u00f1os de los meses de Septiembre y Octubre 2023\",\"datePublished\":\"2023-10-20T11:30:45+00:00\",\"dateModified\":\"2026-04-17T06:50:49+00:00\",\"mainEntityOfPage\":{\"@id\":\"https:\\\/\\\/gabitel.net\\\/de\\\/cumpleanos-de-los-mes-de-septiembre-y-octubre-de-2023\\\/\"},\"wordCount\":157,\"publisher\":{\"@id\":\"https:\\\/\\\/gabitel.net\\\/de\\\/#organization\"},\"image\":{\"@id\":\"https:\\\/\\\/gabitel.net\\\/de\\\/cumpleanos-de-los-mes-de-septiembre-y-octubre-de-2023\\\/#primaryimage\"},\"thumbnailUrl\":\"https:\\\/\\\/gabitel.net\\\/wp-content\\\/uploads\\\/2023\\\/07\\\/CumpleaniosSO2023.jpg\",\"articleSection\":[\"Off-topic\"],\"inLanguage\":\"de\"},{\"@type\":\"WebPage\",\"@id\":\"https:\\\/\\\/gabitel.net\\\/de\\\/cumpleanos-de-los-mes-de-septiembre-y-octubre-de-2023\\\/\",\"url\":\"https:\\\/\\\/gabitel.net\\\/de\\\/cumpleanos-de-los-mes-de-septiembre-y-octubre-de-2023\\\/\",\"name\":\"Cumplea\u00f1os de los meses de Septiembre y Octubre 2023 - Gabitel\",\"isPartOf\":{\"@id\":\"https:\\\/\\\/gabitel.net\\\/de\\\/#website\"},\"primaryImageOfPage\":{\"@id\":\"https:\\\/\\\/gabitel.net\\\/de\\\/cumpleanos-de-los-mes-de-septiembre-y-octubre-de-2023\\\/#primaryimage\"},\"image\":{\"@id\":\"https:\\\/\\\/gabitel.net\\\/de\\\/cumpleanos-de-los-mes-de-septiembre-y-octubre-de-2023\\\/#primaryimage\"},\"thumbnailUrl\":\"https:\\\/\\\/gabitel.net\\\/wp-content\\\/uploads\\\/2023\\\/07\\\/CumpleaniosSO2023.jpg\",\"datePublished\":\"2023-10-20T11:30:45+00:00\",\"dateModified\":\"2026-04-17T06:50:49+00:00\",\"breadcrumb\":{\"@id\":\"https:\\\/\\\/gabitel.net\\\/de\\\/cumpleanos-de-los-mes-de-septiembre-y-octubre-de-2023\\\/#breadcrumb\"},\"inLanguage\":\"de\",\"potentialAction\":[{\"@type\":\"ReadAction\",\"target\":[\"https:\\\/\\\/gabitel.net\\\/de\\\/cumpleanos-de-los-mes-de-septiembre-y-octubre-de-2023\\\/\"]}]},{\"@type\":\"ImageObject\",\"inLanguage\":\"de\",\"@id\":\"https:\\\/\\\/gabitel.net\\\/de\\\/cumpleanos-de-los-mes-de-septiembre-y-octubre-de-2023\\\/#primaryimage\",\"url\":\"https:\\\/\\\/gabitel.net\\\/wp-content\\\/uploads\\\/2023\\\/07\\\/CumpleaniosSO2023.jpg\",\"contentUrl\":\"https:\\\/\\\/gabitel.net\\\/wp-content\\\/uploads\\\/2023\\\/07\\\/CumpleaniosSO2023.jpg\",\"width\":548,\"height\":356},{\"@type\":\"BreadcrumbList\",\"@id\":\"https:\\\/\\\/gabitel.net\\\/de\\\/cumpleanos-de-los-mes-de-septiembre-y-octubre-de-2023\\\/#breadcrumb\",\"itemListElement\":[{\"@type\":\"ListItem\",\"position\":1,\"name\":\"Portada\",\"item\":\"https:\\\/\\\/gabitel.net\\\/de\\\/\"},{\"@type\":\"ListItem\",\"position\":2,\"name\":\"Cumplea\u00f1os de los meses de Septiembre y Octubre 2023\"}]},{\"@type\":\"WebSite\",\"@id\":\"https:\\\/\\\/gabitel.net\\\/de\\\/#website\",\"url\":\"https:\\\/\\\/gabitel.net\\\/de\\\/\",\"name\":\"Gabitel\",\"description\":\"\",\"publisher\":{\"@id\":\"https:\\\/\\\/gabitel.net\\\/de\\\/#organization\"},\"potentialAction\":[{\"@type\":\"SearchAction\",\"target\":{\"@type\":\"EntryPoint\",\"urlTemplate\":\"https:\\\/\\\/gabitel.net\\\/de\\\/?s={search_term_string}\"},\"query-input\":{\"@type\":\"PropertyValueSpecification\",\"valueRequired\":true,\"valueName\":\"search_term_string\"}}],\"inLanguage\":\"de\"},{\"@type\":\"Organization\",\"@id\":\"https:\\\/\\\/gabitel.net\\\/de\\\/#organization\",\"name\":\"Gabitel\",\"url\":\"https:\\\/\\\/gabitel.net\\\/de\\\/\",\"logo\":{\"@type\":\"ImageObject\",\"inLanguage\":\"de\",\"@id\":\"https:\\\/\\\/gabitel.net\\\/de\\\/#\\\/schema\\\/logo\\\/image\\\/\",\"url\":\"https:\\\/\\\/gabitel.net\\\/wp-content\\\/uploads\\\/2025\\\/05\\\/logo_gabitel.jpg\",\"contentUrl\":\"https:\\\/\\\/gabitel.net\\\/wp-content\\\/uploads\\\/2025\\\/05\\\/logo_gabitel.jpg\",\"width\":2560,\"height\":1330,\"caption\":\"Gabitel\"},\"image\":{\"@id\":\"https:\\\/\\\/gabitel.net\\\/de\\\/#\\\/schema\\\/logo\\\/image\\\/\"},\"sameAs\":[\"https:\\\/\\\/www.facebook.com\\\/gabitelingenieros\\\/\",\"https:\\\/\\\/es.linkedin.com\\\/company\\\/gabitel-ingenieros\"]},{\"@type\":\"Person\",\"@id\":\"https:\\\/\\\/gabitel.net\\\/de\\\/#\\\/schema\\\/person\\\/37ba53714c3fedb9c7d22f4bc781465c\",\"name\":\"user.autor\",\"url\":\"https:\\\/\\\/gabitel.net\\\/de\\\/author\\\/user-autor\\\/\"}]}<\/script>\n<!-- \/ Yoast SEO plugin. -->","yoast_head_json":{"title":"Cumplea\u00f1os de los meses de Septiembre y Octubre 2023 - Gabitel","robots":{"index":"noindex","follow":"nofollow"},"og_locale":"de_DE","og_type":"article","og_title":"Cumplea\u00f1os de los meses de Septiembre y Octubre 2023 - Gabitel","og_description":"\u00a1FELIZ CUMPLEA\u00d1OS, COMPA\u00d1ER@S &nbsp; Durante estos meses de septiembre y octubre estos son nuestros compa\u00f1eros que celebran su cumplea\u00f1os. &nbsp; \u00a1Muchas felicidades! &nbsp; Esperamos que todos vuestros deseos y prop\u00f3sitos para este a\u00f1o que os suma en vuestras vidas se hagan realidad. &nbsp; SEPTIEMBRE &nbsp; Gabriel Gonz\u00e1lez 5 de septiembre Chema D\u00edaz &#8211; Cano 7 [&hellip;]","og_url":"https:\/\/gabitel.net\/de\/cumpleanos-de-los-mes-de-septiembre-y-octubre-de-2023\/","og_site_name":"Gabitel","article_publisher":"https:\/\/www.facebook.com\/gabitelingenieros\/","article_published_time":"2023-10-20T11:30:45+00:00","article_modified_time":"2026-04-17T06:50:49+00:00","og_image":[{"width":548,"height":356,"url":"https:\/\/gabitel.net\/wp-content\/uploads\/2023\/07\/CumpleaniosSO2023.jpg","type":"image\/jpeg"}],"author":"user.autor","twitter_card":"summary_large_image","twitter_misc":{"Verfasst von":"user.autor","Gesch\u00e4tzte Lesezeit":"1\u00a0Minute"},"schema":{"@context":"https:\/\/schema.org","@graph":[{"@type":["Article","BlogPosting"],"@id":"https:\/\/gabitel.net\/de\/cumpleanos-de-los-mes-de-septiembre-y-octubre-de-2023\/#article","isPartOf":{"@id":"https:\/\/gabitel.net\/de\/cumpleanos-de-los-mes-de-septiembre-y-octubre-de-2023\/"},"author":{"name":"user.autor","@id":"https:\/\/gabitel.net\/de\/#\/schema\/person\/37ba53714c3fedb9c7d22f4bc781465c"},"headline":"Cumplea\u00f1os de los meses de Septiembre y Octubre 2023","datePublished":"2023-10-20T11:30:45+00:00","dateModified":"2026-04-17T06:50:49+00:00","mainEntityOfPage":{"@id":"https:\/\/gabitel.net\/de\/cumpleanos-de-los-mes-de-septiembre-y-octubre-de-2023\/"},"wordCount":157,"publisher":{"@id":"https:\/\/gabitel.net\/de\/#organization"},"image":{"@id":"https:\/\/gabitel.net\/de\/cumpleanos-de-los-mes-de-septiembre-y-octubre-de-2023\/#primaryimage"},"thumbnailUrl":"https:\/\/gabitel.net\/wp-content\/uploads\/2023\/07\/CumpleaniosSO2023.jpg","articleSection":["Off-topic"],"inLanguage":"de"},{"@type":"WebPage","@id":"https:\/\/gabitel.net\/de\/cumpleanos-de-los-mes-de-septiembre-y-octubre-de-2023\/","url":"https:\/\/gabitel.net\/de\/cumpleanos-de-los-mes-de-septiembre-y-octubre-de-2023\/","name":"Cumplea\u00f1os de los meses de Septiembre y Octubre 2023 - Gabitel","isPartOf":{"@id":"https:\/\/gabitel.net\/de\/#website"},"primaryImageOfPage":{"@id":"https:\/\/gabitel.net\/de\/cumpleanos-de-los-mes-de-septiembre-y-octubre-de-2023\/#primaryimage"},"image":{"@id":"https:\/\/gabitel.net\/de\/cumpleanos-de-los-mes-de-septiembre-y-octubre-de-2023\/#primaryimage"},"thumbnailUrl":"https:\/\/gabitel.net\/wp-content\/uploads\/2023\/07\/CumpleaniosSO2023.jpg","datePublished":"2023-10-20T11:30:45+00:00","dateModified":"2026-04-17T06:50:49+00:00","breadcrumb":{"@id":"https:\/\/gabitel.net\/de\/cumpleanos-de-los-mes-de-septiembre-y-octubre-de-2023\/#breadcrumb"},"inLanguage":"de","potentialAction":[{"@type":"ReadAction","target":["https:\/\/gabitel.net\/de\/cumpleanos-de-los-mes-de-septiembre-y-octubre-de-2023\/"]}]},{"@type":"ImageObject","inLanguage":"de","@id":"https:\/\/gabitel.net\/de\/cumpleanos-de-los-mes-de-septiembre-y-octubre-de-2023\/#primaryimage","url":"https:\/\/gabitel.net\/wp-content\/uploads\/2023\/07\/CumpleaniosSO2023.jpg","contentUrl":"https:\/\/gabitel.net\/wp-content\/uploads\/2023\/07\/CumpleaniosSO2023.jpg","width":548,"height":356},{"@type":"BreadcrumbList","@id":"https:\/\/gabitel.net\/de\/cumpleanos-de-los-mes-de-septiembre-y-octubre-de-2023\/#breadcrumb","itemListElement":[{"@type":"ListItem","position":1,"name":"Portada","item":"https:\/\/gabitel.net\/de\/"},{"@type":"ListItem","position":2,"name":"Cumplea\u00f1os de los meses de Septiembre y Octubre 2023"}]},{"@type":"WebSite","@id":"https:\/\/gabitel.net\/de\/#website","url":"https:\/\/gabitel.net\/de\/","name":"Gabitel","description":"","publisher":{"@id":"https:\/\/gabitel.net\/de\/#organization"},"potentialAction":[{"@type":"SearchAction","target":{"@type":"EntryPoint","urlTemplate":"https:\/\/gabitel.net\/de\/?s={search_term_string}"},"query-input":{"@type":"PropertyValueSpecification","valueRequired":true,"valueName":"search_term_string"}}],"inLanguage":"de"},{"@type":"Organization","@id":"https:\/\/gabitel.net\/de\/#organization","name":"Gabitel","url":"https:\/\/gabitel.net\/de\/","logo":{"@type":"ImageObject","inLanguage":"de","@id":"https:\/\/gabitel.net\/de\/#\/schema\/logo\/image\/","url":"https:\/\/gabitel.net\/wp-content\/uploads\/2025\/05\/logo_gabitel.jpg","contentUrl":"https:\/\/gabitel.net\/wp-content\/uploads\/2025\/05\/logo_gabitel.jpg","width":2560,"height":1330,"caption":"Gabitel"},"image":{"@id":"https:\/\/gabitel.net\/de\/#\/schema\/logo\/image\/"},"sameAs":["https:\/\/www.facebook.com\/gabitelingenieros\/","https:\/\/es.linkedin.com\/company\/gabitel-ingenieros"]},{"@type":"Person","@id":"https:\/\/gabitel.net\/de\/#\/schema\/person\/37ba53714c3fedb9c7d22f4bc781465c","name":"user.autor","url":"https:\/\/gabitel.net\/de\/author\/user-autor\/"}]}},"_links":{"self":[{"href":"https:\/\/gabitel.net\/de\/wp-json\/wp\/v2\/posts\/32781","targetHints":{"allow":["GET"]}}],"collection":[{"href":"https:\/\/gabitel.net\/de\/wp-json\/wp\/v2\/posts"}],"about":[{"href":"https:\/\/gabitel.net\/de\/wp-json\/wp\/v2\/types\/post"}],"author":[{"embeddable":true,"href":"https:\/\/gabitel.net\/de\/wp-json\/wp\/v2\/users\/3"}],"replies":[{"embeddable":true,"href":"https:\/\/gabitel.net\/de\/wp-json\/wp\/v2\/comments?post=32781"}],"version-history":[{"count":1,"href":"https:\/\/gabitel.net\/de\/wp-json\/wp\/v2\/posts\/32781\/revisions"}],"predecessor-version":[{"id":37467,"href":"https:\/\/gabitel.net\/de\/wp-json\/wp\/v2\/posts\/32781\/revisions\/37467"}],"wp:featuredmedia":[{"embeddable":true,"href":"https:\/\/gabitel.net\/de\/wp-json\/wp\/v2\/media\/35138"}],"wp:attachment":[{"href":"https:\/\/gabitel.net\/de\/wp-json\/wp\/v2\/media?parent=32781"}],"wp:term":[{"taxonomy":"category","embeddable":true,"href":"https:\/\/gabitel.net\/de\/wp-json\/wp\/v2\/categories?post=32781"},{"taxonomy":"post_tag","embeddable":true,"href":"https:\/\/gabitel.net\/de\/wp-json\/wp\/v2\/tags?post=32781"}],"curies":[{"name":"wp","href":"https:\/\/api.w.org\/{rel}","templated":true}]}}