{"id":32783,"date":"2023-10-20T13:25:02","date_gmt":"2023-10-20T11:25:02","guid":{"rendered":"https:\/\/gabitel.net\/entrega-de-premios-del-concurso-de-fotografia\/"},"modified":"2026-04-17T08:50:50","modified_gmt":"2026-04-17T06:50:50","slug":"entrega-de-premios-del-concurso-de-fotografia","status":"publish","type":"post","link":"https:\/\/gabitel.net\/de\/entrega-de-premios-del-concurso-de-fotografia\/","title":{"rendered":"Entrega de premios del concurso de fotograf\u00eda"},"content":{"rendered":"<p>Aqu\u00ed os dejamos im\u00e1genes de la entrega de premios de nuestro <em>II Concurso de Fotograf\u00eda de Gabitel.<\/em><\/p>\n<p>Aqu\u00ed os dejamos im\u00e1genes de la entrega de premios de nuestro <em>II Concurso de Fotograf\u00eda de Gabitel.<\/em><\/p>\n<p><img decoding=\"async\" src=\"https:\/\/gabitelingenieros.com\/wp-content\/uploads\/2023\/10\/N5-FOTO-INTERIOR-2-min.jpg\" alt=\"Entrega de premios | Gabitel Ingenieros\" \/><\/p>\n<p><img decoding=\"async\" src=\"https:\/\/gabitelingenieros.com\/wp-content\/uploads\/2023\/10\/N5-FOTO-INTERIOR-1-min.jpg\" alt=\"Entrega de premios | Gabitel Ingenieros\" \/><\/p>\n<p>El<em> segundo y tercer premio<\/em>, un surtido de productos ib\u00e9ricos con vino incluido, tuvo un \u00fanico ganador, nuestro compa\u00f1ero Manuel Bravo.<\/p>\n<p><img decoding=\"async\" src=\"https:\/\/gabitelingenieros.com\/wp-content\/uploads\/2023\/10\/N5-FOTO-INTERIOR-3-min.jpg\" alt=\"Entrega de premios | Gabitel Ingenieros\" \/><\/p>\n<p><img decoding=\"async\" src=\"https:\/\/gabitelingenieros.com\/wp-content\/uploads\/2023\/10\/N5-FOTO-DE-INTERIOR-4-min.jpg\" alt=\"Entrega de premios | Gabitel Ingenieros\" \/><\/p>\n","protected":false},"excerpt":{"rendered":"<p>Aqu\u00ed os dejamos im\u00e1genes de la entrega de premios de nuestro II Concurso de Fotograf\u00eda de Gabitel. Aqu\u00ed os dejamos im\u00e1genes de la entrega de premios de nuestro II Concurso de Fotograf\u00eda de Gabitel. El segundo y tercer premio, un surtido de productos ib\u00e9ricos con vino incluido, tuvo un \u00fanico ganador, nuestro compa\u00f1ero Manuel Bravo.<\/p>\n","protected":false},"author":3,"featured_media":35123,"comment_status":"closed","ping_status":"closed","sticky":false,"template":"","format":"standard","meta":{"content-type":"","footnotes":""},"categories":[600],"tags":[],"class_list":["post-32783","post","type-post","status-publish","format-standard","has-post-thumbnail","hentry","category-off-topic-de"],"yoast_head":"<!-- This site is optimized with the Yoast SEO plugin v27.5 - https:\/\/yoast.com\/product\/yoast-seo-wordpress\/ -->\n<title>Entrega de premios del concurso de fotograf\u00eda - Gabitel<\/title>\n<meta name=\"robots\" content=\"noindex, nofollow\" \/>\n<meta property=\"og:locale\" content=\"de_DE\" \/>\n<meta property=\"og:type\" content=\"article\" \/>\n<meta property=\"og:title\" content=\"Entrega de premios del concurso de fotograf\u00eda - Gabitel\" \/>\n<meta property=\"og:description\" content=\"Aqu\u00ed os dejamos im\u00e1genes de la entrega de premios de nuestro II Concurso de Fotograf\u00eda de Gabitel. Aqu\u00ed os dejamos im\u00e1genes de la entrega de premios de nuestro II Concurso de Fotograf\u00eda de Gabitel. El segundo y tercer premio, un surtido de productos ib\u00e9ricos con vino incluido, tuvo un \u00fanico ganador, nuestro compa\u00f1ero Manuel Bravo.\" \/>\n<meta property=\"og:url\" content=\"https:\/\/gabitel.net\/de\/entrega-de-premios-del-concurso-de-fotografia\/\" \/>\n<meta property=\"og:site_name\" content=\"Gabitel\" \/>\n<meta property=\"article:publisher\" content=\"https:\/\/www.facebook.com\/gabitelingenieros\/\" \/>\n<meta property=\"article:published_time\" content=\"2023-10-20T11:25:02+00:00\" \/>\n<meta property=\"article:modified_time\" content=\"2026-04-17T06:50:50+00:00\" \/>\n<meta property=\"og:image\" content=\"https:\/\/gabitel.net\/wp-content\/uploads\/2023\/10\/N5-FOTO-DE-INTERIOR-0-min.jpg\" \/>\n\t<meta property=\"og:image:width\" content=\"570\" \/>\n\t<meta property=\"og:image:height\" content=\"667\" \/>\n\t<meta property=\"og:image:type\" content=\"image\/jpeg\" \/>\n<meta name=\"author\" content=\"user.autor\" \/>\n<meta name=\"twitter:card\" content=\"summary_large_image\" \/>\n<meta name=\"twitter:label1\" content=\"Verfasst von\" \/>\n\t<meta name=\"twitter:data1\" content=\"user.autor\" \/>\n<script type=\"application\/ld+json\" class=\"yoast-schema-graph\">{\"@context\":\"https:\\\/\\\/schema.org\",\"@graph\":[{\"@type\":[\"Article\",\"BlogPosting\"],\"@id\":\"https:\\\/\\\/gabitel.net\\\/de\\\/entrega-de-premios-del-concurso-de-fotografia\\\/#article\",\"isPartOf\":{\"@id\":\"https:\\\/\\\/gabitel.net\\\/de\\\/entrega-de-premios-del-concurso-de-fotografia\\\/\"},\"author\":{\"name\":\"user.autor\",\"@id\":\"https:\\\/\\\/gabitel.net\\\/de\\\/#\\\/schema\\\/person\\\/37ba53714c3fedb9c7d22f4bc781465c\"},\"headline\":\"Entrega de premios del concurso de fotograf\u00eda\",\"datePublished\":\"2023-10-20T11:25:02+00:00\",\"dateModified\":\"2026-04-17T06:50:50+00:00\",\"mainEntityOfPage\":{\"@id\":\"https:\\\/\\\/gabitel.net\\\/de\\\/entrega-de-premios-del-concurso-de-fotografia\\\/\"},\"wordCount\":69,\"publisher\":{\"@id\":\"https:\\\/\\\/gabitel.net\\\/de\\\/#organization\"},\"image\":{\"@id\":\"https:\\\/\\\/gabitel.net\\\/de\\\/entrega-de-premios-del-concurso-de-fotografia\\\/#primaryimage\"},\"thumbnailUrl\":\"https:\\\/\\\/gabitel.net\\\/wp-content\\\/uploads\\\/2023\\\/10\\\/N5-FOTO-DE-INTERIOR-0-min.jpg\",\"articleSection\":[\"Off-topic\"],\"inLanguage\":\"de\"},{\"@type\":\"WebPage\",\"@id\":\"https:\\\/\\\/gabitel.net\\\/de\\\/entrega-de-premios-del-concurso-de-fotografia\\\/\",\"url\":\"https:\\\/\\\/gabitel.net\\\/de\\\/entrega-de-premios-del-concurso-de-fotografia\\\/\",\"name\":\"Entrega de premios del concurso de fotograf\u00eda - Gabitel\",\"isPartOf\":{\"@id\":\"https:\\\/\\\/gabitel.net\\\/de\\\/#website\"},\"primaryImageOfPage\":{\"@id\":\"https:\\\/\\\/gabitel.net\\\/de\\\/entrega-de-premios-del-concurso-de-fotografia\\\/#primaryimage\"},\"image\":{\"@id\":\"https:\\\/\\\/gabitel.net\\\/de\\\/entrega-de-premios-del-concurso-de-fotografia\\\/#primaryimage\"},\"thumbnailUrl\":\"https:\\\/\\\/gabitel.net\\\/wp-content\\\/uploads\\\/2023\\\/10\\\/N5-FOTO-DE-INTERIOR-0-min.jpg\",\"datePublished\":\"2023-10-20T11:25:02+00:00\",\"dateModified\":\"2026-04-17T06:50:50+00:00\",\"breadcrumb\":{\"@id\":\"https:\\\/\\\/gabitel.net\\\/de\\\/entrega-de-premios-del-concurso-de-fotografia\\\/#breadcrumb\"},\"inLanguage\":\"de\",\"potentialAction\":[{\"@type\":\"ReadAction\",\"target\":[\"https:\\\/\\\/gabitel.net\\\/de\\\/entrega-de-premios-del-concurso-de-fotografia\\\/\"]}]},{\"@type\":\"ImageObject\",\"inLanguage\":\"de\",\"@id\":\"https:\\\/\\\/gabitel.net\\\/de\\\/entrega-de-premios-del-concurso-de-fotografia\\\/#primaryimage\",\"url\":\"https:\\\/\\\/gabitel.net\\\/wp-content\\\/uploads\\\/2023\\\/10\\\/N5-FOTO-DE-INTERIOR-0-min.jpg\",\"contentUrl\":\"https:\\\/\\\/gabitel.net\\\/wp-content\\\/uploads\\\/2023\\\/10\\\/N5-FOTO-DE-INTERIOR-0-min.jpg\",\"width\":570,\"height\":667},{\"@type\":\"BreadcrumbList\",\"@id\":\"https:\\\/\\\/gabitel.net\\\/de\\\/entrega-de-premios-del-concurso-de-fotografia\\\/#breadcrumb\",\"itemListElement\":[{\"@type\":\"ListItem\",\"position\":1,\"name\":\"Portada\",\"item\":\"https:\\\/\\\/gabitel.net\\\/de\\\/\"},{\"@type\":\"ListItem\",\"position\":2,\"name\":\"Entrega de premios del concurso de fotograf\u00eda\"}]},{\"@type\":\"WebSite\",\"@id\":\"https:\\\/\\\/gabitel.net\\\/de\\\/#website\",\"url\":\"https:\\\/\\\/gabitel.net\\\/de\\\/\",\"name\":\"Gabitel\",\"description\":\"\",\"publisher\":{\"@id\":\"https:\\\/\\\/gabitel.net\\\/de\\\/#organization\"},\"potentialAction\":[{\"@type\":\"SearchAction\",\"target\":{\"@type\":\"EntryPoint\",\"urlTemplate\":\"https:\\\/\\\/gabitel.net\\\/de\\\/?s={search_term_string}\"},\"query-input\":{\"@type\":\"PropertyValueSpecification\",\"valueRequired\":true,\"valueName\":\"search_term_string\"}}],\"inLanguage\":\"de\"},{\"@type\":\"Organization\",\"@id\":\"https:\\\/\\\/gabitel.net\\\/de\\\/#organization\",\"name\":\"Gabitel\",\"url\":\"https:\\\/\\\/gabitel.net\\\/de\\\/\",\"logo\":{\"@type\":\"ImageObject\",\"inLanguage\":\"de\",\"@id\":\"https:\\\/\\\/gabitel.net\\\/de\\\/#\\\/schema\\\/logo\\\/image\\\/\",\"url\":\"https:\\\/\\\/gabitel.net\\\/wp-content\\\/uploads\\\/2025\\\/05\\\/logo_gabitel.jpg\",\"contentUrl\":\"https:\\\/\\\/gabitel.net\\\/wp-content\\\/uploads\\\/2025\\\/05\\\/logo_gabitel.jpg\",\"width\":2560,\"height\":1330,\"caption\":\"Gabitel\"},\"image\":{\"@id\":\"https:\\\/\\\/gabitel.net\\\/de\\\/#\\\/schema\\\/logo\\\/image\\\/\"},\"sameAs\":[\"https:\\\/\\\/www.facebook.com\\\/gabitelingenieros\\\/\",\"https:\\\/\\\/es.linkedin.com\\\/company\\\/gabitel-ingenieros\"]},{\"@type\":\"Person\",\"@id\":\"https:\\\/\\\/gabitel.net\\\/de\\\/#\\\/schema\\\/person\\\/37ba53714c3fedb9c7d22f4bc781465c\",\"name\":\"user.autor\",\"url\":\"https:\\\/\\\/gabitel.net\\\/de\\\/author\\\/user-autor\\\/\"}]}<\/script>\n<!-- \/ Yoast SEO plugin. -->","yoast_head_json":{"title":"Entrega de premios del concurso de fotograf\u00eda - Gabitel","robots":{"index":"noindex","follow":"nofollow"},"og_locale":"de_DE","og_type":"article","og_title":"Entrega de premios del concurso de fotograf\u00eda - Gabitel","og_description":"Aqu\u00ed os dejamos im\u00e1genes de la entrega de premios de nuestro II Concurso de Fotograf\u00eda de Gabitel. Aqu\u00ed os dejamos im\u00e1genes de la entrega de premios de nuestro II Concurso de Fotograf\u00eda de Gabitel. El segundo y tercer premio, un surtido de productos ib\u00e9ricos con vino incluido, tuvo un \u00fanico ganador, nuestro compa\u00f1ero Manuel Bravo.","og_url":"https:\/\/gabitel.net\/de\/entrega-de-premios-del-concurso-de-fotografia\/","og_site_name":"Gabitel","article_publisher":"https:\/\/www.facebook.com\/gabitelingenieros\/","article_published_time":"2023-10-20T11:25:02+00:00","article_modified_time":"2026-04-17T06:50:50+00:00","og_image":[{"width":570,"height":667,"url":"https:\/\/gabitel.net\/wp-content\/uploads\/2023\/10\/N5-FOTO-DE-INTERIOR-0-min.jpg","type":"image\/jpeg"}],"author":"user.autor","twitter_card":"summary_large_image","twitter_misc":{"Verfasst von":"user.autor"},"schema":{"@context":"https:\/\/schema.org","@graph":[{"@type":["Article","BlogPosting"],"@id":"https:\/\/gabitel.net\/de\/entrega-de-premios-del-concurso-de-fotografia\/#article","isPartOf":{"@id":"https:\/\/gabitel.net\/de\/entrega-de-premios-del-concurso-de-fotografia\/"},"author":{"name":"user.autor","@id":"https:\/\/gabitel.net\/de\/#\/schema\/person\/37ba53714c3fedb9c7d22f4bc781465c"},"headline":"Entrega de premios del concurso de fotograf\u00eda","datePublished":"2023-10-20T11:25:02+00:00","dateModified":"2026-04-17T06:50:50+00:00","mainEntityOfPage":{"@id":"https:\/\/gabitel.net\/de\/entrega-de-premios-del-concurso-de-fotografia\/"},"wordCount":69,"publisher":{"@id":"https:\/\/gabitel.net\/de\/#organization"},"image":{"@id":"https:\/\/gabitel.net\/de\/entrega-de-premios-del-concurso-de-fotografia\/#primaryimage"},"thumbnailUrl":"https:\/\/gabitel.net\/wp-content\/uploads\/2023\/10\/N5-FOTO-DE-INTERIOR-0-min.jpg","articleSection":["Off-topic"],"inLanguage":"de"},{"@type":"WebPage","@id":"https:\/\/gabitel.net\/de\/entrega-de-premios-del-concurso-de-fotografia\/","url":"https:\/\/gabitel.net\/de\/entrega-de-premios-del-concurso-de-fotografia\/","name":"Entrega de premios del concurso de fotograf\u00eda - Gabitel","isPartOf":{"@id":"https:\/\/gabitel.net\/de\/#website"},"primaryImageOfPage":{"@id":"https:\/\/gabitel.net\/de\/entrega-de-premios-del-concurso-de-fotografia\/#primaryimage"},"image":{"@id":"https:\/\/gabitel.net\/de\/entrega-de-premios-del-concurso-de-fotografia\/#primaryimage"},"thumbnailUrl":"https:\/\/gabitel.net\/wp-content\/uploads\/2023\/10\/N5-FOTO-DE-INTERIOR-0-min.jpg","datePublished":"2023-10-20T11:25:02+00:00","dateModified":"2026-04-17T06:50:50+00:00","breadcrumb":{"@id":"https:\/\/gabitel.net\/de\/entrega-de-premios-del-concurso-de-fotografia\/#breadcrumb"},"inLanguage":"de","potentialAction":[{"@type":"ReadAction","target":["https:\/\/gabitel.net\/de\/entrega-de-premios-del-concurso-de-fotografia\/"]}]},{"@type":"ImageObject","inLanguage":"de","@id":"https:\/\/gabitel.net\/de\/entrega-de-premios-del-concurso-de-fotografia\/#primaryimage","url":"https:\/\/gabitel.net\/wp-content\/uploads\/2023\/10\/N5-FOTO-DE-INTERIOR-0-min.jpg","contentUrl":"https:\/\/gabitel.net\/wp-content\/uploads\/2023\/10\/N5-FOTO-DE-INTERIOR-0-min.jpg","width":570,"height":667},{"@type":"BreadcrumbList","@id":"https:\/\/gabitel.net\/de\/entrega-de-premios-del-concurso-de-fotografia\/#breadcrumb","itemListElement":[{"@type":"ListItem","position":1,"name":"Portada","item":"https:\/\/gabitel.net\/de\/"},{"@type":"ListItem","position":2,"name":"Entrega de premios del concurso de fotograf\u00eda"}]},{"@type":"WebSite","@id":"https:\/\/gabitel.net\/de\/#website","url":"https:\/\/gabitel.net\/de\/","name":"Gabitel","description":"","publisher":{"@id":"https:\/\/gabitel.net\/de\/#organization"},"potentialAction":[{"@type":"SearchAction","target":{"@type":"EntryPoint","urlTemplate":"https:\/\/gabitel.net\/de\/?s={search_term_string}"},"query-input":{"@type":"PropertyValueSpecification","valueRequired":true,"valueName":"search_term_string"}}],"inLanguage":"de"},{"@type":"Organization","@id":"https:\/\/gabitel.net\/de\/#organization","name":"Gabitel","url":"https:\/\/gabitel.net\/de\/","logo":{"@type":"ImageObject","inLanguage":"de","@id":"https:\/\/gabitel.net\/de\/#\/schema\/logo\/image\/","url":"https:\/\/gabitel.net\/wp-content\/uploads\/2025\/05\/logo_gabitel.jpg","contentUrl":"https:\/\/gabitel.net\/wp-content\/uploads\/2025\/05\/logo_gabitel.jpg","width":2560,"height":1330,"caption":"Gabitel"},"image":{"@id":"https:\/\/gabitel.net\/de\/#\/schema\/logo\/image\/"},"sameAs":["https:\/\/www.facebook.com\/gabitelingenieros\/","https:\/\/es.linkedin.com\/company\/gabitel-ingenieros"]},{"@type":"Person","@id":"https:\/\/gabitel.net\/de\/#\/schema\/person\/37ba53714c3fedb9c7d22f4bc781465c","name":"user.autor","url":"https:\/\/gabitel.net\/de\/author\/user-autor\/"}]}},"_links":{"self":[{"href":"https:\/\/gabitel.net\/de\/wp-json\/wp\/v2\/posts\/32783","targetHints":{"allow":["GET"]}}],"collection":[{"href":"https:\/\/gabitel.net\/de\/wp-json\/wp\/v2\/posts"}],"about":[{"href":"https:\/\/gabitel.net\/de\/wp-json\/wp\/v2\/types\/post"}],"author":[{"embeddable":true,"href":"https:\/\/gabitel.net\/de\/wp-json\/wp\/v2\/users\/3"}],"replies":[{"embeddable":true,"href":"https:\/\/gabitel.net\/de\/wp-json\/wp\/v2\/comments?post=32783"}],"version-history":[{"count":1,"href":"https:\/\/gabitel.net\/de\/wp-json\/wp\/v2\/posts\/32783\/revisions"}],"predecessor-version":[{"id":37399,"href":"https:\/\/gabitel.net\/de\/wp-json\/wp\/v2\/posts\/32783\/revisions\/37399"}],"wp:featuredmedia":[{"embeddable":true,"href":"https:\/\/gabitel.net\/de\/wp-json\/wp\/v2\/media\/35123"}],"wp:attachment":[{"href":"https:\/\/gabitel.net\/de\/wp-json\/wp\/v2\/media?parent=32783"}],"wp:term":[{"taxonomy":"category","embeddable":true,"href":"https:\/\/gabitel.net\/de\/wp-json\/wp\/v2\/categories?post=32783"},{"taxonomy":"post_tag","embeddable":true,"href":"https:\/\/gabitel.net\/de\/wp-json\/wp\/v2\/tags?post=32783"}],"curies":[{"name":"wp","href":"https:\/\/api.w.org\/{rel}","templated":true}]}}