{"id":32785,"date":"2023-10-20T13:25:02","date_gmt":"2023-10-20T11:25:02","guid":{"rendered":"https:\/\/gabitel.net\/entrevista-manolo-bravo\/"},"modified":"2026-04-17T08:50:50","modified_gmt":"2026-04-17T06:50:50","slug":"entrevista-manolo-bravo","status":"publish","type":"post","link":"https:\/\/gabitel.net\/de\/entrevista-manolo-bravo\/","title":{"rendered":"Entrevista: Manolo Bravo"},"content":{"rendered":"<ol>\n<li><strong>\u00bfC\u00f3mo comenz\u00f3 tu andadura profesional en Gabitel?<\/strong><\/li>\n<\/ol>\n<p>Mi primer contacto comenz\u00f3 un poco antes de entrar en Gabitel. Trabaj\u00e9 un a\u00f1o en una empresa cliente de Realza que estaba realizando unas obras de ampliaci\u00f3n, y all\u00ed tuve la ocasi\u00f3n de conocer a Juan Reales, a Jos\u00e9 Mazo y en alguna visita a obra, a Jos\u00e9 Manuel M\u00e1rquez y a Alejandro Manzano. Cuando entend\u00ed que mi etapa en aquella empresa hab\u00eda terminado, decid\u00ed buscar nuevos retos y entr\u00e9 a trabajar en Gabitel. Fue en 2018.<\/p>\n<p><strong>\u00a0<\/strong><\/p>\n<ol start=\"2\">\n<li><strong>De todos los proyectos en los que has participado hasta el momento \u00bfCu\u00e1l ha sido el m\u00e1s significativo para ti?<\/strong><\/li>\n<\/ol>\n<p>Quiz\u00e1s una central hortofrut\u00edcola que proyectamos en el paraje Valdeoscuro para Costa de Huelva. Se trataba de una central nueva, en un entorno muy bonito, entre campos de cultivos y frente a un pinar, que mezclaba edificaciones puramente industriales y un edificio administrativo que dio mucho juego. Fue terriblemente complejo y aprend\u00ed mucho.<\/p>\n<p><strong>\u00a0<\/strong><\/p>\n<ol start=\"3\">\n<li><strong>Ahora que se te ha presentado el nuevo reto de llevar el peso de la parte de Arquitectura, \u00bfqu\u00e9 ha significado para ti a nivel profesional?<\/strong><\/li>\n<\/ol>\n<p>Supone un reto que afronto con ilusi\u00f3n. Tenemos un equipo de trabajo peque\u00f1o, que formamos solo 3 compa\u00f1eros (Fernando Carro, Rachel Mart\u00ednez y yo) y aunque estamos comenzando a andar me siento arropado por los compa\u00f1eros que nos rodean, con los que trabajamos habitualmente.<\/p>\n<p><strong>\u00a0<\/strong><\/p>\n<ol start=\"4\">\n<li><strong>\u00bfQu\u00e9 es lo que m\u00e1s valoras de tu equipo de trabajo?<\/strong><\/li>\n<\/ol>\n<p>Aunque suene un poco trillado valoro el compromiso, la iniciativa, el trabajo en equipo y las ganas de aprender.<\/p>\n<p><strong>\u00a0<\/strong><\/p>\n<ol start=\"5\">\n<li><strong>Por conocerte algo mejor, \u00bfnos podr\u00edas contar algunas de tus aficiones?<\/strong><\/li>\n<\/ol>\n<p>Me gusta mucho el cine, leer, dibujar, escaparme cuando viajo para ver alg\u00fan edificio de esos que solo interesar\u00eda a un arquitecto&#8230; Y \u00faltimamente tocar la guitarra ac\u00fastica. Era una especie de asignatura pendiente para m\u00ed, y aprovech\u00e9 el confinamiento durante el coronavirus para aprender un poco. Aunque no se me da especialmente bien me relaja mucho. Una vez le o\u00ed al humorista Javier Cansado que el blues era un g\u00e9nero musical que solo disfruta el que lo toca, y estoy convencido de que mis vecinos est\u00e1n de acuerdo con \u00e9l.<\/p>\n<p><strong>\u00a0<\/strong><\/p>\n<ol start=\"6\">\n<li><strong>Ah\u00ed va la pregunta de Juan Reales, nuestro entrevistado en el bolet\u00edn anterior: \u00bfQu\u00e9 esperas de Gabitel en el corto plazo? \u00bfQu\u00e9 le pedir\u00edas a la direcci\u00f3n de la empresa? (son dos en una <\/strong><strong>&#x1f60a;)<\/strong><\/li>\n<\/ol>\n<p>Pues empezando por la segunda, a la direcci\u00f3n de la empresa le pedir\u00eda proyectos donde colaboren distintos compa\u00f1eros, que requieran del conocimiento y la dedicaci\u00f3n de distintos departamentos, porque creo que si hay algo que hace especial a Gabitel es el equipo multidisciplinar con el que contamos.<\/p>\n<p>Y a corto plazo, que vayamos pensando en el almuerzo de fin de a\u00f1o.<\/p>\n<p>&nbsp;<\/p>\n<ol start=\"7\">\n<li><strong>Env\u00edale una pregunta para el pr\u00f3ximo compa\u00f1ero que ser\u00e1 entrevistado.<\/strong><\/li>\n<\/ol>\n<p>Si pudieses tomar un caf\u00e9 y mantener una conversaci\u00f3n con alg\u00fan personaje hist\u00f3rico (vivo o muerto), \u00bfqui\u00e9n ser\u00eda?<\/p>\n","protected":false},"excerpt":{"rendered":"<p>\u00bfC\u00f3mo comenz\u00f3 tu andadura profesional en Gabitel? Mi primer contacto comenz\u00f3 un poco antes de entrar en Gabitel. Trabaj\u00e9 un a\u00f1o en una empresa cliente de Realza que estaba realizando unas obras de ampliaci\u00f3n, y all\u00ed tuve la ocasi\u00f3n de conocer a Juan Reales, a Jos\u00e9 Mazo y en alguna visita a obra, a Jos\u00e9 [&hellip;]<\/p>\n","protected":false},"author":3,"featured_media":35121,"comment_status":"closed","ping_status":"closed","sticky":false,"template":"","format":"standard","meta":{"content-type":"","footnotes":""},"categories":[600],"tags":[],"class_list":["post-32785","post","type-post","status-publish","format-standard","has-post-thumbnail","hentry","category-off-topic-de"],"yoast_head":"<!-- This site is optimized with the Yoast SEO plugin v27.5 - https:\/\/yoast.com\/product\/yoast-seo-wordpress\/ -->\n<title>Entrevista: Manolo Bravo - Gabitel<\/title>\n<meta name=\"robots\" content=\"noindex, nofollow\" \/>\n<meta property=\"og:locale\" content=\"de_DE\" \/>\n<meta property=\"og:type\" content=\"article\" \/>\n<meta property=\"og:title\" content=\"Entrevista: Manolo Bravo - Gabitel\" \/>\n<meta property=\"og:description\" content=\"\u00bfC\u00f3mo comenz\u00f3 tu andadura profesional en Gabitel? Mi primer contacto comenz\u00f3 un poco antes de entrar en Gabitel. Trabaj\u00e9 un a\u00f1o en una empresa cliente de Realza que estaba realizando unas obras de ampliaci\u00f3n, y all\u00ed tuve la ocasi\u00f3n de conocer a Juan Reales, a Jos\u00e9 Mazo y en alguna visita a obra, a Jos\u00e9 [&hellip;]\" \/>\n<meta property=\"og:url\" content=\"https:\/\/gabitel.net\/de\/entrevista-manolo-bravo\/\" \/>\n<meta property=\"og:site_name\" content=\"Gabitel\" \/>\n<meta property=\"article:publisher\" content=\"https:\/\/www.facebook.com\/gabitelingenieros\/\" \/>\n<meta property=\"article:published_time\" content=\"2023-10-20T11:25:02+00:00\" \/>\n<meta property=\"article:modified_time\" content=\"2026-04-17T06:50:50+00:00\" \/>\n<meta property=\"og:image\" content=\"https:\/\/gabitel.net\/wp-content\/uploads\/2023\/10\/N6-FOTO-ENTREVISTA.jpg\" \/>\n\t<meta property=\"og:image:width\" content=\"1080\" \/>\n\t<meta property=\"og:image:height\" content=\"720\" \/>\n\t<meta property=\"og:image:type\" content=\"image\/jpeg\" \/>\n<meta name=\"author\" content=\"user.autor\" \/>\n<meta name=\"twitter:card\" content=\"summary_large_image\" \/>\n<meta name=\"twitter:label1\" content=\"Verfasst von\" \/>\n\t<meta name=\"twitter:data1\" content=\"user.autor\" \/>\n\t<meta name=\"twitter:label2\" content=\"Gesch\u00e4tzte Lesezeit\" \/>\n\t<meta name=\"twitter:data2\" content=\"3\u00a0Minuten\" \/>\n<script type=\"application\/ld+json\" class=\"yoast-schema-graph\">{\"@context\":\"https:\\\/\\\/schema.org\",\"@graph\":[{\"@type\":[\"Article\",\"BlogPosting\"],\"@id\":\"https:\\\/\\\/gabitel.net\\\/de\\\/entrevista-manolo-bravo\\\/#article\",\"isPartOf\":{\"@id\":\"https:\\\/\\\/gabitel.net\\\/de\\\/entrevista-manolo-bravo\\\/\"},\"author\":{\"name\":\"user.autor\",\"@id\":\"https:\\\/\\\/gabitel.net\\\/de\\\/#\\\/schema\\\/person\\\/37ba53714c3fedb9c7d22f4bc781465c\"},\"headline\":\"Entrevista: Manolo Bravo\",\"datePublished\":\"2023-10-20T11:25:02+00:00\",\"dateModified\":\"2026-04-17T06:50:50+00:00\",\"mainEntityOfPage\":{\"@id\":\"https:\\\/\\\/gabitel.net\\\/de\\\/entrevista-manolo-bravo\\\/\"},\"wordCount\":525,\"publisher\":{\"@id\":\"https:\\\/\\\/gabitel.net\\\/de\\\/#organization\"},\"image\":{\"@id\":\"https:\\\/\\\/gabitel.net\\\/de\\\/entrevista-manolo-bravo\\\/#primaryimage\"},\"thumbnailUrl\":\"https:\\\/\\\/gabitel.net\\\/wp-content\\\/uploads\\\/2023\\\/10\\\/N6-FOTO-ENTREVISTA.jpg\",\"articleSection\":[\"Off-topic\"],\"inLanguage\":\"de\"},{\"@type\":\"WebPage\",\"@id\":\"https:\\\/\\\/gabitel.net\\\/de\\\/entrevista-manolo-bravo\\\/\",\"url\":\"https:\\\/\\\/gabitel.net\\\/de\\\/entrevista-manolo-bravo\\\/\",\"name\":\"Entrevista: Manolo Bravo - Gabitel\",\"isPartOf\":{\"@id\":\"https:\\\/\\\/gabitel.net\\\/de\\\/#website\"},\"primaryImageOfPage\":{\"@id\":\"https:\\\/\\\/gabitel.net\\\/de\\\/entrevista-manolo-bravo\\\/#primaryimage\"},\"image\":{\"@id\":\"https:\\\/\\\/gabitel.net\\\/de\\\/entrevista-manolo-bravo\\\/#primaryimage\"},\"thumbnailUrl\":\"https:\\\/\\\/gabitel.net\\\/wp-content\\\/uploads\\\/2023\\\/10\\\/N6-FOTO-ENTREVISTA.jpg\",\"datePublished\":\"2023-10-20T11:25:02+00:00\",\"dateModified\":\"2026-04-17T06:50:50+00:00\",\"breadcrumb\":{\"@id\":\"https:\\\/\\\/gabitel.net\\\/de\\\/entrevista-manolo-bravo\\\/#breadcrumb\"},\"inLanguage\":\"de\",\"potentialAction\":[{\"@type\":\"ReadAction\",\"target\":[\"https:\\\/\\\/gabitel.net\\\/de\\\/entrevista-manolo-bravo\\\/\"]}]},{\"@type\":\"ImageObject\",\"inLanguage\":\"de\",\"@id\":\"https:\\\/\\\/gabitel.net\\\/de\\\/entrevista-manolo-bravo\\\/#primaryimage\",\"url\":\"https:\\\/\\\/gabitel.net\\\/wp-content\\\/uploads\\\/2023\\\/10\\\/N6-FOTO-ENTREVISTA.jpg\",\"contentUrl\":\"https:\\\/\\\/gabitel.net\\\/wp-content\\\/uploads\\\/2023\\\/10\\\/N6-FOTO-ENTREVISTA.jpg\",\"width\":1080,\"height\":720},{\"@type\":\"BreadcrumbList\",\"@id\":\"https:\\\/\\\/gabitel.net\\\/de\\\/entrevista-manolo-bravo\\\/#breadcrumb\",\"itemListElement\":[{\"@type\":\"ListItem\",\"position\":1,\"name\":\"Portada\",\"item\":\"https:\\\/\\\/gabitel.net\\\/de\\\/\"},{\"@type\":\"ListItem\",\"position\":2,\"name\":\"Entrevista: Manolo Bravo\"}]},{\"@type\":\"WebSite\",\"@id\":\"https:\\\/\\\/gabitel.net\\\/de\\\/#website\",\"url\":\"https:\\\/\\\/gabitel.net\\\/de\\\/\",\"name\":\"Gabitel\",\"description\":\"\",\"publisher\":{\"@id\":\"https:\\\/\\\/gabitel.net\\\/de\\\/#organization\"},\"potentialAction\":[{\"@type\":\"SearchAction\",\"target\":{\"@type\":\"EntryPoint\",\"urlTemplate\":\"https:\\\/\\\/gabitel.net\\\/de\\\/?s={search_term_string}\"},\"query-input\":{\"@type\":\"PropertyValueSpecification\",\"valueRequired\":true,\"valueName\":\"search_term_string\"}}],\"inLanguage\":\"de\"},{\"@type\":\"Organization\",\"@id\":\"https:\\\/\\\/gabitel.net\\\/de\\\/#organization\",\"name\":\"Gabitel\",\"url\":\"https:\\\/\\\/gabitel.net\\\/de\\\/\",\"logo\":{\"@type\":\"ImageObject\",\"inLanguage\":\"de\",\"@id\":\"https:\\\/\\\/gabitel.net\\\/de\\\/#\\\/schema\\\/logo\\\/image\\\/\",\"url\":\"https:\\\/\\\/gabitel.net\\\/wp-content\\\/uploads\\\/2025\\\/05\\\/logo_gabitel.jpg\",\"contentUrl\":\"https:\\\/\\\/gabitel.net\\\/wp-content\\\/uploads\\\/2025\\\/05\\\/logo_gabitel.jpg\",\"width\":2560,\"height\":1330,\"caption\":\"Gabitel\"},\"image\":{\"@id\":\"https:\\\/\\\/gabitel.net\\\/de\\\/#\\\/schema\\\/logo\\\/image\\\/\"},\"sameAs\":[\"https:\\\/\\\/www.facebook.com\\\/gabitelingenieros\\\/\",\"https:\\\/\\\/es.linkedin.com\\\/company\\\/gabitel-ingenieros\"]},{\"@type\":\"Person\",\"@id\":\"https:\\\/\\\/gabitel.net\\\/de\\\/#\\\/schema\\\/person\\\/37ba53714c3fedb9c7d22f4bc781465c\",\"name\":\"user.autor\",\"url\":\"https:\\\/\\\/gabitel.net\\\/de\\\/author\\\/user-autor\\\/\"}]}<\/script>\n<!-- \/ Yoast SEO plugin. -->","yoast_head_json":{"title":"Entrevista: Manolo Bravo - Gabitel","robots":{"index":"noindex","follow":"nofollow"},"og_locale":"de_DE","og_type":"article","og_title":"Entrevista: Manolo Bravo - Gabitel","og_description":"\u00bfC\u00f3mo comenz\u00f3 tu andadura profesional en Gabitel? Mi primer contacto comenz\u00f3 un poco antes de entrar en Gabitel. Trabaj\u00e9 un a\u00f1o en una empresa cliente de Realza que estaba realizando unas obras de ampliaci\u00f3n, y all\u00ed tuve la ocasi\u00f3n de conocer a Juan Reales, a Jos\u00e9 Mazo y en alguna visita a obra, a Jos\u00e9 [&hellip;]","og_url":"https:\/\/gabitel.net\/de\/entrevista-manolo-bravo\/","og_site_name":"Gabitel","article_publisher":"https:\/\/www.facebook.com\/gabitelingenieros\/","article_published_time":"2023-10-20T11:25:02+00:00","article_modified_time":"2026-04-17T06:50:50+00:00","og_image":[{"width":1080,"height":720,"url":"https:\/\/gabitel.net\/wp-content\/uploads\/2023\/10\/N6-FOTO-ENTREVISTA.jpg","type":"image\/jpeg"}],"author":"user.autor","twitter_card":"summary_large_image","twitter_misc":{"Verfasst von":"user.autor","Gesch\u00e4tzte Lesezeit":"3\u00a0Minuten"},"schema":{"@context":"https:\/\/schema.org","@graph":[{"@type":["Article","BlogPosting"],"@id":"https:\/\/gabitel.net\/de\/entrevista-manolo-bravo\/#article","isPartOf":{"@id":"https:\/\/gabitel.net\/de\/entrevista-manolo-bravo\/"},"author":{"name":"user.autor","@id":"https:\/\/gabitel.net\/de\/#\/schema\/person\/37ba53714c3fedb9c7d22f4bc781465c"},"headline":"Entrevista: Manolo Bravo","datePublished":"2023-10-20T11:25:02+00:00","dateModified":"2026-04-17T06:50:50+00:00","mainEntityOfPage":{"@id":"https:\/\/gabitel.net\/de\/entrevista-manolo-bravo\/"},"wordCount":525,"publisher":{"@id":"https:\/\/gabitel.net\/de\/#organization"},"image":{"@id":"https:\/\/gabitel.net\/de\/entrevista-manolo-bravo\/#primaryimage"},"thumbnailUrl":"https:\/\/gabitel.net\/wp-content\/uploads\/2023\/10\/N6-FOTO-ENTREVISTA.jpg","articleSection":["Off-topic"],"inLanguage":"de"},{"@type":"WebPage","@id":"https:\/\/gabitel.net\/de\/entrevista-manolo-bravo\/","url":"https:\/\/gabitel.net\/de\/entrevista-manolo-bravo\/","name":"Entrevista: Manolo Bravo - Gabitel","isPartOf":{"@id":"https:\/\/gabitel.net\/de\/#website"},"primaryImageOfPage":{"@id":"https:\/\/gabitel.net\/de\/entrevista-manolo-bravo\/#primaryimage"},"image":{"@id":"https:\/\/gabitel.net\/de\/entrevista-manolo-bravo\/#primaryimage"},"thumbnailUrl":"https:\/\/gabitel.net\/wp-content\/uploads\/2023\/10\/N6-FOTO-ENTREVISTA.jpg","datePublished":"2023-10-20T11:25:02+00:00","dateModified":"2026-04-17T06:50:50+00:00","breadcrumb":{"@id":"https:\/\/gabitel.net\/de\/entrevista-manolo-bravo\/#breadcrumb"},"inLanguage":"de","potentialAction":[{"@type":"ReadAction","target":["https:\/\/gabitel.net\/de\/entrevista-manolo-bravo\/"]}]},{"@type":"ImageObject","inLanguage":"de","@id":"https:\/\/gabitel.net\/de\/entrevista-manolo-bravo\/#primaryimage","url":"https:\/\/gabitel.net\/wp-content\/uploads\/2023\/10\/N6-FOTO-ENTREVISTA.jpg","contentUrl":"https:\/\/gabitel.net\/wp-content\/uploads\/2023\/10\/N6-FOTO-ENTREVISTA.jpg","width":1080,"height":720},{"@type":"BreadcrumbList","@id":"https:\/\/gabitel.net\/de\/entrevista-manolo-bravo\/#breadcrumb","itemListElement":[{"@type":"ListItem","position":1,"name":"Portada","item":"https:\/\/gabitel.net\/de\/"},{"@type":"ListItem","position":2,"name":"Entrevista: Manolo Bravo"}]},{"@type":"WebSite","@id":"https:\/\/gabitel.net\/de\/#website","url":"https:\/\/gabitel.net\/de\/","name":"Gabitel","description":"","publisher":{"@id":"https:\/\/gabitel.net\/de\/#organization"},"potentialAction":[{"@type":"SearchAction","target":{"@type":"EntryPoint","urlTemplate":"https:\/\/gabitel.net\/de\/?s={search_term_string}"},"query-input":{"@type":"PropertyValueSpecification","valueRequired":true,"valueName":"search_term_string"}}],"inLanguage":"de"},{"@type":"Organization","@id":"https:\/\/gabitel.net\/de\/#organization","name":"Gabitel","url":"https:\/\/gabitel.net\/de\/","logo":{"@type":"ImageObject","inLanguage":"de","@id":"https:\/\/gabitel.net\/de\/#\/schema\/logo\/image\/","url":"https:\/\/gabitel.net\/wp-content\/uploads\/2025\/05\/logo_gabitel.jpg","contentUrl":"https:\/\/gabitel.net\/wp-content\/uploads\/2025\/05\/logo_gabitel.jpg","width":2560,"height":1330,"caption":"Gabitel"},"image":{"@id":"https:\/\/gabitel.net\/de\/#\/schema\/logo\/image\/"},"sameAs":["https:\/\/www.facebook.com\/gabitelingenieros\/","https:\/\/es.linkedin.com\/company\/gabitel-ingenieros"]},{"@type":"Person","@id":"https:\/\/gabitel.net\/de\/#\/schema\/person\/37ba53714c3fedb9c7d22f4bc781465c","name":"user.autor","url":"https:\/\/gabitel.net\/de\/author\/user-autor\/"}]}},"_links":{"self":[{"href":"https:\/\/gabitel.net\/de\/wp-json\/wp\/v2\/posts\/32785","targetHints":{"allow":["GET"]}}],"collection":[{"href":"https:\/\/gabitel.net\/de\/wp-json\/wp\/v2\/posts"}],"about":[{"href":"https:\/\/gabitel.net\/de\/wp-json\/wp\/v2\/types\/post"}],"author":[{"embeddable":true,"href":"https:\/\/gabitel.net\/de\/wp-json\/wp\/v2\/users\/3"}],"replies":[{"embeddable":true,"href":"https:\/\/gabitel.net\/de\/wp-json\/wp\/v2\/comments?post=32785"}],"version-history":[{"count":1,"href":"https:\/\/gabitel.net\/de\/wp-json\/wp\/v2\/posts\/32785\/revisions"}],"predecessor-version":[{"id":37403,"href":"https:\/\/gabitel.net\/de\/wp-json\/wp\/v2\/posts\/32785\/revisions\/37403"}],"wp:featuredmedia":[{"embeddable":true,"href":"https:\/\/gabitel.net\/de\/wp-json\/wp\/v2\/media\/35121"}],"wp:attachment":[{"href":"https:\/\/gabitel.net\/de\/wp-json\/wp\/v2\/media?parent=32785"}],"wp:term":[{"taxonomy":"category","embeddable":true,"href":"https:\/\/gabitel.net\/de\/wp-json\/wp\/v2\/categories?post=32785"},{"taxonomy":"post_tag","embeddable":true,"href":"https:\/\/gabitel.net\/de\/wp-json\/wp\/v2\/tags?post=32785"}],"curies":[{"name":"wp","href":"https:\/\/api.w.org\/{rel}","templated":true}]}}