{"id":32789,"date":"2023-10-20T13:00:07","date_gmt":"2023-10-20T11:00:07","guid":{"rendered":"https:\/\/gabitel.net\/nuevos-proyectos-de-plantas-solares-fotovoltaicas-flotantes\/"},"modified":"2026-04-17T08:51:05","modified_gmt":"2026-04-17T06:51:05","slug":"nuevos-proyectos-de-plantas-solares-fotovoltaicas-flotantes","status":"publish","type":"post","link":"https:\/\/gabitel.net\/de\/nuevos-proyectos-de-plantas-solares-fotovoltaicas-flotantes\/","title":{"rendered":"Nuevos proyectos de Plantas Solares Fotovoltaicas Flotantes"},"content":{"rendered":"<p style=\"text-align: center;\"><strong><em>\u00a1Nuestros proyectos de plantas solares fotovoltaicas flotantes alcanzan el 50% de su construcci\u00f3n!<\/em><\/strong><\/p>\n<p>&nbsp;<\/p>\n<p>Desde el <strong>Departamento de Industria Agroalimentaria y Civil<\/strong>, se est\u00e1n desarrollando nuevos proyectos de plantas solares fotovoltaicas flotante. La primera de ellas est\u00e1 instalada sobre la l\u00e1mina de agua de la balsa del Sector 5 de la <strong>Comunidad de Regantes del Chanza y Piedras<\/strong>. Esta instalaci\u00f3n permitir\u00e1 un ahorro anual del 40% de la energ\u00eda.<\/p>\n<p><a href=\"https:\/\/gabitelingenieros.com\/wp-content\/uploads\/2023\/10\/P1-FOTO-DE-INTERIOR-min.jpg\"><img decoding=\"async\" src=\"https:\/\/gabitelingenieros.com\/wp-content\/uploads\/2023\/10\/P1-FOTO-DE-INTERIOR-min.jpg\" alt=\"Nuevos proyectos de | Gabitel Ingenieros\" \/><\/a><\/p>\n<p>La segunda est\u00e1 instalada en la superficie del <strong>embalse del And\u00e9valo<\/strong>. Esta planta est\u00e1 equipada con m\u00e1s de 2.800 m\u00f3dulos solares y suministrar\u00e1 energ\u00eda limpia al bombeo del sector norte de la <strong>Comunidad de Regantes And\u00e9valo Fronterizo<\/strong>.<\/p>\n<p><a href=\"https:\/\/gabitelingenieros.com\/wp-content\/uploads\/2023\/10\/P1-FOTO-DE-INTERIOR-Y-PORTADA-min.jpg\"><img decoding=\"async\" src=\"https:\/\/gabitelingenieros.com\/wp-content\/uploads\/2023\/10\/P1-FOTO-DE-INTERIOR-Y-PORTADA-min.jpg\" alt=\"Nuevos proyectos de | Gabitel Ingenieros\" \/><\/a><\/p>\n<p>Estos proyectos suponen un importante avance en esta novedosa tecnolog\u00eda. Y nos ha permitido desarrollarnos y posicionarnos a nivel nacional como la ingenier\u00eda con m\u00e1s KW flotantes sobre grandes masas de agua, como son los embalses.<\/p>\n","protected":false},"excerpt":{"rendered":"<p>\u00a1Nuestros proyectos de plantas solares fotovoltaicas flotantes alcanzan el 50% de su construcci\u00f3n! &nbsp; Desde el Departamento de Industria Agroalimentaria y Civil, se est\u00e1n desarrollando nuevos proyectos de plantas solares fotovoltaicas flotante. La primera de ellas est\u00e1 instalada sobre la l\u00e1mina de agua de la balsa del Sector 5 de la Comunidad de Regantes del [&hellip;]<\/p>\n","protected":false},"author":3,"featured_media":35091,"comment_status":"closed","ping_status":"closed","sticky":false,"template":"","format":"standard","meta":{"content-type":"","footnotes":""},"categories":[600],"tags":[],"class_list":["post-32789","post","type-post","status-publish","format-standard","has-post-thumbnail","hentry","category-off-topic-de"],"yoast_head":"<!-- This site is optimized with the Yoast SEO plugin v27.5 - https:\/\/yoast.com\/product\/yoast-seo-wordpress\/ -->\n<title>Nuevos proyectos de Plantas Solares Fotovoltaicas Flotantes - Gabitel<\/title>\n<meta name=\"robots\" content=\"noindex, nofollow\" \/>\n<meta property=\"og:locale\" content=\"de_DE\" \/>\n<meta property=\"og:type\" content=\"article\" \/>\n<meta property=\"og:title\" content=\"Nuevos proyectos de Plantas Solares Fotovoltaicas Flotantes - Gabitel\" \/>\n<meta property=\"og:description\" content=\"\u00a1Nuestros proyectos de plantas solares fotovoltaicas flotantes alcanzan el 50% de su construcci\u00f3n! &nbsp; Desde el Departamento de Industria Agroalimentaria y Civil, se est\u00e1n desarrollando nuevos proyectos de plantas solares fotovoltaicas flotante. La primera de ellas est\u00e1 instalada sobre la l\u00e1mina de agua de la balsa del Sector 5 de la Comunidad de Regantes del [&hellip;]\" \/>\n<meta property=\"og:url\" content=\"https:\/\/gabitel.net\/de\/nuevos-proyectos-de-plantas-solares-fotovoltaicas-flotantes\/\" \/>\n<meta property=\"og:site_name\" content=\"Gabitel\" \/>\n<meta property=\"article:publisher\" content=\"https:\/\/www.facebook.com\/gabitelingenieros\/\" \/>\n<meta property=\"article:published_time\" content=\"2023-10-20T11:00:07+00:00\" \/>\n<meta property=\"article:modified_time\" content=\"2026-04-17T06:51:05+00:00\" \/>\n<meta property=\"og:image\" content=\"https:\/\/gabitel.net\/wp-content\/uploads\/2023\/10\/P1-FOTO-DE-INTERIOR-Y-PORTADA-min.jpg\" \/>\n\t<meta property=\"og:image:width\" content=\"971\" \/>\n\t<meta property=\"og:image:height\" content=\"434\" \/>\n\t<meta property=\"og:image:type\" content=\"image\/jpeg\" \/>\n<meta name=\"author\" content=\"user.autor\" \/>\n<meta name=\"twitter:card\" content=\"summary_large_image\" \/>\n<meta name=\"twitter:label1\" content=\"Verfasst von\" \/>\n\t<meta name=\"twitter:data1\" content=\"user.autor\" \/>\n\t<meta name=\"twitter:label2\" content=\"Gesch\u00e4tzte Lesezeit\" \/>\n\t<meta name=\"twitter:data2\" content=\"1\u00a0Minute\" \/>\n<script type=\"application\/ld+json\" class=\"yoast-schema-graph\">{\"@context\":\"https:\\\/\\\/schema.org\",\"@graph\":[{\"@type\":[\"Article\",\"BlogPosting\"],\"@id\":\"https:\\\/\\\/gabitel.net\\\/de\\\/nuevos-proyectos-de-plantas-solares-fotovoltaicas-flotantes\\\/#article\",\"isPartOf\":{\"@id\":\"https:\\\/\\\/gabitel.net\\\/de\\\/nuevos-proyectos-de-plantas-solares-fotovoltaicas-flotantes\\\/\"},\"author\":{\"name\":\"user.autor\",\"@id\":\"https:\\\/\\\/gabitel.net\\\/de\\\/#\\\/schema\\\/person\\\/37ba53714c3fedb9c7d22f4bc781465c\"},\"headline\":\"Nuevos proyectos de Plantas Solares Fotovoltaicas Flotantes\",\"datePublished\":\"2023-10-20T11:00:07+00:00\",\"dateModified\":\"2026-04-17T06:51:05+00:00\",\"mainEntityOfPage\":{\"@id\":\"https:\\\/\\\/gabitel.net\\\/de\\\/nuevos-proyectos-de-plantas-solares-fotovoltaicas-flotantes\\\/\"},\"wordCount\":158,\"publisher\":{\"@id\":\"https:\\\/\\\/gabitel.net\\\/de\\\/#organization\"},\"image\":{\"@id\":\"https:\\\/\\\/gabitel.net\\\/de\\\/nuevos-proyectos-de-plantas-solares-fotovoltaicas-flotantes\\\/#primaryimage\"},\"thumbnailUrl\":\"https:\\\/\\\/gabitel.net\\\/wp-content\\\/uploads\\\/2023\\\/10\\\/P1-FOTO-DE-INTERIOR-Y-PORTADA-min.jpg\",\"articleSection\":[\"Off-topic\"],\"inLanguage\":\"de\"},{\"@type\":\"WebPage\",\"@id\":\"https:\\\/\\\/gabitel.net\\\/de\\\/nuevos-proyectos-de-plantas-solares-fotovoltaicas-flotantes\\\/\",\"url\":\"https:\\\/\\\/gabitel.net\\\/de\\\/nuevos-proyectos-de-plantas-solares-fotovoltaicas-flotantes\\\/\",\"name\":\"Nuevos proyectos de Plantas Solares Fotovoltaicas Flotantes - Gabitel\",\"isPartOf\":{\"@id\":\"https:\\\/\\\/gabitel.net\\\/de\\\/#website\"},\"primaryImageOfPage\":{\"@id\":\"https:\\\/\\\/gabitel.net\\\/de\\\/nuevos-proyectos-de-plantas-solares-fotovoltaicas-flotantes\\\/#primaryimage\"},\"image\":{\"@id\":\"https:\\\/\\\/gabitel.net\\\/de\\\/nuevos-proyectos-de-plantas-solares-fotovoltaicas-flotantes\\\/#primaryimage\"},\"thumbnailUrl\":\"https:\\\/\\\/gabitel.net\\\/wp-content\\\/uploads\\\/2023\\\/10\\\/P1-FOTO-DE-INTERIOR-Y-PORTADA-min.jpg\",\"datePublished\":\"2023-10-20T11:00:07+00:00\",\"dateModified\":\"2026-04-17T06:51:05+00:00\",\"breadcrumb\":{\"@id\":\"https:\\\/\\\/gabitel.net\\\/de\\\/nuevos-proyectos-de-plantas-solares-fotovoltaicas-flotantes\\\/#breadcrumb\"},\"inLanguage\":\"de\",\"potentialAction\":[{\"@type\":\"ReadAction\",\"target\":[\"https:\\\/\\\/gabitel.net\\\/de\\\/nuevos-proyectos-de-plantas-solares-fotovoltaicas-flotantes\\\/\"]}]},{\"@type\":\"ImageObject\",\"inLanguage\":\"de\",\"@id\":\"https:\\\/\\\/gabitel.net\\\/de\\\/nuevos-proyectos-de-plantas-solares-fotovoltaicas-flotantes\\\/#primaryimage\",\"url\":\"https:\\\/\\\/gabitel.net\\\/wp-content\\\/uploads\\\/2023\\\/10\\\/P1-FOTO-DE-INTERIOR-Y-PORTADA-min.jpg\",\"contentUrl\":\"https:\\\/\\\/gabitel.net\\\/wp-content\\\/uploads\\\/2023\\\/10\\\/P1-FOTO-DE-INTERIOR-Y-PORTADA-min.jpg\",\"width\":971,\"height\":434},{\"@type\":\"BreadcrumbList\",\"@id\":\"https:\\\/\\\/gabitel.net\\\/de\\\/nuevos-proyectos-de-plantas-solares-fotovoltaicas-flotantes\\\/#breadcrumb\",\"itemListElement\":[{\"@type\":\"ListItem\",\"position\":1,\"name\":\"Portada\",\"item\":\"https:\\\/\\\/gabitel.net\\\/de\\\/\"},{\"@type\":\"ListItem\",\"position\":2,\"name\":\"Nuevos proyectos de Plantas Solares Fotovoltaicas Flotantes\"}]},{\"@type\":\"WebSite\",\"@id\":\"https:\\\/\\\/gabitel.net\\\/de\\\/#website\",\"url\":\"https:\\\/\\\/gabitel.net\\\/de\\\/\",\"name\":\"Gabitel\",\"description\":\"\",\"publisher\":{\"@id\":\"https:\\\/\\\/gabitel.net\\\/de\\\/#organization\"},\"potentialAction\":[{\"@type\":\"SearchAction\",\"target\":{\"@type\":\"EntryPoint\",\"urlTemplate\":\"https:\\\/\\\/gabitel.net\\\/de\\\/?s={search_term_string}\"},\"query-input\":{\"@type\":\"PropertyValueSpecification\",\"valueRequired\":true,\"valueName\":\"search_term_string\"}}],\"inLanguage\":\"de\"},{\"@type\":\"Organization\",\"@id\":\"https:\\\/\\\/gabitel.net\\\/de\\\/#organization\",\"name\":\"Gabitel\",\"url\":\"https:\\\/\\\/gabitel.net\\\/de\\\/\",\"logo\":{\"@type\":\"ImageObject\",\"inLanguage\":\"de\",\"@id\":\"https:\\\/\\\/gabitel.net\\\/de\\\/#\\\/schema\\\/logo\\\/image\\\/\",\"url\":\"https:\\\/\\\/gabitel.net\\\/wp-content\\\/uploads\\\/2025\\\/05\\\/logo_gabitel.jpg\",\"contentUrl\":\"https:\\\/\\\/gabitel.net\\\/wp-content\\\/uploads\\\/2025\\\/05\\\/logo_gabitel.jpg\",\"width\":2560,\"height\":1330,\"caption\":\"Gabitel\"},\"image\":{\"@id\":\"https:\\\/\\\/gabitel.net\\\/de\\\/#\\\/schema\\\/logo\\\/image\\\/\"},\"sameAs\":[\"https:\\\/\\\/www.facebook.com\\\/gabitelingenieros\\\/\",\"https:\\\/\\\/es.linkedin.com\\\/company\\\/gabitel-ingenieros\"]},{\"@type\":\"Person\",\"@id\":\"https:\\\/\\\/gabitel.net\\\/de\\\/#\\\/schema\\\/person\\\/37ba53714c3fedb9c7d22f4bc781465c\",\"name\":\"user.autor\",\"url\":\"https:\\\/\\\/gabitel.net\\\/de\\\/author\\\/user-autor\\\/\"}]}<\/script>\n<!-- \/ Yoast SEO plugin. -->","yoast_head_json":{"title":"Nuevos proyectos de Plantas Solares Fotovoltaicas Flotantes - Gabitel","robots":{"index":"noindex","follow":"nofollow"},"og_locale":"de_DE","og_type":"article","og_title":"Nuevos proyectos de Plantas Solares Fotovoltaicas Flotantes - Gabitel","og_description":"\u00a1Nuestros proyectos de plantas solares fotovoltaicas flotantes alcanzan el 50% de su construcci\u00f3n! &nbsp; Desde el Departamento de Industria Agroalimentaria y Civil, se est\u00e1n desarrollando nuevos proyectos de plantas solares fotovoltaicas flotante. La primera de ellas est\u00e1 instalada sobre la l\u00e1mina de agua de la balsa del Sector 5 de la Comunidad de Regantes del [&hellip;]","og_url":"https:\/\/gabitel.net\/de\/nuevos-proyectos-de-plantas-solares-fotovoltaicas-flotantes\/","og_site_name":"Gabitel","article_publisher":"https:\/\/www.facebook.com\/gabitelingenieros\/","article_published_time":"2023-10-20T11:00:07+00:00","article_modified_time":"2026-04-17T06:51:05+00:00","og_image":[{"width":971,"height":434,"url":"https:\/\/gabitel.net\/wp-content\/uploads\/2023\/10\/P1-FOTO-DE-INTERIOR-Y-PORTADA-min.jpg","type":"image\/jpeg"}],"author":"user.autor","twitter_card":"summary_large_image","twitter_misc":{"Verfasst von":"user.autor","Gesch\u00e4tzte Lesezeit":"1\u00a0Minute"},"schema":{"@context":"https:\/\/schema.org","@graph":[{"@type":["Article","BlogPosting"],"@id":"https:\/\/gabitel.net\/de\/nuevos-proyectos-de-plantas-solares-fotovoltaicas-flotantes\/#article","isPartOf":{"@id":"https:\/\/gabitel.net\/de\/nuevos-proyectos-de-plantas-solares-fotovoltaicas-flotantes\/"},"author":{"name":"user.autor","@id":"https:\/\/gabitel.net\/de\/#\/schema\/person\/37ba53714c3fedb9c7d22f4bc781465c"},"headline":"Nuevos proyectos de Plantas Solares Fotovoltaicas Flotantes","datePublished":"2023-10-20T11:00:07+00:00","dateModified":"2026-04-17T06:51:05+00:00","mainEntityOfPage":{"@id":"https:\/\/gabitel.net\/de\/nuevos-proyectos-de-plantas-solares-fotovoltaicas-flotantes\/"},"wordCount":158,"publisher":{"@id":"https:\/\/gabitel.net\/de\/#organization"},"image":{"@id":"https:\/\/gabitel.net\/de\/nuevos-proyectos-de-plantas-solares-fotovoltaicas-flotantes\/#primaryimage"},"thumbnailUrl":"https:\/\/gabitel.net\/wp-content\/uploads\/2023\/10\/P1-FOTO-DE-INTERIOR-Y-PORTADA-min.jpg","articleSection":["Off-topic"],"inLanguage":"de"},{"@type":"WebPage","@id":"https:\/\/gabitel.net\/de\/nuevos-proyectos-de-plantas-solares-fotovoltaicas-flotantes\/","url":"https:\/\/gabitel.net\/de\/nuevos-proyectos-de-plantas-solares-fotovoltaicas-flotantes\/","name":"Nuevos proyectos de Plantas Solares Fotovoltaicas Flotantes - Gabitel","isPartOf":{"@id":"https:\/\/gabitel.net\/de\/#website"},"primaryImageOfPage":{"@id":"https:\/\/gabitel.net\/de\/nuevos-proyectos-de-plantas-solares-fotovoltaicas-flotantes\/#primaryimage"},"image":{"@id":"https:\/\/gabitel.net\/de\/nuevos-proyectos-de-plantas-solares-fotovoltaicas-flotantes\/#primaryimage"},"thumbnailUrl":"https:\/\/gabitel.net\/wp-content\/uploads\/2023\/10\/P1-FOTO-DE-INTERIOR-Y-PORTADA-min.jpg","datePublished":"2023-10-20T11:00:07+00:00","dateModified":"2026-04-17T06:51:05+00:00","breadcrumb":{"@id":"https:\/\/gabitel.net\/de\/nuevos-proyectos-de-plantas-solares-fotovoltaicas-flotantes\/#breadcrumb"},"inLanguage":"de","potentialAction":[{"@type":"ReadAction","target":["https:\/\/gabitel.net\/de\/nuevos-proyectos-de-plantas-solares-fotovoltaicas-flotantes\/"]}]},{"@type":"ImageObject","inLanguage":"de","@id":"https:\/\/gabitel.net\/de\/nuevos-proyectos-de-plantas-solares-fotovoltaicas-flotantes\/#primaryimage","url":"https:\/\/gabitel.net\/wp-content\/uploads\/2023\/10\/P1-FOTO-DE-INTERIOR-Y-PORTADA-min.jpg","contentUrl":"https:\/\/gabitel.net\/wp-content\/uploads\/2023\/10\/P1-FOTO-DE-INTERIOR-Y-PORTADA-min.jpg","width":971,"height":434},{"@type":"BreadcrumbList","@id":"https:\/\/gabitel.net\/de\/nuevos-proyectos-de-plantas-solares-fotovoltaicas-flotantes\/#breadcrumb","itemListElement":[{"@type":"ListItem","position":1,"name":"Portada","item":"https:\/\/gabitel.net\/de\/"},{"@type":"ListItem","position":2,"name":"Nuevos proyectos de Plantas Solares Fotovoltaicas Flotantes"}]},{"@type":"WebSite","@id":"https:\/\/gabitel.net\/de\/#website","url":"https:\/\/gabitel.net\/de\/","name":"Gabitel","description":"","publisher":{"@id":"https:\/\/gabitel.net\/de\/#organization"},"potentialAction":[{"@type":"SearchAction","target":{"@type":"EntryPoint","urlTemplate":"https:\/\/gabitel.net\/de\/?s={search_term_string}"},"query-input":{"@type":"PropertyValueSpecification","valueRequired":true,"valueName":"search_term_string"}}],"inLanguage":"de"},{"@type":"Organization","@id":"https:\/\/gabitel.net\/de\/#organization","name":"Gabitel","url":"https:\/\/gabitel.net\/de\/","logo":{"@type":"ImageObject","inLanguage":"de","@id":"https:\/\/gabitel.net\/de\/#\/schema\/logo\/image\/","url":"https:\/\/gabitel.net\/wp-content\/uploads\/2025\/05\/logo_gabitel.jpg","contentUrl":"https:\/\/gabitel.net\/wp-content\/uploads\/2025\/05\/logo_gabitel.jpg","width":2560,"height":1330,"caption":"Gabitel"},"image":{"@id":"https:\/\/gabitel.net\/de\/#\/schema\/logo\/image\/"},"sameAs":["https:\/\/www.facebook.com\/gabitelingenieros\/","https:\/\/es.linkedin.com\/company\/gabitel-ingenieros"]},{"@type":"Person","@id":"https:\/\/gabitel.net\/de\/#\/schema\/person\/37ba53714c3fedb9c7d22f4bc781465c","name":"user.autor","url":"https:\/\/gabitel.net\/de\/author\/user-autor\/"}]}},"_links":{"self":[{"href":"https:\/\/gabitel.net\/de\/wp-json\/wp\/v2\/posts\/32789","targetHints":{"allow":["GET"]}}],"collection":[{"href":"https:\/\/gabitel.net\/de\/wp-json\/wp\/v2\/posts"}],"about":[{"href":"https:\/\/gabitel.net\/de\/wp-json\/wp\/v2\/types\/post"}],"author":[{"embeddable":true,"href":"https:\/\/gabitel.net\/de\/wp-json\/wp\/v2\/users\/3"}],"replies":[{"embeddable":true,"href":"https:\/\/gabitel.net\/de\/wp-json\/wp\/v2\/comments?post=32789"}],"version-history":[{"count":1,"href":"https:\/\/gabitel.net\/de\/wp-json\/wp\/v2\/posts\/32789\/revisions"}],"predecessor-version":[{"id":37412,"href":"https:\/\/gabitel.net\/de\/wp-json\/wp\/v2\/posts\/32789\/revisions\/37412"}],"wp:featuredmedia":[{"embeddable":true,"href":"https:\/\/gabitel.net\/de\/wp-json\/wp\/v2\/media\/35091"}],"wp:attachment":[{"href":"https:\/\/gabitel.net\/de\/wp-json\/wp\/v2\/media?parent=32789"}],"wp:term":[{"taxonomy":"category","embeddable":true,"href":"https:\/\/gabitel.net\/de\/wp-json\/wp\/v2\/categories?post=32789"},{"taxonomy":"post_tag","embeddable":true,"href":"https:\/\/gabitel.net\/de\/wp-json\/wp\/v2\/tags?post=32789"}],"curies":[{"name":"wp","href":"https:\/\/api.w.org\/{rel}","templated":true}]}}