{"id":32794,"date":"2023-10-20T13:00:02","date_gmt":"2023-10-20T11:00:02","guid":{"rendered":"https:\/\/gabitel.net\/asi-fue-nuestro-simulacro-de-incendio-en-las-oficinas-de-huelva\/"},"modified":"2026-04-17T08:51:06","modified_gmt":"2026-04-17T06:51:06","slug":"asi-fue-nuestro-simulacro-de-incendio-en-las-oficinas-de-huelva","status":"publish","type":"post","link":"https:\/\/gabitel.net\/de\/asi-fue-nuestro-simulacro-de-incendio-en-las-oficinas-de-huelva\/","title":{"rendered":"As\u00ed fue nuestro Simulacro de Incendio en las oficinas de Huelva"},"content":{"rendered":"<p>El pasado 7 de septiembre, se realiz\u00f3 un <strong>simulacro de incendio en nuestras oficinas de Huelva<\/strong>, <strong>organizado por nuestra compa\u00f1era, Teresa V\u00e1zquez, T\u00e9cnico de PRL de<\/strong> <strong>Gabitel<\/strong>. Previamente, se realiz\u00f3 una reuni\u00f3n con la direcci\u00f3n, responsables de cada departamento, ubicados en Huelva, y con nuestra t\u00e9cnica de PRL, donde registr\u00f3 nuestro <strong>Plan de Emergencia<\/strong> y program\u00f3 el simulacro de incendios.<\/p>\n<p>El objetivo de hacer este simulacro era determinar el correcto desalojo del edificio por los trabajadores, as\u00ed como una correcta actuaci\u00f3n tanta de ellos como del equipo de evacuaci\u00f3n. Para ello, se elabor\u00f3 un adecuado protocolo de actuaci\u00f3n que comenzaba con la activaci\u00f3n del sistema de alarma general del edificio. Una vez activado el plan los ocupantes del edificio deber\u00edan dirigirse al punto de reuni\u00f3n teniendo en cuenta las consideraciones generales marcadas, que eran, tomar la salida y\/o escalera de evacuaci\u00f3n m\u00e1s cercana, al sonar la alarma, sin correr, sin coger pertenencias y de forma ordenada, quedando, totalmente, prohibido el uso de ascensores. El equipo de evacuaci\u00f3n deb\u00eda de asegurar el correcto estado de desalojo al t\u00e9cnico responsable de actuaci\u00f3n del edificio.<\/p>\n<p>Como resultado de este simulacro, se ha de decir que en el transcurso del desalojo los ocupantes del edificio tuvieron un comportamiento activo y responsable. En general, todos los responsables conoc\u00edan la localizaci\u00f3n del punto de reuni\u00f3n general y el responsable de evacuaci\u00f3n de su planta. La realizaci\u00f3n de este simulacro tuvo una duraci\u00f3n de diez minutos, un tiempo muy satisfactorio.<\/p>\n<p>A continuaci\u00f3n, os dejamos el <strong>Plan de Emergencia en vigencia para la oficina de Huelva<\/strong>, tambi\u00e9n, lo podr\u00e9is encontrar en <strong>\u201c<em>Archivos Vigentes<\/em>\u201d V:\\9.- PLAN PREVENCION DE RIESGOS LABORALES\\2023<\/strong><\/p>\n<p>&nbsp;<\/p>\n<p><a href=\"https:\/\/gabitelingenieros.com\/wp-content\/uploads\/2023\/05\/Foto-Interior-N1.4-PLAN-DE-EMERGENCIA-min-tec.jpg\"><img decoding=\"async\" src=\"https:\/\/gabitelingenieros.com\/wp-content\/uploads\/2023\/05\/Foto-Interior-N1.4-PLAN-DE-EMERGENCIA-min-tec.jpg\" alt=\"As\u00ed fue nuestro | Gabitel Ingenieros\" \/><\/a><\/p>\n<p>&nbsp;<\/p>\n","protected":false},"excerpt":{"rendered":"<p>El pasado 7 de septiembre, se realiz\u00f3 un simulacro de incendio en nuestras oficinas de Huelva, organizado por nuestra compa\u00f1era, Teresa V\u00e1zquez, T\u00e9cnico de PRL de Gabitel. Previamente, se realiz\u00f3 una reuni\u00f3n con la direcci\u00f3n, responsables de cada departamento, ubicados en Huelva, y con nuestra t\u00e9cnica de PRL, donde registr\u00f3 nuestro Plan de Emergencia y [&hellip;]<\/p>\n","protected":false},"author":3,"featured_media":35085,"comment_status":"closed","ping_status":"closed","sticky":false,"template":"","format":"standard","meta":{"content-type":"","footnotes":""},"categories":[600],"tags":[],"class_list":["post-32794","post","type-post","status-publish","format-standard","has-post-thumbnail","hentry","category-off-topic-de"],"yoast_head":"<!-- This site is optimized with the Yoast SEO plugin v27.5 - https:\/\/yoast.com\/product\/yoast-seo-wordpress\/ -->\n<title>As\u00ed fue nuestro Simulacro de Incendio en las oficinas de Huelva - Gabitel<\/title>\n<meta name=\"robots\" content=\"noindex, nofollow\" \/>\n<meta property=\"og:locale\" content=\"de_DE\" \/>\n<meta property=\"og:type\" content=\"article\" \/>\n<meta property=\"og:title\" content=\"As\u00ed fue nuestro Simulacro de Incendio en las oficinas de Huelva - Gabitel\" \/>\n<meta property=\"og:description\" content=\"El pasado 7 de septiembre, se realiz\u00f3 un simulacro de incendio en nuestras oficinas de Huelva, organizado por nuestra compa\u00f1era, Teresa V\u00e1zquez, T\u00e9cnico de PRL de Gabitel. Previamente, se realiz\u00f3 una reuni\u00f3n con la direcci\u00f3n, responsables de cada departamento, ubicados en Huelva, y con nuestra t\u00e9cnica de PRL, donde registr\u00f3 nuestro Plan de Emergencia y [&hellip;]\" \/>\n<meta property=\"og:url\" content=\"https:\/\/gabitel.net\/de\/asi-fue-nuestro-simulacro-de-incendio-en-las-oficinas-de-huelva\/\" \/>\n<meta property=\"og:site_name\" content=\"Gabitel\" \/>\n<meta property=\"article:publisher\" content=\"https:\/\/www.facebook.com\/gabitelingenieros\/\" \/>\n<meta property=\"article:published_time\" content=\"2023-10-20T11:00:02+00:00\" \/>\n<meta property=\"article:modified_time\" content=\"2026-04-17T06:51:06+00:00\" \/>\n<meta property=\"og:image\" content=\"https:\/\/gabitel.net\/wp-content\/uploads\/2023\/10\/FOTO-PORTADA-N1.4-PLAN-DE-EMERGENCIA-min-1.jpg\" \/>\n\t<meta property=\"og:image:width\" content=\"1083\" \/>\n\t<meta property=\"og:image:height\" content=\"609\" \/>\n\t<meta property=\"og:image:type\" content=\"image\/jpeg\" \/>\n<meta name=\"author\" content=\"user.autor\" \/>\n<meta name=\"twitter:card\" content=\"summary_large_image\" \/>\n<meta name=\"twitter:label1\" content=\"Verfasst von\" \/>\n\t<meta name=\"twitter:data1\" content=\"user.autor\" \/>\n\t<meta name=\"twitter:label2\" content=\"Gesch\u00e4tzte Lesezeit\" \/>\n\t<meta name=\"twitter:data2\" content=\"2\u00a0Minuten\" \/>\n<script type=\"application\/ld+json\" class=\"yoast-schema-graph\">{\"@context\":\"https:\\\/\\\/schema.org\",\"@graph\":[{\"@type\":[\"Article\",\"BlogPosting\"],\"@id\":\"https:\\\/\\\/gabitel.net\\\/de\\\/asi-fue-nuestro-simulacro-de-incendio-en-las-oficinas-de-huelva\\\/#article\",\"isPartOf\":{\"@id\":\"https:\\\/\\\/gabitel.net\\\/de\\\/asi-fue-nuestro-simulacro-de-incendio-en-las-oficinas-de-huelva\\\/\"},\"author\":{\"name\":\"user.autor\",\"@id\":\"https:\\\/\\\/gabitel.net\\\/de\\\/#\\\/schema\\\/person\\\/37ba53714c3fedb9c7d22f4bc781465c\"},\"headline\":\"As\u00ed fue nuestro Simulacro de Incendio en las oficinas de Huelva\",\"datePublished\":\"2023-10-20T11:00:02+00:00\",\"dateModified\":\"2026-04-17T06:51:06+00:00\",\"mainEntityOfPage\":{\"@id\":\"https:\\\/\\\/gabitel.net\\\/de\\\/asi-fue-nuestro-simulacro-de-incendio-en-las-oficinas-de-huelva\\\/\"},\"wordCount\":312,\"publisher\":{\"@id\":\"https:\\\/\\\/gabitel.net\\\/de\\\/#organization\"},\"image\":{\"@id\":\"https:\\\/\\\/gabitel.net\\\/de\\\/asi-fue-nuestro-simulacro-de-incendio-en-las-oficinas-de-huelva\\\/#primaryimage\"},\"thumbnailUrl\":\"https:\\\/\\\/gabitel.net\\\/wp-content\\\/uploads\\\/2023\\\/10\\\/FOTO-PORTADA-N1.4-PLAN-DE-EMERGENCIA-min-1.jpg\",\"articleSection\":[\"Off-topic\"],\"inLanguage\":\"de\"},{\"@type\":\"WebPage\",\"@id\":\"https:\\\/\\\/gabitel.net\\\/de\\\/asi-fue-nuestro-simulacro-de-incendio-en-las-oficinas-de-huelva\\\/\",\"url\":\"https:\\\/\\\/gabitel.net\\\/de\\\/asi-fue-nuestro-simulacro-de-incendio-en-las-oficinas-de-huelva\\\/\",\"name\":\"As\u00ed fue nuestro Simulacro de Incendio en las oficinas de Huelva - Gabitel\",\"isPartOf\":{\"@id\":\"https:\\\/\\\/gabitel.net\\\/de\\\/#website\"},\"primaryImageOfPage\":{\"@id\":\"https:\\\/\\\/gabitel.net\\\/de\\\/asi-fue-nuestro-simulacro-de-incendio-en-las-oficinas-de-huelva\\\/#primaryimage\"},\"image\":{\"@id\":\"https:\\\/\\\/gabitel.net\\\/de\\\/asi-fue-nuestro-simulacro-de-incendio-en-las-oficinas-de-huelva\\\/#primaryimage\"},\"thumbnailUrl\":\"https:\\\/\\\/gabitel.net\\\/wp-content\\\/uploads\\\/2023\\\/10\\\/FOTO-PORTADA-N1.4-PLAN-DE-EMERGENCIA-min-1.jpg\",\"datePublished\":\"2023-10-20T11:00:02+00:00\",\"dateModified\":\"2026-04-17T06:51:06+00:00\",\"breadcrumb\":{\"@id\":\"https:\\\/\\\/gabitel.net\\\/de\\\/asi-fue-nuestro-simulacro-de-incendio-en-las-oficinas-de-huelva\\\/#breadcrumb\"},\"inLanguage\":\"de\",\"potentialAction\":[{\"@type\":\"ReadAction\",\"target\":[\"https:\\\/\\\/gabitel.net\\\/de\\\/asi-fue-nuestro-simulacro-de-incendio-en-las-oficinas-de-huelva\\\/\"]}]},{\"@type\":\"ImageObject\",\"inLanguage\":\"de\",\"@id\":\"https:\\\/\\\/gabitel.net\\\/de\\\/asi-fue-nuestro-simulacro-de-incendio-en-las-oficinas-de-huelva\\\/#primaryimage\",\"url\":\"https:\\\/\\\/gabitel.net\\\/wp-content\\\/uploads\\\/2023\\\/10\\\/FOTO-PORTADA-N1.4-PLAN-DE-EMERGENCIA-min-1.jpg\",\"contentUrl\":\"https:\\\/\\\/gabitel.net\\\/wp-content\\\/uploads\\\/2023\\\/10\\\/FOTO-PORTADA-N1.4-PLAN-DE-EMERGENCIA-min-1.jpg\",\"width\":1083,\"height\":609},{\"@type\":\"BreadcrumbList\",\"@id\":\"https:\\\/\\\/gabitel.net\\\/de\\\/asi-fue-nuestro-simulacro-de-incendio-en-las-oficinas-de-huelva\\\/#breadcrumb\",\"itemListElement\":[{\"@type\":\"ListItem\",\"position\":1,\"name\":\"Portada\",\"item\":\"https:\\\/\\\/gabitel.net\\\/de\\\/\"},{\"@type\":\"ListItem\",\"position\":2,\"name\":\"As\u00ed fue nuestro Simulacro de Incendio en las oficinas de Huelva\"}]},{\"@type\":\"WebSite\",\"@id\":\"https:\\\/\\\/gabitel.net\\\/de\\\/#website\",\"url\":\"https:\\\/\\\/gabitel.net\\\/de\\\/\",\"name\":\"Gabitel\",\"description\":\"\",\"publisher\":{\"@id\":\"https:\\\/\\\/gabitel.net\\\/de\\\/#organization\"},\"potentialAction\":[{\"@type\":\"SearchAction\",\"target\":{\"@type\":\"EntryPoint\",\"urlTemplate\":\"https:\\\/\\\/gabitel.net\\\/de\\\/?s={search_term_string}\"},\"query-input\":{\"@type\":\"PropertyValueSpecification\",\"valueRequired\":true,\"valueName\":\"search_term_string\"}}],\"inLanguage\":\"de\"},{\"@type\":\"Organization\",\"@id\":\"https:\\\/\\\/gabitel.net\\\/de\\\/#organization\",\"name\":\"Gabitel\",\"url\":\"https:\\\/\\\/gabitel.net\\\/de\\\/\",\"logo\":{\"@type\":\"ImageObject\",\"inLanguage\":\"de\",\"@id\":\"https:\\\/\\\/gabitel.net\\\/de\\\/#\\\/schema\\\/logo\\\/image\\\/\",\"url\":\"https:\\\/\\\/gabitel.net\\\/wp-content\\\/uploads\\\/2025\\\/05\\\/logo_gabitel.jpg\",\"contentUrl\":\"https:\\\/\\\/gabitel.net\\\/wp-content\\\/uploads\\\/2025\\\/05\\\/logo_gabitel.jpg\",\"width\":2560,\"height\":1330,\"caption\":\"Gabitel\"},\"image\":{\"@id\":\"https:\\\/\\\/gabitel.net\\\/de\\\/#\\\/schema\\\/logo\\\/image\\\/\"},\"sameAs\":[\"https:\\\/\\\/www.facebook.com\\\/gabitelingenieros\\\/\",\"https:\\\/\\\/es.linkedin.com\\\/company\\\/gabitel-ingenieros\"]},{\"@type\":\"Person\",\"@id\":\"https:\\\/\\\/gabitel.net\\\/de\\\/#\\\/schema\\\/person\\\/37ba53714c3fedb9c7d22f4bc781465c\",\"name\":\"user.autor\",\"url\":\"https:\\\/\\\/gabitel.net\\\/de\\\/author\\\/user-autor\\\/\"}]}<\/script>\n<!-- \/ Yoast SEO plugin. -->","yoast_head_json":{"title":"As\u00ed fue nuestro Simulacro de Incendio en las oficinas de Huelva - Gabitel","robots":{"index":"noindex","follow":"nofollow"},"og_locale":"de_DE","og_type":"article","og_title":"As\u00ed fue nuestro Simulacro de Incendio en las oficinas de Huelva - Gabitel","og_description":"El pasado 7 de septiembre, se realiz\u00f3 un simulacro de incendio en nuestras oficinas de Huelva, organizado por nuestra compa\u00f1era, Teresa V\u00e1zquez, T\u00e9cnico de PRL de Gabitel. Previamente, se realiz\u00f3 una reuni\u00f3n con la direcci\u00f3n, responsables de cada departamento, ubicados en Huelva, y con nuestra t\u00e9cnica de PRL, donde registr\u00f3 nuestro Plan de Emergencia y [&hellip;]","og_url":"https:\/\/gabitel.net\/de\/asi-fue-nuestro-simulacro-de-incendio-en-las-oficinas-de-huelva\/","og_site_name":"Gabitel","article_publisher":"https:\/\/www.facebook.com\/gabitelingenieros\/","article_published_time":"2023-10-20T11:00:02+00:00","article_modified_time":"2026-04-17T06:51:06+00:00","og_image":[{"width":1083,"height":609,"url":"https:\/\/gabitel.net\/wp-content\/uploads\/2023\/10\/FOTO-PORTADA-N1.4-PLAN-DE-EMERGENCIA-min-1.jpg","type":"image\/jpeg"}],"author":"user.autor","twitter_card":"summary_large_image","twitter_misc":{"Verfasst von":"user.autor","Gesch\u00e4tzte Lesezeit":"2\u00a0Minuten"},"schema":{"@context":"https:\/\/schema.org","@graph":[{"@type":["Article","BlogPosting"],"@id":"https:\/\/gabitel.net\/de\/asi-fue-nuestro-simulacro-de-incendio-en-las-oficinas-de-huelva\/#article","isPartOf":{"@id":"https:\/\/gabitel.net\/de\/asi-fue-nuestro-simulacro-de-incendio-en-las-oficinas-de-huelva\/"},"author":{"name":"user.autor","@id":"https:\/\/gabitel.net\/de\/#\/schema\/person\/37ba53714c3fedb9c7d22f4bc781465c"},"headline":"As\u00ed fue nuestro Simulacro de Incendio en las oficinas de Huelva","datePublished":"2023-10-20T11:00:02+00:00","dateModified":"2026-04-17T06:51:06+00:00","mainEntityOfPage":{"@id":"https:\/\/gabitel.net\/de\/asi-fue-nuestro-simulacro-de-incendio-en-las-oficinas-de-huelva\/"},"wordCount":312,"publisher":{"@id":"https:\/\/gabitel.net\/de\/#organization"},"image":{"@id":"https:\/\/gabitel.net\/de\/asi-fue-nuestro-simulacro-de-incendio-en-las-oficinas-de-huelva\/#primaryimage"},"thumbnailUrl":"https:\/\/gabitel.net\/wp-content\/uploads\/2023\/10\/FOTO-PORTADA-N1.4-PLAN-DE-EMERGENCIA-min-1.jpg","articleSection":["Off-topic"],"inLanguage":"de"},{"@type":"WebPage","@id":"https:\/\/gabitel.net\/de\/asi-fue-nuestro-simulacro-de-incendio-en-las-oficinas-de-huelva\/","url":"https:\/\/gabitel.net\/de\/asi-fue-nuestro-simulacro-de-incendio-en-las-oficinas-de-huelva\/","name":"As\u00ed fue nuestro Simulacro de Incendio en las oficinas de Huelva - Gabitel","isPartOf":{"@id":"https:\/\/gabitel.net\/de\/#website"},"primaryImageOfPage":{"@id":"https:\/\/gabitel.net\/de\/asi-fue-nuestro-simulacro-de-incendio-en-las-oficinas-de-huelva\/#primaryimage"},"image":{"@id":"https:\/\/gabitel.net\/de\/asi-fue-nuestro-simulacro-de-incendio-en-las-oficinas-de-huelva\/#primaryimage"},"thumbnailUrl":"https:\/\/gabitel.net\/wp-content\/uploads\/2023\/10\/FOTO-PORTADA-N1.4-PLAN-DE-EMERGENCIA-min-1.jpg","datePublished":"2023-10-20T11:00:02+00:00","dateModified":"2026-04-17T06:51:06+00:00","breadcrumb":{"@id":"https:\/\/gabitel.net\/de\/asi-fue-nuestro-simulacro-de-incendio-en-las-oficinas-de-huelva\/#breadcrumb"},"inLanguage":"de","potentialAction":[{"@type":"ReadAction","target":["https:\/\/gabitel.net\/de\/asi-fue-nuestro-simulacro-de-incendio-en-las-oficinas-de-huelva\/"]}]},{"@type":"ImageObject","inLanguage":"de","@id":"https:\/\/gabitel.net\/de\/asi-fue-nuestro-simulacro-de-incendio-en-las-oficinas-de-huelva\/#primaryimage","url":"https:\/\/gabitel.net\/wp-content\/uploads\/2023\/10\/FOTO-PORTADA-N1.4-PLAN-DE-EMERGENCIA-min-1.jpg","contentUrl":"https:\/\/gabitel.net\/wp-content\/uploads\/2023\/10\/FOTO-PORTADA-N1.4-PLAN-DE-EMERGENCIA-min-1.jpg","width":1083,"height":609},{"@type":"BreadcrumbList","@id":"https:\/\/gabitel.net\/de\/asi-fue-nuestro-simulacro-de-incendio-en-las-oficinas-de-huelva\/#breadcrumb","itemListElement":[{"@type":"ListItem","position":1,"name":"Portada","item":"https:\/\/gabitel.net\/de\/"},{"@type":"ListItem","position":2,"name":"As\u00ed fue nuestro Simulacro de Incendio en las oficinas de Huelva"}]},{"@type":"WebSite","@id":"https:\/\/gabitel.net\/de\/#website","url":"https:\/\/gabitel.net\/de\/","name":"Gabitel","description":"","publisher":{"@id":"https:\/\/gabitel.net\/de\/#organization"},"potentialAction":[{"@type":"SearchAction","target":{"@type":"EntryPoint","urlTemplate":"https:\/\/gabitel.net\/de\/?s={search_term_string}"},"query-input":{"@type":"PropertyValueSpecification","valueRequired":true,"valueName":"search_term_string"}}],"inLanguage":"de"},{"@type":"Organization","@id":"https:\/\/gabitel.net\/de\/#organization","name":"Gabitel","url":"https:\/\/gabitel.net\/de\/","logo":{"@type":"ImageObject","inLanguage":"de","@id":"https:\/\/gabitel.net\/de\/#\/schema\/logo\/image\/","url":"https:\/\/gabitel.net\/wp-content\/uploads\/2025\/05\/logo_gabitel.jpg","contentUrl":"https:\/\/gabitel.net\/wp-content\/uploads\/2025\/05\/logo_gabitel.jpg","width":2560,"height":1330,"caption":"Gabitel"},"image":{"@id":"https:\/\/gabitel.net\/de\/#\/schema\/logo\/image\/"},"sameAs":["https:\/\/www.facebook.com\/gabitelingenieros\/","https:\/\/es.linkedin.com\/company\/gabitel-ingenieros"]},{"@type":"Person","@id":"https:\/\/gabitel.net\/de\/#\/schema\/person\/37ba53714c3fedb9c7d22f4bc781465c","name":"user.autor","url":"https:\/\/gabitel.net\/de\/author\/user-autor\/"}]}},"_links":{"self":[{"href":"https:\/\/gabitel.net\/de\/wp-json\/wp\/v2\/posts\/32794","targetHints":{"allow":["GET"]}}],"collection":[{"href":"https:\/\/gabitel.net\/de\/wp-json\/wp\/v2\/posts"}],"about":[{"href":"https:\/\/gabitel.net\/de\/wp-json\/wp\/v2\/types\/post"}],"author":[{"embeddable":true,"href":"https:\/\/gabitel.net\/de\/wp-json\/wp\/v2\/users\/3"}],"replies":[{"embeddable":true,"href":"https:\/\/gabitel.net\/de\/wp-json\/wp\/v2\/comments?post=32794"}],"version-history":[{"count":1,"href":"https:\/\/gabitel.net\/de\/wp-json\/wp\/v2\/posts\/32794\/revisions"}],"predecessor-version":[{"id":37418,"href":"https:\/\/gabitel.net\/de\/wp-json\/wp\/v2\/posts\/32794\/revisions\/37418"}],"wp:featuredmedia":[{"embeddable":true,"href":"https:\/\/gabitel.net\/de\/wp-json\/wp\/v2\/media\/35085"}],"wp:attachment":[{"href":"https:\/\/gabitel.net\/de\/wp-json\/wp\/v2\/media?parent=32794"}],"wp:term":[{"taxonomy":"category","embeddable":true,"href":"https:\/\/gabitel.net\/de\/wp-json\/wp\/v2\/categories?post=32794"},{"taxonomy":"post_tag","embeddable":true,"href":"https:\/\/gabitel.net\/de\/wp-json\/wp\/v2\/tags?post=32794"}],"curies":[{"name":"wp","href":"https:\/\/api.w.org\/{rel}","templated":true}]}}