{"id":32801,"date":"2023-07-28T13:00:07","date_gmt":"2023-07-28T11:00:07","guid":{"rendered":"https:\/\/gabitel.net\/tu-salud-es-lo-primero-alerta-cuidado-con-el-calor-extremo\/"},"modified":"2026-04-17T08:51:07","modified_gmt":"2026-04-17T06:51:07","slug":"tu-salud-es-lo-primero-alerta-cuidado-con-el-calor-extremo","status":"publish","type":"post","link":"https:\/\/gabitel.net\/de\/tu-salud-es-lo-primero-alerta-cuidado-con-el-calor-extremo\/","title":{"rendered":"Tu salud es lo primero: Alerta, cuidado con el calor extremo"},"content":{"rendered":"<p>En lo que llevamos de verano, incluso antes, el calor est\u00e1 siendo m\u00e1s extremo de lo habitual, no salimos de una <strong>ola de calor<\/strong> cuando ya otra nueva se pr\u00f3xima de llegar. Son numerosas regiones las que est\u00e1n la alerta por <strong>temperaturas extremas<\/strong>, tanto en territorio espa\u00f1ol como fuera de nuestras fronteras. Es por ello, por lo que debemos de extremar las <strong>precauciones<\/strong> para as\u00ed evitar <strong><em>golpes de calor<\/em><\/strong> y cuidar nuestra piel de las <strong>quemaduras solares<\/strong>.<\/p>\n<p>Desde el <strong>\u00c1rea de PRL de Gabitel<\/strong> se ha realizado un folleto informativo que nos marca las pautas que debemos incluir en nuestra rutina dentro del trabajo, las cuales son totalmente extensibles a nuestro d\u00eda a d\u00eda, para evitar un posible golpe de calor que compartimos con vosotros.<\/p>\n<p><a href=\"https:\/\/gabitelingenieros.com\/wp-content\/uploads\/2023\/05\/Cuidado-con-el-calor-min.jpg\"><img decoding=\"async\" src=\"https:\/\/gabitelingenieros.com\/wp-content\/uploads\/2023\/05\/Cuidado-con-el-calor-min.jpg\" alt=\"Tu salud es | Gabitel Ingenieros\" \/><\/a><\/p>\n","protected":false},"excerpt":{"rendered":"<p>En lo que llevamos de verano, incluso antes, el calor est\u00e1 siendo m\u00e1s extremo de lo habitual, no salimos de una ola de calor cuando ya otra nueva se pr\u00f3xima de llegar. Son numerosas regiones las que est\u00e1n la alerta por temperaturas extremas, tanto en territorio espa\u00f1ol como fuera de nuestras fronteras. Es por ello, [&hellip;]<\/p>\n","protected":false},"author":3,"featured_media":35031,"comment_status":"closed","ping_status":"closed","sticky":false,"template":"","format":"standard","meta":{"content-type":"","footnotes":""},"categories":[600],"tags":[],"class_list":["post-32801","post","type-post","status-publish","format-standard","has-post-thumbnail","hentry","category-off-topic-de"],"yoast_head":"<!-- This site is optimized with the Yoast SEO plugin v27.5 - https:\/\/yoast.com\/product\/yoast-seo-wordpress\/ -->\n<title>Tu salud es lo primero: Alerta, cuidado con el calor extremo - Gabitel<\/title>\n<meta name=\"robots\" content=\"noindex, nofollow\" \/>\n<meta property=\"og:locale\" content=\"de_DE\" \/>\n<meta property=\"og:type\" content=\"article\" \/>\n<meta property=\"og:title\" content=\"Tu salud es lo primero: Alerta, cuidado con el calor extremo - Gabitel\" \/>\n<meta property=\"og:description\" content=\"En lo que llevamos de verano, incluso antes, el calor est\u00e1 siendo m\u00e1s extremo de lo habitual, no salimos de una ola de calor cuando ya otra nueva se pr\u00f3xima de llegar. Son numerosas regiones las que est\u00e1n la alerta por temperaturas extremas, tanto en territorio espa\u00f1ol como fuera de nuestras fronteras. Es por ello, [&hellip;]\" \/>\n<meta property=\"og:url\" content=\"https:\/\/gabitel.net\/de\/tu-salud-es-lo-primero-alerta-cuidado-con-el-calor-extremo\/\" \/>\n<meta property=\"og:site_name\" content=\"Gabitel\" \/>\n<meta property=\"article:publisher\" content=\"https:\/\/www.facebook.com\/gabitelingenieros\/\" \/>\n<meta property=\"article:published_time\" content=\"2023-07-28T11:00:07+00:00\" \/>\n<meta property=\"article:modified_time\" content=\"2026-04-17T06:51:07+00:00\" \/>\n<meta property=\"og:image\" content=\"https:\/\/gabitel.net\/wp-content\/uploads\/2023\/05\/salud-min.jpg\" \/>\n\t<meta property=\"og:image:width\" content=\"474\" \/>\n\t<meta property=\"og:image:height\" content=\"286\" \/>\n\t<meta property=\"og:image:type\" content=\"image\/jpeg\" \/>\n<meta name=\"author\" content=\"user.autor\" \/>\n<meta name=\"twitter:card\" content=\"summary_large_image\" \/>\n<meta name=\"twitter:label1\" content=\"Verfasst von\" \/>\n\t<meta name=\"twitter:data1\" content=\"user.autor\" \/>\n\t<meta name=\"twitter:label2\" content=\"Gesch\u00e4tzte Lesezeit\" \/>\n\t<meta name=\"twitter:data2\" content=\"1\u00a0Minute\" \/>\n<script type=\"application\/ld+json\" class=\"yoast-schema-graph\">{\"@context\":\"https:\\\/\\\/schema.org\",\"@graph\":[{\"@type\":[\"Article\",\"BlogPosting\"],\"@id\":\"https:\\\/\\\/gabitel.net\\\/de\\\/tu-salud-es-lo-primero-alerta-cuidado-con-el-calor-extremo\\\/#article\",\"isPartOf\":{\"@id\":\"https:\\\/\\\/gabitel.net\\\/de\\\/tu-salud-es-lo-primero-alerta-cuidado-con-el-calor-extremo\\\/\"},\"author\":{\"name\":\"user.autor\",\"@id\":\"https:\\\/\\\/gabitel.net\\\/de\\\/#\\\/schema\\\/person\\\/37ba53714c3fedb9c7d22f4bc781465c\"},\"headline\":\"Tu salud es lo primero: Alerta, cuidado con el calor extremo\",\"datePublished\":\"2023-07-28T11:00:07+00:00\",\"dateModified\":\"2026-04-17T06:51:07+00:00\",\"mainEntityOfPage\":{\"@id\":\"https:\\\/\\\/gabitel.net\\\/de\\\/tu-salud-es-lo-primero-alerta-cuidado-con-el-calor-extremo\\\/\"},\"wordCount\":142,\"publisher\":{\"@id\":\"https:\\\/\\\/gabitel.net\\\/de\\\/#organization\"},\"image\":{\"@id\":\"https:\\\/\\\/gabitel.net\\\/de\\\/tu-salud-es-lo-primero-alerta-cuidado-con-el-calor-extremo\\\/#primaryimage\"},\"thumbnailUrl\":\"https:\\\/\\\/gabitel.net\\\/wp-content\\\/uploads\\\/2023\\\/05\\\/salud-min.jpg\",\"articleSection\":[\"Off-topic\"],\"inLanguage\":\"de\"},{\"@type\":\"WebPage\",\"@id\":\"https:\\\/\\\/gabitel.net\\\/de\\\/tu-salud-es-lo-primero-alerta-cuidado-con-el-calor-extremo\\\/\",\"url\":\"https:\\\/\\\/gabitel.net\\\/de\\\/tu-salud-es-lo-primero-alerta-cuidado-con-el-calor-extremo\\\/\",\"name\":\"Tu salud es lo primero: Alerta, cuidado con el calor extremo - Gabitel\",\"isPartOf\":{\"@id\":\"https:\\\/\\\/gabitel.net\\\/de\\\/#website\"},\"primaryImageOfPage\":{\"@id\":\"https:\\\/\\\/gabitel.net\\\/de\\\/tu-salud-es-lo-primero-alerta-cuidado-con-el-calor-extremo\\\/#primaryimage\"},\"image\":{\"@id\":\"https:\\\/\\\/gabitel.net\\\/de\\\/tu-salud-es-lo-primero-alerta-cuidado-con-el-calor-extremo\\\/#primaryimage\"},\"thumbnailUrl\":\"https:\\\/\\\/gabitel.net\\\/wp-content\\\/uploads\\\/2023\\\/05\\\/salud-min.jpg\",\"datePublished\":\"2023-07-28T11:00:07+00:00\",\"dateModified\":\"2026-04-17T06:51:07+00:00\",\"breadcrumb\":{\"@id\":\"https:\\\/\\\/gabitel.net\\\/de\\\/tu-salud-es-lo-primero-alerta-cuidado-con-el-calor-extremo\\\/#breadcrumb\"},\"inLanguage\":\"de\",\"potentialAction\":[{\"@type\":\"ReadAction\",\"target\":[\"https:\\\/\\\/gabitel.net\\\/de\\\/tu-salud-es-lo-primero-alerta-cuidado-con-el-calor-extremo\\\/\"]}]},{\"@type\":\"ImageObject\",\"inLanguage\":\"de\",\"@id\":\"https:\\\/\\\/gabitel.net\\\/de\\\/tu-salud-es-lo-primero-alerta-cuidado-con-el-calor-extremo\\\/#primaryimage\",\"url\":\"https:\\\/\\\/gabitel.net\\\/wp-content\\\/uploads\\\/2023\\\/05\\\/salud-min.jpg\",\"contentUrl\":\"https:\\\/\\\/gabitel.net\\\/wp-content\\\/uploads\\\/2023\\\/05\\\/salud-min.jpg\",\"width\":474,\"height\":286},{\"@type\":\"BreadcrumbList\",\"@id\":\"https:\\\/\\\/gabitel.net\\\/de\\\/tu-salud-es-lo-primero-alerta-cuidado-con-el-calor-extremo\\\/#breadcrumb\",\"itemListElement\":[{\"@type\":\"ListItem\",\"position\":1,\"name\":\"Portada\",\"item\":\"https:\\\/\\\/gabitel.net\\\/de\\\/\"},{\"@type\":\"ListItem\",\"position\":2,\"name\":\"Tu salud es lo primero: Alerta, cuidado con el calor extremo\"}]},{\"@type\":\"WebSite\",\"@id\":\"https:\\\/\\\/gabitel.net\\\/de\\\/#website\",\"url\":\"https:\\\/\\\/gabitel.net\\\/de\\\/\",\"name\":\"Gabitel\",\"description\":\"\",\"publisher\":{\"@id\":\"https:\\\/\\\/gabitel.net\\\/de\\\/#organization\"},\"potentialAction\":[{\"@type\":\"SearchAction\",\"target\":{\"@type\":\"EntryPoint\",\"urlTemplate\":\"https:\\\/\\\/gabitel.net\\\/de\\\/?s={search_term_string}\"},\"query-input\":{\"@type\":\"PropertyValueSpecification\",\"valueRequired\":true,\"valueName\":\"search_term_string\"}}],\"inLanguage\":\"de\"},{\"@type\":\"Organization\",\"@id\":\"https:\\\/\\\/gabitel.net\\\/de\\\/#organization\",\"name\":\"Gabitel\",\"url\":\"https:\\\/\\\/gabitel.net\\\/de\\\/\",\"logo\":{\"@type\":\"ImageObject\",\"inLanguage\":\"de\",\"@id\":\"https:\\\/\\\/gabitel.net\\\/de\\\/#\\\/schema\\\/logo\\\/image\\\/\",\"url\":\"https:\\\/\\\/gabitel.net\\\/wp-content\\\/uploads\\\/2025\\\/05\\\/logo_gabitel.jpg\",\"contentUrl\":\"https:\\\/\\\/gabitel.net\\\/wp-content\\\/uploads\\\/2025\\\/05\\\/logo_gabitel.jpg\",\"width\":2560,\"height\":1330,\"caption\":\"Gabitel\"},\"image\":{\"@id\":\"https:\\\/\\\/gabitel.net\\\/de\\\/#\\\/schema\\\/logo\\\/image\\\/\"},\"sameAs\":[\"https:\\\/\\\/www.facebook.com\\\/gabitelingenieros\\\/\",\"https:\\\/\\\/es.linkedin.com\\\/company\\\/gabitel-ingenieros\"]},{\"@type\":\"Person\",\"@id\":\"https:\\\/\\\/gabitel.net\\\/de\\\/#\\\/schema\\\/person\\\/37ba53714c3fedb9c7d22f4bc781465c\",\"name\":\"user.autor\",\"url\":\"https:\\\/\\\/gabitel.net\\\/de\\\/author\\\/user-autor\\\/\"}]}<\/script>\n<!-- \/ Yoast SEO plugin. -->","yoast_head_json":{"title":"Tu salud es lo primero: Alerta, cuidado con el calor extremo - Gabitel","robots":{"index":"noindex","follow":"nofollow"},"og_locale":"de_DE","og_type":"article","og_title":"Tu salud es lo primero: Alerta, cuidado con el calor extremo - Gabitel","og_description":"En lo que llevamos de verano, incluso antes, el calor est\u00e1 siendo m\u00e1s extremo de lo habitual, no salimos de una ola de calor cuando ya otra nueva se pr\u00f3xima de llegar. Son numerosas regiones las que est\u00e1n la alerta por temperaturas extremas, tanto en territorio espa\u00f1ol como fuera de nuestras fronteras. Es por ello, [&hellip;]","og_url":"https:\/\/gabitel.net\/de\/tu-salud-es-lo-primero-alerta-cuidado-con-el-calor-extremo\/","og_site_name":"Gabitel","article_publisher":"https:\/\/www.facebook.com\/gabitelingenieros\/","article_published_time":"2023-07-28T11:00:07+00:00","article_modified_time":"2026-04-17T06:51:07+00:00","og_image":[{"width":474,"height":286,"url":"https:\/\/gabitel.net\/wp-content\/uploads\/2023\/05\/salud-min.jpg","type":"image\/jpeg"}],"author":"user.autor","twitter_card":"summary_large_image","twitter_misc":{"Verfasst von":"user.autor","Gesch\u00e4tzte Lesezeit":"1\u00a0Minute"},"schema":{"@context":"https:\/\/schema.org","@graph":[{"@type":["Article","BlogPosting"],"@id":"https:\/\/gabitel.net\/de\/tu-salud-es-lo-primero-alerta-cuidado-con-el-calor-extremo\/#article","isPartOf":{"@id":"https:\/\/gabitel.net\/de\/tu-salud-es-lo-primero-alerta-cuidado-con-el-calor-extremo\/"},"author":{"name":"user.autor","@id":"https:\/\/gabitel.net\/de\/#\/schema\/person\/37ba53714c3fedb9c7d22f4bc781465c"},"headline":"Tu salud es lo primero: Alerta, cuidado con el calor extremo","datePublished":"2023-07-28T11:00:07+00:00","dateModified":"2026-04-17T06:51:07+00:00","mainEntityOfPage":{"@id":"https:\/\/gabitel.net\/de\/tu-salud-es-lo-primero-alerta-cuidado-con-el-calor-extremo\/"},"wordCount":142,"publisher":{"@id":"https:\/\/gabitel.net\/de\/#organization"},"image":{"@id":"https:\/\/gabitel.net\/de\/tu-salud-es-lo-primero-alerta-cuidado-con-el-calor-extremo\/#primaryimage"},"thumbnailUrl":"https:\/\/gabitel.net\/wp-content\/uploads\/2023\/05\/salud-min.jpg","articleSection":["Off-topic"],"inLanguage":"de"},{"@type":"WebPage","@id":"https:\/\/gabitel.net\/de\/tu-salud-es-lo-primero-alerta-cuidado-con-el-calor-extremo\/","url":"https:\/\/gabitel.net\/de\/tu-salud-es-lo-primero-alerta-cuidado-con-el-calor-extremo\/","name":"Tu salud es lo primero: Alerta, cuidado con el calor extremo - Gabitel","isPartOf":{"@id":"https:\/\/gabitel.net\/de\/#website"},"primaryImageOfPage":{"@id":"https:\/\/gabitel.net\/de\/tu-salud-es-lo-primero-alerta-cuidado-con-el-calor-extremo\/#primaryimage"},"image":{"@id":"https:\/\/gabitel.net\/de\/tu-salud-es-lo-primero-alerta-cuidado-con-el-calor-extremo\/#primaryimage"},"thumbnailUrl":"https:\/\/gabitel.net\/wp-content\/uploads\/2023\/05\/salud-min.jpg","datePublished":"2023-07-28T11:00:07+00:00","dateModified":"2026-04-17T06:51:07+00:00","breadcrumb":{"@id":"https:\/\/gabitel.net\/de\/tu-salud-es-lo-primero-alerta-cuidado-con-el-calor-extremo\/#breadcrumb"},"inLanguage":"de","potentialAction":[{"@type":"ReadAction","target":["https:\/\/gabitel.net\/de\/tu-salud-es-lo-primero-alerta-cuidado-con-el-calor-extremo\/"]}]},{"@type":"ImageObject","inLanguage":"de","@id":"https:\/\/gabitel.net\/de\/tu-salud-es-lo-primero-alerta-cuidado-con-el-calor-extremo\/#primaryimage","url":"https:\/\/gabitel.net\/wp-content\/uploads\/2023\/05\/salud-min.jpg","contentUrl":"https:\/\/gabitel.net\/wp-content\/uploads\/2023\/05\/salud-min.jpg","width":474,"height":286},{"@type":"BreadcrumbList","@id":"https:\/\/gabitel.net\/de\/tu-salud-es-lo-primero-alerta-cuidado-con-el-calor-extremo\/#breadcrumb","itemListElement":[{"@type":"ListItem","position":1,"name":"Portada","item":"https:\/\/gabitel.net\/de\/"},{"@type":"ListItem","position":2,"name":"Tu salud es lo primero: Alerta, cuidado con el calor extremo"}]},{"@type":"WebSite","@id":"https:\/\/gabitel.net\/de\/#website","url":"https:\/\/gabitel.net\/de\/","name":"Gabitel","description":"","publisher":{"@id":"https:\/\/gabitel.net\/de\/#organization"},"potentialAction":[{"@type":"SearchAction","target":{"@type":"EntryPoint","urlTemplate":"https:\/\/gabitel.net\/de\/?s={search_term_string}"},"query-input":{"@type":"PropertyValueSpecification","valueRequired":true,"valueName":"search_term_string"}}],"inLanguage":"de"},{"@type":"Organization","@id":"https:\/\/gabitel.net\/de\/#organization","name":"Gabitel","url":"https:\/\/gabitel.net\/de\/","logo":{"@type":"ImageObject","inLanguage":"de","@id":"https:\/\/gabitel.net\/de\/#\/schema\/logo\/image\/","url":"https:\/\/gabitel.net\/wp-content\/uploads\/2025\/05\/logo_gabitel.jpg","contentUrl":"https:\/\/gabitel.net\/wp-content\/uploads\/2025\/05\/logo_gabitel.jpg","width":2560,"height":1330,"caption":"Gabitel"},"image":{"@id":"https:\/\/gabitel.net\/de\/#\/schema\/logo\/image\/"},"sameAs":["https:\/\/www.facebook.com\/gabitelingenieros\/","https:\/\/es.linkedin.com\/company\/gabitel-ingenieros"]},{"@type":"Person","@id":"https:\/\/gabitel.net\/de\/#\/schema\/person\/37ba53714c3fedb9c7d22f4bc781465c","name":"user.autor","url":"https:\/\/gabitel.net\/de\/author\/user-autor\/"}]}},"_links":{"self":[{"href":"https:\/\/gabitel.net\/de\/wp-json\/wp\/v2\/posts\/32801","targetHints":{"allow":["GET"]}}],"collection":[{"href":"https:\/\/gabitel.net\/de\/wp-json\/wp\/v2\/posts"}],"about":[{"href":"https:\/\/gabitel.net\/de\/wp-json\/wp\/v2\/types\/post"}],"author":[{"embeddable":true,"href":"https:\/\/gabitel.net\/de\/wp-json\/wp\/v2\/users\/3"}],"replies":[{"embeddable":true,"href":"https:\/\/gabitel.net\/de\/wp-json\/wp\/v2\/comments?post=32801"}],"version-history":[{"count":1,"href":"https:\/\/gabitel.net\/de\/wp-json\/wp\/v2\/posts\/32801\/revisions"}],"predecessor-version":[{"id":37366,"href":"https:\/\/gabitel.net\/de\/wp-json\/wp\/v2\/posts\/32801\/revisions\/37366"}],"wp:featuredmedia":[{"embeddable":true,"href":"https:\/\/gabitel.net\/de\/wp-json\/wp\/v2\/media\/35031"}],"wp:attachment":[{"href":"https:\/\/gabitel.net\/de\/wp-json\/wp\/v2\/media?parent=32801"}],"wp:term":[{"taxonomy":"category","embeddable":true,"href":"https:\/\/gabitel.net\/de\/wp-json\/wp\/v2\/categories?post=32801"},{"taxonomy":"post_tag","embeddable":true,"href":"https:\/\/gabitel.net\/de\/wp-json\/wp\/v2\/tags?post=32801"}],"curies":[{"name":"wp","href":"https:\/\/api.w.org\/{rel}","templated":true}]}}