{"id":32803,"date":"2023-07-28T13:00:07","date_gmt":"2023-07-28T11:00:07","guid":{"rendered":"https:\/\/gabitel.net\/ganadores-del-2-concurso-de-fotografia-de-gabitel\/"},"modified":"2026-04-17T08:51:07","modified_gmt":"2026-04-17T06:51:07","slug":"ganadores-del-2-concurso-de-fotografia-de-gabitel","status":"publish","type":"post","link":"https:\/\/gabitel.net\/de\/ganadores-del-2-concurso-de-fotografia-de-gabitel\/","title":{"rendered":"Ganadores del II concurso de fotograf\u00eda de Gabitel"},"content":{"rendered":"<p><em>\u00a1\u00a1Ya tenemos ganadores de nuestro II concurso de fotograf\u00eda de Gabitel!!<\/em><\/p>\n<p><em>\u00a0<\/em>Antes que nada, agradecer la participaci\u00f3n de todos los compa\u00f1eros que hab\u00e9is colaborado, una vez m\u00e1s, se ha demostrado vuestra creatividad y don art\u00edstico, captando momentos tan \u00fanicos, reales y significativos que no solo son un fiel reflejo del gran trabajo que realiz\u00e1is sino, tambi\u00e9n, del sentido de pertenencia que ten\u00e9is hac\u00eda vuestra empresa. Gracias.<\/p>\n<p>El primer puesto de nuestro II Concurso de fotograf\u00eda ha sido para nuestro compa\u00f1ero <strong><em>Javier \u00c1lvarez<\/em><\/strong><\/p>\n<p style=\"text-align: center;\"><a href=\"https:\/\/gabitelingenieros.com\/wp-content\/uploads\/2023\/05\/FOTOGRAFIA-5-min.jpg\"><img decoding=\"async\" src=\"https:\/\/gabitelingenieros.com\/wp-content\/uploads\/2023\/05\/FOTOGRAFIA-5-min.jpg\" alt=\"Ganadores del II | Gabitel Ingenieros\" \/><\/a><strong>PRIMER PREMIO<\/strong><\/p>\n<p>Y, el segundo y tercer premio han venido de la c\u00e1mara del mismo autor, nuestro compa\u00f1ero <strong><em>Manolo Bravo<\/em><\/strong>.<\/p>\n<p style=\"text-align: center;\"><a href=\"https:\/\/gabitelingenieros.com\/wp-content\/uploads\/2023\/05\/FOTO-1-min-1.jpg\"><img decoding=\"async\" src=\"https:\/\/gabitelingenieros.com\/wp-content\/uploads\/2023\/05\/FOTO-1-min-1.jpg\" alt=\"Ganadores del II | Gabitel Ingenieros\" \/><\/a><strong>SEGUNDO PREMIO<\/strong><\/p>\n<p style=\"text-align: center;\"><a href=\"https:\/\/gabitelingenieros.com\/wp-content\/uploads\/2023\/05\/FOTO-2-min-1.jpg\"><img decoding=\"async\" src=\"https:\/\/gabitelingenieros.com\/wp-content\/uploads\/2023\/05\/FOTO-2-min-1.jpg\" alt=\"Ganadores del II | Gabitel Ingenieros\" \/><\/a><strong>TERCER PREMIO<\/strong><\/p>\n<p>&nbsp;<\/p>\n<p>&nbsp;<\/p>\n","protected":false},"excerpt":{"rendered":"<p>\u00a1\u00a1Ya tenemos ganadores de nuestro II concurso de fotograf\u00eda de Gabitel!! \u00a0Antes que nada, agradecer la participaci\u00f3n de todos los compa\u00f1eros que hab\u00e9is colaborado, una vez m\u00e1s, se ha demostrado vuestra creatividad y don art\u00edstico, captando momentos tan \u00fanicos, reales y significativos que no solo son un fiel reflejo del gran trabajo que realiz\u00e1is sino, [&hellip;]<\/p>\n","protected":false},"author":3,"featured_media":35035,"comment_status":"closed","ping_status":"closed","sticky":false,"template":"","format":"standard","meta":{"content-type":"","footnotes":""},"categories":[600],"tags":[],"class_list":["post-32803","post","type-post","status-publish","format-standard","has-post-thumbnail","hentry","category-off-topic-de"],"yoast_head":"<!-- This site is optimized with the Yoast SEO plugin v27.5 - https:\/\/yoast.com\/product\/yoast-seo-wordpress\/ -->\n<title>Ganadores del II concurso de fotograf\u00eda de Gabitel - Gabitel<\/title>\n<meta name=\"robots\" content=\"noindex, nofollow\" \/>\n<meta property=\"og:locale\" content=\"de_DE\" \/>\n<meta property=\"og:type\" content=\"article\" \/>\n<meta property=\"og:title\" content=\"Ganadores del II concurso de fotograf\u00eda de Gabitel - Gabitel\" \/>\n<meta property=\"og:description\" content=\"\u00a1\u00a1Ya tenemos ganadores de nuestro II concurso de fotograf\u00eda de Gabitel!! \u00a0Antes que nada, agradecer la participaci\u00f3n de todos los compa\u00f1eros que hab\u00e9is colaborado, una vez m\u00e1s, se ha demostrado vuestra creatividad y don art\u00edstico, captando momentos tan \u00fanicos, reales y significativos que no solo son un fiel reflejo del gran trabajo que realiz\u00e1is sino, [&hellip;]\" \/>\n<meta property=\"og:url\" content=\"https:\/\/gabitel.net\/de\/ganadores-del-2-concurso-de-fotografia-de-gabitel\/\" \/>\n<meta property=\"og:site_name\" content=\"Gabitel\" \/>\n<meta property=\"article:publisher\" content=\"https:\/\/www.facebook.com\/gabitelingenieros\/\" \/>\n<meta property=\"article:published_time\" content=\"2023-07-28T11:00:07+00:00\" \/>\n<meta property=\"article:modified_time\" content=\"2026-04-17T06:51:07+00:00\" \/>\n<meta property=\"og:image\" content=\"https:\/\/gabitel.net\/wp-content\/uploads\/2023\/05\/FOTOGRAFIA-5-min.jpg\" \/>\n\t<meta property=\"og:image:width\" content=\"1019\" \/>\n\t<meta property=\"og:image:height\" content=\"541\" \/>\n\t<meta property=\"og:image:type\" content=\"image\/jpeg\" \/>\n<meta name=\"author\" content=\"user.autor\" \/>\n<meta name=\"twitter:card\" content=\"summary_large_image\" \/>\n<meta name=\"twitter:label1\" content=\"Verfasst von\" \/>\n\t<meta name=\"twitter:data1\" content=\"user.autor\" \/>\n\t<meta name=\"twitter:label2\" content=\"Gesch\u00e4tzte Lesezeit\" \/>\n\t<meta name=\"twitter:data2\" content=\"1\u00a0Minute\" \/>\n<script type=\"application\/ld+json\" class=\"yoast-schema-graph\">{\"@context\":\"https:\\\/\\\/schema.org\",\"@graph\":[{\"@type\":[\"Article\",\"BlogPosting\"],\"@id\":\"https:\\\/\\\/gabitel.net\\\/de\\\/ganadores-del-2-concurso-de-fotografia-de-gabitel\\\/#article\",\"isPartOf\":{\"@id\":\"https:\\\/\\\/gabitel.net\\\/de\\\/ganadores-del-2-concurso-de-fotografia-de-gabitel\\\/\"},\"author\":{\"name\":\"user.autor\",\"@id\":\"https:\\\/\\\/gabitel.net\\\/de\\\/#\\\/schema\\\/person\\\/37ba53714c3fedb9c7d22f4bc781465c\"},\"headline\":\"Ganadores del II concurso de fotograf\u00eda de Gabitel\",\"datePublished\":\"2023-07-28T11:00:07+00:00\",\"dateModified\":\"2026-04-17T06:51:07+00:00\",\"mainEntityOfPage\":{\"@id\":\"https:\\\/\\\/gabitel.net\\\/de\\\/ganadores-del-2-concurso-de-fotografia-de-gabitel\\\/\"},\"wordCount\":131,\"publisher\":{\"@id\":\"https:\\\/\\\/gabitel.net\\\/de\\\/#organization\"},\"image\":{\"@id\":\"https:\\\/\\\/gabitel.net\\\/de\\\/ganadores-del-2-concurso-de-fotografia-de-gabitel\\\/#primaryimage\"},\"thumbnailUrl\":\"https:\\\/\\\/gabitel.net\\\/wp-content\\\/uploads\\\/2023\\\/05\\\/FOTOGRAFIA-5-min.jpg\",\"articleSection\":[\"Off-topic\"],\"inLanguage\":\"de\"},{\"@type\":\"WebPage\",\"@id\":\"https:\\\/\\\/gabitel.net\\\/de\\\/ganadores-del-2-concurso-de-fotografia-de-gabitel\\\/\",\"url\":\"https:\\\/\\\/gabitel.net\\\/de\\\/ganadores-del-2-concurso-de-fotografia-de-gabitel\\\/\",\"name\":\"Ganadores del II concurso de fotograf\u00eda de Gabitel - Gabitel\",\"isPartOf\":{\"@id\":\"https:\\\/\\\/gabitel.net\\\/de\\\/#website\"},\"primaryImageOfPage\":{\"@id\":\"https:\\\/\\\/gabitel.net\\\/de\\\/ganadores-del-2-concurso-de-fotografia-de-gabitel\\\/#primaryimage\"},\"image\":{\"@id\":\"https:\\\/\\\/gabitel.net\\\/de\\\/ganadores-del-2-concurso-de-fotografia-de-gabitel\\\/#primaryimage\"},\"thumbnailUrl\":\"https:\\\/\\\/gabitel.net\\\/wp-content\\\/uploads\\\/2023\\\/05\\\/FOTOGRAFIA-5-min.jpg\",\"datePublished\":\"2023-07-28T11:00:07+00:00\",\"dateModified\":\"2026-04-17T06:51:07+00:00\",\"breadcrumb\":{\"@id\":\"https:\\\/\\\/gabitel.net\\\/de\\\/ganadores-del-2-concurso-de-fotografia-de-gabitel\\\/#breadcrumb\"},\"inLanguage\":\"de\",\"potentialAction\":[{\"@type\":\"ReadAction\",\"target\":[\"https:\\\/\\\/gabitel.net\\\/de\\\/ganadores-del-2-concurso-de-fotografia-de-gabitel\\\/\"]}]},{\"@type\":\"ImageObject\",\"inLanguage\":\"de\",\"@id\":\"https:\\\/\\\/gabitel.net\\\/de\\\/ganadores-del-2-concurso-de-fotografia-de-gabitel\\\/#primaryimage\",\"url\":\"https:\\\/\\\/gabitel.net\\\/wp-content\\\/uploads\\\/2023\\\/05\\\/FOTOGRAFIA-5-min.jpg\",\"contentUrl\":\"https:\\\/\\\/gabitel.net\\\/wp-content\\\/uploads\\\/2023\\\/05\\\/FOTOGRAFIA-5-min.jpg\",\"width\":1019,\"height\":541},{\"@type\":\"BreadcrumbList\",\"@id\":\"https:\\\/\\\/gabitel.net\\\/de\\\/ganadores-del-2-concurso-de-fotografia-de-gabitel\\\/#breadcrumb\",\"itemListElement\":[{\"@type\":\"ListItem\",\"position\":1,\"name\":\"Portada\",\"item\":\"https:\\\/\\\/gabitel.net\\\/de\\\/\"},{\"@type\":\"ListItem\",\"position\":2,\"name\":\"Ganadores del II concurso de fotograf\u00eda de Gabitel\"}]},{\"@type\":\"WebSite\",\"@id\":\"https:\\\/\\\/gabitel.net\\\/de\\\/#website\",\"url\":\"https:\\\/\\\/gabitel.net\\\/de\\\/\",\"name\":\"Gabitel\",\"description\":\"\",\"publisher\":{\"@id\":\"https:\\\/\\\/gabitel.net\\\/de\\\/#organization\"},\"potentialAction\":[{\"@type\":\"SearchAction\",\"target\":{\"@type\":\"EntryPoint\",\"urlTemplate\":\"https:\\\/\\\/gabitel.net\\\/de\\\/?s={search_term_string}\"},\"query-input\":{\"@type\":\"PropertyValueSpecification\",\"valueRequired\":true,\"valueName\":\"search_term_string\"}}],\"inLanguage\":\"de\"},{\"@type\":\"Organization\",\"@id\":\"https:\\\/\\\/gabitel.net\\\/de\\\/#organization\",\"name\":\"Gabitel\",\"url\":\"https:\\\/\\\/gabitel.net\\\/de\\\/\",\"logo\":{\"@type\":\"ImageObject\",\"inLanguage\":\"de\",\"@id\":\"https:\\\/\\\/gabitel.net\\\/de\\\/#\\\/schema\\\/logo\\\/image\\\/\",\"url\":\"https:\\\/\\\/gabitel.net\\\/wp-content\\\/uploads\\\/2025\\\/05\\\/logo_gabitel.jpg\",\"contentUrl\":\"https:\\\/\\\/gabitel.net\\\/wp-content\\\/uploads\\\/2025\\\/05\\\/logo_gabitel.jpg\",\"width\":2560,\"height\":1330,\"caption\":\"Gabitel\"},\"image\":{\"@id\":\"https:\\\/\\\/gabitel.net\\\/de\\\/#\\\/schema\\\/logo\\\/image\\\/\"},\"sameAs\":[\"https:\\\/\\\/www.facebook.com\\\/gabitelingenieros\\\/\",\"https:\\\/\\\/es.linkedin.com\\\/company\\\/gabitel-ingenieros\"]},{\"@type\":\"Person\",\"@id\":\"https:\\\/\\\/gabitel.net\\\/de\\\/#\\\/schema\\\/person\\\/37ba53714c3fedb9c7d22f4bc781465c\",\"name\":\"user.autor\",\"url\":\"https:\\\/\\\/gabitel.net\\\/de\\\/author\\\/user-autor\\\/\"}]}<\/script>\n<!-- \/ Yoast SEO plugin. -->","yoast_head_json":{"title":"Ganadores del II concurso de fotograf\u00eda de Gabitel - Gabitel","robots":{"index":"noindex","follow":"nofollow"},"og_locale":"de_DE","og_type":"article","og_title":"Ganadores del II concurso de fotograf\u00eda de Gabitel - Gabitel","og_description":"\u00a1\u00a1Ya tenemos ganadores de nuestro II concurso de fotograf\u00eda de Gabitel!! \u00a0Antes que nada, agradecer la participaci\u00f3n de todos los compa\u00f1eros que hab\u00e9is colaborado, una vez m\u00e1s, se ha demostrado vuestra creatividad y don art\u00edstico, captando momentos tan \u00fanicos, reales y significativos que no solo son un fiel reflejo del gran trabajo que realiz\u00e1is sino, [&hellip;]","og_url":"https:\/\/gabitel.net\/de\/ganadores-del-2-concurso-de-fotografia-de-gabitel\/","og_site_name":"Gabitel","article_publisher":"https:\/\/www.facebook.com\/gabitelingenieros\/","article_published_time":"2023-07-28T11:00:07+00:00","article_modified_time":"2026-04-17T06:51:07+00:00","og_image":[{"width":1019,"height":541,"url":"https:\/\/gabitel.net\/wp-content\/uploads\/2023\/05\/FOTOGRAFIA-5-min.jpg","type":"image\/jpeg"}],"author":"user.autor","twitter_card":"summary_large_image","twitter_misc":{"Verfasst von":"user.autor","Gesch\u00e4tzte Lesezeit":"1\u00a0Minute"},"schema":{"@context":"https:\/\/schema.org","@graph":[{"@type":["Article","BlogPosting"],"@id":"https:\/\/gabitel.net\/de\/ganadores-del-2-concurso-de-fotografia-de-gabitel\/#article","isPartOf":{"@id":"https:\/\/gabitel.net\/de\/ganadores-del-2-concurso-de-fotografia-de-gabitel\/"},"author":{"name":"user.autor","@id":"https:\/\/gabitel.net\/de\/#\/schema\/person\/37ba53714c3fedb9c7d22f4bc781465c"},"headline":"Ganadores del II concurso de fotograf\u00eda de Gabitel","datePublished":"2023-07-28T11:00:07+00:00","dateModified":"2026-04-17T06:51:07+00:00","mainEntityOfPage":{"@id":"https:\/\/gabitel.net\/de\/ganadores-del-2-concurso-de-fotografia-de-gabitel\/"},"wordCount":131,"publisher":{"@id":"https:\/\/gabitel.net\/de\/#organization"},"image":{"@id":"https:\/\/gabitel.net\/de\/ganadores-del-2-concurso-de-fotografia-de-gabitel\/#primaryimage"},"thumbnailUrl":"https:\/\/gabitel.net\/wp-content\/uploads\/2023\/05\/FOTOGRAFIA-5-min.jpg","articleSection":["Off-topic"],"inLanguage":"de"},{"@type":"WebPage","@id":"https:\/\/gabitel.net\/de\/ganadores-del-2-concurso-de-fotografia-de-gabitel\/","url":"https:\/\/gabitel.net\/de\/ganadores-del-2-concurso-de-fotografia-de-gabitel\/","name":"Ganadores del II concurso de fotograf\u00eda de Gabitel - Gabitel","isPartOf":{"@id":"https:\/\/gabitel.net\/de\/#website"},"primaryImageOfPage":{"@id":"https:\/\/gabitel.net\/de\/ganadores-del-2-concurso-de-fotografia-de-gabitel\/#primaryimage"},"image":{"@id":"https:\/\/gabitel.net\/de\/ganadores-del-2-concurso-de-fotografia-de-gabitel\/#primaryimage"},"thumbnailUrl":"https:\/\/gabitel.net\/wp-content\/uploads\/2023\/05\/FOTOGRAFIA-5-min.jpg","datePublished":"2023-07-28T11:00:07+00:00","dateModified":"2026-04-17T06:51:07+00:00","breadcrumb":{"@id":"https:\/\/gabitel.net\/de\/ganadores-del-2-concurso-de-fotografia-de-gabitel\/#breadcrumb"},"inLanguage":"de","potentialAction":[{"@type":"ReadAction","target":["https:\/\/gabitel.net\/de\/ganadores-del-2-concurso-de-fotografia-de-gabitel\/"]}]},{"@type":"ImageObject","inLanguage":"de","@id":"https:\/\/gabitel.net\/de\/ganadores-del-2-concurso-de-fotografia-de-gabitel\/#primaryimage","url":"https:\/\/gabitel.net\/wp-content\/uploads\/2023\/05\/FOTOGRAFIA-5-min.jpg","contentUrl":"https:\/\/gabitel.net\/wp-content\/uploads\/2023\/05\/FOTOGRAFIA-5-min.jpg","width":1019,"height":541},{"@type":"BreadcrumbList","@id":"https:\/\/gabitel.net\/de\/ganadores-del-2-concurso-de-fotografia-de-gabitel\/#breadcrumb","itemListElement":[{"@type":"ListItem","position":1,"name":"Portada","item":"https:\/\/gabitel.net\/de\/"},{"@type":"ListItem","position":2,"name":"Ganadores del II concurso de fotograf\u00eda de Gabitel"}]},{"@type":"WebSite","@id":"https:\/\/gabitel.net\/de\/#website","url":"https:\/\/gabitel.net\/de\/","name":"Gabitel","description":"","publisher":{"@id":"https:\/\/gabitel.net\/de\/#organization"},"potentialAction":[{"@type":"SearchAction","target":{"@type":"EntryPoint","urlTemplate":"https:\/\/gabitel.net\/de\/?s={search_term_string}"},"query-input":{"@type":"PropertyValueSpecification","valueRequired":true,"valueName":"search_term_string"}}],"inLanguage":"de"},{"@type":"Organization","@id":"https:\/\/gabitel.net\/de\/#organization","name":"Gabitel","url":"https:\/\/gabitel.net\/de\/","logo":{"@type":"ImageObject","inLanguage":"de","@id":"https:\/\/gabitel.net\/de\/#\/schema\/logo\/image\/","url":"https:\/\/gabitel.net\/wp-content\/uploads\/2025\/05\/logo_gabitel.jpg","contentUrl":"https:\/\/gabitel.net\/wp-content\/uploads\/2025\/05\/logo_gabitel.jpg","width":2560,"height":1330,"caption":"Gabitel"},"image":{"@id":"https:\/\/gabitel.net\/de\/#\/schema\/logo\/image\/"},"sameAs":["https:\/\/www.facebook.com\/gabitelingenieros\/","https:\/\/es.linkedin.com\/company\/gabitel-ingenieros"]},{"@type":"Person","@id":"https:\/\/gabitel.net\/de\/#\/schema\/person\/37ba53714c3fedb9c7d22f4bc781465c","name":"user.autor","url":"https:\/\/gabitel.net\/de\/author\/user-autor\/"}]}},"_links":{"self":[{"href":"https:\/\/gabitel.net\/de\/wp-json\/wp\/v2\/posts\/32803","targetHints":{"allow":["GET"]}}],"collection":[{"href":"https:\/\/gabitel.net\/de\/wp-json\/wp\/v2\/posts"}],"about":[{"href":"https:\/\/gabitel.net\/de\/wp-json\/wp\/v2\/types\/post"}],"author":[{"embeddable":true,"href":"https:\/\/gabitel.net\/de\/wp-json\/wp\/v2\/users\/3"}],"replies":[{"embeddable":true,"href":"https:\/\/gabitel.net\/de\/wp-json\/wp\/v2\/comments?post=32803"}],"version-history":[{"count":1,"href":"https:\/\/gabitel.net\/de\/wp-json\/wp\/v2\/posts\/32803\/revisions"}],"predecessor-version":[{"id":37369,"href":"https:\/\/gabitel.net\/de\/wp-json\/wp\/v2\/posts\/32803\/revisions\/37369"}],"wp:featuredmedia":[{"embeddable":true,"href":"https:\/\/gabitel.net\/de\/wp-json\/wp\/v2\/media\/35035"}],"wp:attachment":[{"href":"https:\/\/gabitel.net\/de\/wp-json\/wp\/v2\/media?parent=32803"}],"wp:term":[{"taxonomy":"category","embeddable":true,"href":"https:\/\/gabitel.net\/de\/wp-json\/wp\/v2\/categories?post=32803"},{"taxonomy":"post_tag","embeddable":true,"href":"https:\/\/gabitel.net\/de\/wp-json\/wp\/v2\/tags?post=32803"}],"curies":[{"name":"wp","href":"https:\/\/api.w.org\/{rel}","templated":true}]}}