{"id":32813,"date":"2023-05-29T13:00:07","date_gmt":"2023-05-29T11:00:07","guid":{"rendered":"https:\/\/gabitel.net\/ii-concurso-de-fotografia-gabitel-2\/"},"modified":"2026-04-17T08:51:09","modified_gmt":"2026-04-17T06:51:09","slug":"ii-concurso-de-fotografia-gabitel-2","status":"publish","type":"post","link":"https:\/\/gabitel.net\/de\/ii-concurso-de-fotografia-gabitel-2\/","title":{"rendered":"II Concurso de Fotograf\u00eda de Gabitel"},"content":{"rendered":"<p>Ya nos van llegando algunas de vuestras fotograf\u00edas, las cuales, queremos compartir con todo el equipo, incluyendo el robado de nuestra querida compa\u00f1era Lola del Pozo, guap\u00edsima &#x1f60a;<\/p>\n<p><img decoding=\"async\" src=\"https:\/\/gabitelingenieros.com\/wp-content\/uploads\/2023\/05\/FOTO-1-min.jpg\" alt=\"II Concurso de | Gabitel Ingenieros\" \/><\/p>\n<p><img decoding=\"async\" src=\"https:\/\/gabitelingenieros.com\/wp-content\/uploads\/2023\/05\/FOTO-2-min.jpg\" alt=\"II Concurso de | Gabitel Ingenieros\" \/><\/p>\n<p><img decoding=\"async\" src=\"https:\/\/gabitelingenieros.com\/wp-content\/uploads\/2023\/05\/FOTO-3-min.jpg\" alt=\"II Concurso de | Gabitel Ingenieros\" \/><\/p>\n<p><img decoding=\"async\" src=\"https:\/\/gabitelingenieros.com\/wp-content\/uploads\/2023\/05\/FOTO-4-min.jpg\" alt=\"II Concurso de | Gabitel Ingenieros\" \/><\/p>\n<p>Informaros que <strong><u>ampliamos el plazo del concurso hasta el 26 de junio,<\/u><\/strong> por lo que, si a\u00fan no hab\u00e9is tenido oportunidad, aprovechar para captar el mejor momento y poderlo compartir con el resto de compa\u00f1eros.<\/p>\n<p>Recordaros que las fotos deb\u00e9is de enviarlas a <a href=\"mailto:genoveva.sanchez@gabitel.net\">genoveva.sanchez@gabitel.net<\/a>.<\/p>\n<p>&nbsp;<\/p>\n<p style=\"text-align: center;\"><strong><em>\u00a1Muchas gracias por vuestra participaci\u00f3n!<\/em><\/strong><\/p>\n","protected":false},"excerpt":{"rendered":"<p>Ya nos van llegando algunas de vuestras fotograf\u00edas, las cuales, queremos compartir con todo el equipo, incluyendo el robado de nuestra querida compa\u00f1era Lola del Pozo, guap\u00edsima &#x1f60a; Informaros que ampliamos el plazo del concurso hasta el 26 de junio, por lo que, si a\u00fan no hab\u00e9is tenido oportunidad, aprovechar para captar el mejor momento [&hellip;]<\/p>\n","protected":false},"author":3,"featured_media":34976,"comment_status":"closed","ping_status":"closed","sticky":false,"template":"","format":"standard","meta":{"content-type":"","footnotes":""},"categories":[600],"tags":[],"class_list":["post-32813","post","type-post","status-publish","format-standard","has-post-thumbnail","hentry","category-off-topic-de"],"yoast_head":"<!-- This site is optimized with the Yoast SEO plugin v27.5 - https:\/\/yoast.com\/product\/yoast-seo-wordpress\/ -->\n<title>II Concurso de Fotograf\u00eda de Gabitel - Gabitel<\/title>\n<meta name=\"robots\" content=\"noindex, nofollow\" \/>\n<meta property=\"og:locale\" content=\"de_DE\" \/>\n<meta property=\"og:type\" content=\"article\" \/>\n<meta property=\"og:title\" content=\"II Concurso de Fotograf\u00eda de Gabitel - Gabitel\" \/>\n<meta property=\"og:description\" content=\"Ya nos van llegando algunas de vuestras fotograf\u00edas, las cuales, queremos compartir con todo el equipo, incluyendo el robado de nuestra querida compa\u00f1era Lola del Pozo, guap\u00edsima &#x1f60a; Informaros que ampliamos el plazo del concurso hasta el 26 de junio, por lo que, si a\u00fan no hab\u00e9is tenido oportunidad, aprovechar para captar el mejor momento [&hellip;]\" \/>\n<meta property=\"og:url\" content=\"https:\/\/gabitel.net\/de\/ii-concurso-de-fotografia-gabitel-2\/\" \/>\n<meta property=\"og:site_name\" content=\"Gabitel\" \/>\n<meta property=\"article:publisher\" content=\"https:\/\/www.facebook.com\/gabitelingenieros\/\" \/>\n<meta property=\"article:published_time\" content=\"2023-05-29T11:00:07+00:00\" \/>\n<meta property=\"article:modified_time\" content=\"2026-04-17T06:51:09+00:00\" \/>\n<meta property=\"og:image\" content=\"https:\/\/gabitel.net\/wp-content\/uploads\/2023\/05\/camara-fotos-fuelle-antigua-min.jpg\" \/>\n\t<meta property=\"og:image:width\" content=\"900\" \/>\n\t<meta property=\"og:image:height\" content=\"600\" \/>\n\t<meta property=\"og:image:type\" content=\"image\/jpeg\" \/>\n<meta name=\"author\" content=\"user.autor\" \/>\n<meta name=\"twitter:card\" content=\"summary_large_image\" \/>\n<meta name=\"twitter:label1\" content=\"Verfasst von\" \/>\n\t<meta name=\"twitter:data1\" content=\"user.autor\" \/>\n<script type=\"application\/ld+json\" class=\"yoast-schema-graph\">{\"@context\":\"https:\\\/\\\/schema.org\",\"@graph\":[{\"@type\":[\"Article\",\"BlogPosting\"],\"@id\":\"https:\\\/\\\/gabitel.net\\\/de\\\/ii-concurso-de-fotografia-gabitel-2\\\/#article\",\"isPartOf\":{\"@id\":\"https:\\\/\\\/gabitel.net\\\/de\\\/ii-concurso-de-fotografia-gabitel-2\\\/\"},\"author\":{\"name\":\"user.autor\",\"@id\":\"https:\\\/\\\/gabitel.net\\\/de\\\/#\\\/schema\\\/person\\\/37ba53714c3fedb9c7d22f4bc781465c\"},\"headline\":\"II Concurso de Fotograf\u00eda de Gabitel\",\"datePublished\":\"2023-05-29T11:00:07+00:00\",\"dateModified\":\"2026-04-17T06:51:09+00:00\",\"mainEntityOfPage\":{\"@id\":\"https:\\\/\\\/gabitel.net\\\/de\\\/ii-concurso-de-fotografia-gabitel-2\\\/\"},\"wordCount\":97,\"publisher\":{\"@id\":\"https:\\\/\\\/gabitel.net\\\/de\\\/#organization\"},\"image\":{\"@id\":\"https:\\\/\\\/gabitel.net\\\/de\\\/ii-concurso-de-fotografia-gabitel-2\\\/#primaryimage\"},\"thumbnailUrl\":\"https:\\\/\\\/gabitel.net\\\/wp-content\\\/uploads\\\/2023\\\/05\\\/camara-fotos-fuelle-antigua-min.jpg\",\"articleSection\":[\"Off-topic\"],\"inLanguage\":\"de\"},{\"@type\":\"WebPage\",\"@id\":\"https:\\\/\\\/gabitel.net\\\/de\\\/ii-concurso-de-fotografia-gabitel-2\\\/\",\"url\":\"https:\\\/\\\/gabitel.net\\\/de\\\/ii-concurso-de-fotografia-gabitel-2\\\/\",\"name\":\"II Concurso de Fotograf\u00eda de Gabitel - Gabitel\",\"isPartOf\":{\"@id\":\"https:\\\/\\\/gabitel.net\\\/de\\\/#website\"},\"primaryImageOfPage\":{\"@id\":\"https:\\\/\\\/gabitel.net\\\/de\\\/ii-concurso-de-fotografia-gabitel-2\\\/#primaryimage\"},\"image\":{\"@id\":\"https:\\\/\\\/gabitel.net\\\/de\\\/ii-concurso-de-fotografia-gabitel-2\\\/#primaryimage\"},\"thumbnailUrl\":\"https:\\\/\\\/gabitel.net\\\/wp-content\\\/uploads\\\/2023\\\/05\\\/camara-fotos-fuelle-antigua-min.jpg\",\"datePublished\":\"2023-05-29T11:00:07+00:00\",\"dateModified\":\"2026-04-17T06:51:09+00:00\",\"breadcrumb\":{\"@id\":\"https:\\\/\\\/gabitel.net\\\/de\\\/ii-concurso-de-fotografia-gabitel-2\\\/#breadcrumb\"},\"inLanguage\":\"de\",\"potentialAction\":[{\"@type\":\"ReadAction\",\"target\":[\"https:\\\/\\\/gabitel.net\\\/de\\\/ii-concurso-de-fotografia-gabitel-2\\\/\"]}]},{\"@type\":\"ImageObject\",\"inLanguage\":\"de\",\"@id\":\"https:\\\/\\\/gabitel.net\\\/de\\\/ii-concurso-de-fotografia-gabitel-2\\\/#primaryimage\",\"url\":\"https:\\\/\\\/gabitel.net\\\/wp-content\\\/uploads\\\/2023\\\/05\\\/camara-fotos-fuelle-antigua-min.jpg\",\"contentUrl\":\"https:\\\/\\\/gabitel.net\\\/wp-content\\\/uploads\\\/2023\\\/05\\\/camara-fotos-fuelle-antigua-min.jpg\",\"width\":900,\"height\":600},{\"@type\":\"BreadcrumbList\",\"@id\":\"https:\\\/\\\/gabitel.net\\\/de\\\/ii-concurso-de-fotografia-gabitel-2\\\/#breadcrumb\",\"itemListElement\":[{\"@type\":\"ListItem\",\"position\":1,\"name\":\"Portada\",\"item\":\"https:\\\/\\\/gabitel.net\\\/de\\\/\"},{\"@type\":\"ListItem\",\"position\":2,\"name\":\"II Concurso de Fotograf\u00eda de Gabitel\"}]},{\"@type\":\"WebSite\",\"@id\":\"https:\\\/\\\/gabitel.net\\\/de\\\/#website\",\"url\":\"https:\\\/\\\/gabitel.net\\\/de\\\/\",\"name\":\"Gabitel\",\"description\":\"\",\"publisher\":{\"@id\":\"https:\\\/\\\/gabitel.net\\\/de\\\/#organization\"},\"potentialAction\":[{\"@type\":\"SearchAction\",\"target\":{\"@type\":\"EntryPoint\",\"urlTemplate\":\"https:\\\/\\\/gabitel.net\\\/de\\\/?s={search_term_string}\"},\"query-input\":{\"@type\":\"PropertyValueSpecification\",\"valueRequired\":true,\"valueName\":\"search_term_string\"}}],\"inLanguage\":\"de\"},{\"@type\":\"Organization\",\"@id\":\"https:\\\/\\\/gabitel.net\\\/de\\\/#organization\",\"name\":\"Gabitel\",\"url\":\"https:\\\/\\\/gabitel.net\\\/de\\\/\",\"logo\":{\"@type\":\"ImageObject\",\"inLanguage\":\"de\",\"@id\":\"https:\\\/\\\/gabitel.net\\\/de\\\/#\\\/schema\\\/logo\\\/image\\\/\",\"url\":\"https:\\\/\\\/gabitel.net\\\/wp-content\\\/uploads\\\/2025\\\/05\\\/logo_gabitel.jpg\",\"contentUrl\":\"https:\\\/\\\/gabitel.net\\\/wp-content\\\/uploads\\\/2025\\\/05\\\/logo_gabitel.jpg\",\"width\":2560,\"height\":1330,\"caption\":\"Gabitel\"},\"image\":{\"@id\":\"https:\\\/\\\/gabitel.net\\\/de\\\/#\\\/schema\\\/logo\\\/image\\\/\"},\"sameAs\":[\"https:\\\/\\\/www.facebook.com\\\/gabitelingenieros\\\/\",\"https:\\\/\\\/es.linkedin.com\\\/company\\\/gabitel-ingenieros\"]},{\"@type\":\"Person\",\"@id\":\"https:\\\/\\\/gabitel.net\\\/de\\\/#\\\/schema\\\/person\\\/37ba53714c3fedb9c7d22f4bc781465c\",\"name\":\"user.autor\",\"url\":\"https:\\\/\\\/gabitel.net\\\/de\\\/author\\\/user-autor\\\/\"}]}<\/script>\n<!-- \/ Yoast SEO plugin. -->","yoast_head_json":{"title":"II Concurso de Fotograf\u00eda de Gabitel - Gabitel","robots":{"index":"noindex","follow":"nofollow"},"og_locale":"de_DE","og_type":"article","og_title":"II Concurso de Fotograf\u00eda de Gabitel - Gabitel","og_description":"Ya nos van llegando algunas de vuestras fotograf\u00edas, las cuales, queremos compartir con todo el equipo, incluyendo el robado de nuestra querida compa\u00f1era Lola del Pozo, guap\u00edsima &#x1f60a; Informaros que ampliamos el plazo del concurso hasta el 26 de junio, por lo que, si a\u00fan no hab\u00e9is tenido oportunidad, aprovechar para captar el mejor momento [&hellip;]","og_url":"https:\/\/gabitel.net\/de\/ii-concurso-de-fotografia-gabitel-2\/","og_site_name":"Gabitel","article_publisher":"https:\/\/www.facebook.com\/gabitelingenieros\/","article_published_time":"2023-05-29T11:00:07+00:00","article_modified_time":"2026-04-17T06:51:09+00:00","og_image":[{"width":900,"height":600,"url":"https:\/\/gabitel.net\/wp-content\/uploads\/2023\/05\/camara-fotos-fuelle-antigua-min.jpg","type":"image\/jpeg"}],"author":"user.autor","twitter_card":"summary_large_image","twitter_misc":{"Verfasst von":"user.autor"},"schema":{"@context":"https:\/\/schema.org","@graph":[{"@type":["Article","BlogPosting"],"@id":"https:\/\/gabitel.net\/de\/ii-concurso-de-fotografia-gabitel-2\/#article","isPartOf":{"@id":"https:\/\/gabitel.net\/de\/ii-concurso-de-fotografia-gabitel-2\/"},"author":{"name":"user.autor","@id":"https:\/\/gabitel.net\/de\/#\/schema\/person\/37ba53714c3fedb9c7d22f4bc781465c"},"headline":"II Concurso de Fotograf\u00eda de Gabitel","datePublished":"2023-05-29T11:00:07+00:00","dateModified":"2026-04-17T06:51:09+00:00","mainEntityOfPage":{"@id":"https:\/\/gabitel.net\/de\/ii-concurso-de-fotografia-gabitel-2\/"},"wordCount":97,"publisher":{"@id":"https:\/\/gabitel.net\/de\/#organization"},"image":{"@id":"https:\/\/gabitel.net\/de\/ii-concurso-de-fotografia-gabitel-2\/#primaryimage"},"thumbnailUrl":"https:\/\/gabitel.net\/wp-content\/uploads\/2023\/05\/camara-fotos-fuelle-antigua-min.jpg","articleSection":["Off-topic"],"inLanguage":"de"},{"@type":"WebPage","@id":"https:\/\/gabitel.net\/de\/ii-concurso-de-fotografia-gabitel-2\/","url":"https:\/\/gabitel.net\/de\/ii-concurso-de-fotografia-gabitel-2\/","name":"II Concurso de Fotograf\u00eda de Gabitel - Gabitel","isPartOf":{"@id":"https:\/\/gabitel.net\/de\/#website"},"primaryImageOfPage":{"@id":"https:\/\/gabitel.net\/de\/ii-concurso-de-fotografia-gabitel-2\/#primaryimage"},"image":{"@id":"https:\/\/gabitel.net\/de\/ii-concurso-de-fotografia-gabitel-2\/#primaryimage"},"thumbnailUrl":"https:\/\/gabitel.net\/wp-content\/uploads\/2023\/05\/camara-fotos-fuelle-antigua-min.jpg","datePublished":"2023-05-29T11:00:07+00:00","dateModified":"2026-04-17T06:51:09+00:00","breadcrumb":{"@id":"https:\/\/gabitel.net\/de\/ii-concurso-de-fotografia-gabitel-2\/#breadcrumb"},"inLanguage":"de","potentialAction":[{"@type":"ReadAction","target":["https:\/\/gabitel.net\/de\/ii-concurso-de-fotografia-gabitel-2\/"]}]},{"@type":"ImageObject","inLanguage":"de","@id":"https:\/\/gabitel.net\/de\/ii-concurso-de-fotografia-gabitel-2\/#primaryimage","url":"https:\/\/gabitel.net\/wp-content\/uploads\/2023\/05\/camara-fotos-fuelle-antigua-min.jpg","contentUrl":"https:\/\/gabitel.net\/wp-content\/uploads\/2023\/05\/camara-fotos-fuelle-antigua-min.jpg","width":900,"height":600},{"@type":"BreadcrumbList","@id":"https:\/\/gabitel.net\/de\/ii-concurso-de-fotografia-gabitel-2\/#breadcrumb","itemListElement":[{"@type":"ListItem","position":1,"name":"Portada","item":"https:\/\/gabitel.net\/de\/"},{"@type":"ListItem","position":2,"name":"II Concurso de Fotograf\u00eda de Gabitel"}]},{"@type":"WebSite","@id":"https:\/\/gabitel.net\/de\/#website","url":"https:\/\/gabitel.net\/de\/","name":"Gabitel","description":"","publisher":{"@id":"https:\/\/gabitel.net\/de\/#organization"},"potentialAction":[{"@type":"SearchAction","target":{"@type":"EntryPoint","urlTemplate":"https:\/\/gabitel.net\/de\/?s={search_term_string}"},"query-input":{"@type":"PropertyValueSpecification","valueRequired":true,"valueName":"search_term_string"}}],"inLanguage":"de"},{"@type":"Organization","@id":"https:\/\/gabitel.net\/de\/#organization","name":"Gabitel","url":"https:\/\/gabitel.net\/de\/","logo":{"@type":"ImageObject","inLanguage":"de","@id":"https:\/\/gabitel.net\/de\/#\/schema\/logo\/image\/","url":"https:\/\/gabitel.net\/wp-content\/uploads\/2025\/05\/logo_gabitel.jpg","contentUrl":"https:\/\/gabitel.net\/wp-content\/uploads\/2025\/05\/logo_gabitel.jpg","width":2560,"height":1330,"caption":"Gabitel"},"image":{"@id":"https:\/\/gabitel.net\/de\/#\/schema\/logo\/image\/"},"sameAs":["https:\/\/www.facebook.com\/gabitelingenieros\/","https:\/\/es.linkedin.com\/company\/gabitel-ingenieros"]},{"@type":"Person","@id":"https:\/\/gabitel.net\/de\/#\/schema\/person\/37ba53714c3fedb9c7d22f4bc781465c","name":"user.autor","url":"https:\/\/gabitel.net\/de\/author\/user-autor\/"}]}},"_links":{"self":[{"href":"https:\/\/gabitel.net\/de\/wp-json\/wp\/v2\/posts\/32813","targetHints":{"allow":["GET"]}}],"collection":[{"href":"https:\/\/gabitel.net\/de\/wp-json\/wp\/v2\/posts"}],"about":[{"href":"https:\/\/gabitel.net\/de\/wp-json\/wp\/v2\/types\/post"}],"author":[{"embeddable":true,"href":"https:\/\/gabitel.net\/de\/wp-json\/wp\/v2\/users\/3"}],"replies":[{"embeddable":true,"href":"https:\/\/gabitel.net\/de\/wp-json\/wp\/v2\/comments?post=32813"}],"version-history":[{"count":1,"href":"https:\/\/gabitel.net\/de\/wp-json\/wp\/v2\/posts\/32813\/revisions"}],"predecessor-version":[{"id":37395,"href":"https:\/\/gabitel.net\/de\/wp-json\/wp\/v2\/posts\/32813\/revisions\/37395"}],"wp:featuredmedia":[{"embeddable":true,"href":"https:\/\/gabitel.net\/de\/wp-json\/wp\/v2\/media\/34976"}],"wp:attachment":[{"href":"https:\/\/gabitel.net\/de\/wp-json\/wp\/v2\/media?parent=32813"}],"wp:term":[{"taxonomy":"category","embeddable":true,"href":"https:\/\/gabitel.net\/de\/wp-json\/wp\/v2\/categories?post=32813"},{"taxonomy":"post_tag","embeddable":true,"href":"https:\/\/gabitel.net\/de\/wp-json\/wp\/v2\/tags?post=32813"}],"curies":[{"name":"wp","href":"https:\/\/api.w.org\/{rel}","templated":true}]}}