{"id":32819,"date":"2023-03-17T15:30:02","date_gmt":"2023-03-17T14:30:02","guid":{"rendered":"https:\/\/gabitel.net\/ii-concurso-de-fotografia-gabitel\/"},"modified":"2026-04-17T08:51:10","modified_gmt":"2026-04-17T06:51:10","slug":"ii-concurso-de-fotografia-gabitel","status":"publish","type":"post","link":"https:\/\/gabitel.net\/de\/ii-concurso-de-fotografia-gabitel\/","title":{"rendered":"II CONCURSO DE FOTOGRAF\u00cdA GABITEL"},"content":{"rendered":"<p><a href=\"https:\/\/gabitelingenieros.com\/wp-content\/uploads\/2023\/01\/N5-II-CONCURSO-DE-FOTOGRAFIA-GABITEL-min-1.jpg\"><img decoding=\"async\" src=\"https:\/\/gabitelingenieros.com\/wp-content\/uploads\/2023\/01\/N5-II-CONCURSO-DE-FOTOGRAFIA-GABITEL-min-1-300x200.jpg\" alt=\"II CONCURSO DE | Gabitel Ingenieros\" \/><\/a><\/p>\n<p>&nbsp;<\/p>\n<p>Teniendo en cuenta la experiencia anterior en el <em>I Concurso de Fotograf\u00eda de Gabitel<\/em>, desde la direcci\u00f3n de Gabitel se ha propuesto volver a retomar esta actividad, para dar rienda suelta a vuestras dotes art\u00edsticas y creativas. Desde la fecha de la publicaci\u00f3n de este bolet\u00edn iniciamos nuestro <strong><em>II Concurso de Fotograf\u00eda de Gabitel<\/em><\/strong>, donde, vuestra c\u00e1mara y t\u00fa ser\u00e9is los protagonistas para captar momentos \u00fanicos de vuestro trabajo y tener la oportunidad de compartirlo con el resto de los compa\u00f1eros.<\/p>\n<p>&nbsp;<\/p>\n<p>Todo el equipo formado por Gabitel podr\u00e1 participar en el concurso, Gabitel Soluciones T\u00e9cnicas S.L., Gabitel Solutions L.T.D. y Gabitel GMBH. Las fotograf\u00edas tomadas se incluir\u00e1n en nuestro banco de im\u00e1genes para dar soporte a nuestra p\u00e1gina web, dossiers corporativos, listados de referencias, etc. por este motivo nos gustar\u00eda contar con im\u00e1genes de alta calidad relacionadas con nuestro \u00e1mbito de trabajo en sus diferentes \u00e1reas. Podr\u00e1n ser im\u00e1genes tomadas desde nuestras propias oficinas, de obras, instalaciones sobre las que trabajamos, en definitiva, aquellas capturas de momentos e im\u00e1genes que resalten lo m\u00e1s representativo o especial que pod\u00e9is experimentar en vuestro trabajo.<\/p>\n<p>&nbsp;<\/p>\n<p><strong>BASES DEL CONCURSO: <\/strong><\/p>\n<ul>\n<li>Las fotograf\u00edas pueden enviarse en cualquier momento a la siguiente direcci\u00f3n de email: <a href=\"mailto:genoveva.sanchez@gabitel.net\">genoveva.sanchez@gabitel.net<\/a><\/li>\n<li>Las fotograf\u00edas deber\u00e1n tomarse en alta calidad, formato .JPEG o .BMP, con un tama\u00f1o m\u00ednimo de 2 Mb o alternativamente 4496 x 3000 p\u00edxeles (\u00a1Ojo! las fotograf\u00edas enviadas por Whatsapp no tienen resoluci\u00f3n suficiente).<\/li>\n<li>Es puntuable, aunque no obligatorio, que en las fotograf\u00edas aparezca de alguna forma el logotipo de Gabitel, o que de otra forma pueda identificarse que se trata de im\u00e1genes propias: compa\u00f1er@s con el chaleco reflectante\/casco de Gabitel, coches con el logo, logos que hay en las oficinas, carpetas, etc. Lo dejamos a vuestra imaginaci\u00f3n.<\/li>\n<li>En las im\u00e1genes de personal en obras, l@s compa\u00f1er@s que aparezcan deber\u00e1n ir provistos de TODOS los EPIs necesarios.<\/li>\n<li>No se podr\u00e1n tomar fotograf\u00edas del interior de las instalaciones de los clientes sin su autorizaci\u00f3n por escrito.<\/li>\n<li>No habr\u00e1 limitaci\u00f3n en cuanto al n\u00famero de fotograf\u00edas por cada participante<\/li>\n<li>No se admitir\u00e1n im\u00e1genes de archivos\/ bancos de im\u00e1genes o im\u00e1genes tomadas por terceros.<\/li>\n<li>La fecha l\u00edmite para el env\u00edo de las fotograf\u00edas ser\u00e1n el <strong><u>12 de mayo del 2023<\/u><\/strong>. A partir, de esta fecha las fotograf\u00edas que lleguen no concursar\u00e1n.<\/li>\n<\/ul>\n<p><strong>\u00a0<\/strong><\/p>\n<p><strong>PREMIOS:<\/strong><\/p>\n<ul>\n<li>1\u00ba PREMIO: JAM\u00d3N IB\u00c9RICO y un estuche de BRANDY LUIS FELIPE<\/li>\n<li>2\u00ba PREMIO: UN LOTE DE IB\u00c9RICOS y un estuche de vinos.<\/li>\n<\/ul>\n<p>Adem\u00e1s de las fotograf\u00edas ganadoras, todas las fotos enviadas para participar en el concurso podr\u00e1n aparecer en la Web, dossier, referencias, etc. Para ello, se deber\u00e1 contar con la autorizaci\u00f3n de las personas que aparezcan en las fotograf\u00edas que sean claramente reconocibles.<\/p>\n<p>&nbsp;<\/p>\n<p><strong>JURADO:<\/strong><\/p>\n<p>El jurado estar\u00e1 compuesto por nuestro <em>Equipo WWT<\/em>: Lola del Pozo, Diego Elena, David Garc\u00eda, Michely Mart\u00ednez, Alejandro Manzano y Sebasti\u00e1n Eugenio.<\/p>\n<p>Los ganadores saldr\u00e1n publicados en el pr\u00f3ximo <em><u>Bolet\u00edn N\u00ba 36<\/u><\/em> correspondiente a los meses de Abril \u2013 Mayo.<\/p>\n<p>&nbsp;<\/p>\n<p>&nbsp;<\/p>\n<h3 style=\"text-align: center;\"><span style=\"color: #99cc00;\"><strong>\u00a1\u00a1Contamos con vuestra participaci\u00f3n!!<\/strong><\/span><\/h3>\n","protected":false},"excerpt":{"rendered":"<p>&nbsp; Teniendo en cuenta la experiencia anterior en el I Concurso de Fotograf\u00eda de Gabitel, desde la direcci\u00f3n de Gabitel se ha propuesto volver a retomar esta actividad, para dar rienda suelta a vuestras dotes art\u00edsticas y creativas. Desde la fecha de la publicaci\u00f3n de este bolet\u00edn iniciamos nuestro II Concurso de Fotograf\u00eda de Gabitel, [&hellip;]<\/p>\n","protected":false},"author":3,"featured_media":0,"comment_status":"closed","ping_status":"closed","sticky":false,"template":"","format":"standard","meta":{"content-type":"","footnotes":""},"categories":[600],"tags":[],"class_list":["post-32819","post","type-post","status-publish","format-standard","hentry","category-off-topic-de"],"yoast_head":"<!-- This site is optimized with the Yoast SEO plugin v27.5 - https:\/\/yoast.com\/product\/yoast-seo-wordpress\/ -->\n<title>II CONCURSO DE FOTOGRAF\u00cdA GABITEL - Gabitel<\/title>\n<meta name=\"robots\" content=\"noindex, nofollow\" \/>\n<meta property=\"og:locale\" content=\"de_DE\" \/>\n<meta property=\"og:type\" content=\"article\" \/>\n<meta property=\"og:title\" content=\"II CONCURSO DE FOTOGRAF\u00cdA GABITEL - Gabitel\" \/>\n<meta property=\"og:description\" content=\"&nbsp; Teniendo en cuenta la experiencia anterior en el I Concurso de Fotograf\u00eda de Gabitel, desde la direcci\u00f3n de Gabitel se ha propuesto volver a retomar esta actividad, para dar rienda suelta a vuestras dotes art\u00edsticas y creativas. Desde la fecha de la publicaci\u00f3n de este bolet\u00edn iniciamos nuestro II Concurso de Fotograf\u00eda de Gabitel, [&hellip;]\" \/>\n<meta property=\"og:url\" content=\"https:\/\/gabitel.net\/de\/ii-concurso-de-fotografia-gabitel\/\" \/>\n<meta property=\"og:site_name\" content=\"Gabitel\" \/>\n<meta property=\"article:publisher\" content=\"https:\/\/www.facebook.com\/gabitelingenieros\/\" \/>\n<meta property=\"article:published_time\" content=\"2023-03-17T14:30:02+00:00\" \/>\n<meta property=\"article:modified_time\" content=\"2026-04-17T06:51:10+00:00\" \/>\n<meta property=\"og:image\" content=\"https:\/\/gabitelingenieros.com\/wp-content\/uploads\/2023\/01\/N5-II-CONCURSO-DE-FOTOGRAFIA-GABITEL-min-1-300x200.jpg\" \/>\n<meta name=\"author\" content=\"user.autor\" \/>\n<meta name=\"twitter:card\" content=\"summary_large_image\" \/>\n<meta name=\"twitter:label1\" content=\"Verfasst von\" \/>\n\t<meta name=\"twitter:data1\" content=\"user.autor\" \/>\n\t<meta name=\"twitter:label2\" content=\"Gesch\u00e4tzte Lesezeit\" \/>\n\t<meta name=\"twitter:data2\" content=\"3\u00a0Minuten\" \/>\n<script type=\"application\/ld+json\" class=\"yoast-schema-graph\">{\"@context\":\"https:\\\/\\\/schema.org\",\"@graph\":[{\"@type\":[\"Article\",\"BlogPosting\"],\"@id\":\"https:\\\/\\\/gabitel.net\\\/de\\\/ii-concurso-de-fotografia-gabitel\\\/#article\",\"isPartOf\":{\"@id\":\"https:\\\/\\\/gabitel.net\\\/de\\\/ii-concurso-de-fotografia-gabitel\\\/\"},\"author\":{\"name\":\"user.autor\",\"@id\":\"https:\\\/\\\/gabitel.net\\\/de\\\/#\\\/schema\\\/person\\\/37ba53714c3fedb9c7d22f4bc781465c\"},\"headline\":\"II CONCURSO DE FOTOGRAF\u00cdA GABITEL\",\"datePublished\":\"2023-03-17T14:30:02+00:00\",\"dateModified\":\"2026-04-17T06:51:10+00:00\",\"mainEntityOfPage\":{\"@id\":\"https:\\\/\\\/gabitel.net\\\/de\\\/ii-concurso-de-fotografia-gabitel\\\/\"},\"wordCount\":568,\"publisher\":{\"@id\":\"https:\\\/\\\/gabitel.net\\\/de\\\/#organization\"},\"image\":{\"@id\":\"https:\\\/\\\/gabitel.net\\\/de\\\/ii-concurso-de-fotografia-gabitel\\\/#primaryimage\"},\"thumbnailUrl\":\"https:\\\/\\\/gabitelingenieros.com\\\/wp-content\\\/uploads\\\/2023\\\/01\\\/N5-II-CONCURSO-DE-FOTOGRAFIA-GABITEL-min-1-300x200.jpg\",\"articleSection\":[\"Off-topic\"],\"inLanguage\":\"de\"},{\"@type\":\"WebPage\",\"@id\":\"https:\\\/\\\/gabitel.net\\\/de\\\/ii-concurso-de-fotografia-gabitel\\\/\",\"url\":\"https:\\\/\\\/gabitel.net\\\/de\\\/ii-concurso-de-fotografia-gabitel\\\/\",\"name\":\"II CONCURSO DE FOTOGRAF\u00cdA GABITEL - Gabitel\",\"isPartOf\":{\"@id\":\"https:\\\/\\\/gabitel.net\\\/de\\\/#website\"},\"primaryImageOfPage\":{\"@id\":\"https:\\\/\\\/gabitel.net\\\/de\\\/ii-concurso-de-fotografia-gabitel\\\/#primaryimage\"},\"image\":{\"@id\":\"https:\\\/\\\/gabitel.net\\\/de\\\/ii-concurso-de-fotografia-gabitel\\\/#primaryimage\"},\"thumbnailUrl\":\"https:\\\/\\\/gabitelingenieros.com\\\/wp-content\\\/uploads\\\/2023\\\/01\\\/N5-II-CONCURSO-DE-FOTOGRAFIA-GABITEL-min-1-300x200.jpg\",\"datePublished\":\"2023-03-17T14:30:02+00:00\",\"dateModified\":\"2026-04-17T06:51:10+00:00\",\"breadcrumb\":{\"@id\":\"https:\\\/\\\/gabitel.net\\\/de\\\/ii-concurso-de-fotografia-gabitel\\\/#breadcrumb\"},\"inLanguage\":\"de\",\"potentialAction\":[{\"@type\":\"ReadAction\",\"target\":[\"https:\\\/\\\/gabitel.net\\\/de\\\/ii-concurso-de-fotografia-gabitel\\\/\"]}]},{\"@type\":\"ImageObject\",\"inLanguage\":\"de\",\"@id\":\"https:\\\/\\\/gabitel.net\\\/de\\\/ii-concurso-de-fotografia-gabitel\\\/#primaryimage\",\"url\":\"https:\\\/\\\/gabitelingenieros.com\\\/wp-content\\\/uploads\\\/2023\\\/01\\\/N5-II-CONCURSO-DE-FOTOGRAFIA-GABITEL-min-1-300x200.jpg\",\"contentUrl\":\"https:\\\/\\\/gabitelingenieros.com\\\/wp-content\\\/uploads\\\/2023\\\/01\\\/N5-II-CONCURSO-DE-FOTOGRAFIA-GABITEL-min-1-300x200.jpg\"},{\"@type\":\"BreadcrumbList\",\"@id\":\"https:\\\/\\\/gabitel.net\\\/de\\\/ii-concurso-de-fotografia-gabitel\\\/#breadcrumb\",\"itemListElement\":[{\"@type\":\"ListItem\",\"position\":1,\"name\":\"Portada\",\"item\":\"https:\\\/\\\/gabitel.net\\\/de\\\/\"},{\"@type\":\"ListItem\",\"position\":2,\"name\":\"II CONCURSO DE FOTOGRAF\u00cdA GABITEL\"}]},{\"@type\":\"WebSite\",\"@id\":\"https:\\\/\\\/gabitel.net\\\/de\\\/#website\",\"url\":\"https:\\\/\\\/gabitel.net\\\/de\\\/\",\"name\":\"Gabitel\",\"description\":\"\",\"publisher\":{\"@id\":\"https:\\\/\\\/gabitel.net\\\/de\\\/#organization\"},\"potentialAction\":[{\"@type\":\"SearchAction\",\"target\":{\"@type\":\"EntryPoint\",\"urlTemplate\":\"https:\\\/\\\/gabitel.net\\\/de\\\/?s={search_term_string}\"},\"query-input\":{\"@type\":\"PropertyValueSpecification\",\"valueRequired\":true,\"valueName\":\"search_term_string\"}}],\"inLanguage\":\"de\"},{\"@type\":\"Organization\",\"@id\":\"https:\\\/\\\/gabitel.net\\\/de\\\/#organization\",\"name\":\"Gabitel\",\"url\":\"https:\\\/\\\/gabitel.net\\\/de\\\/\",\"logo\":{\"@type\":\"ImageObject\",\"inLanguage\":\"de\",\"@id\":\"https:\\\/\\\/gabitel.net\\\/de\\\/#\\\/schema\\\/logo\\\/image\\\/\",\"url\":\"https:\\\/\\\/gabitel.net\\\/wp-content\\\/uploads\\\/2025\\\/05\\\/logo_gabitel.jpg\",\"contentUrl\":\"https:\\\/\\\/gabitel.net\\\/wp-content\\\/uploads\\\/2025\\\/05\\\/logo_gabitel.jpg\",\"width\":2560,\"height\":1330,\"caption\":\"Gabitel\"},\"image\":{\"@id\":\"https:\\\/\\\/gabitel.net\\\/de\\\/#\\\/schema\\\/logo\\\/image\\\/\"},\"sameAs\":[\"https:\\\/\\\/www.facebook.com\\\/gabitelingenieros\\\/\",\"https:\\\/\\\/es.linkedin.com\\\/company\\\/gabitel-ingenieros\"]},{\"@type\":\"Person\",\"@id\":\"https:\\\/\\\/gabitel.net\\\/de\\\/#\\\/schema\\\/person\\\/37ba53714c3fedb9c7d22f4bc781465c\",\"name\":\"user.autor\",\"url\":\"https:\\\/\\\/gabitel.net\\\/de\\\/author\\\/user-autor\\\/\"}]}<\/script>\n<!-- \/ Yoast SEO plugin. -->","yoast_head_json":{"title":"II CONCURSO DE FOTOGRAF\u00cdA GABITEL - Gabitel","robots":{"index":"noindex","follow":"nofollow"},"og_locale":"de_DE","og_type":"article","og_title":"II CONCURSO DE FOTOGRAF\u00cdA GABITEL - Gabitel","og_description":"&nbsp; Teniendo en cuenta la experiencia anterior en el I Concurso de Fotograf\u00eda de Gabitel, desde la direcci\u00f3n de Gabitel se ha propuesto volver a retomar esta actividad, para dar rienda suelta a vuestras dotes art\u00edsticas y creativas. Desde la fecha de la publicaci\u00f3n de este bolet\u00edn iniciamos nuestro II Concurso de Fotograf\u00eda de Gabitel, [&hellip;]","og_url":"https:\/\/gabitel.net\/de\/ii-concurso-de-fotografia-gabitel\/","og_site_name":"Gabitel","article_publisher":"https:\/\/www.facebook.com\/gabitelingenieros\/","article_published_time":"2023-03-17T14:30:02+00:00","article_modified_time":"2026-04-17T06:51:10+00:00","og_image":[{"url":"https:\/\/gabitelingenieros.com\/wp-content\/uploads\/2023\/01\/N5-II-CONCURSO-DE-FOTOGRAFIA-GABITEL-min-1-300x200.jpg","type":"","width":"","height":""}],"author":"user.autor","twitter_card":"summary_large_image","twitter_misc":{"Verfasst von":"user.autor","Gesch\u00e4tzte Lesezeit":"3\u00a0Minuten"},"schema":{"@context":"https:\/\/schema.org","@graph":[{"@type":["Article","BlogPosting"],"@id":"https:\/\/gabitel.net\/de\/ii-concurso-de-fotografia-gabitel\/#article","isPartOf":{"@id":"https:\/\/gabitel.net\/de\/ii-concurso-de-fotografia-gabitel\/"},"author":{"name":"user.autor","@id":"https:\/\/gabitel.net\/de\/#\/schema\/person\/37ba53714c3fedb9c7d22f4bc781465c"},"headline":"II CONCURSO DE FOTOGRAF\u00cdA GABITEL","datePublished":"2023-03-17T14:30:02+00:00","dateModified":"2026-04-17T06:51:10+00:00","mainEntityOfPage":{"@id":"https:\/\/gabitel.net\/de\/ii-concurso-de-fotografia-gabitel\/"},"wordCount":568,"publisher":{"@id":"https:\/\/gabitel.net\/de\/#organization"},"image":{"@id":"https:\/\/gabitel.net\/de\/ii-concurso-de-fotografia-gabitel\/#primaryimage"},"thumbnailUrl":"https:\/\/gabitelingenieros.com\/wp-content\/uploads\/2023\/01\/N5-II-CONCURSO-DE-FOTOGRAFIA-GABITEL-min-1-300x200.jpg","articleSection":["Off-topic"],"inLanguage":"de"},{"@type":"WebPage","@id":"https:\/\/gabitel.net\/de\/ii-concurso-de-fotografia-gabitel\/","url":"https:\/\/gabitel.net\/de\/ii-concurso-de-fotografia-gabitel\/","name":"II CONCURSO DE FOTOGRAF\u00cdA GABITEL - Gabitel","isPartOf":{"@id":"https:\/\/gabitel.net\/de\/#website"},"primaryImageOfPage":{"@id":"https:\/\/gabitel.net\/de\/ii-concurso-de-fotografia-gabitel\/#primaryimage"},"image":{"@id":"https:\/\/gabitel.net\/de\/ii-concurso-de-fotografia-gabitel\/#primaryimage"},"thumbnailUrl":"https:\/\/gabitelingenieros.com\/wp-content\/uploads\/2023\/01\/N5-II-CONCURSO-DE-FOTOGRAFIA-GABITEL-min-1-300x200.jpg","datePublished":"2023-03-17T14:30:02+00:00","dateModified":"2026-04-17T06:51:10+00:00","breadcrumb":{"@id":"https:\/\/gabitel.net\/de\/ii-concurso-de-fotografia-gabitel\/#breadcrumb"},"inLanguage":"de","potentialAction":[{"@type":"ReadAction","target":["https:\/\/gabitel.net\/de\/ii-concurso-de-fotografia-gabitel\/"]}]},{"@type":"ImageObject","inLanguage":"de","@id":"https:\/\/gabitel.net\/de\/ii-concurso-de-fotografia-gabitel\/#primaryimage","url":"https:\/\/gabitelingenieros.com\/wp-content\/uploads\/2023\/01\/N5-II-CONCURSO-DE-FOTOGRAFIA-GABITEL-min-1-300x200.jpg","contentUrl":"https:\/\/gabitelingenieros.com\/wp-content\/uploads\/2023\/01\/N5-II-CONCURSO-DE-FOTOGRAFIA-GABITEL-min-1-300x200.jpg"},{"@type":"BreadcrumbList","@id":"https:\/\/gabitel.net\/de\/ii-concurso-de-fotografia-gabitel\/#breadcrumb","itemListElement":[{"@type":"ListItem","position":1,"name":"Portada","item":"https:\/\/gabitel.net\/de\/"},{"@type":"ListItem","position":2,"name":"II CONCURSO DE FOTOGRAF\u00cdA GABITEL"}]},{"@type":"WebSite","@id":"https:\/\/gabitel.net\/de\/#website","url":"https:\/\/gabitel.net\/de\/","name":"Gabitel","description":"","publisher":{"@id":"https:\/\/gabitel.net\/de\/#organization"},"potentialAction":[{"@type":"SearchAction","target":{"@type":"EntryPoint","urlTemplate":"https:\/\/gabitel.net\/de\/?s={search_term_string}"},"query-input":{"@type":"PropertyValueSpecification","valueRequired":true,"valueName":"search_term_string"}}],"inLanguage":"de"},{"@type":"Organization","@id":"https:\/\/gabitel.net\/de\/#organization","name":"Gabitel","url":"https:\/\/gabitel.net\/de\/","logo":{"@type":"ImageObject","inLanguage":"de","@id":"https:\/\/gabitel.net\/de\/#\/schema\/logo\/image\/","url":"https:\/\/gabitel.net\/wp-content\/uploads\/2025\/05\/logo_gabitel.jpg","contentUrl":"https:\/\/gabitel.net\/wp-content\/uploads\/2025\/05\/logo_gabitel.jpg","width":2560,"height":1330,"caption":"Gabitel"},"image":{"@id":"https:\/\/gabitel.net\/de\/#\/schema\/logo\/image\/"},"sameAs":["https:\/\/www.facebook.com\/gabitelingenieros\/","https:\/\/es.linkedin.com\/company\/gabitel-ingenieros"]},{"@type":"Person","@id":"https:\/\/gabitel.net\/de\/#\/schema\/person\/37ba53714c3fedb9c7d22f4bc781465c","name":"user.autor","url":"https:\/\/gabitel.net\/de\/author\/user-autor\/"}]}},"_links":{"self":[{"href":"https:\/\/gabitel.net\/de\/wp-json\/wp\/v2\/posts\/32819","targetHints":{"allow":["GET"]}}],"collection":[{"href":"https:\/\/gabitel.net\/de\/wp-json\/wp\/v2\/posts"}],"about":[{"href":"https:\/\/gabitel.net\/de\/wp-json\/wp\/v2\/types\/post"}],"author":[{"embeddable":true,"href":"https:\/\/gabitel.net\/de\/wp-json\/wp\/v2\/users\/3"}],"replies":[{"embeddable":true,"href":"https:\/\/gabitel.net\/de\/wp-json\/wp\/v2\/comments?post=32819"}],"version-history":[{"count":1,"href":"https:\/\/gabitel.net\/de\/wp-json\/wp\/v2\/posts\/32819\/revisions"}],"predecessor-version":[{"id":37345,"href":"https:\/\/gabitel.net\/de\/wp-json\/wp\/v2\/posts\/32819\/revisions\/37345"}],"wp:attachment":[{"href":"https:\/\/gabitel.net\/de\/wp-json\/wp\/v2\/media?parent=32819"}],"wp:term":[{"taxonomy":"category","embeddable":true,"href":"https:\/\/gabitel.net\/de\/wp-json\/wp\/v2\/categories?post=32819"},{"taxonomy":"post_tag","embeddable":true,"href":"https:\/\/gabitel.net\/de\/wp-json\/wp\/v2\/tags?post=32819"}],"curies":[{"name":"wp","href":"https:\/\/api.w.org\/{rel}","templated":true}]}}