{"id":32823,"date":"2023-01-31T13:25:02","date_gmt":"2023-01-31T12:25:02","guid":{"rendered":"https:\/\/gabitel.net\/calendario-laboral-gabitel-2023\/"},"modified":"2026-04-17T08:46:48","modified_gmt":"2026-04-17T06:46:48","slug":"calendario-laboral-gabitel-2023","status":"publish","type":"post","link":"https:\/\/gabitel.net\/de\/calendario-laboral-gabitel-2023\/","title":{"rendered":"Calendario Laboral Gabitel del a\u00f1o 2023"},"content":{"rendered":"<p>Os informamos del calendario laboral para 2023 en el que pod\u00e9is consultar toda la informaci\u00f3n relativa a d\u00edas laborables o festivos nacionales y de la Comunidad de Andaluc\u00eda.<\/p>\n<p><a href=\"https:\/\/gabitelingenieros.com\/wp-content\/uploads\/2023\/01\/N2.2-CALENDARIO-LABORAL-GABITEL-2023-ANDALUCIA.jpg\"><img decoding=\"async\" src=\"https:\/\/gabitelingenieros.com\/wp-content\/uploads\/2023\/01\/N2.2-CALENDARIO-LABORAL-GABITEL-2023-ANDALUCIA.jpg\" alt=\"Calendario Laboral Gabitel | Gabitel Ingenieros\" \/><\/a><\/p>\n","protected":false},"excerpt":{"rendered":"<p>Os informamos del calendario laboral para 2023 en el que pod\u00e9is consultar toda la informaci\u00f3n relativa a d\u00edas laborables o festivos nacionales y de la Comunidad de Andaluc\u00eda.<\/p>\n","protected":false},"author":3,"featured_media":0,"comment_status":"closed","ping_status":"closed","sticky":false,"template":"","format":"standard","meta":{"content-type":"","footnotes":""},"categories":[413,412,600],"tags":[],"class_list":["post-32823","post","type-post","status-publish","format-standard","hentry","category-blog-de","category-news-de","category-off-topic-de"],"yoast_head":"<!-- This site is optimized with the Yoast SEO plugin v27.5 - https:\/\/yoast.com\/product\/yoast-seo-wordpress\/ -->\n<title>Calendario Laboral Gabitel del a\u00f1o 2023 - Gabitel<\/title>\n<meta name=\"robots\" content=\"noindex, nofollow\" \/>\n<meta property=\"og:locale\" content=\"de_DE\" \/>\n<meta property=\"og:type\" content=\"article\" \/>\n<meta property=\"og:title\" content=\"Calendario Laboral Gabitel del a\u00f1o 2023 - Gabitel\" \/>\n<meta property=\"og:description\" content=\"Os informamos del calendario laboral para 2023 en el que pod\u00e9is consultar toda la informaci\u00f3n relativa a d\u00edas laborables o festivos nacionales y de la Comunidad de Andaluc\u00eda.\" \/>\n<meta property=\"og:url\" content=\"https:\/\/gabitel.net\/de\/calendario-laboral-gabitel-2023\/\" \/>\n<meta property=\"og:site_name\" content=\"Gabitel\" \/>\n<meta property=\"article:publisher\" content=\"https:\/\/www.facebook.com\/gabitelingenieros\/\" \/>\n<meta property=\"article:published_time\" content=\"2023-01-31T12:25:02+00:00\" \/>\n<meta property=\"article:modified_time\" content=\"2026-04-17T06:46:48+00:00\" \/>\n<meta property=\"og:image\" content=\"https:\/\/gabitelingenieros.com\/wp-content\/uploads\/2023\/01\/N2.2-CALENDARIO-LABORAL-GABITEL-2023-ANDALUCIA.jpg\" \/>\n<meta name=\"author\" content=\"user.autor\" \/>\n<meta name=\"twitter:card\" content=\"summary_large_image\" \/>\n<meta name=\"twitter:label1\" content=\"Verfasst von\" \/>\n\t<meta name=\"twitter:data1\" content=\"user.autor\" \/>\n<script type=\"application\/ld+json\" class=\"yoast-schema-graph\">{\"@context\":\"https:\\\/\\\/schema.org\",\"@graph\":[{\"@type\":[\"Article\",\"BlogPosting\"],\"@id\":\"https:\\\/\\\/gabitel.net\\\/de\\\/calendario-laboral-gabitel-2023\\\/#article\",\"isPartOf\":{\"@id\":\"https:\\\/\\\/gabitel.net\\\/de\\\/calendario-laboral-gabitel-2023\\\/\"},\"author\":{\"name\":\"user.autor\",\"@id\":\"https:\\\/\\\/gabitel.net\\\/de\\\/#\\\/schema\\\/person\\\/37ba53714c3fedb9c7d22f4bc781465c\"},\"headline\":\"Calendario Laboral Gabitel del a\u00f1o 2023\",\"datePublished\":\"2023-01-31T12:25:02+00:00\",\"dateModified\":\"2026-04-17T06:46:48+00:00\",\"mainEntityOfPage\":{\"@id\":\"https:\\\/\\\/gabitel.net\\\/de\\\/calendario-laboral-gabitel-2023\\\/\"},\"wordCount\":37,\"publisher\":{\"@id\":\"https:\\\/\\\/gabitel.net\\\/de\\\/#organization\"},\"image\":{\"@id\":\"https:\\\/\\\/gabitel.net\\\/de\\\/calendario-laboral-gabitel-2023\\\/#primaryimage\"},\"thumbnailUrl\":\"https:\\\/\\\/gabitelingenieros.com\\\/wp-content\\\/uploads\\\/2023\\\/01\\\/N2.2-CALENDARIO-LABORAL-GABITEL-2023-ANDALUCIA.jpg\",\"articleSection\":[\"Blog\",\"News\",\"Off-topic\"],\"inLanguage\":\"de\"},{\"@type\":\"WebPage\",\"@id\":\"https:\\\/\\\/gabitel.net\\\/de\\\/calendario-laboral-gabitel-2023\\\/\",\"url\":\"https:\\\/\\\/gabitel.net\\\/de\\\/calendario-laboral-gabitel-2023\\\/\",\"name\":\"Calendario Laboral Gabitel del a\u00f1o 2023 - Gabitel\",\"isPartOf\":{\"@id\":\"https:\\\/\\\/gabitel.net\\\/de\\\/#website\"},\"primaryImageOfPage\":{\"@id\":\"https:\\\/\\\/gabitel.net\\\/de\\\/calendario-laboral-gabitel-2023\\\/#primaryimage\"},\"image\":{\"@id\":\"https:\\\/\\\/gabitel.net\\\/de\\\/calendario-laboral-gabitel-2023\\\/#primaryimage\"},\"thumbnailUrl\":\"https:\\\/\\\/gabitelingenieros.com\\\/wp-content\\\/uploads\\\/2023\\\/01\\\/N2.2-CALENDARIO-LABORAL-GABITEL-2023-ANDALUCIA.jpg\",\"datePublished\":\"2023-01-31T12:25:02+00:00\",\"dateModified\":\"2026-04-17T06:46:48+00:00\",\"breadcrumb\":{\"@id\":\"https:\\\/\\\/gabitel.net\\\/de\\\/calendario-laboral-gabitel-2023\\\/#breadcrumb\"},\"inLanguage\":\"de\",\"potentialAction\":[{\"@type\":\"ReadAction\",\"target\":[\"https:\\\/\\\/gabitel.net\\\/de\\\/calendario-laboral-gabitel-2023\\\/\"]}]},{\"@type\":\"ImageObject\",\"inLanguage\":\"de\",\"@id\":\"https:\\\/\\\/gabitel.net\\\/de\\\/calendario-laboral-gabitel-2023\\\/#primaryimage\",\"url\":\"https:\\\/\\\/gabitelingenieros.com\\\/wp-content\\\/uploads\\\/2023\\\/01\\\/N2.2-CALENDARIO-LABORAL-GABITEL-2023-ANDALUCIA.jpg\",\"contentUrl\":\"https:\\\/\\\/gabitelingenieros.com\\\/wp-content\\\/uploads\\\/2023\\\/01\\\/N2.2-CALENDARIO-LABORAL-GABITEL-2023-ANDALUCIA.jpg\"},{\"@type\":\"BreadcrumbList\",\"@id\":\"https:\\\/\\\/gabitel.net\\\/de\\\/calendario-laboral-gabitel-2023\\\/#breadcrumb\",\"itemListElement\":[{\"@type\":\"ListItem\",\"position\":1,\"name\":\"Portada\",\"item\":\"https:\\\/\\\/gabitel.net\\\/de\\\/\"},{\"@type\":\"ListItem\",\"position\":2,\"name\":\"Calendario Laboral Gabitel del a\u00f1o 2023\"}]},{\"@type\":\"WebSite\",\"@id\":\"https:\\\/\\\/gabitel.net\\\/de\\\/#website\",\"url\":\"https:\\\/\\\/gabitel.net\\\/de\\\/\",\"name\":\"Gabitel\",\"description\":\"\",\"publisher\":{\"@id\":\"https:\\\/\\\/gabitel.net\\\/de\\\/#organization\"},\"potentialAction\":[{\"@type\":\"SearchAction\",\"target\":{\"@type\":\"EntryPoint\",\"urlTemplate\":\"https:\\\/\\\/gabitel.net\\\/de\\\/?s={search_term_string}\"},\"query-input\":{\"@type\":\"PropertyValueSpecification\",\"valueRequired\":true,\"valueName\":\"search_term_string\"}}],\"inLanguage\":\"de\"},{\"@type\":\"Organization\",\"@id\":\"https:\\\/\\\/gabitel.net\\\/de\\\/#organization\",\"name\":\"Gabitel\",\"url\":\"https:\\\/\\\/gabitel.net\\\/de\\\/\",\"logo\":{\"@type\":\"ImageObject\",\"inLanguage\":\"de\",\"@id\":\"https:\\\/\\\/gabitel.net\\\/de\\\/#\\\/schema\\\/logo\\\/image\\\/\",\"url\":\"https:\\\/\\\/gabitel.net\\\/wp-content\\\/uploads\\\/2025\\\/05\\\/logo_gabitel.jpg\",\"contentUrl\":\"https:\\\/\\\/gabitel.net\\\/wp-content\\\/uploads\\\/2025\\\/05\\\/logo_gabitel.jpg\",\"width\":2560,\"height\":1330,\"caption\":\"Gabitel\"},\"image\":{\"@id\":\"https:\\\/\\\/gabitel.net\\\/de\\\/#\\\/schema\\\/logo\\\/image\\\/\"},\"sameAs\":[\"https:\\\/\\\/www.facebook.com\\\/gabitelingenieros\\\/\",\"https:\\\/\\\/es.linkedin.com\\\/company\\\/gabitel-ingenieros\"]},{\"@type\":\"Person\",\"@id\":\"https:\\\/\\\/gabitel.net\\\/de\\\/#\\\/schema\\\/person\\\/37ba53714c3fedb9c7d22f4bc781465c\",\"name\":\"user.autor\",\"url\":\"https:\\\/\\\/gabitel.net\\\/de\\\/author\\\/user-autor\\\/\"}]}<\/script>\n<!-- \/ Yoast SEO plugin. -->","yoast_head_json":{"title":"Calendario Laboral Gabitel del a\u00f1o 2023 - Gabitel","robots":{"index":"noindex","follow":"nofollow"},"og_locale":"de_DE","og_type":"article","og_title":"Calendario Laboral Gabitel del a\u00f1o 2023 - Gabitel","og_description":"Os informamos del calendario laboral para 2023 en el que pod\u00e9is consultar toda la informaci\u00f3n relativa a d\u00edas laborables o festivos nacionales y de la Comunidad de Andaluc\u00eda.","og_url":"https:\/\/gabitel.net\/de\/calendario-laboral-gabitel-2023\/","og_site_name":"Gabitel","article_publisher":"https:\/\/www.facebook.com\/gabitelingenieros\/","article_published_time":"2023-01-31T12:25:02+00:00","article_modified_time":"2026-04-17T06:46:48+00:00","og_image":[{"url":"https:\/\/gabitelingenieros.com\/wp-content\/uploads\/2023\/01\/N2.2-CALENDARIO-LABORAL-GABITEL-2023-ANDALUCIA.jpg","type":"","width":"","height":""}],"author":"user.autor","twitter_card":"summary_large_image","twitter_misc":{"Verfasst von":"user.autor"},"schema":{"@context":"https:\/\/schema.org","@graph":[{"@type":["Article","BlogPosting"],"@id":"https:\/\/gabitel.net\/de\/calendario-laboral-gabitel-2023\/#article","isPartOf":{"@id":"https:\/\/gabitel.net\/de\/calendario-laboral-gabitel-2023\/"},"author":{"name":"user.autor","@id":"https:\/\/gabitel.net\/de\/#\/schema\/person\/37ba53714c3fedb9c7d22f4bc781465c"},"headline":"Calendario Laboral Gabitel del a\u00f1o 2023","datePublished":"2023-01-31T12:25:02+00:00","dateModified":"2026-04-17T06:46:48+00:00","mainEntityOfPage":{"@id":"https:\/\/gabitel.net\/de\/calendario-laboral-gabitel-2023\/"},"wordCount":37,"publisher":{"@id":"https:\/\/gabitel.net\/de\/#organization"},"image":{"@id":"https:\/\/gabitel.net\/de\/calendario-laboral-gabitel-2023\/#primaryimage"},"thumbnailUrl":"https:\/\/gabitelingenieros.com\/wp-content\/uploads\/2023\/01\/N2.2-CALENDARIO-LABORAL-GABITEL-2023-ANDALUCIA.jpg","articleSection":["Blog","News","Off-topic"],"inLanguage":"de"},{"@type":"WebPage","@id":"https:\/\/gabitel.net\/de\/calendario-laboral-gabitel-2023\/","url":"https:\/\/gabitel.net\/de\/calendario-laboral-gabitel-2023\/","name":"Calendario Laboral Gabitel del a\u00f1o 2023 - Gabitel","isPartOf":{"@id":"https:\/\/gabitel.net\/de\/#website"},"primaryImageOfPage":{"@id":"https:\/\/gabitel.net\/de\/calendario-laboral-gabitel-2023\/#primaryimage"},"image":{"@id":"https:\/\/gabitel.net\/de\/calendario-laboral-gabitel-2023\/#primaryimage"},"thumbnailUrl":"https:\/\/gabitelingenieros.com\/wp-content\/uploads\/2023\/01\/N2.2-CALENDARIO-LABORAL-GABITEL-2023-ANDALUCIA.jpg","datePublished":"2023-01-31T12:25:02+00:00","dateModified":"2026-04-17T06:46:48+00:00","breadcrumb":{"@id":"https:\/\/gabitel.net\/de\/calendario-laboral-gabitel-2023\/#breadcrumb"},"inLanguage":"de","potentialAction":[{"@type":"ReadAction","target":["https:\/\/gabitel.net\/de\/calendario-laboral-gabitel-2023\/"]}]},{"@type":"ImageObject","inLanguage":"de","@id":"https:\/\/gabitel.net\/de\/calendario-laboral-gabitel-2023\/#primaryimage","url":"https:\/\/gabitelingenieros.com\/wp-content\/uploads\/2023\/01\/N2.2-CALENDARIO-LABORAL-GABITEL-2023-ANDALUCIA.jpg","contentUrl":"https:\/\/gabitelingenieros.com\/wp-content\/uploads\/2023\/01\/N2.2-CALENDARIO-LABORAL-GABITEL-2023-ANDALUCIA.jpg"},{"@type":"BreadcrumbList","@id":"https:\/\/gabitel.net\/de\/calendario-laboral-gabitel-2023\/#breadcrumb","itemListElement":[{"@type":"ListItem","position":1,"name":"Portada","item":"https:\/\/gabitel.net\/de\/"},{"@type":"ListItem","position":2,"name":"Calendario Laboral Gabitel del a\u00f1o 2023"}]},{"@type":"WebSite","@id":"https:\/\/gabitel.net\/de\/#website","url":"https:\/\/gabitel.net\/de\/","name":"Gabitel","description":"","publisher":{"@id":"https:\/\/gabitel.net\/de\/#organization"},"potentialAction":[{"@type":"SearchAction","target":{"@type":"EntryPoint","urlTemplate":"https:\/\/gabitel.net\/de\/?s={search_term_string}"},"query-input":{"@type":"PropertyValueSpecification","valueRequired":true,"valueName":"search_term_string"}}],"inLanguage":"de"},{"@type":"Organization","@id":"https:\/\/gabitel.net\/de\/#organization","name":"Gabitel","url":"https:\/\/gabitel.net\/de\/","logo":{"@type":"ImageObject","inLanguage":"de","@id":"https:\/\/gabitel.net\/de\/#\/schema\/logo\/image\/","url":"https:\/\/gabitel.net\/wp-content\/uploads\/2025\/05\/logo_gabitel.jpg","contentUrl":"https:\/\/gabitel.net\/wp-content\/uploads\/2025\/05\/logo_gabitel.jpg","width":2560,"height":1330,"caption":"Gabitel"},"image":{"@id":"https:\/\/gabitel.net\/de\/#\/schema\/logo\/image\/"},"sameAs":["https:\/\/www.facebook.com\/gabitelingenieros\/","https:\/\/es.linkedin.com\/company\/gabitel-ingenieros"]},{"@type":"Person","@id":"https:\/\/gabitel.net\/de\/#\/schema\/person\/37ba53714c3fedb9c7d22f4bc781465c","name":"user.autor","url":"https:\/\/gabitel.net\/de\/author\/user-autor\/"}]}},"_links":{"self":[{"href":"https:\/\/gabitel.net\/de\/wp-json\/wp\/v2\/posts\/32823","targetHints":{"allow":["GET"]}}],"collection":[{"href":"https:\/\/gabitel.net\/de\/wp-json\/wp\/v2\/posts"}],"about":[{"href":"https:\/\/gabitel.net\/de\/wp-json\/wp\/v2\/types\/post"}],"author":[{"embeddable":true,"href":"https:\/\/gabitel.net\/de\/wp-json\/wp\/v2\/users\/3"}],"replies":[{"embeddable":true,"href":"https:\/\/gabitel.net\/de\/wp-json\/wp\/v2\/comments?post=32823"}],"version-history":[{"count":1,"href":"https:\/\/gabitel.net\/de\/wp-json\/wp\/v2\/posts\/32823\/revisions"}],"predecessor-version":[{"id":37355,"href":"https:\/\/gabitel.net\/de\/wp-json\/wp\/v2\/posts\/32823\/revisions\/37355"}],"wp:attachment":[{"href":"https:\/\/gabitel.net\/de\/wp-json\/wp\/v2\/media?parent=32823"}],"wp:term":[{"taxonomy":"category","embeddable":true,"href":"https:\/\/gabitel.net\/de\/wp-json\/wp\/v2\/categories?post=32823"},{"taxonomy":"post_tag","embeddable":true,"href":"https:\/\/gabitel.net\/de\/wp-json\/wp\/v2\/tags?post=32823"}],"curies":[{"name":"wp","href":"https:\/\/api.w.org\/{rel}","templated":true}]}}