{"id":32829,"date":"2023-01-31T13:25:02","date_gmt":"2023-01-31T12:25:02","guid":{"rendered":"https:\/\/gabitel.net\/entrevista-lola-del-pozo\/"},"modified":"2026-04-17T08:51:12","modified_gmt":"2026-04-17T06:51:12","slug":"entrevista-lola-del-pozo","status":"publish","type":"post","link":"https:\/\/gabitel.net\/de\/entrevista-lola-del-pozo\/","title":{"rendered":"Entrevista: Lola del Pozo"},"content":{"rendered":"<p><strong>\u00bfC\u00f3mo fueron tus inicios en la empresa? <\/strong><\/p>\n<p>\u00c9ramos muy poquitos, unos cinco m\u00e1s o menos, al principio los encargos de Endesa eran los ET, cartas, convenios, proyectos y poco m\u00e1s, poco a poco nos ganamos la confianza del cliente y nos fueron ampliando los trabajos y ve\u00edamos que necesit\u00e1bamos a m\u00e1s compa\u00f1eros y m\u00edranos ahora. Fue una \u00e9poca muy bonita, aunque de mucho esfuerzo y trabajo, pero con mucha ilusi\u00f3n.<\/p>\n<p>&nbsp;<\/p>\n<p><strong>Como toda una veterana de Gabitel, creo que la mayor\u00eda tenemos la oportunidad de conocerte, \u00bfpero nos podr\u00edas explicar en qu\u00e9 consiste tu trabajo?<\/strong><\/p>\n<p>Al ser la veterana ayudo a mis compa\u00f1eros en lo que puedo con cualquier duda que tengan o apoyando en alg\u00fan exceso de trabajo puntal, pero mi trabajo del d\u00eda a d\u00eda se basa en la redacci\u00f3n de convenios, las interacciones (reclamaciones de clientes a Endesa) y todo lo que conlleva los pedidos que nos solicitan desde Endesa traslad\u00e1ndolo a los compa\u00f1eros y por supuesto lo que puedo aportar en el Equipo de Bienvenida de Sevilla al que pertenezco<\/p>\n<p><strong>\u00a0<\/strong><\/p>\n<p><strong>\u00bfQu\u00e9 es lo que m\u00e1s valoras de trabajar en la empresa? <\/strong><\/p>\n<p>Me remonto en esta ocasi\u00f3n a los inicios, nuestra intenci\u00f3n desde el primer d\u00eda fue tener un ambiente de trabajo en el cual pudi\u00e9ramos trabajar a gusto y nos incitara a ser proactivos y creo que eso se ha conseguido, pero tambi\u00e9n la empat\u00eda de la Direcci\u00f3n con cualquier problema que tengas, eso es un gran alivio y lo valoro mucho.<\/p>\n<p><strong>\u00a0<\/strong><\/p>\n<p><strong>Por conocer algo m\u00e1s de ti, \u00bfcu\u00e1les son tus mayores aficiones? <\/strong><\/p>\n<p>En eso soy muy simple, me apunto a todo que me haga feliz, tomarme una copita con mis amigos, leer un libro en mi terraza al solito, dar clases de latino\u2026<\/p>\n<p><strong>\u00a0<\/strong><\/p>\n<p><strong>Ante la situaci\u00f3n econ\u00f3mica que estamos atravesando en Espa\u00f1a y resto de Europa por el asunto de la Guerra en Ucrania, \u00bfqu\u00e9 consejo dar\u00edas a los ciudadanos que peor lo est\u00e1n pasando, para afrontar los tiempos dif\u00edciles que est\u00e1n por llegar?<\/strong><\/p>\n<p>Yo viv\u00ed la crisis del 2008 y fue tremendo, mi consejo es ahorrar, ahorrar y ahorrar, ahora mismo no es momento de invertir ni arriesgar en nada.<\/p>\n<p><strong>\u00a0<\/strong><\/p>\n<p><strong>Env\u00edale una pregunta al pr\u00f3ximo compa\u00f1ero que ser\u00e1 entrevistado.<\/strong><\/p>\n<p>\u00bfTe gustar\u00eda que la empresa impartiera o aplicara t\u00e9cnicas de Mindfulness?<\/p>\n","protected":false},"excerpt":{"rendered":"<p>\u00bfC\u00f3mo fueron tus inicios en la empresa? \u00c9ramos muy poquitos, unos cinco m\u00e1s o menos, al principio los encargos de Endesa eran los ET, cartas, convenios, proyectos y poco m\u00e1s, poco a poco nos ganamos la confianza del cliente y nos fueron ampliando los trabajos y ve\u00edamos que necesit\u00e1bamos a m\u00e1s compa\u00f1eros y m\u00edranos ahora. [&hellip;]<\/p>\n","protected":false},"author":3,"featured_media":34836,"comment_status":"closed","ping_status":"closed","sticky":false,"template":"","format":"standard","meta":{"content-type":"","footnotes":""},"categories":[600],"tags":[],"class_list":["post-32829","post","type-post","status-publish","format-standard","has-post-thumbnail","hentry","category-off-topic-de"],"yoast_head":"<!-- This site is optimized with the Yoast SEO plugin v27.5 - https:\/\/yoast.com\/product\/yoast-seo-wordpress\/ -->\n<title>Entrevista: Lola del Pozo - Gabitel<\/title>\n<meta name=\"robots\" content=\"noindex, nofollow\" \/>\n<meta property=\"og:locale\" content=\"de_DE\" \/>\n<meta property=\"og:type\" content=\"article\" \/>\n<meta property=\"og:title\" content=\"Entrevista: Lola del Pozo - Gabitel\" \/>\n<meta property=\"og:description\" content=\"\u00bfC\u00f3mo fueron tus inicios en la empresa? \u00c9ramos muy poquitos, unos cinco m\u00e1s o menos, al principio los encargos de Endesa eran los ET, cartas, convenios, proyectos y poco m\u00e1s, poco a poco nos ganamos la confianza del cliente y nos fueron ampliando los trabajos y ve\u00edamos que necesit\u00e1bamos a m\u00e1s compa\u00f1eros y m\u00edranos ahora. [&hellip;]\" \/>\n<meta property=\"og:url\" content=\"https:\/\/gabitel.net\/de\/entrevista-lola-del-pozo\/\" \/>\n<meta property=\"og:site_name\" content=\"Gabitel\" \/>\n<meta property=\"article:publisher\" content=\"https:\/\/www.facebook.com\/gabitelingenieros\/\" \/>\n<meta property=\"article:published_time\" content=\"2023-01-31T12:25:02+00:00\" \/>\n<meta property=\"article:modified_time\" content=\"2026-04-17T06:51:12+00:00\" \/>\n<meta property=\"og:image\" content=\"https:\/\/gabitel.net\/wp-content\/uploads\/2022\/12\/N5-FOTO-DE-LOLA.jpg\" \/>\n\t<meta property=\"og:image:width\" content=\"549\" \/>\n\t<meta property=\"og:image:height\" content=\"936\" \/>\n\t<meta property=\"og:image:type\" content=\"image\/jpeg\" \/>\n<meta name=\"author\" content=\"user.autor\" \/>\n<meta name=\"twitter:card\" content=\"summary_large_image\" \/>\n<meta name=\"twitter:label1\" content=\"Verfasst von\" \/>\n\t<meta name=\"twitter:data1\" content=\"user.autor\" \/>\n\t<meta name=\"twitter:label2\" content=\"Gesch\u00e4tzte Lesezeit\" \/>\n\t<meta name=\"twitter:data2\" content=\"2\u00a0Minuten\" \/>\n<script type=\"application\/ld+json\" class=\"yoast-schema-graph\">{\"@context\":\"https:\\\/\\\/schema.org\",\"@graph\":[{\"@type\":[\"Article\",\"BlogPosting\"],\"@id\":\"https:\\\/\\\/gabitel.net\\\/de\\\/entrevista-lola-del-pozo\\\/#article\",\"isPartOf\":{\"@id\":\"https:\\\/\\\/gabitel.net\\\/de\\\/entrevista-lola-del-pozo\\\/\"},\"author\":{\"name\":\"user.autor\",\"@id\":\"https:\\\/\\\/gabitel.net\\\/de\\\/#\\\/schema\\\/person\\\/37ba53714c3fedb9c7d22f4bc781465c\"},\"headline\":\"Entrevista: Lola del Pozo\",\"datePublished\":\"2023-01-31T12:25:02+00:00\",\"dateModified\":\"2026-04-17T06:51:12+00:00\",\"mainEntityOfPage\":{\"@id\":\"https:\\\/\\\/gabitel.net\\\/de\\\/entrevista-lola-del-pozo\\\/\"},\"wordCount\":419,\"publisher\":{\"@id\":\"https:\\\/\\\/gabitel.net\\\/de\\\/#organization\"},\"image\":{\"@id\":\"https:\\\/\\\/gabitel.net\\\/de\\\/entrevista-lola-del-pozo\\\/#primaryimage\"},\"thumbnailUrl\":\"https:\\\/\\\/gabitel.net\\\/wp-content\\\/uploads\\\/2022\\\/12\\\/N5-FOTO-DE-LOLA.jpg\",\"articleSection\":[\"Off-topic\"],\"inLanguage\":\"de\"},{\"@type\":\"WebPage\",\"@id\":\"https:\\\/\\\/gabitel.net\\\/de\\\/entrevista-lola-del-pozo\\\/\",\"url\":\"https:\\\/\\\/gabitel.net\\\/de\\\/entrevista-lola-del-pozo\\\/\",\"name\":\"Entrevista: Lola del Pozo - Gabitel\",\"isPartOf\":{\"@id\":\"https:\\\/\\\/gabitel.net\\\/de\\\/#website\"},\"primaryImageOfPage\":{\"@id\":\"https:\\\/\\\/gabitel.net\\\/de\\\/entrevista-lola-del-pozo\\\/#primaryimage\"},\"image\":{\"@id\":\"https:\\\/\\\/gabitel.net\\\/de\\\/entrevista-lola-del-pozo\\\/#primaryimage\"},\"thumbnailUrl\":\"https:\\\/\\\/gabitel.net\\\/wp-content\\\/uploads\\\/2022\\\/12\\\/N5-FOTO-DE-LOLA.jpg\",\"datePublished\":\"2023-01-31T12:25:02+00:00\",\"dateModified\":\"2026-04-17T06:51:12+00:00\",\"breadcrumb\":{\"@id\":\"https:\\\/\\\/gabitel.net\\\/de\\\/entrevista-lola-del-pozo\\\/#breadcrumb\"},\"inLanguage\":\"de\",\"potentialAction\":[{\"@type\":\"ReadAction\",\"target\":[\"https:\\\/\\\/gabitel.net\\\/de\\\/entrevista-lola-del-pozo\\\/\"]}]},{\"@type\":\"ImageObject\",\"inLanguage\":\"de\",\"@id\":\"https:\\\/\\\/gabitel.net\\\/de\\\/entrevista-lola-del-pozo\\\/#primaryimage\",\"url\":\"https:\\\/\\\/gabitel.net\\\/wp-content\\\/uploads\\\/2022\\\/12\\\/N5-FOTO-DE-LOLA.jpg\",\"contentUrl\":\"https:\\\/\\\/gabitel.net\\\/wp-content\\\/uploads\\\/2022\\\/12\\\/N5-FOTO-DE-LOLA.jpg\",\"width\":549,\"height\":936,\"caption\":\"Foto Lola del Pozo\"},{\"@type\":\"BreadcrumbList\",\"@id\":\"https:\\\/\\\/gabitel.net\\\/de\\\/entrevista-lola-del-pozo\\\/#breadcrumb\",\"itemListElement\":[{\"@type\":\"ListItem\",\"position\":1,\"name\":\"Portada\",\"item\":\"https:\\\/\\\/gabitel.net\\\/de\\\/\"},{\"@type\":\"ListItem\",\"position\":2,\"name\":\"Entrevista: Lola del Pozo\"}]},{\"@type\":\"WebSite\",\"@id\":\"https:\\\/\\\/gabitel.net\\\/de\\\/#website\",\"url\":\"https:\\\/\\\/gabitel.net\\\/de\\\/\",\"name\":\"Gabitel\",\"description\":\"\",\"publisher\":{\"@id\":\"https:\\\/\\\/gabitel.net\\\/de\\\/#organization\"},\"potentialAction\":[{\"@type\":\"SearchAction\",\"target\":{\"@type\":\"EntryPoint\",\"urlTemplate\":\"https:\\\/\\\/gabitel.net\\\/de\\\/?s={search_term_string}\"},\"query-input\":{\"@type\":\"PropertyValueSpecification\",\"valueRequired\":true,\"valueName\":\"search_term_string\"}}],\"inLanguage\":\"de\"},{\"@type\":\"Organization\",\"@id\":\"https:\\\/\\\/gabitel.net\\\/de\\\/#organization\",\"name\":\"Gabitel\",\"url\":\"https:\\\/\\\/gabitel.net\\\/de\\\/\",\"logo\":{\"@type\":\"ImageObject\",\"inLanguage\":\"de\",\"@id\":\"https:\\\/\\\/gabitel.net\\\/de\\\/#\\\/schema\\\/logo\\\/image\\\/\",\"url\":\"https:\\\/\\\/gabitel.net\\\/wp-content\\\/uploads\\\/2025\\\/05\\\/logo_gabitel.jpg\",\"contentUrl\":\"https:\\\/\\\/gabitel.net\\\/wp-content\\\/uploads\\\/2025\\\/05\\\/logo_gabitel.jpg\",\"width\":2560,\"height\":1330,\"caption\":\"Gabitel\"},\"image\":{\"@id\":\"https:\\\/\\\/gabitel.net\\\/de\\\/#\\\/schema\\\/logo\\\/image\\\/\"},\"sameAs\":[\"https:\\\/\\\/www.facebook.com\\\/gabitelingenieros\\\/\",\"https:\\\/\\\/es.linkedin.com\\\/company\\\/gabitel-ingenieros\"]},{\"@type\":\"Person\",\"@id\":\"https:\\\/\\\/gabitel.net\\\/de\\\/#\\\/schema\\\/person\\\/37ba53714c3fedb9c7d22f4bc781465c\",\"name\":\"user.autor\",\"url\":\"https:\\\/\\\/gabitel.net\\\/de\\\/author\\\/user-autor\\\/\"}]}<\/script>\n<!-- \/ Yoast SEO plugin. -->","yoast_head_json":{"title":"Entrevista: Lola del Pozo - Gabitel","robots":{"index":"noindex","follow":"nofollow"},"og_locale":"de_DE","og_type":"article","og_title":"Entrevista: Lola del Pozo - Gabitel","og_description":"\u00bfC\u00f3mo fueron tus inicios en la empresa? \u00c9ramos muy poquitos, unos cinco m\u00e1s o menos, al principio los encargos de Endesa eran los ET, cartas, convenios, proyectos y poco m\u00e1s, poco a poco nos ganamos la confianza del cliente y nos fueron ampliando los trabajos y ve\u00edamos que necesit\u00e1bamos a m\u00e1s compa\u00f1eros y m\u00edranos ahora. [&hellip;]","og_url":"https:\/\/gabitel.net\/de\/entrevista-lola-del-pozo\/","og_site_name":"Gabitel","article_publisher":"https:\/\/www.facebook.com\/gabitelingenieros\/","article_published_time":"2023-01-31T12:25:02+00:00","article_modified_time":"2026-04-17T06:51:12+00:00","og_image":[{"width":549,"height":936,"url":"https:\/\/gabitel.net\/wp-content\/uploads\/2022\/12\/N5-FOTO-DE-LOLA.jpg","type":"image\/jpeg"}],"author":"user.autor","twitter_card":"summary_large_image","twitter_misc":{"Verfasst von":"user.autor","Gesch\u00e4tzte Lesezeit":"2\u00a0Minuten"},"schema":{"@context":"https:\/\/schema.org","@graph":[{"@type":["Article","BlogPosting"],"@id":"https:\/\/gabitel.net\/de\/entrevista-lola-del-pozo\/#article","isPartOf":{"@id":"https:\/\/gabitel.net\/de\/entrevista-lola-del-pozo\/"},"author":{"name":"user.autor","@id":"https:\/\/gabitel.net\/de\/#\/schema\/person\/37ba53714c3fedb9c7d22f4bc781465c"},"headline":"Entrevista: Lola del Pozo","datePublished":"2023-01-31T12:25:02+00:00","dateModified":"2026-04-17T06:51:12+00:00","mainEntityOfPage":{"@id":"https:\/\/gabitel.net\/de\/entrevista-lola-del-pozo\/"},"wordCount":419,"publisher":{"@id":"https:\/\/gabitel.net\/de\/#organization"},"image":{"@id":"https:\/\/gabitel.net\/de\/entrevista-lola-del-pozo\/#primaryimage"},"thumbnailUrl":"https:\/\/gabitel.net\/wp-content\/uploads\/2022\/12\/N5-FOTO-DE-LOLA.jpg","articleSection":["Off-topic"],"inLanguage":"de"},{"@type":"WebPage","@id":"https:\/\/gabitel.net\/de\/entrevista-lola-del-pozo\/","url":"https:\/\/gabitel.net\/de\/entrevista-lola-del-pozo\/","name":"Entrevista: Lola del Pozo - Gabitel","isPartOf":{"@id":"https:\/\/gabitel.net\/de\/#website"},"primaryImageOfPage":{"@id":"https:\/\/gabitel.net\/de\/entrevista-lola-del-pozo\/#primaryimage"},"image":{"@id":"https:\/\/gabitel.net\/de\/entrevista-lola-del-pozo\/#primaryimage"},"thumbnailUrl":"https:\/\/gabitel.net\/wp-content\/uploads\/2022\/12\/N5-FOTO-DE-LOLA.jpg","datePublished":"2023-01-31T12:25:02+00:00","dateModified":"2026-04-17T06:51:12+00:00","breadcrumb":{"@id":"https:\/\/gabitel.net\/de\/entrevista-lola-del-pozo\/#breadcrumb"},"inLanguage":"de","potentialAction":[{"@type":"ReadAction","target":["https:\/\/gabitel.net\/de\/entrevista-lola-del-pozo\/"]}]},{"@type":"ImageObject","inLanguage":"de","@id":"https:\/\/gabitel.net\/de\/entrevista-lola-del-pozo\/#primaryimage","url":"https:\/\/gabitel.net\/wp-content\/uploads\/2022\/12\/N5-FOTO-DE-LOLA.jpg","contentUrl":"https:\/\/gabitel.net\/wp-content\/uploads\/2022\/12\/N5-FOTO-DE-LOLA.jpg","width":549,"height":936,"caption":"Foto Lola del Pozo"},{"@type":"BreadcrumbList","@id":"https:\/\/gabitel.net\/de\/entrevista-lola-del-pozo\/#breadcrumb","itemListElement":[{"@type":"ListItem","position":1,"name":"Portada","item":"https:\/\/gabitel.net\/de\/"},{"@type":"ListItem","position":2,"name":"Entrevista: Lola del Pozo"}]},{"@type":"WebSite","@id":"https:\/\/gabitel.net\/de\/#website","url":"https:\/\/gabitel.net\/de\/","name":"Gabitel","description":"","publisher":{"@id":"https:\/\/gabitel.net\/de\/#organization"},"potentialAction":[{"@type":"SearchAction","target":{"@type":"EntryPoint","urlTemplate":"https:\/\/gabitel.net\/de\/?s={search_term_string}"},"query-input":{"@type":"PropertyValueSpecification","valueRequired":true,"valueName":"search_term_string"}}],"inLanguage":"de"},{"@type":"Organization","@id":"https:\/\/gabitel.net\/de\/#organization","name":"Gabitel","url":"https:\/\/gabitel.net\/de\/","logo":{"@type":"ImageObject","inLanguage":"de","@id":"https:\/\/gabitel.net\/de\/#\/schema\/logo\/image\/","url":"https:\/\/gabitel.net\/wp-content\/uploads\/2025\/05\/logo_gabitel.jpg","contentUrl":"https:\/\/gabitel.net\/wp-content\/uploads\/2025\/05\/logo_gabitel.jpg","width":2560,"height":1330,"caption":"Gabitel"},"image":{"@id":"https:\/\/gabitel.net\/de\/#\/schema\/logo\/image\/"},"sameAs":["https:\/\/www.facebook.com\/gabitelingenieros\/","https:\/\/es.linkedin.com\/company\/gabitel-ingenieros"]},{"@type":"Person","@id":"https:\/\/gabitel.net\/de\/#\/schema\/person\/37ba53714c3fedb9c7d22f4bc781465c","name":"user.autor","url":"https:\/\/gabitel.net\/de\/author\/user-autor\/"}]}},"_links":{"self":[{"href":"https:\/\/gabitel.net\/de\/wp-json\/wp\/v2\/posts\/32829","targetHints":{"allow":["GET"]}}],"collection":[{"href":"https:\/\/gabitel.net\/de\/wp-json\/wp\/v2\/posts"}],"about":[{"href":"https:\/\/gabitel.net\/de\/wp-json\/wp\/v2\/types\/post"}],"author":[{"embeddable":true,"href":"https:\/\/gabitel.net\/de\/wp-json\/wp\/v2\/users\/3"}],"replies":[{"embeddable":true,"href":"https:\/\/gabitel.net\/de\/wp-json\/wp\/v2\/comments?post=32829"}],"version-history":[{"count":1,"href":"https:\/\/gabitel.net\/de\/wp-json\/wp\/v2\/posts\/32829\/revisions"}],"predecessor-version":[{"id":37536,"href":"https:\/\/gabitel.net\/de\/wp-json\/wp\/v2\/posts\/32829\/revisions\/37536"}],"wp:featuredmedia":[{"embeddable":true,"href":"https:\/\/gabitel.net\/de\/wp-json\/wp\/v2\/media\/34836"}],"wp:attachment":[{"href":"https:\/\/gabitel.net\/de\/wp-json\/wp\/v2\/media?parent=32829"}],"wp:term":[{"taxonomy":"category","embeddable":true,"href":"https:\/\/gabitel.net\/de\/wp-json\/wp\/v2\/categories?post=32829"},{"taxonomy":"post_tag","embeddable":true,"href":"https:\/\/gabitel.net\/de\/wp-json\/wp\/v2\/tags?post=32829"}],"curies":[{"name":"wp","href":"https:\/\/api.w.org\/{rel}","templated":true}]}}