{"id":32831,"date":"2023-01-31T09:29:45","date_gmt":"2023-01-31T08:29:45","guid":{"rendered":"https:\/\/gabitel.net\/cumpleanos-del-mes-de-enero-2023\/"},"modified":"2023-01-31T09:29:45","modified_gmt":"2023-01-31T08:29:45","slug":"cumpleanos-del-mes-de-enero-2023","status":"publish","type":"post","link":"https:\/\/gabitel.net\/de\/cumpleanos-del-mes-de-enero-2023\/","title":{"rendered":"Cumplea\u00f1os del mes de Enero de 2023"},"content":{"rendered":"<p><strong>\u00a1FELIZ CUMPLEA\u00d1OS, COMPA\u00d1ER@S!<\/strong><\/p>\n<p><strong>\u00a0<\/strong>Aunque este mes con algo de retraso, no queremos dejar de felicitar a todos nuestros compa\u00f1eros que celebraron su cumplea\u00f1os en este mes de enero.<\/p>\n<p>M\u00e1s vale tarde que nunca\u2026 &#x1f60a;<\/p>\n<p>\u00a1<strong><em>Muchas felicidades<\/em><\/strong>!<\/p>\n<p>Os deseamos que disfrut\u00e9is de vuestro d\u00eda al m\u00e1ximo y se cumplan todos vuestros prop\u00f3sitos e ilusiones.<\/p>\n<p><img decoding=\"async\" src=\"https:\/\/gabitelingenieros.com\/wp-content\/uploads\/2022\/12\/Rafael-Castillo.jpg\" alt=\"Cumplea\u00f1os del mes | Gabitel Ingenieros\" \/><\/p>\n<p style=\"text-align: center;\">Rafael Castillo<\/p>\n<p style=\"text-align: center;\"><strong>2 de enero<\/strong><\/p>\n<p><img decoding=\"async\" src=\"https:\/\/gabitelingenieros.com\/wp-content\/uploads\/2022\/12\/Jesus-Cuesta.jpg\" alt=\"Cumplea\u00f1os del mes | Gabitel Ingenieros\" \/><\/p>\n<p style=\"text-align: center;\">Jes\u00fas Cuesta<\/p>\n<p style=\"text-align: center;\"><strong>4 de enero<\/strong><\/p>\n<p><img decoding=\"async\" src=\"https:\/\/gabitelingenieros.com\/wp-content\/uploads\/2022\/12\/Kendy-Salas.jpg\" alt=\"Cumplea\u00f1os del mes | Gabitel Ingenieros\" \/><\/p>\n<p style=\"text-align: center;\">Kendy Salas<\/p>\n<p style=\"text-align: center;\"><strong>4 de enero<\/strong><\/p>\n<p><img decoding=\"async\" src=\"https:\/\/gabitelingenieros.com\/wp-content\/uploads\/2022\/12\/Demetrio-Cid.jpg\" alt=\"Cumplea\u00f1os del mes | Gabitel Ingenieros\" \/><\/p>\n<p style=\"text-align: center;\">Demetrio Cid<\/p>\n<p style=\"text-align: center;\"><strong>11 de enero<\/strong><\/p>\n<p><img decoding=\"async\" src=\"https:\/\/gabitelingenieros.com\/wp-content\/uploads\/2022\/12\/Marta-Flores.jpg\" alt=\"Cumplea\u00f1os del mes | Gabitel Ingenieros\" \/><\/p>\n<p style=\"text-align: center;\">Marta Flores<\/p>\n<p style=\"text-align: center;\"><strong>12 de enero<\/strong><\/p>\n<p><img decoding=\"async\" src=\"https:\/\/gabitelingenieros.com\/wp-content\/uploads\/2022\/12\/Luis-Portero.jpg\" alt=\"Cumplea\u00f1os del mes | Gabitel Ingenieros\" \/><\/p>\n<p style=\"text-align: center;\">Luis Portero<\/p>\n<p style=\"text-align: center;\"><strong>12 de enero<\/strong><\/p>\n<p><img decoding=\"async\" src=\"https:\/\/gabitelingenieros.com\/wp-content\/uploads\/2022\/12\/Vanesa-Delgado.jpg\" alt=\"Cumplea\u00f1os del mes | Gabitel Ingenieros\" \/><\/p>\n<p style=\"text-align: center;\">Vanesa Delgado<\/p>\n<p style=\"text-align: center;\"><strong>15 de enero<\/strong><\/p>\n<p><img decoding=\"async\" src=\"https:\/\/gabitelingenieros.com\/wp-content\/uploads\/2022\/12\/David-Garcia.jpg\" alt=\"Cumplea\u00f1os del mes | Gabitel Ingenieros\" \/><\/p>\n<p style=\"text-align: center;\">David Garc\u00eda<\/p>\n<p style=\"text-align: center;\"><strong>19 de enero<\/strong><\/p>\n<p><img decoding=\"async\" src=\"https:\/\/gabitelingenieros.com\/wp-content\/uploads\/2022\/12\/Pedro-Prieto.jpg\" alt=\"Cumplea\u00f1os del mes | Gabitel Ingenieros\" \/><\/p>\n<p style=\"text-align: center;\">Pedro Prieto<\/p>\n<p style=\"text-align: center;\"><strong>25 de enero<\/strong><\/p>\n<p><img decoding=\"async\" src=\"https:\/\/gabitelingenieros.com\/wp-content\/uploads\/2022\/12\/Daniel-Cruces.jpg\" alt=\"Cumplea\u00f1os del mes | Gabitel Ingenieros\" \/><\/p>\n<p style=\"text-align: center;\">Daniel Cruces<\/p>\n<p style=\"text-align: center;\"><strong>29 de enero<\/strong><\/p>\n<p><strong>Celebremos seguir compartiendo con nosotros grandes momentos de vuestras vidas y crucemos los dedos para que todos vuestros deseos puestos en este nuevo a\u00f1o que cumpl\u00eds se hagan realidad <\/strong><strong>&#x1f60a;<\/strong>.<\/p>\n","protected":false},"excerpt":{"rendered":"<p>\u00a1FELIZ CUMPLEA\u00d1OS, COMPA\u00d1ER@S! \u00a0Aunque este mes con algo de retraso, no queremos dejar de felicitar a todos nuestros compa\u00f1eros que celebraron su cumplea\u00f1os en este mes de enero. M\u00e1s vale tarde que nunca\u2026 &#x1f60a; \u00a1Muchas felicidades! Os deseamos que disfrut\u00e9is de vuestro d\u00eda al m\u00e1ximo y se cumplan todos vuestros prop\u00f3sitos e ilusiones. Rafael Castillo [&hellip;]<\/p>\n","protected":false},"author":3,"featured_media":34838,"comment_status":"closed","ping_status":"closed","sticky":false,"template":"","format":"standard","meta":{"content-type":"","footnotes":""},"categories":[600],"tags":[],"class_list":["post-32831","post","type-post","status-publish","format-standard","has-post-thumbnail","hentry","category-off-topic-de"],"yoast_head":"<!-- This site is optimized with the Yoast SEO plugin v27.5 - https:\/\/yoast.com\/product\/yoast-seo-wordpress\/ -->\n<title>Cumplea\u00f1os del mes de Enero de 2023 - Gabitel<\/title>\n<meta name=\"robots\" content=\"index, follow, max-snippet:-1, max-image-preview:large, max-video-preview:-1\" \/>\n<link rel=\"canonical\" href=\"https:\/\/gabitel.net\/de\/cumpleanos-del-mes-de-enero-2023\/\" \/>\n<meta property=\"og:locale\" content=\"de_DE\" \/>\n<meta property=\"og:type\" content=\"article\" \/>\n<meta property=\"og:title\" content=\"Cumplea\u00f1os del mes de Enero de 2023 - Gabitel\" \/>\n<meta property=\"og:description\" content=\"\u00a1FELIZ CUMPLEA\u00d1OS, COMPA\u00d1ER@S! \u00a0Aunque este mes con algo de retraso, no queremos dejar de felicitar a todos nuestros compa\u00f1eros que celebraron su cumplea\u00f1os en este mes de enero. M\u00e1s vale tarde que nunca\u2026 &#x1f60a; \u00a1Muchas felicidades! Os deseamos que disfrut\u00e9is de vuestro d\u00eda al m\u00e1ximo y se cumplan todos vuestros prop\u00f3sitos e ilusiones. Rafael Castillo [&hellip;]\" \/>\n<meta property=\"og:url\" content=\"https:\/\/gabitel.net\/de\/cumpleanos-del-mes-de-enero-2023\/\" \/>\n<meta property=\"og:site_name\" content=\"Gabitel\" \/>\n<meta property=\"article:publisher\" content=\"https:\/\/www.facebook.com\/gabitelingenieros\/\" \/>\n<meta property=\"article:published_time\" content=\"2023-01-31T08:29:45+00:00\" \/>\n<meta property=\"og:image\" content=\"https:\/\/gabitelingenieros.com\/wp-content\/uploads\/2022\/12\/Rafael-Castillo.jpg\" \/>\n<meta name=\"author\" content=\"user.autor\" \/>\n<meta name=\"twitter:card\" content=\"summary_large_image\" \/>\n<meta name=\"twitter:label1\" content=\"Verfasst von\" \/>\n\t<meta name=\"twitter:data1\" content=\"user.autor\" \/>\n\t<meta name=\"twitter:label2\" content=\"Gesch\u00e4tzte Lesezeit\" \/>\n\t<meta name=\"twitter:data2\" content=\"1\u00a0Minute\" \/>\n<script type=\"application\/ld+json\" class=\"yoast-schema-graph\">{\"@context\":\"https:\\\/\\\/schema.org\",\"@graph\":[{\"@type\":[\"Article\",\"BlogPosting\"],\"@id\":\"https:\\\/\\\/gabitel.net\\\/de\\\/cumpleanos-del-mes-de-enero-2023\\\/#article\",\"isPartOf\":{\"@id\":\"https:\\\/\\\/gabitel.net\\\/de\\\/cumpleanos-del-mes-de-enero-2023\\\/\"},\"author\":{\"name\":\"user.autor\",\"@id\":\"https:\\\/\\\/gabitel.net\\\/de\\\/#\\\/schema\\\/person\\\/37ba53714c3fedb9c7d22f4bc781465c\"},\"headline\":\"Cumplea\u00f1os del mes de Enero de 2023\",\"datePublished\":\"2023-01-31T08:29:45+00:00\",\"mainEntityOfPage\":{\"@id\":\"https:\\\/\\\/gabitel.net\\\/de\\\/cumpleanos-del-mes-de-enero-2023\\\/\"},\"wordCount\":148,\"publisher\":{\"@id\":\"https:\\\/\\\/gabitel.net\\\/de\\\/#organization\"},\"image\":{\"@id\":\"https:\\\/\\\/gabitel.net\\\/de\\\/cumpleanos-del-mes-de-enero-2023\\\/#primaryimage\"},\"thumbnailUrl\":\"https:\\\/\\\/gabitel.net\\\/wp-content\\\/uploads\\\/2022\\\/12\\\/N4.-Cumpleanos.jpg\",\"articleSection\":[\"Off-topic\"],\"inLanguage\":\"de\"},{\"@type\":\"WebPage\",\"@id\":\"https:\\\/\\\/gabitel.net\\\/de\\\/cumpleanos-del-mes-de-enero-2023\\\/\",\"url\":\"https:\\\/\\\/gabitel.net\\\/de\\\/cumpleanos-del-mes-de-enero-2023\\\/\",\"name\":\"Cumplea\u00f1os del mes de Enero de 2023 - Gabitel\",\"isPartOf\":{\"@id\":\"https:\\\/\\\/gabitel.net\\\/de\\\/#website\"},\"primaryImageOfPage\":{\"@id\":\"https:\\\/\\\/gabitel.net\\\/de\\\/cumpleanos-del-mes-de-enero-2023\\\/#primaryimage\"},\"image\":{\"@id\":\"https:\\\/\\\/gabitel.net\\\/de\\\/cumpleanos-del-mes-de-enero-2023\\\/#primaryimage\"},\"thumbnailUrl\":\"https:\\\/\\\/gabitel.net\\\/wp-content\\\/uploads\\\/2022\\\/12\\\/N4.-Cumpleanos.jpg\",\"datePublished\":\"2023-01-31T08:29:45+00:00\",\"breadcrumb\":{\"@id\":\"https:\\\/\\\/gabitel.net\\\/de\\\/cumpleanos-del-mes-de-enero-2023\\\/#breadcrumb\"},\"inLanguage\":\"de\",\"potentialAction\":[{\"@type\":\"ReadAction\",\"target\":[\"https:\\\/\\\/gabitel.net\\\/de\\\/cumpleanos-del-mes-de-enero-2023\\\/\"]}]},{\"@type\":\"ImageObject\",\"inLanguage\":\"de\",\"@id\":\"https:\\\/\\\/gabitel.net\\\/de\\\/cumpleanos-del-mes-de-enero-2023\\\/#primaryimage\",\"url\":\"https:\\\/\\\/gabitel.net\\\/wp-content\\\/uploads\\\/2022\\\/12\\\/N4.-Cumpleanos.jpg\",\"contentUrl\":\"https:\\\/\\\/gabitel.net\\\/wp-content\\\/uploads\\\/2022\\\/12\\\/N4.-Cumpleanos.jpg\",\"width\":802,\"height\":508},{\"@type\":\"BreadcrumbList\",\"@id\":\"https:\\\/\\\/gabitel.net\\\/de\\\/cumpleanos-del-mes-de-enero-2023\\\/#breadcrumb\",\"itemListElement\":[{\"@type\":\"ListItem\",\"position\":1,\"name\":\"Portada\",\"item\":\"https:\\\/\\\/gabitel.net\\\/de\\\/\"},{\"@type\":\"ListItem\",\"position\":2,\"name\":\"Cumplea\u00f1os del mes de Enero de 2023\"}]},{\"@type\":\"WebSite\",\"@id\":\"https:\\\/\\\/gabitel.net\\\/de\\\/#website\",\"url\":\"https:\\\/\\\/gabitel.net\\\/de\\\/\",\"name\":\"Gabitel\",\"description\":\"\",\"publisher\":{\"@id\":\"https:\\\/\\\/gabitel.net\\\/de\\\/#organization\"},\"potentialAction\":[{\"@type\":\"SearchAction\",\"target\":{\"@type\":\"EntryPoint\",\"urlTemplate\":\"https:\\\/\\\/gabitel.net\\\/de\\\/?s={search_term_string}\"},\"query-input\":{\"@type\":\"PropertyValueSpecification\",\"valueRequired\":true,\"valueName\":\"search_term_string\"}}],\"inLanguage\":\"de\"},{\"@type\":\"Organization\",\"@id\":\"https:\\\/\\\/gabitel.net\\\/de\\\/#organization\",\"name\":\"Gabitel\",\"url\":\"https:\\\/\\\/gabitel.net\\\/de\\\/\",\"logo\":{\"@type\":\"ImageObject\",\"inLanguage\":\"de\",\"@id\":\"https:\\\/\\\/gabitel.net\\\/de\\\/#\\\/schema\\\/logo\\\/image\\\/\",\"url\":\"https:\\\/\\\/gabitel.net\\\/wp-content\\\/uploads\\\/2025\\\/05\\\/logo_gabitel.jpg\",\"contentUrl\":\"https:\\\/\\\/gabitel.net\\\/wp-content\\\/uploads\\\/2025\\\/05\\\/logo_gabitel.jpg\",\"width\":2560,\"height\":1330,\"caption\":\"Gabitel\"},\"image\":{\"@id\":\"https:\\\/\\\/gabitel.net\\\/de\\\/#\\\/schema\\\/logo\\\/image\\\/\"},\"sameAs\":[\"https:\\\/\\\/www.facebook.com\\\/gabitelingenieros\\\/\",\"https:\\\/\\\/es.linkedin.com\\\/company\\\/gabitel-ingenieros\"]},{\"@type\":\"Person\",\"@id\":\"https:\\\/\\\/gabitel.net\\\/de\\\/#\\\/schema\\\/person\\\/37ba53714c3fedb9c7d22f4bc781465c\",\"name\":\"user.autor\",\"url\":\"https:\\\/\\\/gabitel.net\\\/de\\\/author\\\/user-autor\\\/\"}]}<\/script>\n<!-- \/ Yoast SEO plugin. -->","yoast_head_json":{"title":"Cumplea\u00f1os del mes de Enero de 2023 - Gabitel","robots":{"index":"index","follow":"follow","max-snippet":"max-snippet:-1","max-image-preview":"max-image-preview:large","max-video-preview":"max-video-preview:-1"},"canonical":"https:\/\/gabitel.net\/de\/cumpleanos-del-mes-de-enero-2023\/","og_locale":"de_DE","og_type":"article","og_title":"Cumplea\u00f1os del mes de Enero de 2023 - Gabitel","og_description":"\u00a1FELIZ CUMPLEA\u00d1OS, COMPA\u00d1ER@S! \u00a0Aunque este mes con algo de retraso, no queremos dejar de felicitar a todos nuestros compa\u00f1eros que celebraron su cumplea\u00f1os en este mes de enero. M\u00e1s vale tarde que nunca\u2026 &#x1f60a; \u00a1Muchas felicidades! Os deseamos que disfrut\u00e9is de vuestro d\u00eda al m\u00e1ximo y se cumplan todos vuestros prop\u00f3sitos e ilusiones. Rafael Castillo [&hellip;]","og_url":"https:\/\/gabitel.net\/de\/cumpleanos-del-mes-de-enero-2023\/","og_site_name":"Gabitel","article_publisher":"https:\/\/www.facebook.com\/gabitelingenieros\/","article_published_time":"2023-01-31T08:29:45+00:00","og_image":[{"url":"https:\/\/gabitelingenieros.com\/wp-content\/uploads\/2022\/12\/Rafael-Castillo.jpg","type":"","width":"","height":""}],"author":"user.autor","twitter_card":"summary_large_image","twitter_misc":{"Verfasst von":"user.autor","Gesch\u00e4tzte Lesezeit":"1\u00a0Minute"},"schema":{"@context":"https:\/\/schema.org","@graph":[{"@type":["Article","BlogPosting"],"@id":"https:\/\/gabitel.net\/de\/cumpleanos-del-mes-de-enero-2023\/#article","isPartOf":{"@id":"https:\/\/gabitel.net\/de\/cumpleanos-del-mes-de-enero-2023\/"},"author":{"name":"user.autor","@id":"https:\/\/gabitel.net\/de\/#\/schema\/person\/37ba53714c3fedb9c7d22f4bc781465c"},"headline":"Cumplea\u00f1os del mes de Enero de 2023","datePublished":"2023-01-31T08:29:45+00:00","mainEntityOfPage":{"@id":"https:\/\/gabitel.net\/de\/cumpleanos-del-mes-de-enero-2023\/"},"wordCount":148,"publisher":{"@id":"https:\/\/gabitel.net\/de\/#organization"},"image":{"@id":"https:\/\/gabitel.net\/de\/cumpleanos-del-mes-de-enero-2023\/#primaryimage"},"thumbnailUrl":"https:\/\/gabitel.net\/wp-content\/uploads\/2022\/12\/N4.-Cumpleanos.jpg","articleSection":["Off-topic"],"inLanguage":"de"},{"@type":"WebPage","@id":"https:\/\/gabitel.net\/de\/cumpleanos-del-mes-de-enero-2023\/","url":"https:\/\/gabitel.net\/de\/cumpleanos-del-mes-de-enero-2023\/","name":"Cumplea\u00f1os del mes de Enero de 2023 - Gabitel","isPartOf":{"@id":"https:\/\/gabitel.net\/de\/#website"},"primaryImageOfPage":{"@id":"https:\/\/gabitel.net\/de\/cumpleanos-del-mes-de-enero-2023\/#primaryimage"},"image":{"@id":"https:\/\/gabitel.net\/de\/cumpleanos-del-mes-de-enero-2023\/#primaryimage"},"thumbnailUrl":"https:\/\/gabitel.net\/wp-content\/uploads\/2022\/12\/N4.-Cumpleanos.jpg","datePublished":"2023-01-31T08:29:45+00:00","breadcrumb":{"@id":"https:\/\/gabitel.net\/de\/cumpleanos-del-mes-de-enero-2023\/#breadcrumb"},"inLanguage":"de","potentialAction":[{"@type":"ReadAction","target":["https:\/\/gabitel.net\/de\/cumpleanos-del-mes-de-enero-2023\/"]}]},{"@type":"ImageObject","inLanguage":"de","@id":"https:\/\/gabitel.net\/de\/cumpleanos-del-mes-de-enero-2023\/#primaryimage","url":"https:\/\/gabitel.net\/wp-content\/uploads\/2022\/12\/N4.-Cumpleanos.jpg","contentUrl":"https:\/\/gabitel.net\/wp-content\/uploads\/2022\/12\/N4.-Cumpleanos.jpg","width":802,"height":508},{"@type":"BreadcrumbList","@id":"https:\/\/gabitel.net\/de\/cumpleanos-del-mes-de-enero-2023\/#breadcrumb","itemListElement":[{"@type":"ListItem","position":1,"name":"Portada","item":"https:\/\/gabitel.net\/de\/"},{"@type":"ListItem","position":2,"name":"Cumplea\u00f1os del mes de Enero de 2023"}]},{"@type":"WebSite","@id":"https:\/\/gabitel.net\/de\/#website","url":"https:\/\/gabitel.net\/de\/","name":"Gabitel","description":"","publisher":{"@id":"https:\/\/gabitel.net\/de\/#organization"},"potentialAction":[{"@type":"SearchAction","target":{"@type":"EntryPoint","urlTemplate":"https:\/\/gabitel.net\/de\/?s={search_term_string}"},"query-input":{"@type":"PropertyValueSpecification","valueRequired":true,"valueName":"search_term_string"}}],"inLanguage":"de"},{"@type":"Organization","@id":"https:\/\/gabitel.net\/de\/#organization","name":"Gabitel","url":"https:\/\/gabitel.net\/de\/","logo":{"@type":"ImageObject","inLanguage":"de","@id":"https:\/\/gabitel.net\/de\/#\/schema\/logo\/image\/","url":"https:\/\/gabitel.net\/wp-content\/uploads\/2025\/05\/logo_gabitel.jpg","contentUrl":"https:\/\/gabitel.net\/wp-content\/uploads\/2025\/05\/logo_gabitel.jpg","width":2560,"height":1330,"caption":"Gabitel"},"image":{"@id":"https:\/\/gabitel.net\/de\/#\/schema\/logo\/image\/"},"sameAs":["https:\/\/www.facebook.com\/gabitelingenieros\/","https:\/\/es.linkedin.com\/company\/gabitel-ingenieros"]},{"@type":"Person","@id":"https:\/\/gabitel.net\/de\/#\/schema\/person\/37ba53714c3fedb9c7d22f4bc781465c","name":"user.autor","url":"https:\/\/gabitel.net\/de\/author\/user-autor\/"}]}},"_links":{"self":[{"href":"https:\/\/gabitel.net\/de\/wp-json\/wp\/v2\/posts\/32831","targetHints":{"allow":["GET"]}}],"collection":[{"href":"https:\/\/gabitel.net\/de\/wp-json\/wp\/v2\/posts"}],"about":[{"href":"https:\/\/gabitel.net\/de\/wp-json\/wp\/v2\/types\/post"}],"author":[{"embeddable":true,"href":"https:\/\/gabitel.net\/de\/wp-json\/wp\/v2\/users\/3"}],"replies":[{"embeddable":true,"href":"https:\/\/gabitel.net\/de\/wp-json\/wp\/v2\/comments?post=32831"}],"version-history":[{"count":0,"href":"https:\/\/gabitel.net\/de\/wp-json\/wp\/v2\/posts\/32831\/revisions"}],"wp:featuredmedia":[{"embeddable":true,"href":"https:\/\/gabitel.net\/de\/wp-json\/wp\/v2\/media\/34838"}],"wp:attachment":[{"href":"https:\/\/gabitel.net\/de\/wp-json\/wp\/v2\/media?parent=32831"}],"wp:term":[{"taxonomy":"category","embeddable":true,"href":"https:\/\/gabitel.net\/de\/wp-json\/wp\/v2\/categories?post=32831"},{"taxonomy":"post_tag","embeddable":true,"href":"https:\/\/gabitel.net\/de\/wp-json\/wp\/v2\/tags?post=32831"}],"curies":[{"name":"wp","href":"https:\/\/api.w.org\/{rel}","templated":true}]}}