{"id":32855,"date":"2022-10-28T11:55:09","date_gmt":"2022-10-28T09:55:09","guid":{"rendered":"https:\/\/gabitel.net\/nuestro-equipo-entrevista-a-rodrigo-delgado\/"},"modified":"2022-10-28T11:55:09","modified_gmt":"2022-10-28T09:55:09","slug":"nuestro-equipo-entrevista-a-rodrigo-delgado","status":"publish","type":"post","link":"https:\/\/gabitel.net\/de\/nuestro-equipo-entrevista-a-rodrigo-delgado\/","title":{"rendered":"Nuestro equipo. Entrevista Rodrigo Delgado"},"content":{"rendered":"<p><strong>En este bolet\u00edn de octubre, entrevistamos a Rodrigo, nuestro Director.<\/p>\n<p><\/strong><\/p>\n<p><strong>Despu\u00e9s de tantos a\u00f1os, \u00bfQu\u00e9 significado tiene para t\u00ed Gabitel?<\/strong><\/p>\n<p>Me incorpor\u00e9 a Gabitel hace 16 a\u00f1os, meses despu\u00e9s de la constituci\u00f3n de la sociedad limitada. En aquella \u00e9poca, \u00e9ramos 5 personas dedicadas a proyectos muy peque\u00f1itos y muy centrados en Huelva. Desde entonces han pasado muchas cosas, hemos crecido mucho y hemos vivido muchas alegr\u00edas, algunas dificultades y momentos dolorosos. Por todo ello, Gabitel para m\u00ed es como un hijo, del cual te sientes orgulloso por lo que ha conseguido, pero en el que depositas grandes esperanzas por todo lo que puede llegar a lograr.<\/p>\n<p>&nbsp;<\/p>\n<p><strong>Como Director, \u00bfcu\u00e1les son los prop\u00f3sitos u objetivos que te has marcado a medio plazo para nuestra empresa? <\/strong><\/p>\n<p>El principal objetivo a medio plazo &#8211; dise\u00f1ado en el Plan Estrat\u00e9gico de la empresa &#8211; \u00a0es seguir avanzando en la Internacionalizaci\u00f3n, con dos prop\u00f3sitos: primero, para asegurar la continuidad y el crecimiento sostenido de Gabitel accediendo a mercados donde hay mucho m\u00e1s trabajo que en Espa\u00f1a y donde la labor de las empresas de ingenier\u00eda est\u00e1 m\u00e1s reconocida y mejor pagada. Y segundo y m\u00e1s importante, a trav\u00e9s de lo anterior, poder fomentar el crecimiento profesional de nuestros compa\u00f1eros, participando en proyectos motivadores, trabajando en otros idiomas y otros pa\u00edses, gestionando contratos internacionales, etc. Este es adem\u00e1s el camino para conseguir mejorar las condiciones laborales y econ\u00f3micas de nuestra plantilla, que es mi principal obsesi\u00f3n. Todo este proceso lleva su tiempo, pero son objetivos conseguibles, como se ha demostrado en los dos \u00faltimos a\u00f1os. Somos mucho mejores de lo que nos creemos, y as\u00ed nos lo est\u00e1n reconociendo en el extranjero.<\/p>\n<p>&nbsp;<\/p>\n<p><strong>Eres Ingeniero en Telecomunicaciones, \u00bfpor qu\u00e9 decidiste estudiar esta ingenier\u00eda y ya de paso\u2026 cu\u00e9ntanos algo interesante de tu etapa universitaria (seguro que hay alguna que otra an\u00e9cdota que se pueda compartir <\/strong><strong>&#x1f60a;<\/strong><strong>)<\/strong><strong>? <\/strong><\/p>\n<p>Soy Ingeniero de Telecomunicaciones porque era una de las pocas carreras t\u00e9cnicas que no ten\u00eda la asignatura de Dibujo, ja, ja,\u2026 Durante BUP y COU no era muy bueno en esta materia, lo cual se un\u00eda a que la impart\u00eda un profesor que &#8211; por decirlo de alguna forma &#8211; no me ten\u00eda demasiado cari\u00f1o, as\u00ed que esto me empuj\u00f3 a abandonar mi idea inicial de estudiar Arquitectura. Durante los primeros a\u00f1os de carrera estudi\u00e9 en un Colegio Mayor, all\u00ed suced\u00edan cientos de an\u00e9cdotas cada a\u00f1o, sobre todo los primeros d\u00edas de curso con las novatadas. Hab\u00eda algunas muy divertidas, ya que no eran peligrosas ni abusivas, como por ejemplo lo que llam\u00e1bamos \u201chacer el vac\u00edo\u201d, es decir, cuando alguien no estaba en su habitaci\u00f3n, los compa\u00f1eros le sac\u00e1bamos TODO, absolutamente TODO, y le mont\u00e1bamos de nuevo la habitaci\u00f3n en el pasillo.<\/p>\n<p>&nbsp;<\/p>\n<p><strong>Cuando dispones de tiempo libre\u201d, \u00bfen qu\u00e9 hobbies o aficiones te gusta emplearlo?<\/strong><\/p>\n<p>Me encantan los deportes, he practicado muchos a lo largo de mi vida: futbol, baloncesto, tenis, p\u00e1del, vela, esqu\u00ed, submarinismo, karate, windsurf, golf, kayak, etc. En algunos de ellos he estado federado y compitiendo a nivel local. Desde hace algunos a\u00f1os los problemas de espalda me han obligado a centrarme en algunos de los deportes \u201cm\u00e1s suaves\u201d de los mencionados anteriormente. Tambi\u00e9n me gusta mucho viajar, de hecho, pr\u00f3ximamente tengo programado un viaje a Namibia con mi pandilla de amigos.<\/p>\n<p>&nbsp;<\/p>\n<p><strong>Ah\u00ed va la pregunta enviada por nuestro compa\u00f1ero Pedro que hizo la entrevista el pasado mes: \u00bfQu\u00e9 cambios experimentaste durante la \u00e9poca de la pandemia y el confinamiento? <\/strong><\/p>\n<p>Como otra mucha gente, aprend\u00ed a valorar a\u00fan m\u00e1s la vida, a intentar aprovechar los buenos momentos, a no darle importancia a lo que no la tiene, a querer m\u00e1s a las personas que me quieren, a no importarme lo que piensen las que no me quieren, a ser conscientes de que estamos aqu\u00ed de paso y no duraremos mucho m\u00e1s de 80 a\u00f1os (con suerte). A veces las situaciones complicadas te ayudan a ver las cosas desde otra perspectiva, yo ya tuve una primera experiencia desgraciada y esta segunda (la pandemia) me ha ayudado a reforzarme en mis convicciones.<\/p>\n<p>&nbsp;<\/p>\n<p><strong>Env\u00edale una pregunta al pr\u00f3ximo compa\u00f1ero que ser\u00e1 entrevistado.<\/strong><\/p>\n<p>\u00bfCu\u00e1l es la ense\u00f1anza m\u00e1s importante que has sacado en tu vida? O dicho de otra forma, si tuvieses que darle un \u00daNICO consejo al resto de la humanidad, \u00bfcu\u00e1l ser\u00eda?&#8230; no es una pregunta f\u00e1cil, ja, ja,\u2026 pero puede quedar como t\u00edtulo o como pr\u00f3logo para cuando escribas tus memorias.<\/p>\n","protected":false},"excerpt":{"rendered":"<p>En este bolet\u00edn de octubre, entrevistamos a Rodrigo, nuestro Director. Despu\u00e9s de tantos a\u00f1os, \u00bfQu\u00e9 significado tiene para t\u00ed Gabitel? Me incorpor\u00e9 a Gabitel hace 16 a\u00f1os, meses despu\u00e9s de la constituci\u00f3n de la sociedad limitada. En aquella \u00e9poca, \u00e9ramos 5 personas dedicadas a proyectos muy peque\u00f1itos y muy centrados en Huelva. Desde entonces han [&hellip;]<\/p>\n","protected":false},"author":3,"featured_media":34716,"comment_status":"closed","ping_status":"closed","sticky":false,"template":"","format":"standard","meta":{"content-type":"","footnotes":""},"categories":[600],"tags":[],"class_list":["post-32855","post","type-post","status-publish","format-standard","has-post-thumbnail","hentry","category-off-topic-de"],"yoast_head":"<!-- This site is optimized with the Yoast SEO plugin v27.5 - https:\/\/yoast.com\/product\/yoast-seo-wordpress\/ -->\n<title>Nuestro equipo. Entrevista Rodrigo Delgado - Gabitel<\/title>\n<meta name=\"robots\" content=\"index, follow, max-snippet:-1, max-image-preview:large, max-video-preview:-1\" \/>\n<link rel=\"canonical\" href=\"https:\/\/gabitel.net\/de\/nuestro-equipo-entrevista-a-rodrigo-delgado\/\" \/>\n<meta property=\"og:locale\" content=\"de_DE\" \/>\n<meta property=\"og:type\" content=\"article\" \/>\n<meta property=\"og:title\" content=\"Nuestro equipo. Entrevista Rodrigo Delgado - Gabitel\" \/>\n<meta property=\"og:description\" content=\"En este bolet\u00edn de octubre, entrevistamos a Rodrigo, nuestro Director. Despu\u00e9s de tantos a\u00f1os, \u00bfQu\u00e9 significado tiene para t\u00ed Gabitel? Me incorpor\u00e9 a Gabitel hace 16 a\u00f1os, meses despu\u00e9s de la constituci\u00f3n de la sociedad limitada. En aquella \u00e9poca, \u00e9ramos 5 personas dedicadas a proyectos muy peque\u00f1itos y muy centrados en Huelva. Desde entonces han [&hellip;]\" \/>\n<meta property=\"og:url\" content=\"https:\/\/gabitel.net\/de\/nuestro-equipo-entrevista-a-rodrigo-delgado\/\" \/>\n<meta property=\"og:site_name\" content=\"Gabitel\" \/>\n<meta property=\"article:publisher\" content=\"https:\/\/www.facebook.com\/gabitelingenieros\/\" \/>\n<meta property=\"article:published_time\" content=\"2022-10-28T09:55:09+00:00\" \/>\n<meta name=\"author\" content=\"user.autor\" \/>\n<meta name=\"twitter:card\" content=\"summary_large_image\" \/>\n<meta name=\"twitter:label1\" content=\"Verfasst von\" \/>\n\t<meta name=\"twitter:data1\" content=\"user.autor\" \/>\n\t<meta name=\"twitter:label2\" content=\"Gesch\u00e4tzte Lesezeit\" \/>\n\t<meta name=\"twitter:data2\" content=\"4\u00a0Minuten\" \/>\n<script type=\"application\/ld+json\" class=\"yoast-schema-graph\">{\"@context\":\"https:\\\/\\\/schema.org\",\"@graph\":[{\"@type\":[\"Article\",\"BlogPosting\"],\"@id\":\"https:\\\/\\\/gabitel.net\\\/de\\\/nuestro-equipo-entrevista-a-rodrigo-delgado\\\/#article\",\"isPartOf\":{\"@id\":\"https:\\\/\\\/gabitel.net\\\/de\\\/nuestro-equipo-entrevista-a-rodrigo-delgado\\\/\"},\"author\":{\"name\":\"user.autor\",\"@id\":\"https:\\\/\\\/gabitel.net\\\/de\\\/#\\\/schema\\\/person\\\/37ba53714c3fedb9c7d22f4bc781465c\"},\"headline\":\"Nuestro equipo. Entrevista Rodrigo Delgado\",\"datePublished\":\"2022-10-28T09:55:09+00:00\",\"mainEntityOfPage\":{\"@id\":\"https:\\\/\\\/gabitel.net\\\/de\\\/nuestro-equipo-entrevista-a-rodrigo-delgado\\\/\"},\"wordCount\":812,\"publisher\":{\"@id\":\"https:\\\/\\\/gabitel.net\\\/de\\\/#organization\"},\"image\":{\"@id\":\"https:\\\/\\\/gabitel.net\\\/de\\\/nuestro-equipo-entrevista-a-rodrigo-delgado\\\/#primaryimage\"},\"thumbnailUrl\":\"https:\\\/\\\/gabitel.net\\\/wp-content\\\/uploads\\\/2022\\\/09\\\/entrevista-rodrigo-delgado-min-e1667487703300.jpg\",\"articleSection\":[\"Off-topic\"],\"inLanguage\":\"de\"},{\"@type\":\"WebPage\",\"@id\":\"https:\\\/\\\/gabitel.net\\\/de\\\/nuestro-equipo-entrevista-a-rodrigo-delgado\\\/\",\"url\":\"https:\\\/\\\/gabitel.net\\\/de\\\/nuestro-equipo-entrevista-a-rodrigo-delgado\\\/\",\"name\":\"Nuestro equipo. Entrevista Rodrigo Delgado - Gabitel\",\"isPartOf\":{\"@id\":\"https:\\\/\\\/gabitel.net\\\/de\\\/#website\"},\"primaryImageOfPage\":{\"@id\":\"https:\\\/\\\/gabitel.net\\\/de\\\/nuestro-equipo-entrevista-a-rodrigo-delgado\\\/#primaryimage\"},\"image\":{\"@id\":\"https:\\\/\\\/gabitel.net\\\/de\\\/nuestro-equipo-entrevista-a-rodrigo-delgado\\\/#primaryimage\"},\"thumbnailUrl\":\"https:\\\/\\\/gabitel.net\\\/wp-content\\\/uploads\\\/2022\\\/09\\\/entrevista-rodrigo-delgado-min-e1667487703300.jpg\",\"datePublished\":\"2022-10-28T09:55:09+00:00\",\"breadcrumb\":{\"@id\":\"https:\\\/\\\/gabitel.net\\\/de\\\/nuestro-equipo-entrevista-a-rodrigo-delgado\\\/#breadcrumb\"},\"inLanguage\":\"de\",\"potentialAction\":[{\"@type\":\"ReadAction\",\"target\":[\"https:\\\/\\\/gabitel.net\\\/de\\\/nuestro-equipo-entrevista-a-rodrigo-delgado\\\/\"]}]},{\"@type\":\"ImageObject\",\"inLanguage\":\"de\",\"@id\":\"https:\\\/\\\/gabitel.net\\\/de\\\/nuestro-equipo-entrevista-a-rodrigo-delgado\\\/#primaryimage\",\"url\":\"https:\\\/\\\/gabitel.net\\\/wp-content\\\/uploads\\\/2022\\\/09\\\/entrevista-rodrigo-delgado-min-e1667487703300.jpg\",\"contentUrl\":\"https:\\\/\\\/gabitel.net\\\/wp-content\\\/uploads\\\/2022\\\/09\\\/entrevista-rodrigo-delgado-min-e1667487703300.jpg\",\"width\":385,\"height\":478},{\"@type\":\"BreadcrumbList\",\"@id\":\"https:\\\/\\\/gabitel.net\\\/de\\\/nuestro-equipo-entrevista-a-rodrigo-delgado\\\/#breadcrumb\",\"itemListElement\":[{\"@type\":\"ListItem\",\"position\":1,\"name\":\"Portada\",\"item\":\"https:\\\/\\\/gabitel.net\\\/de\\\/\"},{\"@type\":\"ListItem\",\"position\":2,\"name\":\"Nuestro equipo. Entrevista Rodrigo Delgado\"}]},{\"@type\":\"WebSite\",\"@id\":\"https:\\\/\\\/gabitel.net\\\/de\\\/#website\",\"url\":\"https:\\\/\\\/gabitel.net\\\/de\\\/\",\"name\":\"Gabitel\",\"description\":\"\",\"publisher\":{\"@id\":\"https:\\\/\\\/gabitel.net\\\/de\\\/#organization\"},\"potentialAction\":[{\"@type\":\"SearchAction\",\"target\":{\"@type\":\"EntryPoint\",\"urlTemplate\":\"https:\\\/\\\/gabitel.net\\\/de\\\/?s={search_term_string}\"},\"query-input\":{\"@type\":\"PropertyValueSpecification\",\"valueRequired\":true,\"valueName\":\"search_term_string\"}}],\"inLanguage\":\"de\"},{\"@type\":\"Organization\",\"@id\":\"https:\\\/\\\/gabitel.net\\\/de\\\/#organization\",\"name\":\"Gabitel\",\"url\":\"https:\\\/\\\/gabitel.net\\\/de\\\/\",\"logo\":{\"@type\":\"ImageObject\",\"inLanguage\":\"de\",\"@id\":\"https:\\\/\\\/gabitel.net\\\/de\\\/#\\\/schema\\\/logo\\\/image\\\/\",\"url\":\"https:\\\/\\\/gabitel.net\\\/wp-content\\\/uploads\\\/2025\\\/05\\\/logo_gabitel.jpg\",\"contentUrl\":\"https:\\\/\\\/gabitel.net\\\/wp-content\\\/uploads\\\/2025\\\/05\\\/logo_gabitel.jpg\",\"width\":2560,\"height\":1330,\"caption\":\"Gabitel\"},\"image\":{\"@id\":\"https:\\\/\\\/gabitel.net\\\/de\\\/#\\\/schema\\\/logo\\\/image\\\/\"},\"sameAs\":[\"https:\\\/\\\/www.facebook.com\\\/gabitelingenieros\\\/\",\"https:\\\/\\\/es.linkedin.com\\\/company\\\/gabitel-ingenieros\"]},{\"@type\":\"Person\",\"@id\":\"https:\\\/\\\/gabitel.net\\\/de\\\/#\\\/schema\\\/person\\\/37ba53714c3fedb9c7d22f4bc781465c\",\"name\":\"user.autor\",\"url\":\"https:\\\/\\\/gabitel.net\\\/de\\\/author\\\/user-autor\\\/\"}]}<\/script>\n<!-- \/ Yoast SEO plugin. -->","yoast_head_json":{"title":"Nuestro equipo. Entrevista Rodrigo Delgado - Gabitel","robots":{"index":"index","follow":"follow","max-snippet":"max-snippet:-1","max-image-preview":"max-image-preview:large","max-video-preview":"max-video-preview:-1"},"canonical":"https:\/\/gabitel.net\/de\/nuestro-equipo-entrevista-a-rodrigo-delgado\/","og_locale":"de_DE","og_type":"article","og_title":"Nuestro equipo. Entrevista Rodrigo Delgado - Gabitel","og_description":"En este bolet\u00edn de octubre, entrevistamos a Rodrigo, nuestro Director. Despu\u00e9s de tantos a\u00f1os, \u00bfQu\u00e9 significado tiene para t\u00ed Gabitel? Me incorpor\u00e9 a Gabitel hace 16 a\u00f1os, meses despu\u00e9s de la constituci\u00f3n de la sociedad limitada. En aquella \u00e9poca, \u00e9ramos 5 personas dedicadas a proyectos muy peque\u00f1itos y muy centrados en Huelva. Desde entonces han [&hellip;]","og_url":"https:\/\/gabitel.net\/de\/nuestro-equipo-entrevista-a-rodrigo-delgado\/","og_site_name":"Gabitel","article_publisher":"https:\/\/www.facebook.com\/gabitelingenieros\/","article_published_time":"2022-10-28T09:55:09+00:00","author":"user.autor","twitter_card":"summary_large_image","twitter_misc":{"Verfasst von":"user.autor","Gesch\u00e4tzte Lesezeit":"4\u00a0Minuten"},"schema":{"@context":"https:\/\/schema.org","@graph":[{"@type":["Article","BlogPosting"],"@id":"https:\/\/gabitel.net\/de\/nuestro-equipo-entrevista-a-rodrigo-delgado\/#article","isPartOf":{"@id":"https:\/\/gabitel.net\/de\/nuestro-equipo-entrevista-a-rodrigo-delgado\/"},"author":{"name":"user.autor","@id":"https:\/\/gabitel.net\/de\/#\/schema\/person\/37ba53714c3fedb9c7d22f4bc781465c"},"headline":"Nuestro equipo. Entrevista Rodrigo Delgado","datePublished":"2022-10-28T09:55:09+00:00","mainEntityOfPage":{"@id":"https:\/\/gabitel.net\/de\/nuestro-equipo-entrevista-a-rodrigo-delgado\/"},"wordCount":812,"publisher":{"@id":"https:\/\/gabitel.net\/de\/#organization"},"image":{"@id":"https:\/\/gabitel.net\/de\/nuestro-equipo-entrevista-a-rodrigo-delgado\/#primaryimage"},"thumbnailUrl":"https:\/\/gabitel.net\/wp-content\/uploads\/2022\/09\/entrevista-rodrigo-delgado-min-e1667487703300.jpg","articleSection":["Off-topic"],"inLanguage":"de"},{"@type":"WebPage","@id":"https:\/\/gabitel.net\/de\/nuestro-equipo-entrevista-a-rodrigo-delgado\/","url":"https:\/\/gabitel.net\/de\/nuestro-equipo-entrevista-a-rodrigo-delgado\/","name":"Nuestro equipo. Entrevista Rodrigo Delgado - Gabitel","isPartOf":{"@id":"https:\/\/gabitel.net\/de\/#website"},"primaryImageOfPage":{"@id":"https:\/\/gabitel.net\/de\/nuestro-equipo-entrevista-a-rodrigo-delgado\/#primaryimage"},"image":{"@id":"https:\/\/gabitel.net\/de\/nuestro-equipo-entrevista-a-rodrigo-delgado\/#primaryimage"},"thumbnailUrl":"https:\/\/gabitel.net\/wp-content\/uploads\/2022\/09\/entrevista-rodrigo-delgado-min-e1667487703300.jpg","datePublished":"2022-10-28T09:55:09+00:00","breadcrumb":{"@id":"https:\/\/gabitel.net\/de\/nuestro-equipo-entrevista-a-rodrigo-delgado\/#breadcrumb"},"inLanguage":"de","potentialAction":[{"@type":"ReadAction","target":["https:\/\/gabitel.net\/de\/nuestro-equipo-entrevista-a-rodrigo-delgado\/"]}]},{"@type":"ImageObject","inLanguage":"de","@id":"https:\/\/gabitel.net\/de\/nuestro-equipo-entrevista-a-rodrigo-delgado\/#primaryimage","url":"https:\/\/gabitel.net\/wp-content\/uploads\/2022\/09\/entrevista-rodrigo-delgado-min-e1667487703300.jpg","contentUrl":"https:\/\/gabitel.net\/wp-content\/uploads\/2022\/09\/entrevista-rodrigo-delgado-min-e1667487703300.jpg","width":385,"height":478},{"@type":"BreadcrumbList","@id":"https:\/\/gabitel.net\/de\/nuestro-equipo-entrevista-a-rodrigo-delgado\/#breadcrumb","itemListElement":[{"@type":"ListItem","position":1,"name":"Portada","item":"https:\/\/gabitel.net\/de\/"},{"@type":"ListItem","position":2,"name":"Nuestro equipo. Entrevista Rodrigo Delgado"}]},{"@type":"WebSite","@id":"https:\/\/gabitel.net\/de\/#website","url":"https:\/\/gabitel.net\/de\/","name":"Gabitel","description":"","publisher":{"@id":"https:\/\/gabitel.net\/de\/#organization"},"potentialAction":[{"@type":"SearchAction","target":{"@type":"EntryPoint","urlTemplate":"https:\/\/gabitel.net\/de\/?s={search_term_string}"},"query-input":{"@type":"PropertyValueSpecification","valueRequired":true,"valueName":"search_term_string"}}],"inLanguage":"de"},{"@type":"Organization","@id":"https:\/\/gabitel.net\/de\/#organization","name":"Gabitel","url":"https:\/\/gabitel.net\/de\/","logo":{"@type":"ImageObject","inLanguage":"de","@id":"https:\/\/gabitel.net\/de\/#\/schema\/logo\/image\/","url":"https:\/\/gabitel.net\/wp-content\/uploads\/2025\/05\/logo_gabitel.jpg","contentUrl":"https:\/\/gabitel.net\/wp-content\/uploads\/2025\/05\/logo_gabitel.jpg","width":2560,"height":1330,"caption":"Gabitel"},"image":{"@id":"https:\/\/gabitel.net\/de\/#\/schema\/logo\/image\/"},"sameAs":["https:\/\/www.facebook.com\/gabitelingenieros\/","https:\/\/es.linkedin.com\/company\/gabitel-ingenieros"]},{"@type":"Person","@id":"https:\/\/gabitel.net\/de\/#\/schema\/person\/37ba53714c3fedb9c7d22f4bc781465c","name":"user.autor","url":"https:\/\/gabitel.net\/de\/author\/user-autor\/"}]}},"_links":{"self":[{"href":"https:\/\/gabitel.net\/de\/wp-json\/wp\/v2\/posts\/32855","targetHints":{"allow":["GET"]}}],"collection":[{"href":"https:\/\/gabitel.net\/de\/wp-json\/wp\/v2\/posts"}],"about":[{"href":"https:\/\/gabitel.net\/de\/wp-json\/wp\/v2\/types\/post"}],"author":[{"embeddable":true,"href":"https:\/\/gabitel.net\/de\/wp-json\/wp\/v2\/users\/3"}],"replies":[{"embeddable":true,"href":"https:\/\/gabitel.net\/de\/wp-json\/wp\/v2\/comments?post=32855"}],"version-history":[{"count":0,"href":"https:\/\/gabitel.net\/de\/wp-json\/wp\/v2\/posts\/32855\/revisions"}],"wp:featuredmedia":[{"embeddable":true,"href":"https:\/\/gabitel.net\/de\/wp-json\/wp\/v2\/media\/34716"}],"wp:attachment":[{"href":"https:\/\/gabitel.net\/de\/wp-json\/wp\/v2\/media?parent=32855"}],"wp:term":[{"taxonomy":"category","embeddable":true,"href":"https:\/\/gabitel.net\/de\/wp-json\/wp\/v2\/categories?post=32855"},{"taxonomy":"post_tag","embeddable":true,"href":"https:\/\/gabitel.net\/de\/wp-json\/wp\/v2\/tags?post=32855"}],"curies":[{"name":"wp","href":"https:\/\/api.w.org\/{rel}","templated":true}]}}