{"id":32859,"date":"2022-09-21T09:06:41","date_gmt":"2022-09-21T07:06:41","guid":{"rendered":"https:\/\/gabitel.net\/reto-quien-sera-8\/"},"modified":"2022-09-21T09:06:41","modified_gmt":"2022-09-21T07:06:41","slug":"reto-quien-sera-8","status":"publish","type":"post","link":"https:\/\/gabitel.net\/de\/reto-quien-sera-8\/","title":{"rendered":"Reto: \u00bfQui\u00e9n ser\u00e1? 8"},"content":{"rendered":"<p style=\"text-align: justify;\">\u00bfC\u00f3mo habr\u00e1 resultado el reto del mes pasado?, \u00bfhabr\u00e1n sido muchos de los acertantes?, pues vamos a averiguarlo, \u00a1un total de 3 han acertado!<\/p>\n<p style=\"text-align: justify;\">Pues nuestra preciosa ni\u00f1a del pasado mes de Agosto era Marta Garrido, nuestra compa\u00f1era de Medio Ambiente del Departamento de Redes de Distribuci\u00f3n.<\/p>\n<p style=\"text-align: justify;\">\u00a1Muchas gracias, Marta, \u00a1por tu participaci\u00f3n!<\/p>\n<p style=\"text-align: justify;\">Y para este mes de septiembre, tenemos a este ni\u00f1o de mirada profunda y con una pose muy \u201cformalita\u201d (o eso parece\u2026 &#x1f60a;)<\/p>\n<p><img decoding=\"async\" src=\"https:\/\/gabitelingenieros.com\/wp-content\/uploads\/2022\/09\/reto-quien-sera-8-min.jpg\" alt=\"Reto: \u00bfQui\u00e9n ser\u00e1? | Gabitel Ingenieros\" \/><\/p>\n<p>A lo mejor estas pistas pueden ayudarte:<\/p>\n<p>&nbsp;<\/p>\n<ul>\n<li>Su recorrido laboral se centra en el Departamento de Agroalimentaria<\/li>\n<li>Le gusta moverse entre zorzales<\/li>\n<li>Una fruta preferida: <em>el caqui\u00a0 <\/em><\/li>\n<\/ul>\n[qsm quiz=15]\n","protected":false},"excerpt":{"rendered":"<p>\u00bfC\u00f3mo habr\u00e1 resultado el reto del mes pasado?, \u00bfhabr\u00e1n sido muchos de los acertantes?, pues vamos a averiguarlo, \u00a1un total de 3 han acertado! Pues nuestra preciosa ni\u00f1a del pasado mes de Agosto era Marta Garrido, nuestra compa\u00f1era de Medio Ambiente del Departamento de Redes de Distribuci\u00f3n. \u00a1Muchas gracias, Marta, \u00a1por tu participaci\u00f3n! Y para [&hellip;]<\/p>\n","protected":false},"author":3,"featured_media":0,"comment_status":"closed","ping_status":"closed","sticky":false,"template":"","format":"standard","meta":{"content-type":"","footnotes":""},"categories":[600],"tags":[],"class_list":["post-32859","post","type-post","status-publish","format-standard","hentry","category-off-topic-de"],"yoast_head":"<!-- This site is optimized with the Yoast SEO plugin v27.5 - https:\/\/yoast.com\/product\/yoast-seo-wordpress\/ -->\n<title>Reto: \u00bfQui\u00e9n ser\u00e1? 8 - Gabitel<\/title>\n<meta name=\"robots\" content=\"index, follow, max-snippet:-1, max-image-preview:large, max-video-preview:-1\" \/>\n<link rel=\"canonical\" href=\"https:\/\/gabitel.net\/de\/reto-quien-sera-8\/\" \/>\n<meta property=\"og:locale\" content=\"de_DE\" \/>\n<meta property=\"og:type\" content=\"article\" \/>\n<meta property=\"og:title\" content=\"Reto: \u00bfQui\u00e9n ser\u00e1? 8 - Gabitel\" \/>\n<meta property=\"og:description\" content=\"\u00bfC\u00f3mo habr\u00e1 resultado el reto del mes pasado?, \u00bfhabr\u00e1n sido muchos de los acertantes?, pues vamos a averiguarlo, \u00a1un total de 3 han acertado! Pues nuestra preciosa ni\u00f1a del pasado mes de Agosto era Marta Garrido, nuestra compa\u00f1era de Medio Ambiente del Departamento de Redes de Distribuci\u00f3n. \u00a1Muchas gracias, Marta, \u00a1por tu participaci\u00f3n! Y para [&hellip;]\" \/>\n<meta property=\"og:url\" content=\"https:\/\/gabitel.net\/de\/reto-quien-sera-8\/\" \/>\n<meta property=\"og:site_name\" content=\"Gabitel\" \/>\n<meta property=\"article:publisher\" content=\"https:\/\/www.facebook.com\/gabitelingenieros\/\" \/>\n<meta property=\"article:published_time\" content=\"2022-09-21T07:06:41+00:00\" \/>\n<meta property=\"og:image\" content=\"https:\/\/gabitelingenieros.com\/wp-content\/uploads\/2022\/09\/reto-quien-sera-8-min.jpg\" \/>\n<meta name=\"author\" content=\"user.autor\" \/>\n<meta name=\"twitter:card\" content=\"summary_large_image\" \/>\n<meta name=\"twitter:label1\" content=\"Verfasst von\" \/>\n\t<meta name=\"twitter:data1\" content=\"user.autor\" \/>\n\t<meta name=\"twitter:label2\" content=\"Gesch\u00e4tzte Lesezeit\" \/>\n\t<meta name=\"twitter:data2\" content=\"1\u00a0Minute\" \/>\n<script type=\"application\/ld+json\" class=\"yoast-schema-graph\">{\"@context\":\"https:\\\/\\\/schema.org\",\"@graph\":[{\"@type\":[\"Article\",\"BlogPosting\"],\"@id\":\"https:\\\/\\\/gabitel.net\\\/de\\\/reto-quien-sera-8\\\/#article\",\"isPartOf\":{\"@id\":\"https:\\\/\\\/gabitel.net\\\/de\\\/reto-quien-sera-8\\\/\"},\"author\":{\"name\":\"user.autor\",\"@id\":\"https:\\\/\\\/gabitel.net\\\/de\\\/#\\\/schema\\\/person\\\/37ba53714c3fedb9c7d22f4bc781465c\"},\"headline\":\"Reto: \u00bfQui\u00e9n ser\u00e1? 8\",\"datePublished\":\"2022-09-21T07:06:41+00:00\",\"mainEntityOfPage\":{\"@id\":\"https:\\\/\\\/gabitel.net\\\/de\\\/reto-quien-sera-8\\\/\"},\"wordCount\":118,\"publisher\":{\"@id\":\"https:\\\/\\\/gabitel.net\\\/de\\\/#organization\"},\"image\":{\"@id\":\"https:\\\/\\\/gabitel.net\\\/de\\\/reto-quien-sera-8\\\/#primaryimage\"},\"thumbnailUrl\":\"https:\\\/\\\/gabitelingenieros.com\\\/wp-content\\\/uploads\\\/2022\\\/09\\\/reto-quien-sera-8-min.jpg\",\"articleSection\":[\"Off-topic\"],\"inLanguage\":\"de\"},{\"@type\":\"WebPage\",\"@id\":\"https:\\\/\\\/gabitel.net\\\/de\\\/reto-quien-sera-8\\\/\",\"url\":\"https:\\\/\\\/gabitel.net\\\/de\\\/reto-quien-sera-8\\\/\",\"name\":\"Reto: \u00bfQui\u00e9n ser\u00e1? 8 - Gabitel\",\"isPartOf\":{\"@id\":\"https:\\\/\\\/gabitel.net\\\/de\\\/#website\"},\"primaryImageOfPage\":{\"@id\":\"https:\\\/\\\/gabitel.net\\\/de\\\/reto-quien-sera-8\\\/#primaryimage\"},\"image\":{\"@id\":\"https:\\\/\\\/gabitel.net\\\/de\\\/reto-quien-sera-8\\\/#primaryimage\"},\"thumbnailUrl\":\"https:\\\/\\\/gabitelingenieros.com\\\/wp-content\\\/uploads\\\/2022\\\/09\\\/reto-quien-sera-8-min.jpg\",\"datePublished\":\"2022-09-21T07:06:41+00:00\",\"breadcrumb\":{\"@id\":\"https:\\\/\\\/gabitel.net\\\/de\\\/reto-quien-sera-8\\\/#breadcrumb\"},\"inLanguage\":\"de\",\"potentialAction\":[{\"@type\":\"ReadAction\",\"target\":[\"https:\\\/\\\/gabitel.net\\\/de\\\/reto-quien-sera-8\\\/\"]}]},{\"@type\":\"ImageObject\",\"inLanguage\":\"de\",\"@id\":\"https:\\\/\\\/gabitel.net\\\/de\\\/reto-quien-sera-8\\\/#primaryimage\",\"url\":\"https:\\\/\\\/gabitelingenieros.com\\\/wp-content\\\/uploads\\\/2022\\\/09\\\/reto-quien-sera-8-min.jpg\",\"contentUrl\":\"https:\\\/\\\/gabitelingenieros.com\\\/wp-content\\\/uploads\\\/2022\\\/09\\\/reto-quien-sera-8-min.jpg\"},{\"@type\":\"BreadcrumbList\",\"@id\":\"https:\\\/\\\/gabitel.net\\\/de\\\/reto-quien-sera-8\\\/#breadcrumb\",\"itemListElement\":[{\"@type\":\"ListItem\",\"position\":1,\"name\":\"Portada\",\"item\":\"https:\\\/\\\/gabitel.net\\\/de\\\/\"},{\"@type\":\"ListItem\",\"position\":2,\"name\":\"Reto: \u00bfQui\u00e9n ser\u00e1? 8\"}]},{\"@type\":\"WebSite\",\"@id\":\"https:\\\/\\\/gabitel.net\\\/de\\\/#website\",\"url\":\"https:\\\/\\\/gabitel.net\\\/de\\\/\",\"name\":\"Gabitel\",\"description\":\"\",\"publisher\":{\"@id\":\"https:\\\/\\\/gabitel.net\\\/de\\\/#organization\"},\"potentialAction\":[{\"@type\":\"SearchAction\",\"target\":{\"@type\":\"EntryPoint\",\"urlTemplate\":\"https:\\\/\\\/gabitel.net\\\/de\\\/?s={search_term_string}\"},\"query-input\":{\"@type\":\"PropertyValueSpecification\",\"valueRequired\":true,\"valueName\":\"search_term_string\"}}],\"inLanguage\":\"de\"},{\"@type\":\"Organization\",\"@id\":\"https:\\\/\\\/gabitel.net\\\/de\\\/#organization\",\"name\":\"Gabitel\",\"url\":\"https:\\\/\\\/gabitel.net\\\/de\\\/\",\"logo\":{\"@type\":\"ImageObject\",\"inLanguage\":\"de\",\"@id\":\"https:\\\/\\\/gabitel.net\\\/de\\\/#\\\/schema\\\/logo\\\/image\\\/\",\"url\":\"https:\\\/\\\/gabitel.net\\\/wp-content\\\/uploads\\\/2025\\\/05\\\/logo_gabitel.jpg\",\"contentUrl\":\"https:\\\/\\\/gabitel.net\\\/wp-content\\\/uploads\\\/2025\\\/05\\\/logo_gabitel.jpg\",\"width\":2560,\"height\":1330,\"caption\":\"Gabitel\"},\"image\":{\"@id\":\"https:\\\/\\\/gabitel.net\\\/de\\\/#\\\/schema\\\/logo\\\/image\\\/\"},\"sameAs\":[\"https:\\\/\\\/www.facebook.com\\\/gabitelingenieros\\\/\",\"https:\\\/\\\/es.linkedin.com\\\/company\\\/gabitel-ingenieros\"]},{\"@type\":\"Person\",\"@id\":\"https:\\\/\\\/gabitel.net\\\/de\\\/#\\\/schema\\\/person\\\/37ba53714c3fedb9c7d22f4bc781465c\",\"name\":\"user.autor\",\"url\":\"https:\\\/\\\/gabitel.net\\\/de\\\/author\\\/user-autor\\\/\"}]}<\/script>\n<!-- \/ Yoast SEO plugin. -->","yoast_head_json":{"title":"Reto: \u00bfQui\u00e9n ser\u00e1? 8 - Gabitel","robots":{"index":"index","follow":"follow","max-snippet":"max-snippet:-1","max-image-preview":"max-image-preview:large","max-video-preview":"max-video-preview:-1"},"canonical":"https:\/\/gabitel.net\/de\/reto-quien-sera-8\/","og_locale":"de_DE","og_type":"article","og_title":"Reto: \u00bfQui\u00e9n ser\u00e1? 8 - Gabitel","og_description":"\u00bfC\u00f3mo habr\u00e1 resultado el reto del mes pasado?, \u00bfhabr\u00e1n sido muchos de los acertantes?, pues vamos a averiguarlo, \u00a1un total de 3 han acertado! Pues nuestra preciosa ni\u00f1a del pasado mes de Agosto era Marta Garrido, nuestra compa\u00f1era de Medio Ambiente del Departamento de Redes de Distribuci\u00f3n. \u00a1Muchas gracias, Marta, \u00a1por tu participaci\u00f3n! Y para [&hellip;]","og_url":"https:\/\/gabitel.net\/de\/reto-quien-sera-8\/","og_site_name":"Gabitel","article_publisher":"https:\/\/www.facebook.com\/gabitelingenieros\/","article_published_time":"2022-09-21T07:06:41+00:00","og_image":[{"url":"https:\/\/gabitelingenieros.com\/wp-content\/uploads\/2022\/09\/reto-quien-sera-8-min.jpg","type":"","width":"","height":""}],"author":"user.autor","twitter_card":"summary_large_image","twitter_misc":{"Verfasst von":"user.autor","Gesch\u00e4tzte Lesezeit":"1\u00a0Minute"},"schema":{"@context":"https:\/\/schema.org","@graph":[{"@type":["Article","BlogPosting"],"@id":"https:\/\/gabitel.net\/de\/reto-quien-sera-8\/#article","isPartOf":{"@id":"https:\/\/gabitel.net\/de\/reto-quien-sera-8\/"},"author":{"name":"user.autor","@id":"https:\/\/gabitel.net\/de\/#\/schema\/person\/37ba53714c3fedb9c7d22f4bc781465c"},"headline":"Reto: \u00bfQui\u00e9n ser\u00e1? 8","datePublished":"2022-09-21T07:06:41+00:00","mainEntityOfPage":{"@id":"https:\/\/gabitel.net\/de\/reto-quien-sera-8\/"},"wordCount":118,"publisher":{"@id":"https:\/\/gabitel.net\/de\/#organization"},"image":{"@id":"https:\/\/gabitel.net\/de\/reto-quien-sera-8\/#primaryimage"},"thumbnailUrl":"https:\/\/gabitelingenieros.com\/wp-content\/uploads\/2022\/09\/reto-quien-sera-8-min.jpg","articleSection":["Off-topic"],"inLanguage":"de"},{"@type":"WebPage","@id":"https:\/\/gabitel.net\/de\/reto-quien-sera-8\/","url":"https:\/\/gabitel.net\/de\/reto-quien-sera-8\/","name":"Reto: \u00bfQui\u00e9n ser\u00e1? 8 - Gabitel","isPartOf":{"@id":"https:\/\/gabitel.net\/de\/#website"},"primaryImageOfPage":{"@id":"https:\/\/gabitel.net\/de\/reto-quien-sera-8\/#primaryimage"},"image":{"@id":"https:\/\/gabitel.net\/de\/reto-quien-sera-8\/#primaryimage"},"thumbnailUrl":"https:\/\/gabitelingenieros.com\/wp-content\/uploads\/2022\/09\/reto-quien-sera-8-min.jpg","datePublished":"2022-09-21T07:06:41+00:00","breadcrumb":{"@id":"https:\/\/gabitel.net\/de\/reto-quien-sera-8\/#breadcrumb"},"inLanguage":"de","potentialAction":[{"@type":"ReadAction","target":["https:\/\/gabitel.net\/de\/reto-quien-sera-8\/"]}]},{"@type":"ImageObject","inLanguage":"de","@id":"https:\/\/gabitel.net\/de\/reto-quien-sera-8\/#primaryimage","url":"https:\/\/gabitelingenieros.com\/wp-content\/uploads\/2022\/09\/reto-quien-sera-8-min.jpg","contentUrl":"https:\/\/gabitelingenieros.com\/wp-content\/uploads\/2022\/09\/reto-quien-sera-8-min.jpg"},{"@type":"BreadcrumbList","@id":"https:\/\/gabitel.net\/de\/reto-quien-sera-8\/#breadcrumb","itemListElement":[{"@type":"ListItem","position":1,"name":"Portada","item":"https:\/\/gabitel.net\/de\/"},{"@type":"ListItem","position":2,"name":"Reto: \u00bfQui\u00e9n ser\u00e1? 8"}]},{"@type":"WebSite","@id":"https:\/\/gabitel.net\/de\/#website","url":"https:\/\/gabitel.net\/de\/","name":"Gabitel","description":"","publisher":{"@id":"https:\/\/gabitel.net\/de\/#organization"},"potentialAction":[{"@type":"SearchAction","target":{"@type":"EntryPoint","urlTemplate":"https:\/\/gabitel.net\/de\/?s={search_term_string}"},"query-input":{"@type":"PropertyValueSpecification","valueRequired":true,"valueName":"search_term_string"}}],"inLanguage":"de"},{"@type":"Organization","@id":"https:\/\/gabitel.net\/de\/#organization","name":"Gabitel","url":"https:\/\/gabitel.net\/de\/","logo":{"@type":"ImageObject","inLanguage":"de","@id":"https:\/\/gabitel.net\/de\/#\/schema\/logo\/image\/","url":"https:\/\/gabitel.net\/wp-content\/uploads\/2025\/05\/logo_gabitel.jpg","contentUrl":"https:\/\/gabitel.net\/wp-content\/uploads\/2025\/05\/logo_gabitel.jpg","width":2560,"height":1330,"caption":"Gabitel"},"image":{"@id":"https:\/\/gabitel.net\/de\/#\/schema\/logo\/image\/"},"sameAs":["https:\/\/www.facebook.com\/gabitelingenieros\/","https:\/\/es.linkedin.com\/company\/gabitel-ingenieros"]},{"@type":"Person","@id":"https:\/\/gabitel.net\/de\/#\/schema\/person\/37ba53714c3fedb9c7d22f4bc781465c","name":"user.autor","url":"https:\/\/gabitel.net\/de\/author\/user-autor\/"}]}},"_links":{"self":[{"href":"https:\/\/gabitel.net\/de\/wp-json\/wp\/v2\/posts\/32859","targetHints":{"allow":["GET"]}}],"collection":[{"href":"https:\/\/gabitel.net\/de\/wp-json\/wp\/v2\/posts"}],"about":[{"href":"https:\/\/gabitel.net\/de\/wp-json\/wp\/v2\/types\/post"}],"author":[{"embeddable":true,"href":"https:\/\/gabitel.net\/de\/wp-json\/wp\/v2\/users\/3"}],"replies":[{"embeddable":true,"href":"https:\/\/gabitel.net\/de\/wp-json\/wp\/v2\/comments?post=32859"}],"version-history":[{"count":0,"href":"https:\/\/gabitel.net\/de\/wp-json\/wp\/v2\/posts\/32859\/revisions"}],"wp:attachment":[{"href":"https:\/\/gabitel.net\/de\/wp-json\/wp\/v2\/media?parent=32859"}],"wp:term":[{"taxonomy":"category","embeddable":true,"href":"https:\/\/gabitel.net\/de\/wp-json\/wp\/v2\/categories?post=32859"},{"taxonomy":"post_tag","embeddable":true,"href":"https:\/\/gabitel.net\/de\/wp-json\/wp\/v2\/tags?post=32859"}],"curies":[{"name":"wp","href":"https:\/\/api.w.org\/{rel}","templated":true}]}}