{"id":32869,"date":"2022-08-11T09:29:45","date_gmt":"2022-08-11T07:29:45","guid":{"rendered":"https:\/\/gabitel.net\/cumpleanos-del-mes-de-agosto\/"},"modified":"2022-08-11T09:29:45","modified_gmt":"2022-08-11T07:29:45","slug":"cumpleanos-del-mes-de-agosto","status":"publish","type":"post","link":"https:\/\/gabitel.net\/de\/cumpleanos-del-mes-de-agosto\/","title":{"rendered":"Cumplea\u00f1os del mes de Agosto"},"content":{"rendered":"<p style=\"text-align: justify;\">En este caluroso mes de agosto vamos a felicitar a nuestros compa\u00f1eros que dan una nueva vuelta al sol.<\/p>\n<p style=\"text-align: justify;\">\u00a1<strong><em>Muchas felicidades<\/em><\/strong>!<\/p>\n<p style=\"text-align: justify;\">\n<p style=\"text-align: justify;\">Os deseamos que disfrut\u00e9is de vuestro d\u00eda al m\u00e1ximo y se cumplan todos vuestros prop\u00f3sitos e ilusiones.<\/p>\n<p><img decoding=\"async\" src=\"https:\/\/gabitelingenieros.com\/wp-content\/uploads\/2021\/08\/paz.leon-min.jpg\" alt=\"Cumplea\u00f1os del mes | Gabitel Ingenieros\" \/><\/p>\n<p style=\"text-align: center;\">Paz Le\u00f3n<\/p>\n<p style=\"text-align: center;\"><strong>11 de agosto<\/strong><\/p>\n<p><img decoding=\"async\" src=\"https:\/\/gabitelingenieros.com\/wp-content\/uploads\/2021\/08\/marta.garrido-min.jpg\" alt=\"Cumplea\u00f1os del mes | Gabitel Ingenieros\" \/><\/p>\n<p style=\"text-align: center;\">Marta Garrido<\/p>\n<p style=\"text-align: center;\"><strong>13 de agosto<\/strong><\/p>\n<p><img decoding=\"async\" src=\"https:\/\/gabitelingenieros.com\/wp-content\/uploads\/2022\/08\/manuel-casal-min.jpg\" alt=\"Cumplea\u00f1os del mes | Gabitel Ingenieros\" \/><\/p>\n<p style=\"text-align: center;\">Manuel Casal<\/p>\n<p style=\"text-align: center;\"><strong>15 de agosto<\/strong><\/p>\n<p><img decoding=\"async\" src=\"https:\/\/gabitelingenieros.com\/wp-content\/uploads\/2022\/08\/pilar-maycotte1-min.jpg\" alt=\"Cumplea\u00f1os del mes | Gabitel Ingenieros\" \/><\/p>\n<p style=\"text-align: center;\">Pilar Maycotte<\/p>\n<p style=\"text-align: center;\"><strong>16 de agosto<\/strong><\/p>\n<p><img decoding=\"async\" src=\"https:\/\/gabitelingenieros.com\/wp-content\/uploads\/2022\/08\/rodrigo-delgado-min.jpg\" alt=\"Cumplea\u00f1os del mes | Gabitel Ingenieros\" \/><\/p>\n<p style=\"text-align: center;\">Rodrigo Delgado<\/p>\n<p style=\"text-align: center;\"><strong>18 de agosto<\/strong><\/p>\n<p><img decoding=\"async\" src=\"https:\/\/gabitelingenieros.com\/wp-content\/uploads\/2022\/08\/david-perez-min.jpg\" alt=\"Cumplea\u00f1os del mes | Gabitel Ingenieros\" \/><\/p>\n<p style=\"text-align: center;\">David P\u00e9rez<\/p>\n<p style=\"text-align: center;\"><strong>18 de agosto<\/strong><\/p>\n<p><img decoding=\"async\" src=\"https:\/\/gabitelingenieros.com\/wp-content\/uploads\/2022\/08\/mariajose-barroso-min.png\" alt=\"Cumplea\u00f1os del mes | Gabitel Ingenieros\" \/><\/p>\n<p style=\"text-align: center;\">Mar\u00eda Jos\u00e9 Barroso<\/p>\n<p style=\"text-align: center;\"><strong>21 de agosto<\/strong><\/p>\n<p><img decoding=\"async\" src=\"https:\/\/gabitelingenieros.com\/wp-content\/uploads\/2022\/08\/angela-collado-min-scaled.jpg\" alt=\"Cumplea\u00f1os del mes | Gabitel Ingenieros\" \/><\/p>\n<p style=\"text-align: center;\">\u00c1ngela Collado<\/p>\n<p style=\"text-align: center;\"><strong>26 de agosto<\/strong><\/p>\n<p><img decoding=\"async\" src=\"https:\/\/gabitelingenieros.com\/wp-content\/uploads\/2022\/08\/oscar-linares-min.jpg\" alt=\"Cumplea\u00f1os del mes | Gabitel Ingenieros\" \/><\/p>\n<p style=\"text-align: center;\">\u00d3scar Linares<\/p>\n<p style=\"text-align: center;\"><strong>31 de agosto<\/strong><\/p>\n<p><img decoding=\"async\" src=\"https:\/\/gabitelingenieros.com\/wp-content\/uploads\/2022\/08\/carlos-mata-min.png\" alt=\"Cumplea\u00f1os del mes | Gabitel Ingenieros\" \/><\/p>\n<p style=\"text-align: center;\">Carlos Mata<\/p>\n<p style=\"text-align: center;\"><strong>31 de agosto<\/strong><\/p>\n<p style=\"text-align: justify;\"><strong>Celebremos seguir compartiendo con nosotros grandes momentos de vuestras vidas y crucemos los dedos para que todos vuestros deseos puestos en este nuevo a\u00f1o que cumpl\u00eds se hagan realidad <\/strong><strong>&#x1f60a;<\/strong>.<\/p>\n","protected":false},"excerpt":{"rendered":"<p>En este caluroso mes de agosto vamos a felicitar a nuestros compa\u00f1eros que dan una nueva vuelta al sol. \u00a1Muchas felicidades! Os deseamos que disfrut\u00e9is de vuestro d\u00eda al m\u00e1ximo y se cumplan todos vuestros prop\u00f3sitos e ilusiones. Paz Le\u00f3n 11 de agosto Marta Garrido 13 de agosto Manuel Casal 15 de agosto Pilar Maycotte [&hellip;]<\/p>\n","protected":false},"author":3,"featured_media":34058,"comment_status":"closed","ping_status":"closed","sticky":false,"template":"","format":"standard","meta":{"content-type":"","footnotes":""},"categories":[600],"tags":[],"class_list":["post-32869","post","type-post","status-publish","format-standard","has-post-thumbnail","hentry","category-off-topic-de"],"yoast_head":"<!-- This site is optimized with the Yoast SEO plugin v27.5 - https:\/\/yoast.com\/product\/yoast-seo-wordpress\/ -->\n<title>Cumplea\u00f1os del mes de Agosto - Gabitel<\/title>\n<meta name=\"robots\" content=\"index, follow, max-snippet:-1, max-image-preview:large, max-video-preview:-1\" \/>\n<link rel=\"canonical\" href=\"https:\/\/gabitel.net\/de\/cumpleanos-del-mes-de-agosto\/\" \/>\n<meta property=\"og:locale\" content=\"de_DE\" \/>\n<meta property=\"og:type\" content=\"article\" \/>\n<meta property=\"og:title\" content=\"Cumplea\u00f1os del mes de Agosto - Gabitel\" \/>\n<meta property=\"og:description\" content=\"En este caluroso mes de agosto vamos a felicitar a nuestros compa\u00f1eros que dan una nueva vuelta al sol. \u00a1Muchas felicidades! Os deseamos que disfrut\u00e9is de vuestro d\u00eda al m\u00e1ximo y se cumplan todos vuestros prop\u00f3sitos e ilusiones. Paz Le\u00f3n 11 de agosto Marta Garrido 13 de agosto Manuel Casal 15 de agosto Pilar Maycotte [&hellip;]\" \/>\n<meta property=\"og:url\" content=\"https:\/\/gabitel.net\/de\/cumpleanos-del-mes-de-agosto\/\" \/>\n<meta property=\"og:site_name\" content=\"Gabitel\" \/>\n<meta property=\"article:publisher\" content=\"https:\/\/www.facebook.com\/gabitelingenieros\/\" \/>\n<meta property=\"article:published_time\" content=\"2022-08-11T07:29:45+00:00\" \/>\n<meta property=\"og:image\" content=\"https:\/\/gabitelingenieros.com\/wp-content\/uploads\/2021\/08\/paz.leon-min.jpg\" \/>\n<meta name=\"author\" content=\"user.autor\" \/>\n<meta name=\"twitter:card\" content=\"summary_large_image\" \/>\n<meta name=\"twitter:label1\" content=\"Verfasst von\" \/>\n\t<meta name=\"twitter:data1\" content=\"user.autor\" \/>\n\t<meta name=\"twitter:label2\" content=\"Gesch\u00e4tzte Lesezeit\" \/>\n\t<meta name=\"twitter:data2\" content=\"1\u00a0Minute\" \/>\n<script type=\"application\/ld+json\" class=\"yoast-schema-graph\">{\"@context\":\"https:\\\/\\\/schema.org\",\"@graph\":[{\"@type\":[\"Article\",\"BlogPosting\"],\"@id\":\"https:\\\/\\\/gabitel.net\\\/de\\\/cumpleanos-del-mes-de-agosto\\\/#article\",\"isPartOf\":{\"@id\":\"https:\\\/\\\/gabitel.net\\\/de\\\/cumpleanos-del-mes-de-agosto\\\/\"},\"author\":{\"name\":\"user.autor\",\"@id\":\"https:\\\/\\\/gabitel.net\\\/de\\\/#\\\/schema\\\/person\\\/37ba53714c3fedb9c7d22f4bc781465c\"},\"headline\":\"Cumplea\u00f1os del mes de Agosto\",\"datePublished\":\"2022-08-11T07:29:45+00:00\",\"mainEntityOfPage\":{\"@id\":\"https:\\\/\\\/gabitel.net\\\/de\\\/cumpleanos-del-mes-de-agosto\\\/\"},\"wordCount\":127,\"publisher\":{\"@id\":\"https:\\\/\\\/gabitel.net\\\/de\\\/#organization\"},\"image\":{\"@id\":\"https:\\\/\\\/gabitel.net\\\/de\\\/cumpleanos-del-mes-de-agosto\\\/#primaryimage\"},\"thumbnailUrl\":\"https:\\\/\\\/gabitel.net\\\/wp-content\\\/uploads\\\/2021\\\/08\\\/AGOSTO-min.jpg\",\"articleSection\":[\"Off-topic\"],\"inLanguage\":\"de\"},{\"@type\":\"WebPage\",\"@id\":\"https:\\\/\\\/gabitel.net\\\/de\\\/cumpleanos-del-mes-de-agosto\\\/\",\"url\":\"https:\\\/\\\/gabitel.net\\\/de\\\/cumpleanos-del-mes-de-agosto\\\/\",\"name\":\"Cumplea\u00f1os del mes de Agosto - Gabitel\",\"isPartOf\":{\"@id\":\"https:\\\/\\\/gabitel.net\\\/de\\\/#website\"},\"primaryImageOfPage\":{\"@id\":\"https:\\\/\\\/gabitel.net\\\/de\\\/cumpleanos-del-mes-de-agosto\\\/#primaryimage\"},\"image\":{\"@id\":\"https:\\\/\\\/gabitel.net\\\/de\\\/cumpleanos-del-mes-de-agosto\\\/#primaryimage\"},\"thumbnailUrl\":\"https:\\\/\\\/gabitel.net\\\/wp-content\\\/uploads\\\/2021\\\/08\\\/AGOSTO-min.jpg\",\"datePublished\":\"2022-08-11T07:29:45+00:00\",\"breadcrumb\":{\"@id\":\"https:\\\/\\\/gabitel.net\\\/de\\\/cumpleanos-del-mes-de-agosto\\\/#breadcrumb\"},\"inLanguage\":\"de\",\"potentialAction\":[{\"@type\":\"ReadAction\",\"target\":[\"https:\\\/\\\/gabitel.net\\\/de\\\/cumpleanos-del-mes-de-agosto\\\/\"]}]},{\"@type\":\"ImageObject\",\"inLanguage\":\"de\",\"@id\":\"https:\\\/\\\/gabitel.net\\\/de\\\/cumpleanos-del-mes-de-agosto\\\/#primaryimage\",\"url\":\"https:\\\/\\\/gabitel.net\\\/wp-content\\\/uploads\\\/2021\\\/08\\\/AGOSTO-min.jpg\",\"contentUrl\":\"https:\\\/\\\/gabitel.net\\\/wp-content\\\/uploads\\\/2021\\\/08\\\/AGOSTO-min.jpg\",\"width\":980,\"height\":653,\"caption\":\"AGOSTO\"},{\"@type\":\"BreadcrumbList\",\"@id\":\"https:\\\/\\\/gabitel.net\\\/de\\\/cumpleanos-del-mes-de-agosto\\\/#breadcrumb\",\"itemListElement\":[{\"@type\":\"ListItem\",\"position\":1,\"name\":\"Portada\",\"item\":\"https:\\\/\\\/gabitel.net\\\/de\\\/\"},{\"@type\":\"ListItem\",\"position\":2,\"name\":\"Cumplea\u00f1os del mes de Agosto\"}]},{\"@type\":\"WebSite\",\"@id\":\"https:\\\/\\\/gabitel.net\\\/de\\\/#website\",\"url\":\"https:\\\/\\\/gabitel.net\\\/de\\\/\",\"name\":\"Gabitel\",\"description\":\"\",\"publisher\":{\"@id\":\"https:\\\/\\\/gabitel.net\\\/de\\\/#organization\"},\"potentialAction\":[{\"@type\":\"SearchAction\",\"target\":{\"@type\":\"EntryPoint\",\"urlTemplate\":\"https:\\\/\\\/gabitel.net\\\/de\\\/?s={search_term_string}\"},\"query-input\":{\"@type\":\"PropertyValueSpecification\",\"valueRequired\":true,\"valueName\":\"search_term_string\"}}],\"inLanguage\":\"de\"},{\"@type\":\"Organization\",\"@id\":\"https:\\\/\\\/gabitel.net\\\/de\\\/#organization\",\"name\":\"Gabitel\",\"url\":\"https:\\\/\\\/gabitel.net\\\/de\\\/\",\"logo\":{\"@type\":\"ImageObject\",\"inLanguage\":\"de\",\"@id\":\"https:\\\/\\\/gabitel.net\\\/de\\\/#\\\/schema\\\/logo\\\/image\\\/\",\"url\":\"https:\\\/\\\/gabitel.net\\\/wp-content\\\/uploads\\\/2025\\\/05\\\/logo_gabitel.jpg\",\"contentUrl\":\"https:\\\/\\\/gabitel.net\\\/wp-content\\\/uploads\\\/2025\\\/05\\\/logo_gabitel.jpg\",\"width\":2560,\"height\":1330,\"caption\":\"Gabitel\"},\"image\":{\"@id\":\"https:\\\/\\\/gabitel.net\\\/de\\\/#\\\/schema\\\/logo\\\/image\\\/\"},\"sameAs\":[\"https:\\\/\\\/www.facebook.com\\\/gabitelingenieros\\\/\",\"https:\\\/\\\/es.linkedin.com\\\/company\\\/gabitel-ingenieros\"]},{\"@type\":\"Person\",\"@id\":\"https:\\\/\\\/gabitel.net\\\/de\\\/#\\\/schema\\\/person\\\/37ba53714c3fedb9c7d22f4bc781465c\",\"name\":\"user.autor\",\"url\":\"https:\\\/\\\/gabitel.net\\\/de\\\/author\\\/user-autor\\\/\"}]}<\/script>\n<!-- \/ Yoast SEO plugin. -->","yoast_head_json":{"title":"Cumplea\u00f1os del mes de Agosto - Gabitel","robots":{"index":"index","follow":"follow","max-snippet":"max-snippet:-1","max-image-preview":"max-image-preview:large","max-video-preview":"max-video-preview:-1"},"canonical":"https:\/\/gabitel.net\/de\/cumpleanos-del-mes-de-agosto\/","og_locale":"de_DE","og_type":"article","og_title":"Cumplea\u00f1os del mes de Agosto - Gabitel","og_description":"En este caluroso mes de agosto vamos a felicitar a nuestros compa\u00f1eros que dan una nueva vuelta al sol. \u00a1Muchas felicidades! Os deseamos que disfrut\u00e9is de vuestro d\u00eda al m\u00e1ximo y se cumplan todos vuestros prop\u00f3sitos e ilusiones. Paz Le\u00f3n 11 de agosto Marta Garrido 13 de agosto Manuel Casal 15 de agosto Pilar Maycotte [&hellip;]","og_url":"https:\/\/gabitel.net\/de\/cumpleanos-del-mes-de-agosto\/","og_site_name":"Gabitel","article_publisher":"https:\/\/www.facebook.com\/gabitelingenieros\/","article_published_time":"2022-08-11T07:29:45+00:00","og_image":[{"url":"https:\/\/gabitelingenieros.com\/wp-content\/uploads\/2021\/08\/paz.leon-min.jpg","type":"","width":"","height":""}],"author":"user.autor","twitter_card":"summary_large_image","twitter_misc":{"Verfasst von":"user.autor","Gesch\u00e4tzte Lesezeit":"1\u00a0Minute"},"schema":{"@context":"https:\/\/schema.org","@graph":[{"@type":["Article","BlogPosting"],"@id":"https:\/\/gabitel.net\/de\/cumpleanos-del-mes-de-agosto\/#article","isPartOf":{"@id":"https:\/\/gabitel.net\/de\/cumpleanos-del-mes-de-agosto\/"},"author":{"name":"user.autor","@id":"https:\/\/gabitel.net\/de\/#\/schema\/person\/37ba53714c3fedb9c7d22f4bc781465c"},"headline":"Cumplea\u00f1os del mes de Agosto","datePublished":"2022-08-11T07:29:45+00:00","mainEntityOfPage":{"@id":"https:\/\/gabitel.net\/de\/cumpleanos-del-mes-de-agosto\/"},"wordCount":127,"publisher":{"@id":"https:\/\/gabitel.net\/de\/#organization"},"image":{"@id":"https:\/\/gabitel.net\/de\/cumpleanos-del-mes-de-agosto\/#primaryimage"},"thumbnailUrl":"https:\/\/gabitel.net\/wp-content\/uploads\/2021\/08\/AGOSTO-min.jpg","articleSection":["Off-topic"],"inLanguage":"de"},{"@type":"WebPage","@id":"https:\/\/gabitel.net\/de\/cumpleanos-del-mes-de-agosto\/","url":"https:\/\/gabitel.net\/de\/cumpleanos-del-mes-de-agosto\/","name":"Cumplea\u00f1os del mes de Agosto - Gabitel","isPartOf":{"@id":"https:\/\/gabitel.net\/de\/#website"},"primaryImageOfPage":{"@id":"https:\/\/gabitel.net\/de\/cumpleanos-del-mes-de-agosto\/#primaryimage"},"image":{"@id":"https:\/\/gabitel.net\/de\/cumpleanos-del-mes-de-agosto\/#primaryimage"},"thumbnailUrl":"https:\/\/gabitel.net\/wp-content\/uploads\/2021\/08\/AGOSTO-min.jpg","datePublished":"2022-08-11T07:29:45+00:00","breadcrumb":{"@id":"https:\/\/gabitel.net\/de\/cumpleanos-del-mes-de-agosto\/#breadcrumb"},"inLanguage":"de","potentialAction":[{"@type":"ReadAction","target":["https:\/\/gabitel.net\/de\/cumpleanos-del-mes-de-agosto\/"]}]},{"@type":"ImageObject","inLanguage":"de","@id":"https:\/\/gabitel.net\/de\/cumpleanos-del-mes-de-agosto\/#primaryimage","url":"https:\/\/gabitel.net\/wp-content\/uploads\/2021\/08\/AGOSTO-min.jpg","contentUrl":"https:\/\/gabitel.net\/wp-content\/uploads\/2021\/08\/AGOSTO-min.jpg","width":980,"height":653,"caption":"AGOSTO"},{"@type":"BreadcrumbList","@id":"https:\/\/gabitel.net\/de\/cumpleanos-del-mes-de-agosto\/#breadcrumb","itemListElement":[{"@type":"ListItem","position":1,"name":"Portada","item":"https:\/\/gabitel.net\/de\/"},{"@type":"ListItem","position":2,"name":"Cumplea\u00f1os del mes de Agosto"}]},{"@type":"WebSite","@id":"https:\/\/gabitel.net\/de\/#website","url":"https:\/\/gabitel.net\/de\/","name":"Gabitel","description":"","publisher":{"@id":"https:\/\/gabitel.net\/de\/#organization"},"potentialAction":[{"@type":"SearchAction","target":{"@type":"EntryPoint","urlTemplate":"https:\/\/gabitel.net\/de\/?s={search_term_string}"},"query-input":{"@type":"PropertyValueSpecification","valueRequired":true,"valueName":"search_term_string"}}],"inLanguage":"de"},{"@type":"Organization","@id":"https:\/\/gabitel.net\/de\/#organization","name":"Gabitel","url":"https:\/\/gabitel.net\/de\/","logo":{"@type":"ImageObject","inLanguage":"de","@id":"https:\/\/gabitel.net\/de\/#\/schema\/logo\/image\/","url":"https:\/\/gabitel.net\/wp-content\/uploads\/2025\/05\/logo_gabitel.jpg","contentUrl":"https:\/\/gabitel.net\/wp-content\/uploads\/2025\/05\/logo_gabitel.jpg","width":2560,"height":1330,"caption":"Gabitel"},"image":{"@id":"https:\/\/gabitel.net\/de\/#\/schema\/logo\/image\/"},"sameAs":["https:\/\/www.facebook.com\/gabitelingenieros\/","https:\/\/es.linkedin.com\/company\/gabitel-ingenieros"]},{"@type":"Person","@id":"https:\/\/gabitel.net\/de\/#\/schema\/person\/37ba53714c3fedb9c7d22f4bc781465c","name":"user.autor","url":"https:\/\/gabitel.net\/de\/author\/user-autor\/"}]}},"_links":{"self":[{"href":"https:\/\/gabitel.net\/de\/wp-json\/wp\/v2\/posts\/32869","targetHints":{"allow":["GET"]}}],"collection":[{"href":"https:\/\/gabitel.net\/de\/wp-json\/wp\/v2\/posts"}],"about":[{"href":"https:\/\/gabitel.net\/de\/wp-json\/wp\/v2\/types\/post"}],"author":[{"embeddable":true,"href":"https:\/\/gabitel.net\/de\/wp-json\/wp\/v2\/users\/3"}],"replies":[{"embeddable":true,"href":"https:\/\/gabitel.net\/de\/wp-json\/wp\/v2\/comments?post=32869"}],"version-history":[{"count":0,"href":"https:\/\/gabitel.net\/de\/wp-json\/wp\/v2\/posts\/32869\/revisions"}],"wp:featuredmedia":[{"embeddable":true,"href":"https:\/\/gabitel.net\/de\/wp-json\/wp\/v2\/media\/34058"}],"wp:attachment":[{"href":"https:\/\/gabitel.net\/de\/wp-json\/wp\/v2\/media?parent=32869"}],"wp:term":[{"taxonomy":"category","embeddable":true,"href":"https:\/\/gabitel.net\/de\/wp-json\/wp\/v2\/categories?post=32869"},{"taxonomy":"post_tag","embeddable":true,"href":"https:\/\/gabitel.net\/de\/wp-json\/wp\/v2\/tags?post=32869"}],"curies":[{"name":"wp","href":"https:\/\/api.w.org\/{rel}","templated":true}]}}