{"id":32871,"date":"2022-08-11T09:26:32","date_gmt":"2022-08-11T07:26:32","guid":{"rendered":"https:\/\/gabitel.net\/reto-quien-sera-7\/"},"modified":"2022-08-11T09:26:32","modified_gmt":"2022-08-11T07:26:32","slug":"reto-quien-sera-7","status":"publish","type":"post","link":"https:\/\/gabitel.net\/de\/reto-quien-sera-7\/","title":{"rendered":"Reto: \u00bfQui\u00e9n ser\u00e1? 7"},"content":{"rendered":"<p style=\"text-align: justify;\">\u00bfC\u00f3mo habr\u00e1 resultado el reto del mes pasado?, \u00bfhabr\u00e1n sido muchos de los acertantes?, pues vamos a averiguarlo, \u00a1un total de 3 han acertado!<\/p>\n<p style=\"text-align: justify;\">Con la \u00faltima pista, aparte de disfrutar con su espectacular voz, seguro que sirvi\u00f3 para adivinar de qui\u00e9n se trataba. Pues s\u00ed, la preciosa ni\u00f1a de cabellos dorados era nuestra <strong>compa\u00f1era Ana V\u00e1zquez<\/strong>, del T\u00e9cnico del Departamento de Industria.<\/p>\n<p style=\"text-align: justify;\">\u00a1Muchas gracias, Ana, por tu participaci\u00f3n!<\/p>\n<p>&nbsp;<\/p>\n<p>Y para este mes de agosto, nos encontramos con esta preciosa y simp\u00e1tica ni\u00f1a &#x1f60a;<\/p>\n<p><img decoding=\"async\" src=\"https:\/\/gabitelingenieros.com\/wp-content\/uploads\/2022\/08\/RETO7-min.jpeg\" alt=\"Reto: \u00bfQui\u00e9n ser\u00e1? | Gabitel Ingenieros\" \/><\/p>\n<p>A lo mejor estas pistas pueden ayudarte:<\/p>\n<ul>\n<li>Es compa\u00f1era del Departamento de Redes de Distribuci\u00f3n.<\/li>\n<li>Aunque se encuentra a mitad de camino, es mas frecuente verla por la oficina de Sevilla<\/li>\n<li>Las Tramitaciones son su especialidad y la parte Medio Ambiental totalmente vocacional.<\/li>\n<\/ul>\n<p>Y para este mes de agosto, nos encontramos con esta preciosa y simp\u00e1tica ni\u00f1a &#x1f60a;<\/p>\n[qsm quiz=14]\n","protected":false},"excerpt":{"rendered":"<p>\u00bfC\u00f3mo habr\u00e1 resultado el reto del mes pasado?, \u00bfhabr\u00e1n sido muchos de los acertantes?, pues vamos a averiguarlo, \u00a1un total de 3 han acertado! Con la \u00faltima pista, aparte de disfrutar con su espectacular voz, seguro que sirvi\u00f3 para adivinar de qui\u00e9n se trataba. Pues s\u00ed, la preciosa ni\u00f1a de cabellos dorados era nuestra compa\u00f1era [&hellip;]<\/p>\n","protected":false},"author":3,"featured_media":0,"comment_status":"closed","ping_status":"closed","sticky":false,"template":"","format":"standard","meta":{"content-type":"","footnotes":""},"categories":[600],"tags":[],"class_list":["post-32871","post","type-post","status-publish","format-standard","hentry","category-off-topic-de"],"yoast_head":"<!-- This site is optimized with the Yoast SEO plugin v27.5 - https:\/\/yoast.com\/product\/yoast-seo-wordpress\/ -->\n<title>Reto: \u00bfQui\u00e9n ser\u00e1? 7 - Gabitel<\/title>\n<meta name=\"robots\" content=\"index, follow, max-snippet:-1, max-image-preview:large, max-video-preview:-1\" \/>\n<link rel=\"canonical\" href=\"https:\/\/gabitel.net\/de\/reto-quien-sera-7\/\" \/>\n<meta property=\"og:locale\" content=\"de_DE\" \/>\n<meta property=\"og:type\" content=\"article\" \/>\n<meta property=\"og:title\" content=\"Reto: \u00bfQui\u00e9n ser\u00e1? 7 - Gabitel\" \/>\n<meta property=\"og:description\" content=\"\u00bfC\u00f3mo habr\u00e1 resultado el reto del mes pasado?, \u00bfhabr\u00e1n sido muchos de los acertantes?, pues vamos a averiguarlo, \u00a1un total de 3 han acertado! Con la \u00faltima pista, aparte de disfrutar con su espectacular voz, seguro que sirvi\u00f3 para adivinar de qui\u00e9n se trataba. Pues s\u00ed, la preciosa ni\u00f1a de cabellos dorados era nuestra compa\u00f1era [&hellip;]\" \/>\n<meta property=\"og:url\" content=\"https:\/\/gabitel.net\/de\/reto-quien-sera-7\/\" \/>\n<meta property=\"og:site_name\" content=\"Gabitel\" \/>\n<meta property=\"article:publisher\" content=\"https:\/\/www.facebook.com\/gabitelingenieros\/\" \/>\n<meta property=\"article:published_time\" content=\"2022-08-11T07:26:32+00:00\" \/>\n<meta property=\"og:image\" content=\"https:\/\/gabitelingenieros.com\/wp-content\/uploads\/2022\/08\/RETO7-min.jpeg\" \/>\n<meta name=\"author\" content=\"user.autor\" \/>\n<meta name=\"twitter:card\" content=\"summary_large_image\" \/>\n<meta name=\"twitter:label1\" content=\"Verfasst von\" \/>\n\t<meta name=\"twitter:data1\" content=\"user.autor\" \/>\n\t<meta name=\"twitter:label2\" content=\"Gesch\u00e4tzte Lesezeit\" \/>\n\t<meta name=\"twitter:data2\" content=\"1\u00a0Minute\" \/>\n<script type=\"application\/ld+json\" class=\"yoast-schema-graph\">{\"@context\":\"https:\\\/\\\/schema.org\",\"@graph\":[{\"@type\":[\"Article\",\"BlogPosting\"],\"@id\":\"https:\\\/\\\/gabitel.net\\\/de\\\/reto-quien-sera-7\\\/#article\",\"isPartOf\":{\"@id\":\"https:\\\/\\\/gabitel.net\\\/de\\\/reto-quien-sera-7\\\/\"},\"author\":{\"name\":\"user.autor\",\"@id\":\"https:\\\/\\\/gabitel.net\\\/de\\\/#\\\/schema\\\/person\\\/37ba53714c3fedb9c7d22f4bc781465c\"},\"headline\":\"Reto: \u00bfQui\u00e9n ser\u00e1? 7\",\"datePublished\":\"2022-08-11T07:26:32+00:00\",\"mainEntityOfPage\":{\"@id\":\"https:\\\/\\\/gabitel.net\\\/de\\\/reto-quien-sera-7\\\/\"},\"wordCount\":166,\"publisher\":{\"@id\":\"https:\\\/\\\/gabitel.net\\\/de\\\/#organization\"},\"image\":{\"@id\":\"https:\\\/\\\/gabitel.net\\\/de\\\/reto-quien-sera-7\\\/#primaryimage\"},\"thumbnailUrl\":\"https:\\\/\\\/gabitelingenieros.com\\\/wp-content\\\/uploads\\\/2022\\\/08\\\/RETO7-min.jpeg\",\"articleSection\":[\"Off-topic\"],\"inLanguage\":\"de\"},{\"@type\":\"WebPage\",\"@id\":\"https:\\\/\\\/gabitel.net\\\/de\\\/reto-quien-sera-7\\\/\",\"url\":\"https:\\\/\\\/gabitel.net\\\/de\\\/reto-quien-sera-7\\\/\",\"name\":\"Reto: \u00bfQui\u00e9n ser\u00e1? 7 - Gabitel\",\"isPartOf\":{\"@id\":\"https:\\\/\\\/gabitel.net\\\/de\\\/#website\"},\"primaryImageOfPage\":{\"@id\":\"https:\\\/\\\/gabitel.net\\\/de\\\/reto-quien-sera-7\\\/#primaryimage\"},\"image\":{\"@id\":\"https:\\\/\\\/gabitel.net\\\/de\\\/reto-quien-sera-7\\\/#primaryimage\"},\"thumbnailUrl\":\"https:\\\/\\\/gabitelingenieros.com\\\/wp-content\\\/uploads\\\/2022\\\/08\\\/RETO7-min.jpeg\",\"datePublished\":\"2022-08-11T07:26:32+00:00\",\"breadcrumb\":{\"@id\":\"https:\\\/\\\/gabitel.net\\\/de\\\/reto-quien-sera-7\\\/#breadcrumb\"},\"inLanguage\":\"de\",\"potentialAction\":[{\"@type\":\"ReadAction\",\"target\":[\"https:\\\/\\\/gabitel.net\\\/de\\\/reto-quien-sera-7\\\/\"]}]},{\"@type\":\"ImageObject\",\"inLanguage\":\"de\",\"@id\":\"https:\\\/\\\/gabitel.net\\\/de\\\/reto-quien-sera-7\\\/#primaryimage\",\"url\":\"https:\\\/\\\/gabitelingenieros.com\\\/wp-content\\\/uploads\\\/2022\\\/08\\\/RETO7-min.jpeg\",\"contentUrl\":\"https:\\\/\\\/gabitelingenieros.com\\\/wp-content\\\/uploads\\\/2022\\\/08\\\/RETO7-min.jpeg\"},{\"@type\":\"BreadcrumbList\",\"@id\":\"https:\\\/\\\/gabitel.net\\\/de\\\/reto-quien-sera-7\\\/#breadcrumb\",\"itemListElement\":[{\"@type\":\"ListItem\",\"position\":1,\"name\":\"Portada\",\"item\":\"https:\\\/\\\/gabitel.net\\\/de\\\/\"},{\"@type\":\"ListItem\",\"position\":2,\"name\":\"Reto: \u00bfQui\u00e9n ser\u00e1? 7\"}]},{\"@type\":\"WebSite\",\"@id\":\"https:\\\/\\\/gabitel.net\\\/de\\\/#website\",\"url\":\"https:\\\/\\\/gabitel.net\\\/de\\\/\",\"name\":\"Gabitel\",\"description\":\"\",\"publisher\":{\"@id\":\"https:\\\/\\\/gabitel.net\\\/de\\\/#organization\"},\"potentialAction\":[{\"@type\":\"SearchAction\",\"target\":{\"@type\":\"EntryPoint\",\"urlTemplate\":\"https:\\\/\\\/gabitel.net\\\/de\\\/?s={search_term_string}\"},\"query-input\":{\"@type\":\"PropertyValueSpecification\",\"valueRequired\":true,\"valueName\":\"search_term_string\"}}],\"inLanguage\":\"de\"},{\"@type\":\"Organization\",\"@id\":\"https:\\\/\\\/gabitel.net\\\/de\\\/#organization\",\"name\":\"Gabitel\",\"url\":\"https:\\\/\\\/gabitel.net\\\/de\\\/\",\"logo\":{\"@type\":\"ImageObject\",\"inLanguage\":\"de\",\"@id\":\"https:\\\/\\\/gabitel.net\\\/de\\\/#\\\/schema\\\/logo\\\/image\\\/\",\"url\":\"https:\\\/\\\/gabitel.net\\\/wp-content\\\/uploads\\\/2025\\\/05\\\/logo_gabitel.jpg\",\"contentUrl\":\"https:\\\/\\\/gabitel.net\\\/wp-content\\\/uploads\\\/2025\\\/05\\\/logo_gabitel.jpg\",\"width\":2560,\"height\":1330,\"caption\":\"Gabitel\"},\"image\":{\"@id\":\"https:\\\/\\\/gabitel.net\\\/de\\\/#\\\/schema\\\/logo\\\/image\\\/\"},\"sameAs\":[\"https:\\\/\\\/www.facebook.com\\\/gabitelingenieros\\\/\",\"https:\\\/\\\/es.linkedin.com\\\/company\\\/gabitel-ingenieros\"]},{\"@type\":\"Person\",\"@id\":\"https:\\\/\\\/gabitel.net\\\/de\\\/#\\\/schema\\\/person\\\/37ba53714c3fedb9c7d22f4bc781465c\",\"name\":\"user.autor\",\"url\":\"https:\\\/\\\/gabitel.net\\\/de\\\/author\\\/user-autor\\\/\"}]}<\/script>\n<!-- \/ Yoast SEO plugin. -->","yoast_head_json":{"title":"Reto: \u00bfQui\u00e9n ser\u00e1? 7 - Gabitel","robots":{"index":"index","follow":"follow","max-snippet":"max-snippet:-1","max-image-preview":"max-image-preview:large","max-video-preview":"max-video-preview:-1"},"canonical":"https:\/\/gabitel.net\/de\/reto-quien-sera-7\/","og_locale":"de_DE","og_type":"article","og_title":"Reto: \u00bfQui\u00e9n ser\u00e1? 7 - Gabitel","og_description":"\u00bfC\u00f3mo habr\u00e1 resultado el reto del mes pasado?, \u00bfhabr\u00e1n sido muchos de los acertantes?, pues vamos a averiguarlo, \u00a1un total de 3 han acertado! Con la \u00faltima pista, aparte de disfrutar con su espectacular voz, seguro que sirvi\u00f3 para adivinar de qui\u00e9n se trataba. Pues s\u00ed, la preciosa ni\u00f1a de cabellos dorados era nuestra compa\u00f1era [&hellip;]","og_url":"https:\/\/gabitel.net\/de\/reto-quien-sera-7\/","og_site_name":"Gabitel","article_publisher":"https:\/\/www.facebook.com\/gabitelingenieros\/","article_published_time":"2022-08-11T07:26:32+00:00","og_image":[{"url":"https:\/\/gabitelingenieros.com\/wp-content\/uploads\/2022\/08\/RETO7-min.jpeg","type":"","width":"","height":""}],"author":"user.autor","twitter_card":"summary_large_image","twitter_misc":{"Verfasst von":"user.autor","Gesch\u00e4tzte Lesezeit":"1\u00a0Minute"},"schema":{"@context":"https:\/\/schema.org","@graph":[{"@type":["Article","BlogPosting"],"@id":"https:\/\/gabitel.net\/de\/reto-quien-sera-7\/#article","isPartOf":{"@id":"https:\/\/gabitel.net\/de\/reto-quien-sera-7\/"},"author":{"name":"user.autor","@id":"https:\/\/gabitel.net\/de\/#\/schema\/person\/37ba53714c3fedb9c7d22f4bc781465c"},"headline":"Reto: \u00bfQui\u00e9n ser\u00e1? 7","datePublished":"2022-08-11T07:26:32+00:00","mainEntityOfPage":{"@id":"https:\/\/gabitel.net\/de\/reto-quien-sera-7\/"},"wordCount":166,"publisher":{"@id":"https:\/\/gabitel.net\/de\/#organization"},"image":{"@id":"https:\/\/gabitel.net\/de\/reto-quien-sera-7\/#primaryimage"},"thumbnailUrl":"https:\/\/gabitelingenieros.com\/wp-content\/uploads\/2022\/08\/RETO7-min.jpeg","articleSection":["Off-topic"],"inLanguage":"de"},{"@type":"WebPage","@id":"https:\/\/gabitel.net\/de\/reto-quien-sera-7\/","url":"https:\/\/gabitel.net\/de\/reto-quien-sera-7\/","name":"Reto: \u00bfQui\u00e9n ser\u00e1? 7 - Gabitel","isPartOf":{"@id":"https:\/\/gabitel.net\/de\/#website"},"primaryImageOfPage":{"@id":"https:\/\/gabitel.net\/de\/reto-quien-sera-7\/#primaryimage"},"image":{"@id":"https:\/\/gabitel.net\/de\/reto-quien-sera-7\/#primaryimage"},"thumbnailUrl":"https:\/\/gabitelingenieros.com\/wp-content\/uploads\/2022\/08\/RETO7-min.jpeg","datePublished":"2022-08-11T07:26:32+00:00","breadcrumb":{"@id":"https:\/\/gabitel.net\/de\/reto-quien-sera-7\/#breadcrumb"},"inLanguage":"de","potentialAction":[{"@type":"ReadAction","target":["https:\/\/gabitel.net\/de\/reto-quien-sera-7\/"]}]},{"@type":"ImageObject","inLanguage":"de","@id":"https:\/\/gabitel.net\/de\/reto-quien-sera-7\/#primaryimage","url":"https:\/\/gabitelingenieros.com\/wp-content\/uploads\/2022\/08\/RETO7-min.jpeg","contentUrl":"https:\/\/gabitelingenieros.com\/wp-content\/uploads\/2022\/08\/RETO7-min.jpeg"},{"@type":"BreadcrumbList","@id":"https:\/\/gabitel.net\/de\/reto-quien-sera-7\/#breadcrumb","itemListElement":[{"@type":"ListItem","position":1,"name":"Portada","item":"https:\/\/gabitel.net\/de\/"},{"@type":"ListItem","position":2,"name":"Reto: \u00bfQui\u00e9n ser\u00e1? 7"}]},{"@type":"WebSite","@id":"https:\/\/gabitel.net\/de\/#website","url":"https:\/\/gabitel.net\/de\/","name":"Gabitel","description":"","publisher":{"@id":"https:\/\/gabitel.net\/de\/#organization"},"potentialAction":[{"@type":"SearchAction","target":{"@type":"EntryPoint","urlTemplate":"https:\/\/gabitel.net\/de\/?s={search_term_string}"},"query-input":{"@type":"PropertyValueSpecification","valueRequired":true,"valueName":"search_term_string"}}],"inLanguage":"de"},{"@type":"Organization","@id":"https:\/\/gabitel.net\/de\/#organization","name":"Gabitel","url":"https:\/\/gabitel.net\/de\/","logo":{"@type":"ImageObject","inLanguage":"de","@id":"https:\/\/gabitel.net\/de\/#\/schema\/logo\/image\/","url":"https:\/\/gabitel.net\/wp-content\/uploads\/2025\/05\/logo_gabitel.jpg","contentUrl":"https:\/\/gabitel.net\/wp-content\/uploads\/2025\/05\/logo_gabitel.jpg","width":2560,"height":1330,"caption":"Gabitel"},"image":{"@id":"https:\/\/gabitel.net\/de\/#\/schema\/logo\/image\/"},"sameAs":["https:\/\/www.facebook.com\/gabitelingenieros\/","https:\/\/es.linkedin.com\/company\/gabitel-ingenieros"]},{"@type":"Person","@id":"https:\/\/gabitel.net\/de\/#\/schema\/person\/37ba53714c3fedb9c7d22f4bc781465c","name":"user.autor","url":"https:\/\/gabitel.net\/de\/author\/user-autor\/"}]}},"_links":{"self":[{"href":"https:\/\/gabitel.net\/de\/wp-json\/wp\/v2\/posts\/32871","targetHints":{"allow":["GET"]}}],"collection":[{"href":"https:\/\/gabitel.net\/de\/wp-json\/wp\/v2\/posts"}],"about":[{"href":"https:\/\/gabitel.net\/de\/wp-json\/wp\/v2\/types\/post"}],"author":[{"embeddable":true,"href":"https:\/\/gabitel.net\/de\/wp-json\/wp\/v2\/users\/3"}],"replies":[{"embeddable":true,"href":"https:\/\/gabitel.net\/de\/wp-json\/wp\/v2\/comments?post=32871"}],"version-history":[{"count":0,"href":"https:\/\/gabitel.net\/de\/wp-json\/wp\/v2\/posts\/32871\/revisions"}],"wp:attachment":[{"href":"https:\/\/gabitel.net\/de\/wp-json\/wp\/v2\/media?parent=32871"}],"wp:term":[{"taxonomy":"category","embeddable":true,"href":"https:\/\/gabitel.net\/de\/wp-json\/wp\/v2\/categories?post=32871"},{"taxonomy":"post_tag","embeddable":true,"href":"https:\/\/gabitel.net\/de\/wp-json\/wp\/v2\/tags?post=32871"}],"curies":[{"name":"wp","href":"https:\/\/api.w.org\/{rel}","templated":true}]}}