{"id":32873,"date":"2022-08-11T09:03:09","date_gmt":"2022-08-11T07:03:09","guid":{"rendered":"https:\/\/gabitel.net\/que-planes-tienes-para-tus-vacaciones\/"},"modified":"2022-08-11T09:03:09","modified_gmt":"2022-08-11T07:03:09","slug":"que-planes-tienes-para-tus-vacaciones","status":"publish","type":"post","link":"https:\/\/gabitel.net\/de\/que-planes-tienes-para-tus-vacaciones\/","title":{"rendered":"\u00bfQu\u00e9 planes tienes para tus vacaciones?"},"content":{"rendered":"<p style=\"text-align: justify;\">Durante estos d\u00edas de vacaciones son muchos planes los que nos pueden surgir y podemos planificar, desde ese esperado viaje que tanto tiempo llevamos esperando, el reencuentro que familiares que no vemos desde hace mucho, el pasar ratos interminables con amigos, o simplemente disfrutar de la sensaci\u00f3n de \u201c<em>ma\u00f1ana no me suena el despertador<\/em>\u201d.<\/p>\n<p style=\"text-align: justify;\">Algunos de vosotros han querido compartir con el resto de los compa\u00f1eros aquellos planes que han podido cumplir o est\u00e1n pendientes de que lleguen a hacerse realidad en los pr\u00f3ximos d\u00edas.<\/p>\n<p style=\"text-align: justify;\">\n<p style=\"text-align: justify;\">Nuestro compa\u00f1ero <strong><em>Riccardo Weber<\/em><\/strong>, en este mes de agosto visitar\u00e1 Victoria, British Columbia en Canad\u00e1.<\/p>\n<p><img decoding=\"async\" src=\"https:\/\/gabitelingenieros.com\/wp-content\/uploads\/2022\/08\/Victoria-min.png\" alt=\"\u00bfQu\u00e9 planes tienes | Gabitel Ingenieros\" \/><\/p>\n<p><img decoding=\"async\" src=\"https:\/\/gabitelingenieros.com\/wp-content\/uploads\/2022\/08\/victoria2-min.png\" alt=\"\u00bfQu\u00e9 planes tienes | Gabitel Ingenieros\" \/><\/p>\n<p style=\"text-align: justify;\">Victoria es la capital de la Columbia Brit\u00e1nica y se encuentra en la isla de Vancouver. Es muy conocida por la gran variedad de opciones de actividades al aire libre. El pasado colonial brit\u00e1nico de la ciudad se hace patente en su arquitectura victoriana, destacando la majestuosa mansi\u00f3n del Castillo Craigdarroch. Los jardines Butchart, con 22 hect\u00e1reas de llamativas flores, adem\u00e1s de estatuas, elementos decorativos acu\u00e1ticos y un tiovivo, es uno de los numerosos jardines que adornan la ciudad.<\/p>\n<p style=\"text-align: justify;\">Disfruta de este extraordinario viaje porque desde luego que merecer\u00e1 la pena.<\/p>\n<p style=\"text-align: justify;\">\n<p style=\"text-align: justify;\">Nuestra compa\u00f1era <strong><em>Pilar Maycotte<\/em><\/strong>, ha tenido opci\u00f3n de hacer el mejor plan que se puede programar en unas vacaciones, disfrutar de la familia y compartir con ellos el lugar que ahora es tu nuevo hogar. Pero mejor que nos lo cuente ella &#x1f609;<\/p>\n<p><img decoding=\"async\" src=\"https:\/\/gabitelingenieros.com\/wp-content\/uploads\/2022\/08\/pilar-maycotte-min.jpg\" alt=\"\u00bfQu\u00e9 planes tienes | Gabitel Ingenieros\" \/><\/p>\n<p style=\"text-align: justify;\">\u201c<em>Estas vacaciones estoy muy entusiasmada porque har\u00e9 un viaje del 29 de julio al 7 de agosto con mi madre y hermana que me vienen a visitar desde M\u00e9xico despu\u00e9s de no verlas desde octubre del a\u00f1o pasado.<\/em><\/p>\n<p style=\"text-align: justify;\"><em>Es la primera vez que estar\u00e1n en Europa, as\u00ed que ellas tambi\u00e9n est\u00e1n muy emocionadas.<\/em><\/p>\n<p style=\"text-align: justify;\"><em>Ellas llegaran a Sevilla donde yo les har\u00e9 un recorrido por la ciudad para que la conozcan, despu\u00e9s tenemos planeado ir a Londres, Par\u00eds y Bruselas.<\/em><\/p>\n<p style=\"text-align: justify;\"><em>Yo jam\u00e1s he estado en Londres, por lo que tengo muchas ganas de conocer por primera vez y tambi\u00e9n por la compa\u00f1\u00eda con la que voy.<\/em><\/p>\n<p style=\"text-align: justify;\"><em>Por qu\u00e9 escogimos esas ciudades es porque consideramos que son ciudades muy importantes con muchos museos, esculturas y monumentos emblem\u00e1ticos de Europa y tambi\u00e9n para escapar un poco del calor de Sevilla\u201d.<\/em><\/p>\n<p style=\"text-align: justify;\">Nos alegramos de que despu\u00e9s de tanto tiempo puedas reencontrarte con ellas y mucho mejor si son con esos planes que hab\u00e9is hecho con tanta ilusi\u00f3n, m\u00e1s lo vais a disfrutar y ser\u00e1 incre\u00edble.<\/p>\n<p style=\"text-align: justify;\">P.D: Tu hermana y t\u00fa sois dos gotas de agua. guap\u00edsimas las tres &#x1f60a;<\/p>\n<p style=\"text-align: justify;\">\n<p style=\"text-align: justify;\">Y nuestra compa\u00f1era <strong><em>Genoveva S\u00e1nchez,<\/em><\/strong> ultimando los detalles de su viaje a Asturias Petfriendly con toda la familia, al completo. Cu\u00e9ntanos algo m\u00e1s\u2026<\/p>\n<p><img decoding=\"async\" src=\"https:\/\/gabitelingenieros.com\/wp-content\/uploads\/2022\/08\/fibi-min.jpg\" alt=\"\u00bfQu\u00e9 planes tienes | Gabitel Ingenieros\" \/><\/p>\n<p><img decoding=\"async\" src=\"https:\/\/gabitelingenieros.com\/wp-content\/uploads\/2022\/08\/asturias-min.jpg\" alt=\"\u00bfQu\u00e9 planes tienes | Gabitel Ingenieros\" \/><\/p>\n<p style=\"text-align: justify;\"><em>\u201cEste verano vuelve a ser muy especial, porque nos vamos a Asturias, nuestro destino de vacaciones por excelencia en verano. Son muchos a\u00f1os los que llevamos yendo y con motivo de la pandemia dejamos de ir por precauci\u00f3n. Desde el a\u00f1o 2013 llevamos subiendo a Asturias en caravana, pero este a\u00f1o por contratiempos del destino, hemos tenido que optar por una casa rural. Nuestros viajes, siempre que podemos, son con la familia al completo, incluyendo a nuestra peque\u00f1a grandullona, Fibi, por eso intentamos de buscar lugares cien por cien Petfriendly para que ella pueda disfrutar al igual que nosotros.<\/em><\/p>\n<p style=\"text-align: justify;\"><em>Para esta ocasi\u00f3n, hemos tenido la suerte de dar con \u201cLas casas de Isu\u201d un alojamiento rural, apto para perros de todos los tama\u00f1os, entre el mar y la monta\u00f1a, en una aldea de Villaviciosa. Desde all\u00ed volveremos a recorrer senderos, r\u00edos, reencontrarnos con amigos y disfrutar de las olas de las playas en las que podamos estar con Fibi (que no son muchas <\/em><em>&#x2639;). AHH!! c\u00f3mo no, visitar los lagares donde disfrutar de una buena sidra acompa\u00f1ado de los ricos productos de esta maravillosa tierra, que son demasiados. Seguro que vendr\u00e9 con energ\u00eda recargada y algo m\u00e1s redondita, me temo<\/em>\u201d.<\/p>\n","protected":false},"excerpt":{"rendered":"<p>Durante estos d\u00edas de vacaciones son muchos planes los que nos pueden surgir y podemos planificar, desde ese esperado viaje que tanto tiempo llevamos esperando, el reencuentro que familiares que no vemos desde hace mucho, el pasar ratos interminables con amigos, o simplemente disfrutar de la sensaci\u00f3n de \u201cma\u00f1ana no me suena el despertador\u201d. Algunos [&hellip;]<\/p>\n","protected":false},"author":3,"featured_media":33998,"comment_status":"closed","ping_status":"closed","sticky":false,"template":"","format":"standard","meta":{"content-type":"","footnotes":""},"categories":[600],"tags":[],"class_list":["post-32873","post","type-post","status-publish","format-standard","has-post-thumbnail","hentry","category-off-topic-de"],"yoast_head":"<!-- This site is optimized with the Yoast SEO plugin v27.5 - https:\/\/yoast.com\/product\/yoast-seo-wordpress\/ -->\n<title>\u00bfQu\u00e9 planes tienes para tus vacaciones? - Gabitel<\/title>\n<meta name=\"robots\" content=\"index, follow, max-snippet:-1, max-image-preview:large, max-video-preview:-1\" \/>\n<link rel=\"canonical\" href=\"https:\/\/gabitel.net\/de\/que-planes-tienes-para-tus-vacaciones\/\" \/>\n<meta property=\"og:locale\" content=\"de_DE\" \/>\n<meta property=\"og:type\" content=\"article\" \/>\n<meta property=\"og:title\" content=\"\u00bfQu\u00e9 planes tienes para tus vacaciones? - Gabitel\" \/>\n<meta property=\"og:description\" content=\"Durante estos d\u00edas de vacaciones son muchos planes los que nos pueden surgir y podemos planificar, desde ese esperado viaje que tanto tiempo llevamos esperando, el reencuentro que familiares que no vemos desde hace mucho, el pasar ratos interminables con amigos, o simplemente disfrutar de la sensaci\u00f3n de \u201cma\u00f1ana no me suena el despertador\u201d. Algunos [&hellip;]\" \/>\n<meta property=\"og:url\" content=\"https:\/\/gabitel.net\/de\/que-planes-tienes-para-tus-vacaciones\/\" \/>\n<meta property=\"og:site_name\" content=\"Gabitel\" \/>\n<meta property=\"article:publisher\" content=\"https:\/\/www.facebook.com\/gabitelingenieros\/\" \/>\n<meta property=\"article:published_time\" content=\"2022-08-11T07:03:09+00:00\" \/>\n<meta property=\"og:image\" content=\"https:\/\/gabitelingenieros.com\/wp-content\/uploads\/2022\/08\/Victoria-min.png\" \/>\n<meta name=\"author\" content=\"user.autor\" \/>\n<meta name=\"twitter:card\" content=\"summary_large_image\" \/>\n<meta name=\"twitter:label1\" content=\"Verfasst von\" \/>\n\t<meta name=\"twitter:data1\" content=\"user.autor\" \/>\n\t<meta name=\"twitter:label2\" content=\"Gesch\u00e4tzte Lesezeit\" \/>\n\t<meta name=\"twitter:data2\" content=\"3\u00a0Minuten\" \/>\n<script type=\"application\/ld+json\" class=\"yoast-schema-graph\">{\"@context\":\"https:\\\/\\\/schema.org\",\"@graph\":[{\"@type\":[\"Article\",\"BlogPosting\"],\"@id\":\"https:\\\/\\\/gabitel.net\\\/de\\\/que-planes-tienes-para-tus-vacaciones\\\/#article\",\"isPartOf\":{\"@id\":\"https:\\\/\\\/gabitel.net\\\/de\\\/que-planes-tienes-para-tus-vacaciones\\\/\"},\"author\":{\"name\":\"user.autor\",\"@id\":\"https:\\\/\\\/gabitel.net\\\/de\\\/#\\\/schema\\\/person\\\/37ba53714c3fedb9c7d22f4bc781465c\"},\"headline\":\"\u00bfQu\u00e9 planes tienes para tus vacaciones?\",\"datePublished\":\"2022-08-11T07:03:09+00:00\",\"mainEntityOfPage\":{\"@id\":\"https:\\\/\\\/gabitel.net\\\/de\\\/que-planes-tienes-para-tus-vacaciones\\\/\"},\"wordCount\":700,\"publisher\":{\"@id\":\"https:\\\/\\\/gabitel.net\\\/de\\\/#organization\"},\"image\":{\"@id\":\"https:\\\/\\\/gabitel.net\\\/de\\\/que-planes-tienes-para-tus-vacaciones\\\/#primaryimage\"},\"thumbnailUrl\":\"https:\\\/\\\/gabitel.net\\\/wp-content\\\/uploads\\\/2021\\\/06\\\/vacaciones1-min.jpg\",\"articleSection\":[\"Off-topic\"],\"inLanguage\":\"de\"},{\"@type\":\"WebPage\",\"@id\":\"https:\\\/\\\/gabitel.net\\\/de\\\/que-planes-tienes-para-tus-vacaciones\\\/\",\"url\":\"https:\\\/\\\/gabitel.net\\\/de\\\/que-planes-tienes-para-tus-vacaciones\\\/\",\"name\":\"\u00bfQu\u00e9 planes tienes para tus vacaciones? - Gabitel\",\"isPartOf\":{\"@id\":\"https:\\\/\\\/gabitel.net\\\/de\\\/#website\"},\"primaryImageOfPage\":{\"@id\":\"https:\\\/\\\/gabitel.net\\\/de\\\/que-planes-tienes-para-tus-vacaciones\\\/#primaryimage\"},\"image\":{\"@id\":\"https:\\\/\\\/gabitel.net\\\/de\\\/que-planes-tienes-para-tus-vacaciones\\\/#primaryimage\"},\"thumbnailUrl\":\"https:\\\/\\\/gabitel.net\\\/wp-content\\\/uploads\\\/2021\\\/06\\\/vacaciones1-min.jpg\",\"datePublished\":\"2022-08-11T07:03:09+00:00\",\"breadcrumb\":{\"@id\":\"https:\\\/\\\/gabitel.net\\\/de\\\/que-planes-tienes-para-tus-vacaciones\\\/#breadcrumb\"},\"inLanguage\":\"de\",\"potentialAction\":[{\"@type\":\"ReadAction\",\"target\":[\"https:\\\/\\\/gabitel.net\\\/de\\\/que-planes-tienes-para-tus-vacaciones\\\/\"]}]},{\"@type\":\"ImageObject\",\"inLanguage\":\"de\",\"@id\":\"https:\\\/\\\/gabitel.net\\\/de\\\/que-planes-tienes-para-tus-vacaciones\\\/#primaryimage\",\"url\":\"https:\\\/\\\/gabitel.net\\\/wp-content\\\/uploads\\\/2021\\\/06\\\/vacaciones1-min.jpg\",\"contentUrl\":\"https:\\\/\\\/gabitel.net\\\/wp-content\\\/uploads\\\/2021\\\/06\\\/vacaciones1-min.jpg\",\"width\":1600,\"height\":1039,\"caption\":\"vacaciones_gabitel\"},{\"@type\":\"BreadcrumbList\",\"@id\":\"https:\\\/\\\/gabitel.net\\\/de\\\/que-planes-tienes-para-tus-vacaciones\\\/#breadcrumb\",\"itemListElement\":[{\"@type\":\"ListItem\",\"position\":1,\"name\":\"Portada\",\"item\":\"https:\\\/\\\/gabitel.net\\\/de\\\/\"},{\"@type\":\"ListItem\",\"position\":2,\"name\":\"\u00bfQu\u00e9 planes tienes para tus vacaciones?\"}]},{\"@type\":\"WebSite\",\"@id\":\"https:\\\/\\\/gabitel.net\\\/de\\\/#website\",\"url\":\"https:\\\/\\\/gabitel.net\\\/de\\\/\",\"name\":\"Gabitel\",\"description\":\"\",\"publisher\":{\"@id\":\"https:\\\/\\\/gabitel.net\\\/de\\\/#organization\"},\"potentialAction\":[{\"@type\":\"SearchAction\",\"target\":{\"@type\":\"EntryPoint\",\"urlTemplate\":\"https:\\\/\\\/gabitel.net\\\/de\\\/?s={search_term_string}\"},\"query-input\":{\"@type\":\"PropertyValueSpecification\",\"valueRequired\":true,\"valueName\":\"search_term_string\"}}],\"inLanguage\":\"de\"},{\"@type\":\"Organization\",\"@id\":\"https:\\\/\\\/gabitel.net\\\/de\\\/#organization\",\"name\":\"Gabitel\",\"url\":\"https:\\\/\\\/gabitel.net\\\/de\\\/\",\"logo\":{\"@type\":\"ImageObject\",\"inLanguage\":\"de\",\"@id\":\"https:\\\/\\\/gabitel.net\\\/de\\\/#\\\/schema\\\/logo\\\/image\\\/\",\"url\":\"https:\\\/\\\/gabitel.net\\\/wp-content\\\/uploads\\\/2025\\\/05\\\/logo_gabitel.jpg\",\"contentUrl\":\"https:\\\/\\\/gabitel.net\\\/wp-content\\\/uploads\\\/2025\\\/05\\\/logo_gabitel.jpg\",\"width\":2560,\"height\":1330,\"caption\":\"Gabitel\"},\"image\":{\"@id\":\"https:\\\/\\\/gabitel.net\\\/de\\\/#\\\/schema\\\/logo\\\/image\\\/\"},\"sameAs\":[\"https:\\\/\\\/www.facebook.com\\\/gabitelingenieros\\\/\",\"https:\\\/\\\/es.linkedin.com\\\/company\\\/gabitel-ingenieros\"]},{\"@type\":\"Person\",\"@id\":\"https:\\\/\\\/gabitel.net\\\/de\\\/#\\\/schema\\\/person\\\/37ba53714c3fedb9c7d22f4bc781465c\",\"name\":\"user.autor\",\"url\":\"https:\\\/\\\/gabitel.net\\\/de\\\/author\\\/user-autor\\\/\"}]}<\/script>\n<!-- \/ Yoast SEO plugin. -->","yoast_head_json":{"title":"\u00bfQu\u00e9 planes tienes para tus vacaciones? - Gabitel","robots":{"index":"index","follow":"follow","max-snippet":"max-snippet:-1","max-image-preview":"max-image-preview:large","max-video-preview":"max-video-preview:-1"},"canonical":"https:\/\/gabitel.net\/de\/que-planes-tienes-para-tus-vacaciones\/","og_locale":"de_DE","og_type":"article","og_title":"\u00bfQu\u00e9 planes tienes para tus vacaciones? - Gabitel","og_description":"Durante estos d\u00edas de vacaciones son muchos planes los que nos pueden surgir y podemos planificar, desde ese esperado viaje que tanto tiempo llevamos esperando, el reencuentro que familiares que no vemos desde hace mucho, el pasar ratos interminables con amigos, o simplemente disfrutar de la sensaci\u00f3n de \u201cma\u00f1ana no me suena el despertador\u201d. Algunos [&hellip;]","og_url":"https:\/\/gabitel.net\/de\/que-planes-tienes-para-tus-vacaciones\/","og_site_name":"Gabitel","article_publisher":"https:\/\/www.facebook.com\/gabitelingenieros\/","article_published_time":"2022-08-11T07:03:09+00:00","og_image":[{"url":"https:\/\/gabitelingenieros.com\/wp-content\/uploads\/2022\/08\/Victoria-min.png","type":"","width":"","height":""}],"author":"user.autor","twitter_card":"summary_large_image","twitter_misc":{"Verfasst von":"user.autor","Gesch\u00e4tzte Lesezeit":"3\u00a0Minuten"},"schema":{"@context":"https:\/\/schema.org","@graph":[{"@type":["Article","BlogPosting"],"@id":"https:\/\/gabitel.net\/de\/que-planes-tienes-para-tus-vacaciones\/#article","isPartOf":{"@id":"https:\/\/gabitel.net\/de\/que-planes-tienes-para-tus-vacaciones\/"},"author":{"name":"user.autor","@id":"https:\/\/gabitel.net\/de\/#\/schema\/person\/37ba53714c3fedb9c7d22f4bc781465c"},"headline":"\u00bfQu\u00e9 planes tienes para tus vacaciones?","datePublished":"2022-08-11T07:03:09+00:00","mainEntityOfPage":{"@id":"https:\/\/gabitel.net\/de\/que-planes-tienes-para-tus-vacaciones\/"},"wordCount":700,"publisher":{"@id":"https:\/\/gabitel.net\/de\/#organization"},"image":{"@id":"https:\/\/gabitel.net\/de\/que-planes-tienes-para-tus-vacaciones\/#primaryimage"},"thumbnailUrl":"https:\/\/gabitel.net\/wp-content\/uploads\/2021\/06\/vacaciones1-min.jpg","articleSection":["Off-topic"],"inLanguage":"de"},{"@type":"WebPage","@id":"https:\/\/gabitel.net\/de\/que-planes-tienes-para-tus-vacaciones\/","url":"https:\/\/gabitel.net\/de\/que-planes-tienes-para-tus-vacaciones\/","name":"\u00bfQu\u00e9 planes tienes para tus vacaciones? - Gabitel","isPartOf":{"@id":"https:\/\/gabitel.net\/de\/#website"},"primaryImageOfPage":{"@id":"https:\/\/gabitel.net\/de\/que-planes-tienes-para-tus-vacaciones\/#primaryimage"},"image":{"@id":"https:\/\/gabitel.net\/de\/que-planes-tienes-para-tus-vacaciones\/#primaryimage"},"thumbnailUrl":"https:\/\/gabitel.net\/wp-content\/uploads\/2021\/06\/vacaciones1-min.jpg","datePublished":"2022-08-11T07:03:09+00:00","breadcrumb":{"@id":"https:\/\/gabitel.net\/de\/que-planes-tienes-para-tus-vacaciones\/#breadcrumb"},"inLanguage":"de","potentialAction":[{"@type":"ReadAction","target":["https:\/\/gabitel.net\/de\/que-planes-tienes-para-tus-vacaciones\/"]}]},{"@type":"ImageObject","inLanguage":"de","@id":"https:\/\/gabitel.net\/de\/que-planes-tienes-para-tus-vacaciones\/#primaryimage","url":"https:\/\/gabitel.net\/wp-content\/uploads\/2021\/06\/vacaciones1-min.jpg","contentUrl":"https:\/\/gabitel.net\/wp-content\/uploads\/2021\/06\/vacaciones1-min.jpg","width":1600,"height":1039,"caption":"vacaciones_gabitel"},{"@type":"BreadcrumbList","@id":"https:\/\/gabitel.net\/de\/que-planes-tienes-para-tus-vacaciones\/#breadcrumb","itemListElement":[{"@type":"ListItem","position":1,"name":"Portada","item":"https:\/\/gabitel.net\/de\/"},{"@type":"ListItem","position":2,"name":"\u00bfQu\u00e9 planes tienes para tus vacaciones?"}]},{"@type":"WebSite","@id":"https:\/\/gabitel.net\/de\/#website","url":"https:\/\/gabitel.net\/de\/","name":"Gabitel","description":"","publisher":{"@id":"https:\/\/gabitel.net\/de\/#organization"},"potentialAction":[{"@type":"SearchAction","target":{"@type":"EntryPoint","urlTemplate":"https:\/\/gabitel.net\/de\/?s={search_term_string}"},"query-input":{"@type":"PropertyValueSpecification","valueRequired":true,"valueName":"search_term_string"}}],"inLanguage":"de"},{"@type":"Organization","@id":"https:\/\/gabitel.net\/de\/#organization","name":"Gabitel","url":"https:\/\/gabitel.net\/de\/","logo":{"@type":"ImageObject","inLanguage":"de","@id":"https:\/\/gabitel.net\/de\/#\/schema\/logo\/image\/","url":"https:\/\/gabitel.net\/wp-content\/uploads\/2025\/05\/logo_gabitel.jpg","contentUrl":"https:\/\/gabitel.net\/wp-content\/uploads\/2025\/05\/logo_gabitel.jpg","width":2560,"height":1330,"caption":"Gabitel"},"image":{"@id":"https:\/\/gabitel.net\/de\/#\/schema\/logo\/image\/"},"sameAs":["https:\/\/www.facebook.com\/gabitelingenieros\/","https:\/\/es.linkedin.com\/company\/gabitel-ingenieros"]},{"@type":"Person","@id":"https:\/\/gabitel.net\/de\/#\/schema\/person\/37ba53714c3fedb9c7d22f4bc781465c","name":"user.autor","url":"https:\/\/gabitel.net\/de\/author\/user-autor\/"}]}},"_links":{"self":[{"href":"https:\/\/gabitel.net\/de\/wp-json\/wp\/v2\/posts\/32873","targetHints":{"allow":["GET"]}}],"collection":[{"href":"https:\/\/gabitel.net\/de\/wp-json\/wp\/v2\/posts"}],"about":[{"href":"https:\/\/gabitel.net\/de\/wp-json\/wp\/v2\/types\/post"}],"author":[{"embeddable":true,"href":"https:\/\/gabitel.net\/de\/wp-json\/wp\/v2\/users\/3"}],"replies":[{"embeddable":true,"href":"https:\/\/gabitel.net\/de\/wp-json\/wp\/v2\/comments?post=32873"}],"version-history":[{"count":0,"href":"https:\/\/gabitel.net\/de\/wp-json\/wp\/v2\/posts\/32873\/revisions"}],"wp:featuredmedia":[{"embeddable":true,"href":"https:\/\/gabitel.net\/de\/wp-json\/wp\/v2\/media\/33998"}],"wp:attachment":[{"href":"https:\/\/gabitel.net\/de\/wp-json\/wp\/v2\/media?parent=32873"}],"wp:term":[{"taxonomy":"category","embeddable":true,"href":"https:\/\/gabitel.net\/de\/wp-json\/wp\/v2\/categories?post=32873"},{"taxonomy":"post_tag","embeddable":true,"href":"https:\/\/gabitel.net\/de\/wp-json\/wp\/v2\/tags?post=32873"}],"curies":[{"name":"wp","href":"https:\/\/api.w.org\/{rel}","templated":true}]}}