{"id":32881,"date":"2022-07-11T09:24:57","date_gmt":"2022-07-11T07:24:57","guid":{"rendered":"https:\/\/gabitel.net\/recomendaciones-para-gestionar-tu-tiempo-en-estas-vacaciones\/"},"modified":"2022-07-11T09:24:57","modified_gmt":"2022-07-11T07:24:57","slug":"recomendaciones-para-gestionar-tu-tiempo-en-estas-vacaciones","status":"publish","type":"post","link":"https:\/\/gabitel.net\/de\/recomendaciones-para-gestionar-tu-tiempo-en-estas-vacaciones\/","title":{"rendered":"Recomendaciones para gestionar tu tiempo en estas vacaciones"},"content":{"rendered":"<p style=\"text-align: justify;\">Ya est\u00e1 aqu\u00ed las ansiadas vacaciones de verano y miles de planes nos acechan, desde Gabitel te ofrecemos algunos consejos para gestionar nuestro tiempo durante esos d\u00edas, en los cuales, tendemos a olvidarnos de la rutina, h\u00e1bitos y horarios\u2026 aunque nos parezca algo positivo y dir\u00edamos que, hasta atractivo, puede llegar el momento que esto sea un obst\u00e1culo y que algo beneficioso nos genere cierto estr\u00e9s.<\/p>\n<p style=\"text-align: justify;\">Para evitar que esto suceda queremos darte algunas recomendaciones para que puedas aprovechar al m\u00e1ximo tus vacaciones y sean los m\u00e1s provechosas posibles en todos los sentidos:<\/p>\n<ol style=\"text-align: justify;\">\n<li><strong><em>DESCONECTA<\/em><\/strong>: el tiempo que dispones en tu periodo de vacaciones intenta dedicarlo en exclusiva a tu parcela personal y familiar, manteniendo a un lado tu rutina laboral habitual.<\/li>\n<\/ol>\n<p>&nbsp;<\/p>\n<ol style=\"text-align: justify;\" start=\"3\">\n<li><strong><em>EVITA JORNADAS MARATONIANAS<\/em>: <\/strong>Aprovechar el tiempo no es sin\u00f3nimo de querer hacer todo aquello que no hemos hecho el resto del a\u00f1o, o visitar todos los rincones de nuestro lugar de destino en nuestras vacaciones (como solemos hacer). Haz las cosas con calma, con una adecuada organizaci\u00f3n es posible, y si algo queda pendiente no le des la mayor importancia. <em>\u00a1No acabes m\u00e1s cansado de cuando empezaste tus vacaciones!<\/em><\/li>\n<\/ol>\n<p>&nbsp;<\/p>\n<ol style=\"text-align: justify;\" start=\"3\">\n<li><strong><em>PLANIFICA CON ANTELACI\u00d3N: <\/em><\/strong>Organiza bien tus escapas, largas o cortas, organiza lo que quieres hacer y ten localizados los lugares a los que quieres ir. Es una forma de gestionar mejor tu tiempo, sin necesidad de tener que improvisar a cada momento.<\/li>\n<\/ol>\n<p style=\"text-align: justify;\"><strong><em>\u00a0<\/em><\/strong><\/p>\n<ol style=\"text-align: justify;\" start=\"4\">\n<li><strong><em>MANTIENE UNA RUTINA: <\/em><\/strong>Intenta seguir tus horarios habituales, no descontroles tu cuerpo de un d\u00eda para otro. Cumple horarios de comida y especialmente sigue manteniendo una rutina de sue\u00f1o saludable.<\/li>\n<\/ol>\n<p>&nbsp;<\/p>\n<ol style=\"text-align: justify;\" start=\"5\">\n<li><strong><em>DEDICA TIEMPO A LA FAMILIA Y AMIGOS<\/em><\/strong>: Durante tu descanso, no olvides dedicar parte de este tiempo a aquellas personas que durante el resto del a\u00f1o debido a nuestro horarios o compromisos laborales no podemos hacerlo como nos gustar\u00eda. Pasa tiempo con los tuyos, ellos tambi\u00e9n te necesitan.<\/li>\n<\/ol>\n<p>&nbsp;<\/p>\n<ol style=\"text-align: justify;\" start=\"6\">\n<li><strong><em>DEDICARTE TIEMPO A TI MISMO:<\/em> <\/strong>Nosotros tambi\u00e9n nos merecemos prestarnos m\u00e1s atenci\u00f3n, aquella que quiz\u00e1s no podemos dedicar el resto del a\u00f1o por nuestras obligaciones laborales. Las vacaciones son el tiempo perfecto para la autorrealizaci\u00f3n personal.<\/li>\n<\/ol>\n<p style=\"text-align: justify;\"><strong>\u00a0<\/strong><\/p>\n<ol style=\"text-align: justify;\" start=\"7\">\n<li><strong><em>NO ABUSES DEL SEDENTARISMO<\/em><\/strong>: Descansar no es sin\u00f3nimo de no hacer nada, mantente en activo. Que el sof\u00e1 y la hamaca no sea tu mejor aliado en tus vacaciones. Aunque de vez en cuando sea hasta necesario no te pases horas muertas en horizontal.<\/li>\n<\/ol>\n<p>&nbsp;<\/p>\n<ol style=\"text-align: justify;\" start=\"8\">\n<li><strong><em>UTILIZA LAS COMIDAS COMO REUNI\u00d3N SOCIAL: <\/em><\/strong>Las comidas pueden ser el mejor momento para socializarse y pasar un buen rato en familia y con amigos<em>. Bien es sabido por todos.<\/em><\/li>\n<\/ol>\n<p style=\"text-align: justify;\"><strong><em>\u00a0<\/em><\/strong><\/p>\n<ol style=\"text-align: justify;\" start=\"9\">\n<li><strong><em>RETOMA AFICIONES: <\/em><\/strong>Durante el a\u00f1o es imposible dedicarse en cuerpo y alma a todo aquello que queremos hacer, debido a nuestros horario y compromisos que siempre usamos como excusas. Las vacaciones pueden convertirse en nuestras mejores aliadas para retomar o comenzar actividades que nos gusten o simplemente que queremos probar.<\/li>\n<\/ol>\n<p>&nbsp;<\/p>\n<ol start=\"10\">\n<li style=\"text-align: justify;\"><strong><em> MARCATE PROP\u00d3SITOS: <\/em><\/strong>Con la mente relajada y algo m\u00e1s despejada nos permite reflexionar y recuperar aquello que hab\u00edamos dejado aparcado. Iniciemos una rutina que nos permita incluso mantenerlos a lo largo de a\u00f1o.<\/li>\n<\/ol>\n","protected":false},"excerpt":{"rendered":"<p>Ya est\u00e1 aqu\u00ed las ansiadas vacaciones de verano y miles de planes nos acechan, desde Gabitel te ofrecemos algunos consejos para gestionar nuestro tiempo durante esos d\u00edas, en los cuales, tendemos a olvidarnos de la rutina, h\u00e1bitos y horarios\u2026 aunque nos parezca algo positivo y dir\u00edamos que, hasta atractivo, puede llegar el momento que esto [&hellip;]<\/p>\n","protected":false},"author":3,"featured_media":34610,"comment_status":"closed","ping_status":"closed","sticky":false,"template":"","format":"standard","meta":{"content-type":"","footnotes":""},"categories":[600],"tags":[],"class_list":["post-32881","post","type-post","status-publish","format-standard","has-post-thumbnail","hentry","category-off-topic-de"],"yoast_head":"<!-- This site is optimized with the Yoast SEO plugin v27.5 - https:\/\/yoast.com\/product\/yoast-seo-wordpress\/ -->\n<title>Recomendaciones para gestionar tu tiempo en estas vacaciones - Gabitel<\/title>\n<meta name=\"robots\" content=\"index, follow, max-snippet:-1, max-image-preview:large, max-video-preview:-1\" \/>\n<link rel=\"canonical\" href=\"https:\/\/gabitel.net\/de\/recomendaciones-para-gestionar-tu-tiempo-en-estas-vacaciones\/\" \/>\n<meta property=\"og:locale\" content=\"de_DE\" \/>\n<meta property=\"og:type\" content=\"article\" \/>\n<meta property=\"og:title\" content=\"Recomendaciones para gestionar tu tiempo en estas vacaciones - Gabitel\" \/>\n<meta property=\"og:description\" content=\"Ya est\u00e1 aqu\u00ed las ansiadas vacaciones de verano y miles de planes nos acechan, desde Gabitel te ofrecemos algunos consejos para gestionar nuestro tiempo durante esos d\u00edas, en los cuales, tendemos a olvidarnos de la rutina, h\u00e1bitos y horarios\u2026 aunque nos parezca algo positivo y dir\u00edamos que, hasta atractivo, puede llegar el momento que esto [&hellip;]\" \/>\n<meta property=\"og:url\" content=\"https:\/\/gabitel.net\/de\/recomendaciones-para-gestionar-tu-tiempo-en-estas-vacaciones\/\" \/>\n<meta property=\"og:site_name\" content=\"Gabitel\" \/>\n<meta property=\"article:publisher\" content=\"https:\/\/www.facebook.com\/gabitelingenieros\/\" \/>\n<meta property=\"article:published_time\" content=\"2022-07-11T07:24:57+00:00\" \/>\n<meta name=\"author\" content=\"user.autor\" \/>\n<meta name=\"twitter:card\" content=\"summary_large_image\" \/>\n<meta name=\"twitter:label1\" content=\"Verfasst von\" \/>\n\t<meta name=\"twitter:data1\" content=\"user.autor\" \/>\n\t<meta name=\"twitter:label2\" content=\"Gesch\u00e4tzte Lesezeit\" \/>\n\t<meta name=\"twitter:data2\" content=\"3\u00a0Minuten\" \/>\n<script type=\"application\/ld+json\" class=\"yoast-schema-graph\">{\"@context\":\"https:\\\/\\\/schema.org\",\"@graph\":[{\"@type\":[\"Article\",\"BlogPosting\"],\"@id\":\"https:\\\/\\\/gabitel.net\\\/de\\\/recomendaciones-para-gestionar-tu-tiempo-en-estas-vacaciones\\\/#article\",\"isPartOf\":{\"@id\":\"https:\\\/\\\/gabitel.net\\\/de\\\/recomendaciones-para-gestionar-tu-tiempo-en-estas-vacaciones\\\/\"},\"author\":{\"name\":\"user.autor\",\"@id\":\"https:\\\/\\\/gabitel.net\\\/de\\\/#\\\/schema\\\/person\\\/37ba53714c3fedb9c7d22f4bc781465c\"},\"headline\":\"Recomendaciones para gestionar tu tiempo en estas vacaciones\",\"datePublished\":\"2022-07-11T07:24:57+00:00\",\"mainEntityOfPage\":{\"@id\":\"https:\\\/\\\/gabitel.net\\\/de\\\/recomendaciones-para-gestionar-tu-tiempo-en-estas-vacaciones\\\/\"},\"wordCount\":547,\"publisher\":{\"@id\":\"https:\\\/\\\/gabitel.net\\\/de\\\/#organization\"},\"image\":{\"@id\":\"https:\\\/\\\/gabitel.net\\\/de\\\/recomendaciones-para-gestionar-tu-tiempo-en-estas-vacaciones\\\/#primaryimage\"},\"thumbnailUrl\":\"https:\\\/\\\/gabitel.net\\\/wp-content\\\/uploads\\\/2022\\\/07\\\/Vacaciones-gabitel1-min.jpg\",\"articleSection\":[\"Off-topic\"],\"inLanguage\":\"de\"},{\"@type\":\"WebPage\",\"@id\":\"https:\\\/\\\/gabitel.net\\\/de\\\/recomendaciones-para-gestionar-tu-tiempo-en-estas-vacaciones\\\/\",\"url\":\"https:\\\/\\\/gabitel.net\\\/de\\\/recomendaciones-para-gestionar-tu-tiempo-en-estas-vacaciones\\\/\",\"name\":\"Recomendaciones para gestionar tu tiempo en estas vacaciones - Gabitel\",\"isPartOf\":{\"@id\":\"https:\\\/\\\/gabitel.net\\\/de\\\/#website\"},\"primaryImageOfPage\":{\"@id\":\"https:\\\/\\\/gabitel.net\\\/de\\\/recomendaciones-para-gestionar-tu-tiempo-en-estas-vacaciones\\\/#primaryimage\"},\"image\":{\"@id\":\"https:\\\/\\\/gabitel.net\\\/de\\\/recomendaciones-para-gestionar-tu-tiempo-en-estas-vacaciones\\\/#primaryimage\"},\"thumbnailUrl\":\"https:\\\/\\\/gabitel.net\\\/wp-content\\\/uploads\\\/2022\\\/07\\\/Vacaciones-gabitel1-min.jpg\",\"datePublished\":\"2022-07-11T07:24:57+00:00\",\"breadcrumb\":{\"@id\":\"https:\\\/\\\/gabitel.net\\\/de\\\/recomendaciones-para-gestionar-tu-tiempo-en-estas-vacaciones\\\/#breadcrumb\"},\"inLanguage\":\"de\",\"potentialAction\":[{\"@type\":\"ReadAction\",\"target\":[\"https:\\\/\\\/gabitel.net\\\/de\\\/recomendaciones-para-gestionar-tu-tiempo-en-estas-vacaciones\\\/\"]}]},{\"@type\":\"ImageObject\",\"inLanguage\":\"de\",\"@id\":\"https:\\\/\\\/gabitel.net\\\/de\\\/recomendaciones-para-gestionar-tu-tiempo-en-estas-vacaciones\\\/#primaryimage\",\"url\":\"https:\\\/\\\/gabitel.net\\\/wp-content\\\/uploads\\\/2022\\\/07\\\/Vacaciones-gabitel1-min.jpg\",\"contentUrl\":\"https:\\\/\\\/gabitel.net\\\/wp-content\\\/uploads\\\/2022\\\/07\\\/Vacaciones-gabitel1-min.jpg\",\"width\":1718,\"height\":962,\"caption\":\"Vacaciones-gabitel\"},{\"@type\":\"BreadcrumbList\",\"@id\":\"https:\\\/\\\/gabitel.net\\\/de\\\/recomendaciones-para-gestionar-tu-tiempo-en-estas-vacaciones\\\/#breadcrumb\",\"itemListElement\":[{\"@type\":\"ListItem\",\"position\":1,\"name\":\"Portada\",\"item\":\"https:\\\/\\\/gabitel.net\\\/de\\\/\"},{\"@type\":\"ListItem\",\"position\":2,\"name\":\"Recomendaciones para gestionar tu tiempo en estas vacaciones\"}]},{\"@type\":\"WebSite\",\"@id\":\"https:\\\/\\\/gabitel.net\\\/de\\\/#website\",\"url\":\"https:\\\/\\\/gabitel.net\\\/de\\\/\",\"name\":\"Gabitel\",\"description\":\"\",\"publisher\":{\"@id\":\"https:\\\/\\\/gabitel.net\\\/de\\\/#organization\"},\"potentialAction\":[{\"@type\":\"SearchAction\",\"target\":{\"@type\":\"EntryPoint\",\"urlTemplate\":\"https:\\\/\\\/gabitel.net\\\/de\\\/?s={search_term_string}\"},\"query-input\":{\"@type\":\"PropertyValueSpecification\",\"valueRequired\":true,\"valueName\":\"search_term_string\"}}],\"inLanguage\":\"de\"},{\"@type\":\"Organization\",\"@id\":\"https:\\\/\\\/gabitel.net\\\/de\\\/#organization\",\"name\":\"Gabitel\",\"url\":\"https:\\\/\\\/gabitel.net\\\/de\\\/\",\"logo\":{\"@type\":\"ImageObject\",\"inLanguage\":\"de\",\"@id\":\"https:\\\/\\\/gabitel.net\\\/de\\\/#\\\/schema\\\/logo\\\/image\\\/\",\"url\":\"https:\\\/\\\/gabitel.net\\\/wp-content\\\/uploads\\\/2025\\\/05\\\/logo_gabitel.jpg\",\"contentUrl\":\"https:\\\/\\\/gabitel.net\\\/wp-content\\\/uploads\\\/2025\\\/05\\\/logo_gabitel.jpg\",\"width\":2560,\"height\":1330,\"caption\":\"Gabitel\"},\"image\":{\"@id\":\"https:\\\/\\\/gabitel.net\\\/de\\\/#\\\/schema\\\/logo\\\/image\\\/\"},\"sameAs\":[\"https:\\\/\\\/www.facebook.com\\\/gabitelingenieros\\\/\",\"https:\\\/\\\/es.linkedin.com\\\/company\\\/gabitel-ingenieros\"]},{\"@type\":\"Person\",\"@id\":\"https:\\\/\\\/gabitel.net\\\/de\\\/#\\\/schema\\\/person\\\/37ba53714c3fedb9c7d22f4bc781465c\",\"name\":\"user.autor\",\"url\":\"https:\\\/\\\/gabitel.net\\\/de\\\/author\\\/user-autor\\\/\"}]}<\/script>\n<!-- \/ Yoast SEO plugin. -->","yoast_head_json":{"title":"Recomendaciones para gestionar tu tiempo en estas vacaciones - Gabitel","robots":{"index":"index","follow":"follow","max-snippet":"max-snippet:-1","max-image-preview":"max-image-preview:large","max-video-preview":"max-video-preview:-1"},"canonical":"https:\/\/gabitel.net\/de\/recomendaciones-para-gestionar-tu-tiempo-en-estas-vacaciones\/","og_locale":"de_DE","og_type":"article","og_title":"Recomendaciones para gestionar tu tiempo en estas vacaciones - Gabitel","og_description":"Ya est\u00e1 aqu\u00ed las ansiadas vacaciones de verano y miles de planes nos acechan, desde Gabitel te ofrecemos algunos consejos para gestionar nuestro tiempo durante esos d\u00edas, en los cuales, tendemos a olvidarnos de la rutina, h\u00e1bitos y horarios\u2026 aunque nos parezca algo positivo y dir\u00edamos que, hasta atractivo, puede llegar el momento que esto [&hellip;]","og_url":"https:\/\/gabitel.net\/de\/recomendaciones-para-gestionar-tu-tiempo-en-estas-vacaciones\/","og_site_name":"Gabitel","article_publisher":"https:\/\/www.facebook.com\/gabitelingenieros\/","article_published_time":"2022-07-11T07:24:57+00:00","author":"user.autor","twitter_card":"summary_large_image","twitter_misc":{"Verfasst von":"user.autor","Gesch\u00e4tzte Lesezeit":"3\u00a0Minuten"},"schema":{"@context":"https:\/\/schema.org","@graph":[{"@type":["Article","BlogPosting"],"@id":"https:\/\/gabitel.net\/de\/recomendaciones-para-gestionar-tu-tiempo-en-estas-vacaciones\/#article","isPartOf":{"@id":"https:\/\/gabitel.net\/de\/recomendaciones-para-gestionar-tu-tiempo-en-estas-vacaciones\/"},"author":{"name":"user.autor","@id":"https:\/\/gabitel.net\/de\/#\/schema\/person\/37ba53714c3fedb9c7d22f4bc781465c"},"headline":"Recomendaciones para gestionar tu tiempo en estas vacaciones","datePublished":"2022-07-11T07:24:57+00:00","mainEntityOfPage":{"@id":"https:\/\/gabitel.net\/de\/recomendaciones-para-gestionar-tu-tiempo-en-estas-vacaciones\/"},"wordCount":547,"publisher":{"@id":"https:\/\/gabitel.net\/de\/#organization"},"image":{"@id":"https:\/\/gabitel.net\/de\/recomendaciones-para-gestionar-tu-tiempo-en-estas-vacaciones\/#primaryimage"},"thumbnailUrl":"https:\/\/gabitel.net\/wp-content\/uploads\/2022\/07\/Vacaciones-gabitel1-min.jpg","articleSection":["Off-topic"],"inLanguage":"de"},{"@type":"WebPage","@id":"https:\/\/gabitel.net\/de\/recomendaciones-para-gestionar-tu-tiempo-en-estas-vacaciones\/","url":"https:\/\/gabitel.net\/de\/recomendaciones-para-gestionar-tu-tiempo-en-estas-vacaciones\/","name":"Recomendaciones para gestionar tu tiempo en estas vacaciones - Gabitel","isPartOf":{"@id":"https:\/\/gabitel.net\/de\/#website"},"primaryImageOfPage":{"@id":"https:\/\/gabitel.net\/de\/recomendaciones-para-gestionar-tu-tiempo-en-estas-vacaciones\/#primaryimage"},"image":{"@id":"https:\/\/gabitel.net\/de\/recomendaciones-para-gestionar-tu-tiempo-en-estas-vacaciones\/#primaryimage"},"thumbnailUrl":"https:\/\/gabitel.net\/wp-content\/uploads\/2022\/07\/Vacaciones-gabitel1-min.jpg","datePublished":"2022-07-11T07:24:57+00:00","breadcrumb":{"@id":"https:\/\/gabitel.net\/de\/recomendaciones-para-gestionar-tu-tiempo-en-estas-vacaciones\/#breadcrumb"},"inLanguage":"de","potentialAction":[{"@type":"ReadAction","target":["https:\/\/gabitel.net\/de\/recomendaciones-para-gestionar-tu-tiempo-en-estas-vacaciones\/"]}]},{"@type":"ImageObject","inLanguage":"de","@id":"https:\/\/gabitel.net\/de\/recomendaciones-para-gestionar-tu-tiempo-en-estas-vacaciones\/#primaryimage","url":"https:\/\/gabitel.net\/wp-content\/uploads\/2022\/07\/Vacaciones-gabitel1-min.jpg","contentUrl":"https:\/\/gabitel.net\/wp-content\/uploads\/2022\/07\/Vacaciones-gabitel1-min.jpg","width":1718,"height":962,"caption":"Vacaciones-gabitel"},{"@type":"BreadcrumbList","@id":"https:\/\/gabitel.net\/de\/recomendaciones-para-gestionar-tu-tiempo-en-estas-vacaciones\/#breadcrumb","itemListElement":[{"@type":"ListItem","position":1,"name":"Portada","item":"https:\/\/gabitel.net\/de\/"},{"@type":"ListItem","position":2,"name":"Recomendaciones para gestionar tu tiempo en estas vacaciones"}]},{"@type":"WebSite","@id":"https:\/\/gabitel.net\/de\/#website","url":"https:\/\/gabitel.net\/de\/","name":"Gabitel","description":"","publisher":{"@id":"https:\/\/gabitel.net\/de\/#organization"},"potentialAction":[{"@type":"SearchAction","target":{"@type":"EntryPoint","urlTemplate":"https:\/\/gabitel.net\/de\/?s={search_term_string}"},"query-input":{"@type":"PropertyValueSpecification","valueRequired":true,"valueName":"search_term_string"}}],"inLanguage":"de"},{"@type":"Organization","@id":"https:\/\/gabitel.net\/de\/#organization","name":"Gabitel","url":"https:\/\/gabitel.net\/de\/","logo":{"@type":"ImageObject","inLanguage":"de","@id":"https:\/\/gabitel.net\/de\/#\/schema\/logo\/image\/","url":"https:\/\/gabitel.net\/wp-content\/uploads\/2025\/05\/logo_gabitel.jpg","contentUrl":"https:\/\/gabitel.net\/wp-content\/uploads\/2025\/05\/logo_gabitel.jpg","width":2560,"height":1330,"caption":"Gabitel"},"image":{"@id":"https:\/\/gabitel.net\/de\/#\/schema\/logo\/image\/"},"sameAs":["https:\/\/www.facebook.com\/gabitelingenieros\/","https:\/\/es.linkedin.com\/company\/gabitel-ingenieros"]},{"@type":"Person","@id":"https:\/\/gabitel.net\/de\/#\/schema\/person\/37ba53714c3fedb9c7d22f4bc781465c","name":"user.autor","url":"https:\/\/gabitel.net\/de\/author\/user-autor\/"}]}},"_links":{"self":[{"href":"https:\/\/gabitel.net\/de\/wp-json\/wp\/v2\/posts\/32881","targetHints":{"allow":["GET"]}}],"collection":[{"href":"https:\/\/gabitel.net\/de\/wp-json\/wp\/v2\/posts"}],"about":[{"href":"https:\/\/gabitel.net\/de\/wp-json\/wp\/v2\/types\/post"}],"author":[{"embeddable":true,"href":"https:\/\/gabitel.net\/de\/wp-json\/wp\/v2\/users\/3"}],"replies":[{"embeddable":true,"href":"https:\/\/gabitel.net\/de\/wp-json\/wp\/v2\/comments?post=32881"}],"version-history":[{"count":0,"href":"https:\/\/gabitel.net\/de\/wp-json\/wp\/v2\/posts\/32881\/revisions"}],"wp:featuredmedia":[{"embeddable":true,"href":"https:\/\/gabitel.net\/de\/wp-json\/wp\/v2\/media\/34610"}],"wp:attachment":[{"href":"https:\/\/gabitel.net\/de\/wp-json\/wp\/v2\/media?parent=32881"}],"wp:term":[{"taxonomy":"category","embeddable":true,"href":"https:\/\/gabitel.net\/de\/wp-json\/wp\/v2\/categories?post=32881"},{"taxonomy":"post_tag","embeddable":true,"href":"https:\/\/gabitel.net\/de\/wp-json\/wp\/v2\/tags?post=32881"}],"curies":[{"name":"wp","href":"https:\/\/api.w.org\/{rel}","templated":true}]}}