{"id":32931,"date":"2022-03-01T07:50:03","date_gmt":"2022-03-01T06:50:03","guid":{"rendered":"https:\/\/gabitel.net\/cumpleanos-del-mes-de-marzo\/"},"modified":"2022-03-01T07:50:03","modified_gmt":"2022-03-01T06:50:03","slug":"cumpleanos-del-mes-de-marzo","status":"publish","type":"post","link":"https:\/\/gabitel.net\/de\/cumpleanos-del-mes-de-marzo\/","title":{"rendered":"Cumplea\u00f1os del mes de Marzo"},"content":{"rendered":"<p>Queremos felicitar a todos nuestros compa\u00f1eros que cumplen un a\u00f1o m\u00e1s en sus vidas en este mes de marzo.<\/p>\n<p>\u00a0\u00a1<strong><em>Muchas felicidades<\/em><\/strong>!, os deseamos que disfrut\u00e9is de vuestro d\u00eda al m\u00e1ximo y se cumplan todos vuestros prop\u00f3sitos e ilusiones.<\/p>\n<p><img decoding=\"async\" src=\"https:\/\/gabitelingenieros.com\/wp-content\/uploads\/2022\/03\/marta-colas-min.jpg\" alt=\"Cumplea\u00f1os del mes en Gabitel Ingenieros\" \/><\/p>\n<p style=\"text-align: center;\">Marta Col\u00e1s<\/p>\n<p style=\"text-align: center;\"><strong>1 de marzo<\/strong><\/p>\n<p><img decoding=\"async\" src=\"https:\/\/gabitelingenieros.com\/wp-content\/uploads\/2022\/03\/daniel-suero-min.jpg\" alt=\"Cumplea\u00f1os del mes en Gabitel Ingenieros\" \/><\/p>\n<p style=\"text-align: center;\">Daniel Suero<\/p>\n<p style=\"text-align: center;\"><strong>3 de marzo<\/strong><\/p>\n<p><img decoding=\"async\" src=\"https:\/\/gabitelingenieros.com\/wp-content\/uploads\/2022\/03\/nicolas-melida-min.jpg\" alt=\"Cumplea\u00f1os del mes en Gabitel Ingenieros\" \/><\/p>\n<p style=\"text-align: center;\">Nicol\u00e1s Melida<\/p>\n<p style=\"text-align: center;\"><strong>9 de marzo<\/strong><\/p>\n<p><img decoding=\"async\" src=\"https:\/\/gabitelingenieros.com\/wp-content\/uploads\/2022\/03\/ana-rodriguez-min.jpg\" alt=\"Cumplea\u00f1os del mes en Gabitel Ingenieros\" \/><\/p>\n<p style=\"text-align: center;\">Ana Rodr\u00edguez<\/p>\n<p style=\"text-align: center;\"><strong>15 de marzo<\/strong><\/p>\n<p><img decoding=\"async\" src=\"https:\/\/gabitelingenieros.com\/wp-content\/uploads\/2022\/03\/gloria-perez-min.jpg\" alt=\"Cumplea\u00f1os del mes en Gabitel Ingenieros\" \/><\/p>\n<p style=\"text-align: center;\">Gloria P\u00e9rez<\/p>\n<p style=\"text-align: center;\"><strong>24 de Marzo<\/strong><\/p>\n<p><img decoding=\"async\" src=\"https:\/\/gabitelingenieros.com\/wp-content\/uploads\/2022\/03\/isabel-reina-min.png\" alt=\"Cumplea\u00f1os del mes en Gabitel Ingenieros\" \/><\/p>\n<p style=\"text-align: center;\">Isabel Reina<\/p>\n<p style=\"text-align: center;\"><strong>25 de Marzo<\/strong><\/p>\n<p><img decoding=\"async\" src=\"https:\/\/gabitelingenieros.com\/wp-content\/uploads\/2022\/03\/michely-martinez-min.jpg\" alt=\"Cumplea\u00f1os del mes en Gabitel Ingenieros\" \/><\/p>\n<p style=\"text-align: center;\">Michely Mart\u00ednez<\/p>\n<p style=\"text-align: center;\"><strong>26 de Marzo<\/strong><\/p>\n<p style=\"text-align: justify;\"><strong>Gracias por seguir compartiendo con nosotros grandes momentos de vuestras vidas y crucemos los dedos para que todos vuestros deseos puestos en este nuevo a\u00f1o se hagan realidad <\/strong><strong>&#x1f60a;.<\/strong><\/p>\n<p style=\"text-align: justify;\"><strong>\u00a0<\/strong><\/p>\n<p style=\"text-align: justify;\"><strong><em>Isabel:<\/em> <\/strong>\u201cPara este a\u00f1o que sumo, deseo que tengamos salud y que sigamos muchos a\u00f1os m\u00e1s juntos\u2026 Con \u201cSalud\u201d podremos hacer todo lo que nos propongamos\u2026\u201d.<\/p>\n<p style=\"text-align: justify;\">\n<p style=\"text-align: justify;\"><strong><em>Nicol\u00e1s:<\/em> <\/strong>\u201cQue tengamos buenos vientos para navegar todo lo posible en compa\u00f1\u00eda de familiares y amistades\u201d<\/p>\n","protected":false},"excerpt":{"rendered":"<p>Queremos felicitar a todos nuestros compa\u00f1eros que cumplen un a\u00f1o m\u00e1s en sus vidas en este mes de marzo. \u00a0\u00a1Muchas felicidades!, os deseamos que disfrut\u00e9is de vuestro d\u00eda al m\u00e1ximo y se cumplan todos vuestros prop\u00f3sitos e ilusiones. Marta Col\u00e1s 1 de marzo Daniel Suero 3 de marzo Nicol\u00e1s Melida 9 de marzo Ana Rodr\u00edguez [&hellip;]<\/p>\n","protected":false},"author":3,"featured_media":34400,"comment_status":"closed","ping_status":"closed","sticky":false,"template":"","format":"standard","meta":{"content-type":"","footnotes":""},"categories":[600],"tags":[],"class_list":["post-32931","post","type-post","status-publish","format-standard","has-post-thumbnail","hentry","category-off-topic-de"],"yoast_head":"<!-- This site is optimized with the Yoast SEO plugin v27.5 - https:\/\/yoast.com\/product\/yoast-seo-wordpress\/ -->\n<title>Cumplea\u00f1os del mes de Marzo - Gabitel<\/title>\n<meta name=\"robots\" content=\"index, follow, max-snippet:-1, max-image-preview:large, max-video-preview:-1\" \/>\n<link rel=\"canonical\" href=\"https:\/\/gabitel.net\/de\/cumpleanos-del-mes-de-marzo\/\" \/>\n<meta property=\"og:locale\" content=\"de_DE\" \/>\n<meta property=\"og:type\" content=\"article\" \/>\n<meta property=\"og:title\" content=\"Cumplea\u00f1os del mes de Marzo - Gabitel\" \/>\n<meta property=\"og:description\" content=\"Queremos felicitar a todos nuestros compa\u00f1eros que cumplen un a\u00f1o m\u00e1s en sus vidas en este mes de marzo. \u00a0\u00a1Muchas felicidades!, os deseamos que disfrut\u00e9is de vuestro d\u00eda al m\u00e1ximo y se cumplan todos vuestros prop\u00f3sitos e ilusiones. Marta Col\u00e1s 1 de marzo Daniel Suero 3 de marzo Nicol\u00e1s Melida 9 de marzo Ana Rodr\u00edguez [&hellip;]\" \/>\n<meta property=\"og:url\" content=\"https:\/\/gabitel.net\/de\/cumpleanos-del-mes-de-marzo\/\" \/>\n<meta property=\"og:site_name\" content=\"Gabitel\" \/>\n<meta property=\"article:publisher\" content=\"https:\/\/www.facebook.com\/gabitelingenieros\/\" \/>\n<meta property=\"article:published_time\" content=\"2022-03-01T06:50:03+00:00\" \/>\n<meta property=\"og:image\" content=\"https:\/\/gabitelingenieros.com\/wp-content\/uploads\/2022\/03\/marta-colas-min.jpg\" \/>\n<meta name=\"author\" content=\"user.autor\" \/>\n<meta name=\"twitter:card\" content=\"summary_large_image\" \/>\n<meta name=\"twitter:label1\" content=\"Verfasst von\" \/>\n\t<meta name=\"twitter:data1\" content=\"user.autor\" \/>\n\t<meta name=\"twitter:label2\" content=\"Gesch\u00e4tzte Lesezeit\" \/>\n\t<meta name=\"twitter:data2\" content=\"1\u00a0Minute\" \/>\n<script type=\"application\/ld+json\" class=\"yoast-schema-graph\">{\"@context\":\"https:\\\/\\\/schema.org\",\"@graph\":[{\"@type\":[\"Article\",\"BlogPosting\"],\"@id\":\"https:\\\/\\\/gabitel.net\\\/de\\\/cumpleanos-del-mes-de-marzo\\\/#article\",\"isPartOf\":{\"@id\":\"https:\\\/\\\/gabitel.net\\\/de\\\/cumpleanos-del-mes-de-marzo\\\/\"},\"author\":{\"name\":\"user.autor\",\"@id\":\"https:\\\/\\\/gabitel.net\\\/de\\\/#\\\/schema\\\/person\\\/37ba53714c3fedb9c7d22f4bc781465c\"},\"headline\":\"Cumplea\u00f1os del mes de Marzo\",\"datePublished\":\"2022-03-01T06:50:03+00:00\",\"mainEntityOfPage\":{\"@id\":\"https:\\\/\\\/gabitel.net\\\/de\\\/cumpleanos-del-mes-de-marzo\\\/\"},\"wordCount\":163,\"publisher\":{\"@id\":\"https:\\\/\\\/gabitel.net\\\/de\\\/#organization\"},\"image\":{\"@id\":\"https:\\\/\\\/gabitel.net\\\/de\\\/cumpleanos-del-mes-de-marzo\\\/#primaryimage\"},\"thumbnailUrl\":\"https:\\\/\\\/gabitel.net\\\/wp-content\\\/uploads\\\/2022\\\/03\\\/marzo-min.jpg\",\"articleSection\":[\"Off-topic\"],\"inLanguage\":\"de\"},{\"@type\":\"WebPage\",\"@id\":\"https:\\\/\\\/gabitel.net\\\/de\\\/cumpleanos-del-mes-de-marzo\\\/\",\"url\":\"https:\\\/\\\/gabitel.net\\\/de\\\/cumpleanos-del-mes-de-marzo\\\/\",\"name\":\"Cumplea\u00f1os del mes de Marzo - Gabitel\",\"isPartOf\":{\"@id\":\"https:\\\/\\\/gabitel.net\\\/de\\\/#website\"},\"primaryImageOfPage\":{\"@id\":\"https:\\\/\\\/gabitel.net\\\/de\\\/cumpleanos-del-mes-de-marzo\\\/#primaryimage\"},\"image\":{\"@id\":\"https:\\\/\\\/gabitel.net\\\/de\\\/cumpleanos-del-mes-de-marzo\\\/#primaryimage\"},\"thumbnailUrl\":\"https:\\\/\\\/gabitel.net\\\/wp-content\\\/uploads\\\/2022\\\/03\\\/marzo-min.jpg\",\"datePublished\":\"2022-03-01T06:50:03+00:00\",\"breadcrumb\":{\"@id\":\"https:\\\/\\\/gabitel.net\\\/de\\\/cumpleanos-del-mes-de-marzo\\\/#breadcrumb\"},\"inLanguage\":\"de\",\"potentialAction\":[{\"@type\":\"ReadAction\",\"target\":[\"https:\\\/\\\/gabitel.net\\\/de\\\/cumpleanos-del-mes-de-marzo\\\/\"]}]},{\"@type\":\"ImageObject\",\"inLanguage\":\"de\",\"@id\":\"https:\\\/\\\/gabitel.net\\\/de\\\/cumpleanos-del-mes-de-marzo\\\/#primaryimage\",\"url\":\"https:\\\/\\\/gabitel.net\\\/wp-content\\\/uploads\\\/2022\\\/03\\\/marzo-min.jpg\",\"contentUrl\":\"https:\\\/\\\/gabitel.net\\\/wp-content\\\/uploads\\\/2022\\\/03\\\/marzo-min.jpg\",\"width\":980,\"height\":653,\"caption\":\"marzo\"},{\"@type\":\"BreadcrumbList\",\"@id\":\"https:\\\/\\\/gabitel.net\\\/de\\\/cumpleanos-del-mes-de-marzo\\\/#breadcrumb\",\"itemListElement\":[{\"@type\":\"ListItem\",\"position\":1,\"name\":\"Portada\",\"item\":\"https:\\\/\\\/gabitel.net\\\/de\\\/\"},{\"@type\":\"ListItem\",\"position\":2,\"name\":\"Cumplea\u00f1os del mes de Marzo\"}]},{\"@type\":\"WebSite\",\"@id\":\"https:\\\/\\\/gabitel.net\\\/de\\\/#website\",\"url\":\"https:\\\/\\\/gabitel.net\\\/de\\\/\",\"name\":\"Gabitel\",\"description\":\"\",\"publisher\":{\"@id\":\"https:\\\/\\\/gabitel.net\\\/de\\\/#organization\"},\"potentialAction\":[{\"@type\":\"SearchAction\",\"target\":{\"@type\":\"EntryPoint\",\"urlTemplate\":\"https:\\\/\\\/gabitel.net\\\/de\\\/?s={search_term_string}\"},\"query-input\":{\"@type\":\"PropertyValueSpecification\",\"valueRequired\":true,\"valueName\":\"search_term_string\"}}],\"inLanguage\":\"de\"},{\"@type\":\"Organization\",\"@id\":\"https:\\\/\\\/gabitel.net\\\/de\\\/#organization\",\"name\":\"Gabitel\",\"url\":\"https:\\\/\\\/gabitel.net\\\/de\\\/\",\"logo\":{\"@type\":\"ImageObject\",\"inLanguage\":\"de\",\"@id\":\"https:\\\/\\\/gabitel.net\\\/de\\\/#\\\/schema\\\/logo\\\/image\\\/\",\"url\":\"https:\\\/\\\/gabitel.net\\\/wp-content\\\/uploads\\\/2025\\\/05\\\/logo_gabitel.jpg\",\"contentUrl\":\"https:\\\/\\\/gabitel.net\\\/wp-content\\\/uploads\\\/2025\\\/05\\\/logo_gabitel.jpg\",\"width\":2560,\"height\":1330,\"caption\":\"Gabitel\"},\"image\":{\"@id\":\"https:\\\/\\\/gabitel.net\\\/de\\\/#\\\/schema\\\/logo\\\/image\\\/\"},\"sameAs\":[\"https:\\\/\\\/www.facebook.com\\\/gabitelingenieros\\\/\",\"https:\\\/\\\/es.linkedin.com\\\/company\\\/gabitel-ingenieros\"]},{\"@type\":\"Person\",\"@id\":\"https:\\\/\\\/gabitel.net\\\/de\\\/#\\\/schema\\\/person\\\/37ba53714c3fedb9c7d22f4bc781465c\",\"name\":\"user.autor\",\"url\":\"https:\\\/\\\/gabitel.net\\\/de\\\/author\\\/user-autor\\\/\"}]}<\/script>\n<!-- \/ Yoast SEO plugin. -->","yoast_head_json":{"title":"Cumplea\u00f1os del mes de Marzo - Gabitel","robots":{"index":"index","follow":"follow","max-snippet":"max-snippet:-1","max-image-preview":"max-image-preview:large","max-video-preview":"max-video-preview:-1"},"canonical":"https:\/\/gabitel.net\/de\/cumpleanos-del-mes-de-marzo\/","og_locale":"de_DE","og_type":"article","og_title":"Cumplea\u00f1os del mes de Marzo - Gabitel","og_description":"Queremos felicitar a todos nuestros compa\u00f1eros que cumplen un a\u00f1o m\u00e1s en sus vidas en este mes de marzo. \u00a0\u00a1Muchas felicidades!, os deseamos que disfrut\u00e9is de vuestro d\u00eda al m\u00e1ximo y se cumplan todos vuestros prop\u00f3sitos e ilusiones. Marta Col\u00e1s 1 de marzo Daniel Suero 3 de marzo Nicol\u00e1s Melida 9 de marzo Ana Rodr\u00edguez [&hellip;]","og_url":"https:\/\/gabitel.net\/de\/cumpleanos-del-mes-de-marzo\/","og_site_name":"Gabitel","article_publisher":"https:\/\/www.facebook.com\/gabitelingenieros\/","article_published_time":"2022-03-01T06:50:03+00:00","og_image":[{"url":"https:\/\/gabitelingenieros.com\/wp-content\/uploads\/2022\/03\/marta-colas-min.jpg","type":"","width":"","height":""}],"author":"user.autor","twitter_card":"summary_large_image","twitter_misc":{"Verfasst von":"user.autor","Gesch\u00e4tzte Lesezeit":"1\u00a0Minute"},"schema":{"@context":"https:\/\/schema.org","@graph":[{"@type":["Article","BlogPosting"],"@id":"https:\/\/gabitel.net\/de\/cumpleanos-del-mes-de-marzo\/#article","isPartOf":{"@id":"https:\/\/gabitel.net\/de\/cumpleanos-del-mes-de-marzo\/"},"author":{"name":"user.autor","@id":"https:\/\/gabitel.net\/de\/#\/schema\/person\/37ba53714c3fedb9c7d22f4bc781465c"},"headline":"Cumplea\u00f1os del mes de Marzo","datePublished":"2022-03-01T06:50:03+00:00","mainEntityOfPage":{"@id":"https:\/\/gabitel.net\/de\/cumpleanos-del-mes-de-marzo\/"},"wordCount":163,"publisher":{"@id":"https:\/\/gabitel.net\/de\/#organization"},"image":{"@id":"https:\/\/gabitel.net\/de\/cumpleanos-del-mes-de-marzo\/#primaryimage"},"thumbnailUrl":"https:\/\/gabitel.net\/wp-content\/uploads\/2022\/03\/marzo-min.jpg","articleSection":["Off-topic"],"inLanguage":"de"},{"@type":"WebPage","@id":"https:\/\/gabitel.net\/de\/cumpleanos-del-mes-de-marzo\/","url":"https:\/\/gabitel.net\/de\/cumpleanos-del-mes-de-marzo\/","name":"Cumplea\u00f1os del mes de Marzo - Gabitel","isPartOf":{"@id":"https:\/\/gabitel.net\/de\/#website"},"primaryImageOfPage":{"@id":"https:\/\/gabitel.net\/de\/cumpleanos-del-mes-de-marzo\/#primaryimage"},"image":{"@id":"https:\/\/gabitel.net\/de\/cumpleanos-del-mes-de-marzo\/#primaryimage"},"thumbnailUrl":"https:\/\/gabitel.net\/wp-content\/uploads\/2022\/03\/marzo-min.jpg","datePublished":"2022-03-01T06:50:03+00:00","breadcrumb":{"@id":"https:\/\/gabitel.net\/de\/cumpleanos-del-mes-de-marzo\/#breadcrumb"},"inLanguage":"de","potentialAction":[{"@type":"ReadAction","target":["https:\/\/gabitel.net\/de\/cumpleanos-del-mes-de-marzo\/"]}]},{"@type":"ImageObject","inLanguage":"de","@id":"https:\/\/gabitel.net\/de\/cumpleanos-del-mes-de-marzo\/#primaryimage","url":"https:\/\/gabitel.net\/wp-content\/uploads\/2022\/03\/marzo-min.jpg","contentUrl":"https:\/\/gabitel.net\/wp-content\/uploads\/2022\/03\/marzo-min.jpg","width":980,"height":653,"caption":"marzo"},{"@type":"BreadcrumbList","@id":"https:\/\/gabitel.net\/de\/cumpleanos-del-mes-de-marzo\/#breadcrumb","itemListElement":[{"@type":"ListItem","position":1,"name":"Portada","item":"https:\/\/gabitel.net\/de\/"},{"@type":"ListItem","position":2,"name":"Cumplea\u00f1os del mes de Marzo"}]},{"@type":"WebSite","@id":"https:\/\/gabitel.net\/de\/#website","url":"https:\/\/gabitel.net\/de\/","name":"Gabitel","description":"","publisher":{"@id":"https:\/\/gabitel.net\/de\/#organization"},"potentialAction":[{"@type":"SearchAction","target":{"@type":"EntryPoint","urlTemplate":"https:\/\/gabitel.net\/de\/?s={search_term_string}"},"query-input":{"@type":"PropertyValueSpecification","valueRequired":true,"valueName":"search_term_string"}}],"inLanguage":"de"},{"@type":"Organization","@id":"https:\/\/gabitel.net\/de\/#organization","name":"Gabitel","url":"https:\/\/gabitel.net\/de\/","logo":{"@type":"ImageObject","inLanguage":"de","@id":"https:\/\/gabitel.net\/de\/#\/schema\/logo\/image\/","url":"https:\/\/gabitel.net\/wp-content\/uploads\/2025\/05\/logo_gabitel.jpg","contentUrl":"https:\/\/gabitel.net\/wp-content\/uploads\/2025\/05\/logo_gabitel.jpg","width":2560,"height":1330,"caption":"Gabitel"},"image":{"@id":"https:\/\/gabitel.net\/de\/#\/schema\/logo\/image\/"},"sameAs":["https:\/\/www.facebook.com\/gabitelingenieros\/","https:\/\/es.linkedin.com\/company\/gabitel-ingenieros"]},{"@type":"Person","@id":"https:\/\/gabitel.net\/de\/#\/schema\/person\/37ba53714c3fedb9c7d22f4bc781465c","name":"user.autor","url":"https:\/\/gabitel.net\/de\/author\/user-autor\/"}]}},"_links":{"self":[{"href":"https:\/\/gabitel.net\/de\/wp-json\/wp\/v2\/posts\/32931","targetHints":{"allow":["GET"]}}],"collection":[{"href":"https:\/\/gabitel.net\/de\/wp-json\/wp\/v2\/posts"}],"about":[{"href":"https:\/\/gabitel.net\/de\/wp-json\/wp\/v2\/types\/post"}],"author":[{"embeddable":true,"href":"https:\/\/gabitel.net\/de\/wp-json\/wp\/v2\/users\/3"}],"replies":[{"embeddable":true,"href":"https:\/\/gabitel.net\/de\/wp-json\/wp\/v2\/comments?post=32931"}],"version-history":[{"count":0,"href":"https:\/\/gabitel.net\/de\/wp-json\/wp\/v2\/posts\/32931\/revisions"}],"wp:featuredmedia":[{"embeddable":true,"href":"https:\/\/gabitel.net\/de\/wp-json\/wp\/v2\/media\/34400"}],"wp:attachment":[{"href":"https:\/\/gabitel.net\/de\/wp-json\/wp\/v2\/media?parent=32931"}],"wp:term":[{"taxonomy":"category","embeddable":true,"href":"https:\/\/gabitel.net\/de\/wp-json\/wp\/v2\/categories?post=32931"},{"taxonomy":"post_tag","embeddable":true,"href":"https:\/\/gabitel.net\/de\/wp-json\/wp\/v2\/tags?post=32931"}],"curies":[{"name":"wp","href":"https:\/\/api.w.org\/{rel}","templated":true}]}}